{"id":320360,"date":"2024-02-13T16:20:26","date_gmt":"2024-02-13T15:20:26","guid":{"rendered":"https:\/\/www.intoscana.it\/it\/?p=320360"},"modified":"2024-02-13T16:39:47","modified_gmt":"2024-02-13T15:39:47","slug":"testo-2024-grandi-autori-e-omaggio-a-tre-big-della-letteratura-alla-stazione-leopolda","status":"publish","type":"post","link":"https:\/\/www.intoscana.it\/it\/testo-2024-grandi-autori-e-omaggio-a-tre-big-della-letteratura-alla-stazione-leopolda\/","title":{"rendered":"Testo 2024, grandi autori e omaggio ai big alla Stazione Leopolda"},"content":{"rendered":"<p><mark>Grandi autori internazionali e l&#8217;omaggio ai giganti della letteratura mondiale<\/mark>: queste alcune delle novit\u00e0 di <strong>Testo<\/strong>, il salone in programma<strong> dal 23 al 25 febbraio<\/strong> alla <strong>Stazione Leopolda a Firenze<\/strong>. L&#8217;iniziativa di <strong>Pitti Immagine<\/strong> dedicata a <a href=\"https:\/\/testo.pittimmagine.com\/it\" target=\"_blank\" rel=\"noopener\">[Come si diventa un libro]<\/a> \u00e8 giunta alla <strong>terza edizione<\/strong> e vede la presenza della <mark>migliore editoria con titoli selezionati e novit\u00e0 letterarie<\/mark>.<\/p>\n<p><strong>Nel 2023<\/strong> Testo ha richiamato <strong>oltre 10mila visitatori<\/strong>. Questa terza edizione vede la fiera consolidarsi e arricchirsi di proposte. <strong>Le case editrici<\/strong> presenti in Stazione Leopolda <strong>saranno 150<\/strong>, di cui 56 che partecipano per la prima volta a Testo. Confermato il <strong>format delle sette stazioni<\/strong>, intorno alle quali ruota l\u2019intero programma.<\/p>\n<h3>Testo: incontri, presentazioni, produzioni<\/h3>\n<p>Sotto le volte della Stazione Leopolda si ritroveranno <strong>realt\u00e0 indipendenti<\/strong> e <strong>grandi gruppi editoriali<\/strong>. La manifestazione punta su <mark>incontri, presentazioni, produzioni originali e collaborazioni<\/mark>. La Leopolda come una grande libreria dove scoprire <mark>autori internazionali e nazionali di rilievo, emergenti, case editrici, realt\u00e0 e istituzioni che a vario titolo si relazionano con il mondo dell\u2019editoria<\/mark>.<\/p>\n<p>\u201c<em>Testo \u00e8 molto pi\u00f9 di una fiera. \u00c8 un momento di fruizione culturale collettiva che mutua l\u2019esperienza fortemente civile ed educativa dell\u2019andare in libreria<\/em> &#8211; ha sottolineato <strong>Agostino Poletto<\/strong>, direttore generale di Pitti Immagine-. <em>Testo vuole trasmettere l\u2019idea di sistema, in cui ogni parte \u00e8 connessa. Lo sforzo di tutti i soggetti coinvolti \u00e8 quello di raccontarsi al pubblico vasto nella maniera pi\u00f9 chiara ed efficace possibile, cercando di offrire modi nuovi di parlare di letteratura e affermando con forza il valore dell\u2019esperienza collettiva che solo un luogo fisico e le persone insieme possono generare. Nell\u2019edizione di quest\u2019anno il lettore sar\u00e0 ancora pi\u00f9 al centro dell\u2019esperienza immersiva di Testo\u201d<\/em>.<\/p>\n<figure id=\"post-324496 media-324496\" class=\"align-none\"><img decoding=\"async\" src=\"https:\/\/www.intoscana.it\/wp-content\/uploads\/Testo-2023-\u00a9-Fondazione-Studio-Marangoni.jpg\" alt=\"\" \/><\/figure>\n<div class=\"titleimg\">Testo 2023 \u2013 \u00a9 Fondazione Studio Marangoni<\/div>\n<h3>Un viaggio nel libro in 7 stazioni<\/h3>\n<p>La manifestazione si conferma <strong>un viaggio in 7 Stazioni<\/strong>. Ognuna di essere presenta una fase della vita di un libro: dal lavoro dello scrittore, a quello degli editor, traduttori, grafici, promotori e librai, fino al lettore. Il programma di presentazioni, incontri ed eventi \u00e8 messo a punto dal team dei Capistazione: <strong>Luca Briasco<\/strong>, editor di narrativa straniera, traduttore e editore di minimum fax; <strong>Andrea Gessner<\/strong>, editore di Nottetempo; <strong>Beatrice Masini <\/strong>traduttrice, scrittrice e direttrice di divisione di Bompiani; <strong>Giovanna Silva <\/strong>e <strong>Chiara Carpenter<\/strong>, rispettivamente fotografa e editor, fondatrici di Humboldt Books; <strong>Leonardo G. Luccone<\/strong>, direttore dell\u2019agenzia letteraria e studio editoriale Oblique; <strong>Maddalena Fossombroni <\/strong>e <strong>Pietro Torrigiani<\/strong>, fondatori della libreria Todo Modo; <strong>Riccardo Ventrella<\/strong>, responsabile delle relazioni internazionali della Fondazione Teatro della Toscana.<\/p>\n<h3>A Testo pure Cattelan editore e Roberto Vecchioni<\/h3>\n<p>Arriveranno <strong>da tutto il mondo gli ospiti<\/strong> della prossima edizione di Testo. Saranno a Firenze per parlare dei loro libri e del loro rapporto con la scrittura. Tra gli <strong>autori internazionali<\/strong> gi\u00e0 confermati, molti dei quali con i loro libri in uscita: <mark>Bernardo Atxaga, Anne Bony, Bj\u00f6rn Larsson, Alain Mabanckou, Sara Mesa, Maddie Mortimer, Marie Nimier, Christian Guay-Poliquin, Sylvie Richterov\u00e1, Lydie Salvayre, Malachy Tallack, Dizz Tate, Sylvain Tesson, Azaaren Van der Vliet Oloomi, Tamar Weiss Gabbay<\/mark>.<\/p>\n<p>Arriveranno in Stazione Leopolda anche nomi del mondo dello spettacolo, come <strong>Alessandro Cattelan<\/strong> che in veste di editore presenter\u00e0 Accento; <strong>Roberto Vecchioni<\/strong> con il libro &#8220;<em>Tra il silenzio e il tuono&#8221;<\/em>.\u00a0<strong><br \/>\n<\/strong><\/p>\n<p>Non poteva mancare alla Stazione Leopolda un omaggio a <strong>intellettuali, scrittori, designer<\/strong> di ogni tempo attraverso incontri dedicati: <mark>Anna Banti, Samuel Beckett, Bolgheri, Rachel Carson, Alba de C\u00e9spedes, Ingeborg Bachmann, Franz Kafka, P\u00ebtr Alekseevi\u010d Kropotkin, Asja L\u0101cis, Stanis\u0142aw Lem, Charlotte Perriand, Adriano Olivetti, Elsa Schiaparelli, Stendhal, Nicolaj Vavilov, il silenzio<\/mark>.<\/p>\n<figure id=\"post-326678 media-326678\" class=\"align-none\"><img decoding=\"async\" src=\"https:\/\/www.intoscana.it\/wp-content\/uploads\/Testo_2023_Le_foto_del_salone_27-scaled.jpg\" alt=\"\" \/><\/figure>\n<div class=\"titleimg\">Testo 2023 \u2013 \u00a9 Fondazione Studio Marangoni<\/div>\n<h3>La presenza di illustratori e fumettisti<\/h3>\n<p>Non \u00e8 l&#8217;unica novit\u00e0 per la terza edizione che quest&#8217;anno dedica grande spazio alla lettura e in particolare ai pi\u00f9 attivi <strong>bookclub nazionali<\/strong>. Il <strong>Circolo dei Lettori di Milano <\/strong>e gli altri gruppi di lettura aderenti quest&#8217;anno ha adottato <strong>una scrittrice e uno scrittore<\/strong> che sar\u00e0 ospite di Testo.<\/p>\n<p>Alla Leopolda atteso un nutrito gruppo di <strong>illustratori e fumettisti<\/strong>: <mark>Gipi, Francesco Chiacchio, Alessandro Sanna, Sualzo, e gli autori di Bao Publishing \u2013 Flavia Biondi, Eleonora Triolo e Giulio Macalone<\/mark> \u2013 protagonisti dell\u2019evento \u201c<em>Il club del piantino<\/em>\u201d.<\/p>\n<h3>Obiettivo puntato sulle riviste<\/h3>\n<p>Le <strong>riviste indipendenti<\/strong> godranno di uno spazio di approfondimento con <strong>Pitti Mags<\/strong>, una speciale edicola allestita in Leopolda. Saranno presentate oltre <strong>100 riviste<\/strong> selezionate da Frab\u2019s Magazines, realt\u00e0 italiana punto di riferimento per le riviste indipendenti.<\/p>\n<p>Il Post parteciper\u00e0 per il terzo anno attraverso le sue collaborazioni con <strong>Iperborea<\/strong> e con la <strong>fondazione Peccioliper<\/strong>, quest&#8217;ultima presente con un una <strong>video-installazione<\/strong> su Peccioli, gi\u00e0 \u201cCitt\u00e0 che legge\u201d dal 2020, che rappresenta la Toscana al concorso \u201c<em>Il Borgo dei Borghi<\/em>\u201d.<\/p>\n<p><strong>Maria Luisa Frisa e Saul Marcadent<\/strong> animeranno due incontri sotto forma di conversazione sull\u2019editoria di ricerca, fuori dai circuiti mainstream, oggi. Tra le riviste letterarie saranno presenti gli artefici di <strong>K di Linkiesta<\/strong> (Nadia Terranova), <strong>Il Tascabile<\/strong> (Francesco Pacifico), <strong>Snaporaz<\/strong> (Filippo D\u2019Angelo).<\/p>\n<h3>Gli omaggi al Gabinetto Vieusseux<\/h3>\n<p>Lo storico <strong>Gabinetto Vieusseux <\/strong>proporr\u00e0 in collaborazione con Testo un programma di <strong>omaggi agli autori<\/strong> di cui una delle massime istituzioni culturali italiane conserva i fondi. La <strong>Sala Ferri<\/strong>, nella giornata di venerd\u00ec 23, ospiter\u00e0 un ciclo di presentazioni di grande pregio letterario dedicate a <mark>Carlo Emilio Gadda, Eugenio Montale, Giovanni Papini, Federigo Tozzi e altri<\/mark>.<\/p>\n<h3>Il racconto degli esordi letterari<\/h3>\n<p>Nell&#8217;ambito dell\u2019approfondimento tematico dedicato agli esordi <strong>Niccol\u00f2 Ammaniti<\/strong> ed <strong>Emanuele Trevi<\/strong> racconteranno come sono nate le loro due <strong>opere prime<\/strong>, a trent\u2019anni dalla pubblicazione. Verranno celebrati i <strong>cinquant\u2019anni<\/strong> dall\u2019esordio di Stephen King con <strong>Carrie<\/strong>.<\/p>\n<p>Saranno poi a Testo <strong>sei esordienti<\/strong>, alcuni alla prima presentazione in assoluto: <mark>Emanuela Anechoum, Sara Marzullo, Greta Olivo, Fiammetta Palpati, Vincenzo A. Scalfari, Alice Scornajenghi<\/mark>.<\/p>\n","protected":false},"excerpt":{"rendered":"<p>Dal 23 al 25 febbraio la terza edizione della manifestazione fiorentina dedicata alla migliore editoria con titoli selezionati e novit\u00e0 letterarie<\/p>\n","protected":false},"author":554,"featured_media":214768,"comment_status":"open","ping_status":"open","sticky":false,"template":"","format":"standard","meta":{"_acf_changed":false,"footnotes":""},"categories":[493],"tags":[210,403],"class_list":["post-320360","post","type-post","status-publish","format-standard","has-post-thumbnail","hentry","category-cultura","tag-libri","tag-pitti-immagine"],"acf":[],"yoast_head":"<!-- This site is optimized with the Yoast SEO Premium plugin v24.2 (Yoast SEO v25.6) - https:\/\/yoast.com\/wordpress\/plugins\/seo\/ -->\n<title>Testo 2024, grandi autori e omaggio ai big alla Stazione Leopolda - intoscana<\/title>\n<meta name=\"description\" content=\"Dal 23 al 25 febbraio la III edizione della kermesse fiorentina dedicata alla migliore editoria con titoli selezionati e novit\u00e0 letterarie\" \/>\n<meta name=\"robots\" content=\"index, follow, max-snippet:-1, max-image-preview:large, max-video-preview:-1\" \/>\n<link rel=\"canonical\" href=\"https:\/\/www.intoscana.it\/it\/testo-2024-grandi-autori-e-omaggio-a-tre-big-della-letteratura-alla-stazione-leopolda\/\" \/>\n<meta property=\"og:locale\" content=\"it_IT\" \/>\n<meta property=\"og:type\" content=\"article\" \/>\n<meta property=\"og:title\" content=\"Testo 2024, grandi autori e omaggio ai big alla Stazione Leopolda\" \/>\n<meta property=\"og:description\" content=\"Dal 23 al 25 febbraio la III edizione della kermesse fiorentina dedicata alla migliore editoria con titoli selezionati e novit\u00e0 letterarie\" \/>\n<meta property=\"og:url\" content=\"https:\/\/www.intoscana.it\/it\/testo-2024-grandi-autori-e-omaggio-a-tre-big-della-letteratura-alla-stazione-leopolda\/\" \/>\n<meta property=\"og:site_name\" content=\"intoscana\" \/>\n<meta property=\"article:publisher\" content=\"https:\/\/www.facebook.com\/intoscana.it\" \/>\n<meta property=\"article:published_time\" content=\"2024-02-13T15:20:26+00:00\" \/>\n<meta property=\"article:modified_time\" content=\"2024-02-13T15:39:47+00:00\" \/>\n<meta property=\"og:image\" content=\"https:\/\/www.intoscana.it\/wp-content\/uploads\/Testo_032-jpg-scaled.jpeg\" \/>\n\t<meta property=\"og:image:width\" content=\"2048\" \/>\n\t<meta property=\"og:image:height\" content=\"1366\" \/>\n\t<meta property=\"og:image:type\" content=\"image\/jpeg\" \/>\n<meta name=\"author\" content=\"Raffaella Galamini\" \/>\n<meta name=\"twitter:card\" content=\"summary_large_image\" \/>\n<meta name=\"twitter:creator\" content=\"@orio\" \/>\n<meta name=\"twitter:site\" content=\"@intoscana\" \/>\n<meta name=\"twitter:label1\" content=\"Written by\" \/>\n\t<meta name=\"twitter:data1\" content=\"Raffaella Galamini\" \/>\n\t<meta name=\"twitter:label2\" content=\"Est. reading time\" \/>\n\t<meta name=\"twitter:data2\" content=\"6 minuti\" \/>\n<script type=\"application\/ld+json\" class=\"yoast-schema-graph\">{\"@context\":\"https:\/\/schema.org\",\"@graph\":[{\"@type\":\"WebPage\",\"@id\":\"https:\/\/www.intoscana.it\/it\/testo-2024-grandi-autori-e-omaggio-a-tre-big-della-letteratura-alla-stazione-leopolda\/\",\"url\":\"https:\/\/www.intoscana.it\/it\/testo-2024-grandi-autori-e-omaggio-a-tre-big-della-letteratura-alla-stazione-leopolda\/\",\"name\":\"Testo 2024, grandi autori e omaggio ai big alla Stazione Leopolda - intoscana\",\"isPartOf\":{\"@id\":\"https:\/\/www.intoscana.it\/it\/#website\"},\"primaryImageOfPage\":{\"@id\":\"https:\/\/www.intoscana.it\/it\/testo-2024-grandi-autori-e-omaggio-a-tre-big-della-letteratura-alla-stazione-leopolda\/#primaryimage\"},\"image\":{\"@id\":\"https:\/\/www.intoscana.it\/it\/testo-2024-grandi-autori-e-omaggio-a-tre-big-della-letteratura-alla-stazione-leopolda\/#primaryimage\"},\"thumbnailUrl\":\"https:\/\/www.intoscana.it\/wp-content\/uploads\/Testo_032-jpg-scaled.jpeg\",\"datePublished\":\"2024-02-13T15:20:26+00:00\",\"dateModified\":\"2024-02-13T15:39:47+00:00\",\"author\":{\"@id\":\"https:\/\/www.intoscana.it\/it\/#\/schema\/person\/9eb9daa846a49fe51af39a73d9d1986b\"},\"description\":\"Dal 23 al 25 febbraio la III edizione della kermesse fiorentina dedicata alla migliore editoria con titoli selezionati e novit\u00e0 letterarie\",\"breadcrumb\":{\"@id\":\"https:\/\/www.intoscana.it\/it\/testo-2024-grandi-autori-e-omaggio-a-tre-big-della-letteratura-alla-stazione-leopolda\/#breadcrumb\"},\"inLanguage\":\"it-IT\",\"potentialAction\":[{\"@type\":\"ReadAction\",\"target\":[\"https:\/\/www.intoscana.it\/it\/testo-2024-grandi-autori-e-omaggio-a-tre-big-della-letteratura-alla-stazione-leopolda\/\"]}]},{\"@type\":\"ImageObject\",\"inLanguage\":\"it-IT\",\"@id\":\"https:\/\/www.intoscana.it\/it\/testo-2024-grandi-autori-e-omaggio-a-tre-big-della-letteratura-alla-stazione-leopolda\/#primaryimage\",\"url\":\"https:\/\/www.intoscana.it\/wp-content\/uploads\/Testo_032-jpg-scaled.jpeg\",\"contentUrl\":\"https:\/\/www.intoscana.it\/wp-content\/uploads\/Testo_032-jpg-scaled.jpeg\",\"width\":2048,\"height\":1366,\"caption\":\"Testo, l'evento a Firenze dedicato all'editoria\"},{\"@type\":\"BreadcrumbList\",\"@id\":\"https:\/\/www.intoscana.it\/it\/testo-2024-grandi-autori-e-omaggio-a-tre-big-della-letteratura-alla-stazione-leopolda\/#breadcrumb\",\"itemListElement\":[{\"@type\":\"ListItem\",\"position\":1,\"name\":\"Home\",\"item\":\"https:\/\/www.intoscana.it\/it\/\"},{\"@type\":\"ListItem\",\"position\":2,\"name\":\"Testo 2024, grandi autori e omaggio ai big alla Stazione Leopolda\"}]},{\"@type\":\"WebSite\",\"@id\":\"https:\/\/www.intoscana.it\/it\/#website\",\"url\":\"https:\/\/www.intoscana.it\/it\/\",\"name\":\"intoscana\",\"description\":\"\",\"potentialAction\":[{\"@type\":\"SearchAction\",\"target\":{\"@type\":\"EntryPoint\",\"urlTemplate\":\"https:\/\/www.intoscana.it\/it\/?s={search_term_string}\"},\"query-input\":{\"@type\":\"PropertyValueSpecification\",\"valueRequired\":true,\"valueName\":\"search_term_string\"}}],\"inLanguage\":\"it-IT\"},{\"@type\":\"Person\",\"@id\":\"https:\/\/www.intoscana.it\/it\/#\/schema\/person\/9eb9daa846a49fe51af39a73d9d1986b\",\"name\":\"Raffaella Galamini\",\"sameAs\":[\"https:\/\/x.com\/orio\"],\"url\":\"https:\/\/www.intoscana.it\/it\/author\/r-galamini\/\"}]}<\/script>\n<!-- \/ Yoast SEO Premium plugin. -->","yoast_head_json":{"title":"Testo 2024, grandi autori e omaggio ai big alla Stazione Leopolda - intoscana","description":"Dal 23 al 25 febbraio la III edizione della kermesse fiorentina dedicata alla migliore editoria con titoli selezionati e novit\u00e0 letterarie","robots":{"index":"index","follow":"follow","max-snippet":"max-snippet:-1","max-image-preview":"max-image-preview:large","max-video-preview":"max-video-preview:-1"},"canonical":"https:\/\/www.intoscana.it\/it\/testo-2024-grandi-autori-e-omaggio-a-tre-big-della-letteratura-alla-stazione-leopolda\/","og_locale":"it_IT","og_type":"article","og_title":"Testo 2024, grandi autori e omaggio ai big alla Stazione Leopolda","og_description":"Dal 23 al 25 febbraio la III edizione della kermesse fiorentina dedicata alla migliore editoria con titoli selezionati e novit\u00e0 letterarie","og_url":"https:\/\/www.intoscana.it\/it\/testo-2024-grandi-autori-e-omaggio-a-tre-big-della-letteratura-alla-stazione-leopolda\/","og_site_name":"intoscana","article_publisher":"https:\/\/www.facebook.com\/intoscana.it","article_published_time":"2024-02-13T15:20:26+00:00","article_modified_time":"2024-02-13T15:39:47+00:00","og_image":[{"width":2048,"height":1366,"url":"https:\/\/www.intoscana.it\/wp-content\/uploads\/Testo_032-jpg-scaled.jpeg","type":"image\/jpeg"}],"author":"Raffaella Galamini","twitter_card":"summary_large_image","twitter_creator":"@orio","twitter_site":"@intoscana","twitter_misc":{"Written by":"Raffaella Galamini","Est. reading time":"6 minuti"},"schema":{"@context":"https:\/\/schema.org","@graph":[{"@type":"WebPage","@id":"https:\/\/www.intoscana.it\/it\/testo-2024-grandi-autori-e-omaggio-a-tre-big-della-letteratura-alla-stazione-leopolda\/","url":"https:\/\/www.intoscana.it\/it\/testo-2024-grandi-autori-e-omaggio-a-tre-big-della-letteratura-alla-stazione-leopolda\/","name":"Testo 2024, grandi autori e omaggio ai big alla Stazione Leopolda - intoscana","isPartOf":{"@id":"https:\/\/www.intoscana.it\/it\/#website"},"primaryImageOfPage":{"@id":"https:\/\/www.intoscana.it\/it\/testo-2024-grandi-autori-e-omaggio-a-tre-big-della-letteratura-alla-stazione-leopolda\/#primaryimage"},"image":{"@id":"https:\/\/www.intoscana.it\/it\/testo-2024-grandi-autori-e-omaggio-a-tre-big-della-letteratura-alla-stazione-leopolda\/#primaryimage"},"thumbnailUrl":"https:\/\/www.intoscana.it\/wp-content\/uploads\/Testo_032-jpg-scaled.jpeg","datePublished":"2024-02-13T15:20:26+00:00","dateModified":"2024-02-13T15:39:47+00:00","author":{"@id":"https:\/\/www.intoscana.it\/it\/#\/schema\/person\/9eb9daa846a49fe51af39a73d9d1986b"},"description":"Dal 23 al 25 febbraio la III edizione della kermesse fiorentina dedicata alla migliore editoria con titoli selezionati e novit\u00e0 letterarie","breadcrumb":{"@id":"https:\/\/www.intoscana.it\/it\/testo-2024-grandi-autori-e-omaggio-a-tre-big-della-letteratura-alla-stazione-leopolda\/#breadcrumb"},"inLanguage":"it-IT","potentialAction":[{"@type":"ReadAction","target":["https:\/\/www.intoscana.it\/it\/testo-2024-grandi-autori-e-omaggio-a-tre-big-della-letteratura-alla-stazione-leopolda\/"]}]},{"@type":"ImageObject","inLanguage":"it-IT","@id":"https:\/\/www.intoscana.it\/it\/testo-2024-grandi-autori-e-omaggio-a-tre-big-della-letteratura-alla-stazione-leopolda\/#primaryimage","url":"https:\/\/www.intoscana.it\/wp-content\/uploads\/Testo_032-jpg-scaled.jpeg","contentUrl":"https:\/\/www.intoscana.it\/wp-content\/uploads\/Testo_032-jpg-scaled.jpeg","width":2048,"height":1366,"caption":"Testo, l'evento a Firenze dedicato all'editoria"},{"@type":"BreadcrumbList","@id":"https:\/\/www.intoscana.it\/it\/testo-2024-grandi-autori-e-omaggio-a-tre-big-della-letteratura-alla-stazione-leopolda\/#breadcrumb","itemListElement":[{"@type":"ListItem","position":1,"name":"Home","item":"https:\/\/www.intoscana.it\/it\/"},{"@type":"ListItem","position":2,"name":"Testo 2024, grandi autori e omaggio ai big alla Stazione Leopolda"}]},{"@type":"WebSite","@id":"https:\/\/www.intoscana.it\/it\/#website","url":"https:\/\/www.intoscana.it\/it\/","name":"intoscana","description":"","potentialAction":[{"@type":"SearchAction","target":{"@type":"EntryPoint","urlTemplate":"https:\/\/www.intoscana.it\/it\/?s={search_term_string}"},"query-input":{"@type":"PropertyValueSpecification","valueRequired":true,"valueName":"search_term_string"}}],"inLanguage":"it-IT"},{"@type":"Person","@id":"https:\/\/www.intoscana.it\/it\/#\/schema\/person\/9eb9daa846a49fe51af39a73d9d1986b","name":"Raffaella Galamini","sameAs":["https:\/\/x.com\/orio"],"url":"https:\/\/www.intoscana.it\/it\/author\/r-galamini\/"}]}},"_links":{"self":[{"href":"https:\/\/www.intoscana.it\/it\/wp-json\/wp\/v2\/posts\/320360","targetHints":{"allow":["GET"]}}],"collection":[{"href":"https:\/\/www.intoscana.it\/it\/wp-json\/wp\/v2\/posts"}],"about":[{"href":"https:\/\/www.intoscana.it\/it\/wp-json\/wp\/v2\/types\/post"}],"author":[{"embeddable":true,"href":"https:\/\/www.intoscana.it\/it\/wp-json\/wp\/v2\/users\/554"}],"replies":[{"embeddable":true,"href":"https:\/\/www.intoscana.it\/it\/wp-json\/wp\/v2\/comments?post=320360"}],"version-history":[{"count":18,"href":"https:\/\/www.intoscana.it\/it\/wp-json\/wp\/v2\/posts\/320360\/revisions"}],"predecessor-version":[{"id":326679,"href":"https:\/\/www.intoscana.it\/it\/wp-json\/wp\/v2\/posts\/320360\/revisions\/326679"}],"wp:featuredmedia":[{"embeddable":true,"href":"https:\/\/www.intoscana.it\/it\/wp-json\/wp\/v2\/media\/214768"}],"wp:attachment":[{"href":"https:\/\/www.intoscana.it\/it\/wp-json\/wp\/v2\/media?parent=320360"}],"wp:term":[{"taxonomy":"category","embeddable":true,"href":"https:\/\/www.intoscana.it\/it\/wp-json\/wp\/v2\/categories?post=320360"},{"taxonomy":"post_tag","embeddable":true,"href":"https:\/\/www.intoscana.it\/it\/wp-json\/wp\/v2\/tags?post=320360"}],"curies":[{"name":"wp","href":"https:\/\/api.w.org\/{rel}","templated":true}]}}