{"id":320425,"date":"2023-12-29T10:15:32","date_gmt":"2023-12-29T09:15:32","guid":{"rendered":"https:\/\/www.intoscana.it\/it\/?p=320425"},"modified":"2023-12-29T10:22:20","modified_gmt":"2023-12-29T09:22:20","slug":"dalle-carceri-turche-a-siena-lattivista-iraniana-mona-studiera-alluniversita","status":"publish","type":"post","link":"https:\/\/www.intoscana.it\/it\/dalle-carceri-turche-a-siena-lattivista-iraniana-mona-studiera-alluniversita\/","title":{"rendered":"Dalle carceri turche a Siena, l&#8217;attivista iraniana Mona studier\u00e0 all&#8217;Universit\u00e0"},"content":{"rendered":"<p>Un lungo lavoro diplomatico, ma l&#8217;attivista iraniana per i diritti delle donne <strong>Mona A.<\/strong> \u00e8 finalmente arrivata a Siena, accolta dall&#8217;universit\u00e0 che potr\u00e0 frequentare. A salutarla, il rettore Roberto di Pietra insieme alla comunit\u00e0 accademica e alle associazioni che si sono messe in moto per riuscire a trasferirla dalle carceri turche, dove era detenuta, alla Toscana.<\/p>\n<p>Una complessa macchina organizzativa, che ha visto l&#8217;Ateneo senese in prima linea attraverso lo sportello <strong>&#8220;Just in Peace&#8221;<\/strong> attivo per l\u2019assistenza a favore di studentesse, studenti, ricercatrici e ricercatori richiedenti asilo o in situazioni di particolari difficolt\u00e0.<\/p>\n<p>\u201cOggi sono qui grazie al supporto del governo italiano e soprattutto grazie alla compassione e alla perseveranza delle persone dell\u2019Universit\u00e0 degli Studi di Siena &#8211; ha detto l&#8217;attivista &#8211;\u00a0 <mark>\u00c8 grazie al loro aiuto che mi \u00e8 stato possibile lasciare la Turchia e riguadagnare la mia libert\u00e0\u201d.<\/mark><\/p>\n<p>&nbsp;<\/p>\n<div class=\"titleimg\">\n<figure id=\"post-320430 media-320430\" class=\"align-none\"><img decoding=\"async\" src=\"https:\/\/www.intoscana.it\/wp-content\/uploads\/StudentessaIran_02b.jpg\" alt=\"\" \/><\/figure>\n<div class=\"titleimg\">Mona A. insieme al Rettore Di Pietra, al professor Federico Lenzerini, Delegato alle studentesse\/studenti e ricercatrici\/ricercatori provenienti da aree di crisi e referente del progetto \u201cJust Peace\u201d; il professor Riccardo Pisillo Mazzeschi, emerito di Diritto internazionale e presidente dell\u2019Associazione Cor Magis Siena. Presenti anche le professoresse Francesca Farabollini e Elisabetta Antonini, componenti del Consiglio direttivo della stessa Associazione<\/div>\n<\/div>\n<div><\/div>\n<p>Mona studier\u00e0 Economics and management, corso di laurea in lingua inglese. Vive in un appartamento messo a disposizione dall\u2019Associazione <strong>Cor Magis Siena<\/strong> insieme ad una studentessa rifugiata di nazionalit\u00e0 congolese.<\/p>\n<h3><em>I diritti delle donne iraniane e la detenzione in Turchia: la storia di Mona A.<\/em><\/h3>\n<p>Mona A. \u00e8 stata attiva nel suo Paese nell\u2019ambito dei diritti delle donne, per questo motivo circa due anni e mezzo fa si \u00e8 trasferita in Turchia, continuando ad adoperarsi per i diritti delle proprie concittadine. Il suo attivismo si \u00e8 intensificato a seguito del decesso di <strong>Masha Amini<\/strong>, avvenuto nel settembre del 2022.<\/p>\n<p>Sostenuta da organizzazioni per i diritti delle donne, <mark>Mona ha partecipato a dimostrazioni nella citt\u00e0 di Bursa, in Turchia, durante le quali ha pubblicamente esposto il suo pensiero sulle gravi violazioni dei diritti delle donne perpetrate nel proprio paese di cittadinanza. A seguito di ci\u00f2 Mona \u00e8 stata arrestata e inviata al centro di rimpatrio della stessa citt\u00e0, dove \u00e8 stata detenuta per alcuni mesi.<\/mark><\/p>\n<p>Durante il periodo della sua detenzione diverse associazioni umanitarie hanno invocato il rilascio di Mona. Finalmente di nuovo libera, \u00e8 comunque rimasta sotto sorveglianza, con la forte possibilit\u00e0 di essere rimpatriata. L\u2019<strong>Universit\u00e0 di Siena<\/strong> \u00e8 riuscita a portare Mona A. in Italia a seguito di una delicata attivit\u00e0 diplomatica, durata molti mesi.<\/p>\n<p>&#8220;Mi congratulo per la positiva soluzione della vicenda che, grazie all&#8217;impegn\u00f2 di tanti ha permesso di portare Mona in Italia &#8211; ha detto il rettore <strong>Di Pietra<\/strong> &#8211;\u00a0 Alla studentessa auguro di proseguire negli studi e accrescere qui con noi il suo bagaglio di conoscenze. Un ringraziamento particolare al professor Lenzerini e allo staff delle sportello Just Peace per l\u2019impegno profuso. Ringraziamento che estendo all\u2019Associazione Cor Magis Siena per il sostegno. <mark>La formazione rappresenta una delle leve che contribuiscono alla libera manifestazione del pensiero ed alla crescita personale\u201d.<\/mark><\/p>\n<p>&nbsp;<\/p>\n","protected":false},"excerpt":{"rendered":"<p>Arrestata\u00a0dopo aver manifestato per rivendicare i diritti delle donne nel suo paese, la studentessa \u00e8 stata detenuta per diversi mesi. Grazie al lavoro diplomatico dell&#8217;Ateneo e delle associazioni \u00e8 arrivata in Toscana. &#8220;Ho riguadagnato la mia libert\u00e0&#8221;, ha detto<\/p>\n","protected":false},"author":525,"featured_media":320429,"comment_status":"open","ping_status":"open","sticky":false,"template":"","format":"standard","meta":{"_acf_changed":false,"footnotes":""},"categories":[4],"tags":[411,378],"class_list":["post-320425","post","type-post","status-publish","format-standard","has-post-thumbnail","hentry","category-storie","tag-donne","tag-universita-di-siena"],"acf":[],"yoast_head":"<!-- This site is optimized with the Yoast SEO Premium plugin v24.2 (Yoast SEO v25.6) - https:\/\/yoast.com\/wordpress\/plugins\/seo\/ -->\n<title>Dalle carceri turche a Siena, l&#039;attivista iraniana Mona studier\u00e0 all&#039;Universit\u00e0 - intoscana<\/title>\n<meta name=\"description\" content=\"Arrestata\u00a0dopo aver manifestato per rivendicare i diritti delle donne nel suo paese, la studentessa \u00e8 stata detenuta per diversi mesi. Grazie al lavoro diplomatico dell&#039;Ateneo e delle associazioni \u00e8 arrivata in Toscana. &quot;Ho riguadagnato la mia libert\u00e0&quot;, ha detto\" \/>\n<meta name=\"robots\" content=\"index, follow, max-snippet:-1, max-image-preview:large, max-video-preview:-1\" \/>\n<link rel=\"canonical\" href=\"https:\/\/www.intoscana.it\/it\/dalle-carceri-turche-a-siena-lattivista-iraniana-mona-studiera-alluniversita\/\" \/>\n<meta property=\"og:locale\" content=\"it_IT\" \/>\n<meta property=\"og:type\" content=\"article\" \/>\n<meta property=\"og:title\" content=\"Dalle carceri turche a Siena, l&#039;attivista iraniana Mona studier\u00e0 all&#039;Universit\u00e0\" \/>\n<meta property=\"og:description\" content=\"Arrestata\u00a0dopo aver manifestato per rivendicare i diritti delle donne nel suo paese, la studentessa \u00e8 stata detenuta per diversi mesi. Grazie al lavoro diplomatico dell&#039;Ateneo e delle associazioni \u00e8 arrivata in Toscana. &quot;Ho riguadagnato la mia libert\u00e0&quot;, ha detto\" \/>\n<meta property=\"og:url\" content=\"https:\/\/www.intoscana.it\/it\/dalle-carceri-turche-a-siena-lattivista-iraniana-mona-studiera-alluniversita\/\" \/>\n<meta property=\"og:site_name\" content=\"intoscana\" \/>\n<meta property=\"article:publisher\" content=\"https:\/\/www.facebook.com\/intoscana.it\" \/>\n<meta property=\"article:published_time\" content=\"2023-12-29T09:15:32+00:00\" \/>\n<meta property=\"article:modified_time\" content=\"2023-12-29T09:22:20+00:00\" \/>\n<meta property=\"og:image\" content=\"https:\/\/www.intoscana.it\/wp-content\/uploads\/StudentessaIran_01b.jpg\" \/>\n\t<meta property=\"og:image:width\" content=\"2016\" \/>\n\t<meta property=\"og:image:height\" content=\"1512\" \/>\n\t<meta property=\"og:image:type\" content=\"image\/jpeg\" \/>\n<meta name=\"author\" content=\"Redazione\" \/>\n<meta name=\"twitter:card\" content=\"summary_large_image\" \/>\n<meta name=\"twitter:creator\" content=\"@intoscana\" \/>\n<meta name=\"twitter:site\" content=\"@intoscana\" \/>\n<meta name=\"twitter:label1\" content=\"Written by\" \/>\n\t<meta name=\"twitter:data1\" content=\"Redazione\" \/>\n\t<meta name=\"twitter:label2\" content=\"Est. reading time\" \/>\n\t<meta name=\"twitter:data2\" content=\"3 minuti\" \/>\n<script type=\"application\/ld+json\" class=\"yoast-schema-graph\">{\"@context\":\"https:\/\/schema.org\",\"@graph\":[{\"@type\":\"WebPage\",\"@id\":\"https:\/\/www.intoscana.it\/it\/dalle-carceri-turche-a-siena-lattivista-iraniana-mona-studiera-alluniversita\/\",\"url\":\"https:\/\/www.intoscana.it\/it\/dalle-carceri-turche-a-siena-lattivista-iraniana-mona-studiera-alluniversita\/\",\"name\":\"Dalle carceri turche a Siena, l'attivista iraniana Mona studier\u00e0 all'Universit\u00e0 - intoscana\",\"isPartOf\":{\"@id\":\"https:\/\/www.intoscana.it\/it\/#website\"},\"primaryImageOfPage\":{\"@id\":\"https:\/\/www.intoscana.it\/it\/dalle-carceri-turche-a-siena-lattivista-iraniana-mona-studiera-alluniversita\/#primaryimage\"},\"image\":{\"@id\":\"https:\/\/www.intoscana.it\/it\/dalle-carceri-turche-a-siena-lattivista-iraniana-mona-studiera-alluniversita\/#primaryimage\"},\"thumbnailUrl\":\"https:\/\/www.intoscana.it\/wp-content\/uploads\/StudentessaIran_01b.jpg\",\"datePublished\":\"2023-12-29T09:15:32+00:00\",\"dateModified\":\"2023-12-29T09:22:20+00:00\",\"author\":{\"@id\":\"https:\/\/www.intoscana.it\/it\/#\/schema\/person\/9223810753230f20bd670fdd322661f8\"},\"description\":\"Arrestata\u00a0dopo aver manifestato per rivendicare i diritti delle donne nel suo paese, la studentessa \u00e8 stata detenuta per diversi mesi. Grazie al lavoro diplomatico dell'Ateneo e delle associazioni \u00e8 arrivata in Toscana. \\\"Ho riguadagnato la mia libert\u00e0\\\", ha detto\",\"breadcrumb\":{\"@id\":\"https:\/\/www.intoscana.it\/it\/dalle-carceri-turche-a-siena-lattivista-iraniana-mona-studiera-alluniversita\/#breadcrumb\"},\"inLanguage\":\"it-IT\",\"potentialAction\":[{\"@type\":\"ReadAction\",\"target\":[\"https:\/\/www.intoscana.it\/it\/dalle-carceri-turche-a-siena-lattivista-iraniana-mona-studiera-alluniversita\/\"]}]},{\"@type\":\"ImageObject\",\"inLanguage\":\"it-IT\",\"@id\":\"https:\/\/www.intoscana.it\/it\/dalle-carceri-turche-a-siena-lattivista-iraniana-mona-studiera-alluniversita\/#primaryimage\",\"url\":\"https:\/\/www.intoscana.it\/wp-content\/uploads\/StudentessaIran_01b.jpg\",\"contentUrl\":\"https:\/\/www.intoscana.it\/wp-content\/uploads\/StudentessaIran_01b.jpg\",\"width\":2016,\"height\":1512},{\"@type\":\"BreadcrumbList\",\"@id\":\"https:\/\/www.intoscana.it\/it\/dalle-carceri-turche-a-siena-lattivista-iraniana-mona-studiera-alluniversita\/#breadcrumb\",\"itemListElement\":[{\"@type\":\"ListItem\",\"position\":1,\"name\":\"Home\",\"item\":\"https:\/\/www.intoscana.it\/it\/\"},{\"@type\":\"ListItem\",\"position\":2,\"name\":\"Dalle carceri turche a Siena, l&#8217;attivista iraniana Mona studier\u00e0 all&#8217;Universit\u00e0\"}]},{\"@type\":\"WebSite\",\"@id\":\"https:\/\/www.intoscana.it\/it\/#website\",\"url\":\"https:\/\/www.intoscana.it\/it\/\",\"name\":\"intoscana\",\"description\":\"\",\"potentialAction\":[{\"@type\":\"SearchAction\",\"target\":{\"@type\":\"EntryPoint\",\"urlTemplate\":\"https:\/\/www.intoscana.it\/it\/?s={search_term_string}\"},\"query-input\":{\"@type\":\"PropertyValueSpecification\",\"valueRequired\":true,\"valueName\":\"search_term_string\"}}],\"inLanguage\":\"it-IT\"},{\"@type\":\"Person\",\"@id\":\"https:\/\/www.intoscana.it\/it\/#\/schema\/person\/9223810753230f20bd670fdd322661f8\",\"name\":\"Redazione\",\"url\":\"https:\/\/www.intoscana.it\/it\/author\/redazione\/\"}]}<\/script>\n<!-- \/ Yoast SEO Premium plugin. -->","yoast_head_json":{"title":"Dalle carceri turche a Siena, l'attivista iraniana Mona studier\u00e0 all'Universit\u00e0 - intoscana","description":"Arrestata\u00a0dopo aver manifestato per rivendicare i diritti delle donne nel suo paese, la studentessa \u00e8 stata detenuta per diversi mesi. Grazie al lavoro diplomatico dell'Ateneo e delle associazioni \u00e8 arrivata in Toscana. \"Ho riguadagnato la mia libert\u00e0\", ha detto","robots":{"index":"index","follow":"follow","max-snippet":"max-snippet:-1","max-image-preview":"max-image-preview:large","max-video-preview":"max-video-preview:-1"},"canonical":"https:\/\/www.intoscana.it\/it\/dalle-carceri-turche-a-siena-lattivista-iraniana-mona-studiera-alluniversita\/","og_locale":"it_IT","og_type":"article","og_title":"Dalle carceri turche a Siena, l'attivista iraniana Mona studier\u00e0 all'Universit\u00e0","og_description":"Arrestata\u00a0dopo aver manifestato per rivendicare i diritti delle donne nel suo paese, la studentessa \u00e8 stata detenuta per diversi mesi. Grazie al lavoro diplomatico dell'Ateneo e delle associazioni \u00e8 arrivata in Toscana. \"Ho riguadagnato la mia libert\u00e0\", ha detto","og_url":"https:\/\/www.intoscana.it\/it\/dalle-carceri-turche-a-siena-lattivista-iraniana-mona-studiera-alluniversita\/","og_site_name":"intoscana","article_publisher":"https:\/\/www.facebook.com\/intoscana.it","article_published_time":"2023-12-29T09:15:32+00:00","article_modified_time":"2023-12-29T09:22:20+00:00","og_image":[{"width":2016,"height":1512,"url":"https:\/\/www.intoscana.it\/wp-content\/uploads\/StudentessaIran_01b.jpg","type":"image\/jpeg"}],"author":"Redazione","twitter_card":"summary_large_image","twitter_creator":"@intoscana","twitter_site":"@intoscana","twitter_misc":{"Written by":"Redazione","Est. reading time":"3 minuti"},"schema":{"@context":"https:\/\/schema.org","@graph":[{"@type":"WebPage","@id":"https:\/\/www.intoscana.it\/it\/dalle-carceri-turche-a-siena-lattivista-iraniana-mona-studiera-alluniversita\/","url":"https:\/\/www.intoscana.it\/it\/dalle-carceri-turche-a-siena-lattivista-iraniana-mona-studiera-alluniversita\/","name":"Dalle carceri turche a Siena, l'attivista iraniana Mona studier\u00e0 all'Universit\u00e0 - intoscana","isPartOf":{"@id":"https:\/\/www.intoscana.it\/it\/#website"},"primaryImageOfPage":{"@id":"https:\/\/www.intoscana.it\/it\/dalle-carceri-turche-a-siena-lattivista-iraniana-mona-studiera-alluniversita\/#primaryimage"},"image":{"@id":"https:\/\/www.intoscana.it\/it\/dalle-carceri-turche-a-siena-lattivista-iraniana-mona-studiera-alluniversita\/#primaryimage"},"thumbnailUrl":"https:\/\/www.intoscana.it\/wp-content\/uploads\/StudentessaIran_01b.jpg","datePublished":"2023-12-29T09:15:32+00:00","dateModified":"2023-12-29T09:22:20+00:00","author":{"@id":"https:\/\/www.intoscana.it\/it\/#\/schema\/person\/9223810753230f20bd670fdd322661f8"},"description":"Arrestata\u00a0dopo aver manifestato per rivendicare i diritti delle donne nel suo paese, la studentessa \u00e8 stata detenuta per diversi mesi. Grazie al lavoro diplomatico dell'Ateneo e delle associazioni \u00e8 arrivata in Toscana. \"Ho riguadagnato la mia libert\u00e0\", ha detto","breadcrumb":{"@id":"https:\/\/www.intoscana.it\/it\/dalle-carceri-turche-a-siena-lattivista-iraniana-mona-studiera-alluniversita\/#breadcrumb"},"inLanguage":"it-IT","potentialAction":[{"@type":"ReadAction","target":["https:\/\/www.intoscana.it\/it\/dalle-carceri-turche-a-siena-lattivista-iraniana-mona-studiera-alluniversita\/"]}]},{"@type":"ImageObject","inLanguage":"it-IT","@id":"https:\/\/www.intoscana.it\/it\/dalle-carceri-turche-a-siena-lattivista-iraniana-mona-studiera-alluniversita\/#primaryimage","url":"https:\/\/www.intoscana.it\/wp-content\/uploads\/StudentessaIran_01b.jpg","contentUrl":"https:\/\/www.intoscana.it\/wp-content\/uploads\/StudentessaIran_01b.jpg","width":2016,"height":1512},{"@type":"BreadcrumbList","@id":"https:\/\/www.intoscana.it\/it\/dalle-carceri-turche-a-siena-lattivista-iraniana-mona-studiera-alluniversita\/#breadcrumb","itemListElement":[{"@type":"ListItem","position":1,"name":"Home","item":"https:\/\/www.intoscana.it\/it\/"},{"@type":"ListItem","position":2,"name":"Dalle carceri turche a Siena, l&#8217;attivista iraniana Mona studier\u00e0 all&#8217;Universit\u00e0"}]},{"@type":"WebSite","@id":"https:\/\/www.intoscana.it\/it\/#website","url":"https:\/\/www.intoscana.it\/it\/","name":"intoscana","description":"","potentialAction":[{"@type":"SearchAction","target":{"@type":"EntryPoint","urlTemplate":"https:\/\/www.intoscana.it\/it\/?s={search_term_string}"},"query-input":{"@type":"PropertyValueSpecification","valueRequired":true,"valueName":"search_term_string"}}],"inLanguage":"it-IT"},{"@type":"Person","@id":"https:\/\/www.intoscana.it\/it\/#\/schema\/person\/9223810753230f20bd670fdd322661f8","name":"Redazione","url":"https:\/\/www.intoscana.it\/it\/author\/redazione\/"}]}},"_links":{"self":[{"href":"https:\/\/www.intoscana.it\/it\/wp-json\/wp\/v2\/posts\/320425","targetHints":{"allow":["GET"]}}],"collection":[{"href":"https:\/\/www.intoscana.it\/it\/wp-json\/wp\/v2\/posts"}],"about":[{"href":"https:\/\/www.intoscana.it\/it\/wp-json\/wp\/v2\/types\/post"}],"author":[{"embeddable":true,"href":"https:\/\/www.intoscana.it\/it\/wp-json\/wp\/v2\/users\/525"}],"replies":[{"embeddable":true,"href":"https:\/\/www.intoscana.it\/it\/wp-json\/wp\/v2\/comments?post=320425"}],"version-history":[{"count":0,"href":"https:\/\/www.intoscana.it\/it\/wp-json\/wp\/v2\/posts\/320425\/revisions"}],"wp:featuredmedia":[{"embeddable":true,"href":"https:\/\/www.intoscana.it\/it\/wp-json\/wp\/v2\/media\/320429"}],"wp:attachment":[{"href":"https:\/\/www.intoscana.it\/it\/wp-json\/wp\/v2\/media?parent=320425"}],"wp:term":[{"taxonomy":"category","embeddable":true,"href":"https:\/\/www.intoscana.it\/it\/wp-json\/wp\/v2\/categories?post=320425"},{"taxonomy":"post_tag","embeddable":true,"href":"https:\/\/www.intoscana.it\/it\/wp-json\/wp\/v2\/tags?post=320425"}],"curies":[{"name":"wp","href":"https:\/\/api.w.org\/{rel}","templated":true}]}}