{"id":320581,"date":"2023-12-30T14:04:53","date_gmt":"2023-12-30T13:04:53","guid":{"rendered":"https:\/\/www.intoscana.it\/it\/?p=320581"},"modified":"2023-12-30T14:08:34","modified_gmt":"2023-12-30T13:08:34","slug":"a-carrara-nasce-losservatorio-dei-prezzi-sul-marmo-per-garantire-la-filiera","status":"publish","type":"post","link":"https:\/\/www.intoscana.it\/it\/a-carrara-nasce-losservatorio-dei-prezzi-sul-marmo-per-garantire-la-filiera\/","title":{"rendered":"A Carrara nasce l&#8217;Osservatorio dei prezzi sul marmo per garantire la filiera"},"content":{"rendered":"<p>Il <strong>Comune di Carrara<\/strong> ha approvato uno schema d&#8217;accordo con <strong>Camera di commercio Toscana Nord Ovest e Consorzio Zona industriale apuana<\/strong> per la costituzione dell&#8217;<strong>Osservatorio sui prezzi del marmo.<\/strong><\/p>\n<p>Si tratta di <strong>un nuovo organismo<\/strong> che, come prevede il regolamento comunale per la concessione degli agri marmiferi, avr\u00e0 lo scopo di <strong>garantire una conoscenza approfondita della filiera del marmo<\/strong>, comparti di <strong>escavazione, lavorazione e commercializzazione<\/strong> dei materiali lapidei.<\/p>\n<p>Lo scopo \u00e8 <strong>misurarne l&#8217;impatto diretto, indiretto e l&#8217;indotto sul tessuto economico-sociale del territorio<\/strong>.<\/p>\n<p>Si comincer\u00e0 con <strong>una prima fase sperimentale di dodici mesi<\/strong>, per definire la definitiva strutturazione del nuovo organismo, <strong>finanziato dal Comune di Carrara con 60mila euro.<\/strong><\/p>\n<figure id=\"post-96192 media-96192\" class=\"align-none\"><img decoding=\"async\" src=\"https:\/\/www.intoscana.it\/wp-content\/uploads\/marmo-carrara-cava-2019.jpg\" alt=\"\" \/><\/figure>\n<div class=\"titleimg\"><em>Cava di marmo (Carrara)<\/em><\/div>\n<p><em>&#8220;La nascita dell&#8217;osservatorio sui prezzi del marmo rappresenta un importante passo verso il futuro del settore &#8211;<\/em><strong> sottolinea la sindaca di Carrara Serena Arrighi<\/strong><em> -. Questa amministrazione ha cercato di portare avanti un nuovo modo di rapportarsi che rappresenta non solo la storia e il presente di Carrara, ma anche il principale settore economico cittadino. L&#8217;osservatorio dei prezzi permetter\u00e0 una conoscenza sempre pi\u00f9 approfondita dell&#8217;intero ciclo del marmo e valutarne nel dettaglio le ricadute. Rappresenta un passaggio fondamentale in un complesso percorso di sviluppo&#8221;.<\/em><\/p>\n<p><em>&#8220;Siamo stati in grado di gestire un passaggio fondamentale come quello del 31 ottobre scorso <\/em><strong>&#8211; prosegue Arrighi<\/strong><em> &#8211; quando sono state siglate 57 convenzioni tra il Comune di Carrara e le imprese escavatrici, 17 invece le certificazioni Emas registrate. Tutto ci\u00f2 permette a tutti noi, amministrazione e aziende, di guardare al futuro con maggiore tranquillit\u00e0 e con qualche certezza in pi\u00f9. Abbiamo riallacciato i rapporti con i protagonisti del mondo marmo: sindacati, lavoratori, imprenditori e associazioni di categoria, per un confronto sulle prossime sfide che si chiamano filiera, tracciabilit\u00e0, marchio del marmo, cultura e formazione, per sviluppare un distretto che vada oltre alla escavazione e abbracci lavorazione, arte e scultura, ma anche tecnologia, automatizzazione, design, architettura e studio dei materiali&#8221;.<\/em><\/p>\n<figure id=\"post-95948 media-95948\" class=\"align-none\"><img decoding=\"async\" src=\"https:\/\/www.intoscana.it\/wp-content\/uploads\/Marmo-Carrara-Cave-Cava-Michelangelo-4.jpg\" alt=\"\" \/><\/figure>\n<div class=\"titleimg\"><em>Marmo Carrara, Cava Michelangelo<\/em><\/div>\n","protected":false},"excerpt":{"rendered":"<p>Si comincer\u00e0 con una prima fase sperimentale di dodici mesi, prorogabile di altri dodici mesi, per definire la definitiva strutturazione del nuovo organismo, finanziato dal Comune di Carrara con 60mila euro<\/p>\n","protected":false},"author":525,"featured_media":142333,"comment_status":"open","ping_status":"open","sticky":false,"template":"","format":"standard","meta":{"_acf_changed":false,"footnotes":""},"categories":[9],"tags":[268,4899],"class_list":["post-320581","post","type-post","status-publish","format-standard","has-post-thumbnail","hentry","category-made-in-toscana","tag-carrara","tag-marmo"],"acf":[],"yoast_head":"<!-- This site is optimized with the Yoast SEO Premium plugin v24.2 (Yoast SEO v25.6) - https:\/\/yoast.com\/wordpress\/plugins\/seo\/ -->\n<title>A Carrara nasce l&#039;Osservatorio dei prezzi sul marmo per garantire la filiera - intoscana<\/title>\n<meta name=\"description\" content=\"Si comincer\u00e0 con una prima fase sperimentale di dodici mesi per il nuovo organismo, finanziato dal Comune di Carrara con 60mila euro\" \/>\n<meta name=\"robots\" content=\"index, follow, max-snippet:-1, max-image-preview:large, max-video-preview:-1\" \/>\n<link rel=\"canonical\" href=\"https:\/\/www.intoscana.it\/it\/a-carrara-nasce-losservatorio-dei-prezzi-sul-marmo-per-garantire-la-filiera\/\" \/>\n<meta property=\"og:locale\" content=\"it_IT\" \/>\n<meta property=\"og:type\" content=\"article\" \/>\n<meta property=\"og:title\" content=\"A Carrara nasce l&#039;Osservatorio dei prezzi sul marmo per garantire la filiera\" \/>\n<meta property=\"og:description\" content=\"Si comincer\u00e0 con una prima fase sperimentale di dodici mesi per il nuovo organismo, finanziato dal Comune di Carrara con 60mila euro\" \/>\n<meta property=\"og:url\" content=\"https:\/\/www.intoscana.it\/it\/a-carrara-nasce-losservatorio-dei-prezzi-sul-marmo-per-garantire-la-filiera\/\" \/>\n<meta property=\"og:site_name\" content=\"intoscana\" \/>\n<meta property=\"article:publisher\" content=\"https:\/\/www.facebook.com\/intoscana.it\" \/>\n<meta property=\"article:published_time\" content=\"2023-12-30T13:04:53+00:00\" \/>\n<meta property=\"article:modified_time\" content=\"2023-12-30T13:08:34+00:00\" \/>\n<meta property=\"og:image\" content=\"https:\/\/www.intoscana.it\/wp-content\/uploads\/carrara-cava-cave-marmo-colonnata-111.jpg\" \/>\n\t<meta property=\"og:image:width\" content=\"1440\" \/>\n\t<meta property=\"og:image:height\" content=\"1080\" \/>\n\t<meta property=\"og:image:type\" content=\"image\/jpeg\" \/>\n<meta name=\"author\" content=\"Redazione\" \/>\n<meta name=\"twitter:card\" content=\"summary_large_image\" \/>\n<meta name=\"twitter:creator\" content=\"@intoscana\" \/>\n<meta name=\"twitter:site\" content=\"@intoscana\" \/>\n<meta name=\"twitter:label1\" content=\"Written by\" \/>\n\t<meta name=\"twitter:data1\" content=\"Redazione\" \/>\n\t<meta name=\"twitter:label2\" content=\"Est. reading time\" \/>\n\t<meta name=\"twitter:data2\" content=\"2 minuti\" \/>\n<script type=\"application\/ld+json\" class=\"yoast-schema-graph\">{\"@context\":\"https:\/\/schema.org\",\"@graph\":[{\"@type\":\"WebPage\",\"@id\":\"https:\/\/www.intoscana.it\/it\/a-carrara-nasce-losservatorio-dei-prezzi-sul-marmo-per-garantire-la-filiera\/\",\"url\":\"https:\/\/www.intoscana.it\/it\/a-carrara-nasce-losservatorio-dei-prezzi-sul-marmo-per-garantire-la-filiera\/\",\"name\":\"A Carrara nasce l'Osservatorio dei prezzi sul marmo per garantire la filiera - intoscana\",\"isPartOf\":{\"@id\":\"https:\/\/www.intoscana.it\/it\/#website\"},\"primaryImageOfPage\":{\"@id\":\"https:\/\/www.intoscana.it\/it\/a-carrara-nasce-losservatorio-dei-prezzi-sul-marmo-per-garantire-la-filiera\/#primaryimage\"},\"image\":{\"@id\":\"https:\/\/www.intoscana.it\/it\/a-carrara-nasce-losservatorio-dei-prezzi-sul-marmo-per-garantire-la-filiera\/#primaryimage\"},\"thumbnailUrl\":\"https:\/\/www.intoscana.it\/wp-content\/uploads\/carrara-cava-cave-marmo-colonnata-111.jpg\",\"datePublished\":\"2023-12-30T13:04:53+00:00\",\"dateModified\":\"2023-12-30T13:08:34+00:00\",\"author\":{\"@id\":\"https:\/\/www.intoscana.it\/it\/#\/schema\/person\/9223810753230f20bd670fdd322661f8\"},\"description\":\"Si comincer\u00e0 con una prima fase sperimentale di dodici mesi per il nuovo organismo, finanziato dal Comune di Carrara con 60mila euro\",\"breadcrumb\":{\"@id\":\"https:\/\/www.intoscana.it\/it\/a-carrara-nasce-losservatorio-dei-prezzi-sul-marmo-per-garantire-la-filiera\/#breadcrumb\"},\"inLanguage\":\"it-IT\",\"potentialAction\":[{\"@type\":\"ReadAction\",\"target\":[\"https:\/\/www.intoscana.it\/it\/a-carrara-nasce-losservatorio-dei-prezzi-sul-marmo-per-garantire-la-filiera\/\"]}]},{\"@type\":\"ImageObject\",\"inLanguage\":\"it-IT\",\"@id\":\"https:\/\/www.intoscana.it\/it\/a-carrara-nasce-losservatorio-dei-prezzi-sul-marmo-per-garantire-la-filiera\/#primaryimage\",\"url\":\"https:\/\/www.intoscana.it\/wp-content\/uploads\/carrara-cava-cave-marmo-colonnata-111.jpg\",\"contentUrl\":\"https:\/\/www.intoscana.it\/wp-content\/uploads\/carrara-cava-cave-marmo-colonnata-111.jpg\",\"width\":1440,\"height\":1080},{\"@type\":\"BreadcrumbList\",\"@id\":\"https:\/\/www.intoscana.it\/it\/a-carrara-nasce-losservatorio-dei-prezzi-sul-marmo-per-garantire-la-filiera\/#breadcrumb\",\"itemListElement\":[{\"@type\":\"ListItem\",\"position\":1,\"name\":\"Home\",\"item\":\"https:\/\/www.intoscana.it\/it\/\"},{\"@type\":\"ListItem\",\"position\":2,\"name\":\"A Carrara nasce l&#8217;Osservatorio dei prezzi sul marmo per garantire la filiera\"}]},{\"@type\":\"WebSite\",\"@id\":\"https:\/\/www.intoscana.it\/it\/#website\",\"url\":\"https:\/\/www.intoscana.it\/it\/\",\"name\":\"intoscana\",\"description\":\"\",\"potentialAction\":[{\"@type\":\"SearchAction\",\"target\":{\"@type\":\"EntryPoint\",\"urlTemplate\":\"https:\/\/www.intoscana.it\/it\/?s={search_term_string}\"},\"query-input\":{\"@type\":\"PropertyValueSpecification\",\"valueRequired\":true,\"valueName\":\"search_term_string\"}}],\"inLanguage\":\"it-IT\"},{\"@type\":\"Person\",\"@id\":\"https:\/\/www.intoscana.it\/it\/#\/schema\/person\/9223810753230f20bd670fdd322661f8\",\"name\":\"Redazione\",\"url\":\"https:\/\/www.intoscana.it\/it\/author\/redazione\/\"}]}<\/script>\n<!-- \/ Yoast SEO Premium plugin. -->","yoast_head_json":{"title":"A Carrara nasce l'Osservatorio dei prezzi sul marmo per garantire la filiera - intoscana","description":"Si comincer\u00e0 con una prima fase sperimentale di dodici mesi per il nuovo organismo, finanziato dal Comune di Carrara con 60mila euro","robots":{"index":"index","follow":"follow","max-snippet":"max-snippet:-1","max-image-preview":"max-image-preview:large","max-video-preview":"max-video-preview:-1"},"canonical":"https:\/\/www.intoscana.it\/it\/a-carrara-nasce-losservatorio-dei-prezzi-sul-marmo-per-garantire-la-filiera\/","og_locale":"it_IT","og_type":"article","og_title":"A Carrara nasce l'Osservatorio dei prezzi sul marmo per garantire la filiera","og_description":"Si comincer\u00e0 con una prima fase sperimentale di dodici mesi per il nuovo organismo, finanziato dal Comune di Carrara con 60mila euro","og_url":"https:\/\/www.intoscana.it\/it\/a-carrara-nasce-losservatorio-dei-prezzi-sul-marmo-per-garantire-la-filiera\/","og_site_name":"intoscana","article_publisher":"https:\/\/www.facebook.com\/intoscana.it","article_published_time":"2023-12-30T13:04:53+00:00","article_modified_time":"2023-12-30T13:08:34+00:00","og_image":[{"width":1440,"height":1080,"url":"https:\/\/www.intoscana.it\/wp-content\/uploads\/carrara-cava-cave-marmo-colonnata-111.jpg","type":"image\/jpeg"}],"author":"Redazione","twitter_card":"summary_large_image","twitter_creator":"@intoscana","twitter_site":"@intoscana","twitter_misc":{"Written by":"Redazione","Est. reading time":"2 minuti"},"schema":{"@context":"https:\/\/schema.org","@graph":[{"@type":"WebPage","@id":"https:\/\/www.intoscana.it\/it\/a-carrara-nasce-losservatorio-dei-prezzi-sul-marmo-per-garantire-la-filiera\/","url":"https:\/\/www.intoscana.it\/it\/a-carrara-nasce-losservatorio-dei-prezzi-sul-marmo-per-garantire-la-filiera\/","name":"A Carrara nasce l'Osservatorio dei prezzi sul marmo per garantire la filiera - intoscana","isPartOf":{"@id":"https:\/\/www.intoscana.it\/it\/#website"},"primaryImageOfPage":{"@id":"https:\/\/www.intoscana.it\/it\/a-carrara-nasce-losservatorio-dei-prezzi-sul-marmo-per-garantire-la-filiera\/#primaryimage"},"image":{"@id":"https:\/\/www.intoscana.it\/it\/a-carrara-nasce-losservatorio-dei-prezzi-sul-marmo-per-garantire-la-filiera\/#primaryimage"},"thumbnailUrl":"https:\/\/www.intoscana.it\/wp-content\/uploads\/carrara-cava-cave-marmo-colonnata-111.jpg","datePublished":"2023-12-30T13:04:53+00:00","dateModified":"2023-12-30T13:08:34+00:00","author":{"@id":"https:\/\/www.intoscana.it\/it\/#\/schema\/person\/9223810753230f20bd670fdd322661f8"},"description":"Si comincer\u00e0 con una prima fase sperimentale di dodici mesi per il nuovo organismo, finanziato dal Comune di Carrara con 60mila euro","breadcrumb":{"@id":"https:\/\/www.intoscana.it\/it\/a-carrara-nasce-losservatorio-dei-prezzi-sul-marmo-per-garantire-la-filiera\/#breadcrumb"},"inLanguage":"it-IT","potentialAction":[{"@type":"ReadAction","target":["https:\/\/www.intoscana.it\/it\/a-carrara-nasce-losservatorio-dei-prezzi-sul-marmo-per-garantire-la-filiera\/"]}]},{"@type":"ImageObject","inLanguage":"it-IT","@id":"https:\/\/www.intoscana.it\/it\/a-carrara-nasce-losservatorio-dei-prezzi-sul-marmo-per-garantire-la-filiera\/#primaryimage","url":"https:\/\/www.intoscana.it\/wp-content\/uploads\/carrara-cava-cave-marmo-colonnata-111.jpg","contentUrl":"https:\/\/www.intoscana.it\/wp-content\/uploads\/carrara-cava-cave-marmo-colonnata-111.jpg","width":1440,"height":1080},{"@type":"BreadcrumbList","@id":"https:\/\/www.intoscana.it\/it\/a-carrara-nasce-losservatorio-dei-prezzi-sul-marmo-per-garantire-la-filiera\/#breadcrumb","itemListElement":[{"@type":"ListItem","position":1,"name":"Home","item":"https:\/\/www.intoscana.it\/it\/"},{"@type":"ListItem","position":2,"name":"A Carrara nasce l&#8217;Osservatorio dei prezzi sul marmo per garantire la filiera"}]},{"@type":"WebSite","@id":"https:\/\/www.intoscana.it\/it\/#website","url":"https:\/\/www.intoscana.it\/it\/","name":"intoscana","description":"","potentialAction":[{"@type":"SearchAction","target":{"@type":"EntryPoint","urlTemplate":"https:\/\/www.intoscana.it\/it\/?s={search_term_string}"},"query-input":{"@type":"PropertyValueSpecification","valueRequired":true,"valueName":"search_term_string"}}],"inLanguage":"it-IT"},{"@type":"Person","@id":"https:\/\/www.intoscana.it\/it\/#\/schema\/person\/9223810753230f20bd670fdd322661f8","name":"Redazione","url":"https:\/\/www.intoscana.it\/it\/author\/redazione\/"}]}},"_links":{"self":[{"href":"https:\/\/www.intoscana.it\/it\/wp-json\/wp\/v2\/posts\/320581","targetHints":{"allow":["GET"]}}],"collection":[{"href":"https:\/\/www.intoscana.it\/it\/wp-json\/wp\/v2\/posts"}],"about":[{"href":"https:\/\/www.intoscana.it\/it\/wp-json\/wp\/v2\/types\/post"}],"author":[{"embeddable":true,"href":"https:\/\/www.intoscana.it\/it\/wp-json\/wp\/v2\/users\/525"}],"replies":[{"embeddable":true,"href":"https:\/\/www.intoscana.it\/it\/wp-json\/wp\/v2\/comments?post=320581"}],"version-history":[{"count":0,"href":"https:\/\/www.intoscana.it\/it\/wp-json\/wp\/v2\/posts\/320581\/revisions"}],"wp:featuredmedia":[{"embeddable":true,"href":"https:\/\/www.intoscana.it\/it\/wp-json\/wp\/v2\/media\/142333"}],"wp:attachment":[{"href":"https:\/\/www.intoscana.it\/it\/wp-json\/wp\/v2\/media?parent=320581"}],"wp:term":[{"taxonomy":"category","embeddable":true,"href":"https:\/\/www.intoscana.it\/it\/wp-json\/wp\/v2\/categories?post=320581"},{"taxonomy":"post_tag","embeddable":true,"href":"https:\/\/www.intoscana.it\/it\/wp-json\/wp\/v2\/tags?post=320581"}],"curies":[{"name":"wp","href":"https:\/\/api.w.org\/{rel}","templated":true}]}}