{"id":320696,"date":"2024-01-02T11:42:49","date_gmt":"2024-01-02T10:42:49","guid":{"rendered":"https:\/\/www.intoscana.it\/it\/?p=320696"},"modified":"2024-01-02T11:58:18","modified_gmt":"2024-01-02T10:58:18","slug":"a-mercatale-dal-5-al-7-gennaio-arriva-lepifania-degli-artisti-improvvisati","status":"publish","type":"post","link":"https:\/\/www.intoscana.it\/it\/a-mercatale-dal-5-al-7-gennaio-arriva-lepifania-degli-artisti-improvvisati\/","title":{"rendered":"A Mercatale dal 5 al 7 gennaio arriva l\u2019Epifania degli artisti improvvisati"},"content":{"rendered":"<p><strong>Dal 5 al 7 gennaio 2024<\/strong> il <strong>Centro Lotti di Mercatale Val di Pesa<\/strong> accoglier\u00e0 la seconda edizione della mostra estemporanea <strong><em>\u201cQuesto?&#8230; L\u2019ho fatto io\u201d,<\/em><\/strong> nata per iniziativa di un gruppo di appassionati.<\/p>\n<p>Si definiscono<em><strong> \u2018artisti improvvisati\u2019<\/strong> <\/em>e sono un gruppo di hobbisti che amano <strong>creare, inventare, costruire oggetti<\/strong> di uso quotidiano e manufatti artistici, come si \u00e8 sempre fatto in una terra, il <strong>Chianti,<\/strong> che \u00e8 stata plasmata grazie alle virt\u00f9 e ai saperi del mondo rurale e dell\u2019artigianato locale.<\/p>\n<p>L&#8217;evento patrocinato dal Comune metter\u00e0 in campo i <strong>talenti di casa<\/strong> e la partecipazione di decine di cittadine e cittadini artisti per passione.<\/p>\n<p>In mostra ci saranno i <strong>manufatti di una ventina di persone, residenti nel territorio comunale,<\/strong> frutto dell\u2019ingegno e della creativit\u00e0, oggetti realizzati rigorosamente a mano in terracotta e impiegando tecniche diverse tra cui <strong>l\u2019intaglio, la scultura, la tornitura del legno, la coltelleria, l\u2019uncinetto e la pittura.<\/strong><\/p>\n<p>All\u2019evento espositivo \u00e8 connessa una lotteria il cui ricavato sar\u00e0 devoluto alla <strong>Misericordia di Mercatale.<\/strong> I premi consistono in buoni spesa offerti dagli esercizi commerciali della frazione.<\/p>\n<p>Realizzata in collaborazione con la Pro Loco, la Misericordia, la Casa del Popolo e il Circolo Mcl di Mercatale, la mostra aprir\u00e0 i battenti venerd\u00ec 5 alle ore 15.30. Al taglio del nastro sar\u00e0 presente il sindaco <strong>Roberto Ciappi.<\/strong><\/p>\n<p>L\u2019orario di apertura \u00e8: ore 10-15 e ore 15-19. <strong>L&#8217;ingresso \u00e8 libero.<\/strong><\/p>\n","protected":false},"excerpt":{"rendered":"<p>Dal 5 al 7 gennaio il Centro Lotti di Mercatale grazie a &#8220;Questo? L&#8217;ho fatto io!&#8221; si trasforma in una galleria dei talenti artistici e artigianali del territorio<\/p>\n","protected":false},"author":525,"featured_media":74003,"comment_status":"open","ping_status":"open","sticky":false,"template":"","format":"standard","meta":{"_acf_changed":false,"footnotes":""},"categories":[493],"tags":[5257],"class_list":["post-320696","post","type-post","status-publish","format-standard","has-post-thumbnail","hentry","category-cultura","tag-befana"],"acf":[],"yoast_head":"<!-- This site is optimized with the Yoast SEO Premium plugin v24.2 (Yoast SEO v25.6) - https:\/\/yoast.com\/wordpress\/plugins\/seo\/ -->\n<title>A Mercatale dal 5 al 7 gennaio arriva l\u2019Epifania degli artisti improvvisati - intoscana<\/title>\n<meta name=\"description\" content=\"Dal 5 al 7 gennaio il Centro Lotti di Mercatale si trasforma in una galleria dei talenti artistici e artigianali del territorio\" \/>\n<meta name=\"robots\" content=\"index, follow, max-snippet:-1, max-image-preview:large, max-video-preview:-1\" \/>\n<link rel=\"canonical\" href=\"https:\/\/www.intoscana.it\/it\/a-mercatale-dal-5-al-7-gennaio-arriva-lepifania-degli-artisti-improvvisati\/\" \/>\n<meta property=\"og:locale\" content=\"it_IT\" \/>\n<meta property=\"og:type\" content=\"article\" \/>\n<meta property=\"og:title\" content=\"A Mercatale dal 5 al 7 gennaio arriva l\u2019Epifania degli artisti improvvisati\" \/>\n<meta property=\"og:description\" content=\"Dal 5 al 7 gennaio il Centro Lotti di Mercatale si trasforma in una galleria dei talenti artistici e artigianali del territorio\" \/>\n<meta property=\"og:url\" content=\"https:\/\/www.intoscana.it\/it\/a-mercatale-dal-5-al-7-gennaio-arriva-lepifania-degli-artisti-improvvisati\/\" \/>\n<meta property=\"og:site_name\" content=\"intoscana\" \/>\n<meta property=\"article:publisher\" content=\"https:\/\/www.facebook.com\/intoscana.it\" \/>\n<meta property=\"article:published_time\" content=\"2024-01-02T10:42:49+00:00\" \/>\n<meta property=\"article:modified_time\" content=\"2024-01-02T10:58:18+00:00\" \/>\n<meta property=\"og:image\" content=\"https:\/\/www.intoscana.it\/wp-content\/uploads\/8fe3e0f34d3083cba6fe73d62a783d7f_XL.jpg\" \/>\n\t<meta property=\"og:image:width\" content=\"900\" \/>\n\t<meta property=\"og:image:height\" content=\"603\" \/>\n\t<meta property=\"og:image:type\" content=\"image\/jpeg\" \/>\n<meta name=\"author\" content=\"Redazione\" \/>\n<meta name=\"twitter:card\" content=\"summary_large_image\" \/>\n<meta name=\"twitter:creator\" content=\"@intoscana\" \/>\n<meta name=\"twitter:site\" content=\"@intoscana\" \/>\n<meta name=\"twitter:label1\" content=\"Written by\" \/>\n\t<meta name=\"twitter:data1\" content=\"Redazione\" \/>\n\t<meta name=\"twitter:label2\" content=\"Est. reading time\" \/>\n\t<meta name=\"twitter:data2\" content=\"1 minuto\" \/>\n<script type=\"application\/ld+json\" class=\"yoast-schema-graph\">{\"@context\":\"https:\/\/schema.org\",\"@graph\":[{\"@type\":\"WebPage\",\"@id\":\"https:\/\/www.intoscana.it\/it\/a-mercatale-dal-5-al-7-gennaio-arriva-lepifania-degli-artisti-improvvisati\/\",\"url\":\"https:\/\/www.intoscana.it\/it\/a-mercatale-dal-5-al-7-gennaio-arriva-lepifania-degli-artisti-improvvisati\/\",\"name\":\"A Mercatale dal 5 al 7 gennaio arriva l\u2019Epifania degli artisti improvvisati - intoscana\",\"isPartOf\":{\"@id\":\"https:\/\/www.intoscana.it\/it\/#website\"},\"primaryImageOfPage\":{\"@id\":\"https:\/\/www.intoscana.it\/it\/a-mercatale-dal-5-al-7-gennaio-arriva-lepifania-degli-artisti-improvvisati\/#primaryimage\"},\"image\":{\"@id\":\"https:\/\/www.intoscana.it\/it\/a-mercatale-dal-5-al-7-gennaio-arriva-lepifania-degli-artisti-improvvisati\/#primaryimage\"},\"thumbnailUrl\":\"https:\/\/www.intoscana.it\/wp-content\/uploads\/8fe3e0f34d3083cba6fe73d62a783d7f_XL.jpg\",\"datePublished\":\"2024-01-02T10:42:49+00:00\",\"dateModified\":\"2024-01-02T10:58:18+00:00\",\"author\":{\"@id\":\"https:\/\/www.intoscana.it\/it\/#\/schema\/person\/9223810753230f20bd670fdd322661f8\"},\"description\":\"Dal 5 al 7 gennaio il Centro Lotti di Mercatale si trasforma in una galleria dei talenti artistici e artigianali del territorio\",\"breadcrumb\":{\"@id\":\"https:\/\/www.intoscana.it\/it\/a-mercatale-dal-5-al-7-gennaio-arriva-lepifania-degli-artisti-improvvisati\/#breadcrumb\"},\"inLanguage\":\"it-IT\",\"potentialAction\":[{\"@type\":\"ReadAction\",\"target\":[\"https:\/\/www.intoscana.it\/it\/a-mercatale-dal-5-al-7-gennaio-arriva-lepifania-degli-artisti-improvvisati\/\"]}]},{\"@type\":\"ImageObject\",\"inLanguage\":\"it-IT\",\"@id\":\"https:\/\/www.intoscana.it\/it\/a-mercatale-dal-5-al-7-gennaio-arriva-lepifania-degli-artisti-improvvisati\/#primaryimage\",\"url\":\"https:\/\/www.intoscana.it\/wp-content\/uploads\/8fe3e0f34d3083cba6fe73d62a783d7f_XL.jpg\",\"contentUrl\":\"https:\/\/www.intoscana.it\/wp-content\/uploads\/8fe3e0f34d3083cba6fe73d62a783d7f_XL.jpg\",\"width\":900,\"height\":603},{\"@type\":\"BreadcrumbList\",\"@id\":\"https:\/\/www.intoscana.it\/it\/a-mercatale-dal-5-al-7-gennaio-arriva-lepifania-degli-artisti-improvvisati\/#breadcrumb\",\"itemListElement\":[{\"@type\":\"ListItem\",\"position\":1,\"name\":\"Home\",\"item\":\"https:\/\/www.intoscana.it\/it\/\"},{\"@type\":\"ListItem\",\"position\":2,\"name\":\"A Mercatale dal 5 al 7 gennaio arriva l\u2019Epifania degli artisti improvvisati\"}]},{\"@type\":\"WebSite\",\"@id\":\"https:\/\/www.intoscana.it\/it\/#website\",\"url\":\"https:\/\/www.intoscana.it\/it\/\",\"name\":\"intoscana\",\"description\":\"\",\"potentialAction\":[{\"@type\":\"SearchAction\",\"target\":{\"@type\":\"EntryPoint\",\"urlTemplate\":\"https:\/\/www.intoscana.it\/it\/?s={search_term_string}\"},\"query-input\":{\"@type\":\"PropertyValueSpecification\",\"valueRequired\":true,\"valueName\":\"search_term_string\"}}],\"inLanguage\":\"it-IT\"},{\"@type\":\"Person\",\"@id\":\"https:\/\/www.intoscana.it\/it\/#\/schema\/person\/9223810753230f20bd670fdd322661f8\",\"name\":\"Redazione\",\"url\":\"https:\/\/www.intoscana.it\/it\/author\/redazione\/\"}]}<\/script>\n<!-- \/ Yoast SEO Premium plugin. -->","yoast_head_json":{"title":"A Mercatale dal 5 al 7 gennaio arriva l\u2019Epifania degli artisti improvvisati - intoscana","description":"Dal 5 al 7 gennaio il Centro Lotti di Mercatale si trasforma in una galleria dei talenti artistici e artigianali del territorio","robots":{"index":"index","follow":"follow","max-snippet":"max-snippet:-1","max-image-preview":"max-image-preview:large","max-video-preview":"max-video-preview:-1"},"canonical":"https:\/\/www.intoscana.it\/it\/a-mercatale-dal-5-al-7-gennaio-arriva-lepifania-degli-artisti-improvvisati\/","og_locale":"it_IT","og_type":"article","og_title":"A Mercatale dal 5 al 7 gennaio arriva l\u2019Epifania degli artisti improvvisati","og_description":"Dal 5 al 7 gennaio il Centro Lotti di Mercatale si trasforma in una galleria dei talenti artistici e artigianali del territorio","og_url":"https:\/\/www.intoscana.it\/it\/a-mercatale-dal-5-al-7-gennaio-arriva-lepifania-degli-artisti-improvvisati\/","og_site_name":"intoscana","article_publisher":"https:\/\/www.facebook.com\/intoscana.it","article_published_time":"2024-01-02T10:42:49+00:00","article_modified_time":"2024-01-02T10:58:18+00:00","og_image":[{"width":900,"height":603,"url":"https:\/\/www.intoscana.it\/wp-content\/uploads\/8fe3e0f34d3083cba6fe73d62a783d7f_XL.jpg","type":"image\/jpeg"}],"author":"Redazione","twitter_card":"summary_large_image","twitter_creator":"@intoscana","twitter_site":"@intoscana","twitter_misc":{"Written by":"Redazione","Est. reading time":"1 minuto"},"schema":{"@context":"https:\/\/schema.org","@graph":[{"@type":"WebPage","@id":"https:\/\/www.intoscana.it\/it\/a-mercatale-dal-5-al-7-gennaio-arriva-lepifania-degli-artisti-improvvisati\/","url":"https:\/\/www.intoscana.it\/it\/a-mercatale-dal-5-al-7-gennaio-arriva-lepifania-degli-artisti-improvvisati\/","name":"A Mercatale dal 5 al 7 gennaio arriva l\u2019Epifania degli artisti improvvisati - intoscana","isPartOf":{"@id":"https:\/\/www.intoscana.it\/it\/#website"},"primaryImageOfPage":{"@id":"https:\/\/www.intoscana.it\/it\/a-mercatale-dal-5-al-7-gennaio-arriva-lepifania-degli-artisti-improvvisati\/#primaryimage"},"image":{"@id":"https:\/\/www.intoscana.it\/it\/a-mercatale-dal-5-al-7-gennaio-arriva-lepifania-degli-artisti-improvvisati\/#primaryimage"},"thumbnailUrl":"https:\/\/www.intoscana.it\/wp-content\/uploads\/8fe3e0f34d3083cba6fe73d62a783d7f_XL.jpg","datePublished":"2024-01-02T10:42:49+00:00","dateModified":"2024-01-02T10:58:18+00:00","author":{"@id":"https:\/\/www.intoscana.it\/it\/#\/schema\/person\/9223810753230f20bd670fdd322661f8"},"description":"Dal 5 al 7 gennaio il Centro Lotti di Mercatale si trasforma in una galleria dei talenti artistici e artigianali del territorio","breadcrumb":{"@id":"https:\/\/www.intoscana.it\/it\/a-mercatale-dal-5-al-7-gennaio-arriva-lepifania-degli-artisti-improvvisati\/#breadcrumb"},"inLanguage":"it-IT","potentialAction":[{"@type":"ReadAction","target":["https:\/\/www.intoscana.it\/it\/a-mercatale-dal-5-al-7-gennaio-arriva-lepifania-degli-artisti-improvvisati\/"]}]},{"@type":"ImageObject","inLanguage":"it-IT","@id":"https:\/\/www.intoscana.it\/it\/a-mercatale-dal-5-al-7-gennaio-arriva-lepifania-degli-artisti-improvvisati\/#primaryimage","url":"https:\/\/www.intoscana.it\/wp-content\/uploads\/8fe3e0f34d3083cba6fe73d62a783d7f_XL.jpg","contentUrl":"https:\/\/www.intoscana.it\/wp-content\/uploads\/8fe3e0f34d3083cba6fe73d62a783d7f_XL.jpg","width":900,"height":603},{"@type":"BreadcrumbList","@id":"https:\/\/www.intoscana.it\/it\/a-mercatale-dal-5-al-7-gennaio-arriva-lepifania-degli-artisti-improvvisati\/#breadcrumb","itemListElement":[{"@type":"ListItem","position":1,"name":"Home","item":"https:\/\/www.intoscana.it\/it\/"},{"@type":"ListItem","position":2,"name":"A Mercatale dal 5 al 7 gennaio arriva l\u2019Epifania degli artisti improvvisati"}]},{"@type":"WebSite","@id":"https:\/\/www.intoscana.it\/it\/#website","url":"https:\/\/www.intoscana.it\/it\/","name":"intoscana","description":"","potentialAction":[{"@type":"SearchAction","target":{"@type":"EntryPoint","urlTemplate":"https:\/\/www.intoscana.it\/it\/?s={search_term_string}"},"query-input":{"@type":"PropertyValueSpecification","valueRequired":true,"valueName":"search_term_string"}}],"inLanguage":"it-IT"},{"@type":"Person","@id":"https:\/\/www.intoscana.it\/it\/#\/schema\/person\/9223810753230f20bd670fdd322661f8","name":"Redazione","url":"https:\/\/www.intoscana.it\/it\/author\/redazione\/"}]}},"_links":{"self":[{"href":"https:\/\/www.intoscana.it\/it\/wp-json\/wp\/v2\/posts\/320696","targetHints":{"allow":["GET"]}}],"collection":[{"href":"https:\/\/www.intoscana.it\/it\/wp-json\/wp\/v2\/posts"}],"about":[{"href":"https:\/\/www.intoscana.it\/it\/wp-json\/wp\/v2\/types\/post"}],"author":[{"embeddable":true,"href":"https:\/\/www.intoscana.it\/it\/wp-json\/wp\/v2\/users\/525"}],"replies":[{"embeddable":true,"href":"https:\/\/www.intoscana.it\/it\/wp-json\/wp\/v2\/comments?post=320696"}],"version-history":[{"count":4,"href":"https:\/\/www.intoscana.it\/it\/wp-json\/wp\/v2\/posts\/320696\/revisions"}],"predecessor-version":[{"id":320709,"href":"https:\/\/www.intoscana.it\/it\/wp-json\/wp\/v2\/posts\/320696\/revisions\/320709"}],"wp:featuredmedia":[{"embeddable":true,"href":"https:\/\/www.intoscana.it\/it\/wp-json\/wp\/v2\/media\/74003"}],"wp:attachment":[{"href":"https:\/\/www.intoscana.it\/it\/wp-json\/wp\/v2\/media?parent=320696"}],"wp:term":[{"taxonomy":"category","embeddable":true,"href":"https:\/\/www.intoscana.it\/it\/wp-json\/wp\/v2\/categories?post=320696"},{"taxonomy":"post_tag","embeddable":true,"href":"https:\/\/www.intoscana.it\/it\/wp-json\/wp\/v2\/tags?post=320696"}],"curies":[{"name":"wp","href":"https:\/\/api.w.org\/{rel}","templated":true}]}}