{"id":320925,"date":"2024-01-04T14:15:34","date_gmt":"2024-01-04T13:15:34","guid":{"rendered":"https:\/\/www.intoscana.it\/it\/?p=320925"},"modified":"2024-01-04T14:15:34","modified_gmt":"2024-01-04T13:15:34","slug":"the-human-kind-di-ache77-da-un-nuovo-volto-alla-casa-degli-scout-allisolotto-di-firenze","status":"publish","type":"post","link":"https:\/\/www.intoscana.it\/it\/the-human-kind-di-ache77-da-un-nuovo-volto-alla-casa-degli-scout-allisolotto-di-firenze\/","title":{"rendered":"&#8220;The Human Kind&#8221; di Ache77 d\u00e0 un nuovo volto alla casa degli Scout all\u2019Isolotto di Firenze"},"content":{"rendered":"<p>In via Massa, nel quartiere 4 del comune di Firenze arriva<strong><em> &#8220;The Human Kind&#8221;<\/em><\/strong>\u00a0creata dal writer <strong>Ache77<\/strong> per dare un nuovo volto alla <strong>casa degli Scout.<\/strong><\/p>\n<p>L&#8217;opera \u00e8 stata concepita a partire dall\u2019input fornito da <strong>Four Seasons Hotel Firenze<\/strong> per celebrare la Giornata Mondiale della Gentilezza.<\/p>\n<p>L&#8217;pera avvolge completamente la superficie esterna della struttura, e vuole rappresentare attraverso immagini impattanti, dal forte richiamo emozionale quelli che sono gli elementi identificativi del modus operandi del gruppo Scout: <strong>l\u2019empatia, la compassione e l\u2019aiuto<\/strong>.<\/p>\n<p>Basandosi su questi fondamentali concetti,<strong> Ache77 ha sviluppato la narrazione visiva dell&#8217;opera murale<\/strong>, decidendo di dedicare una facciata a ciascuna di queste tematiche.<\/p>\n<figure id=\"post-320930 media-320930\" class=\"align-none\"><img decoding=\"async\" src=\"https:\/\/www.intoscana.it\/wp-content\/uploads\/ache77_firenze_casa-scout-6.jpeg\" alt=\"\" \/><\/figure>\n<p><strong>L\u2019empatia<\/strong> prende forma grazie a due figure che si guardano e si specchiano reciprocamente, per simboleggiare l&#8217;auto-riconoscenza, intesa come consapevolezza e apprezzamento di s\u00e9 stessi, della propria identit\u00e0, delle proprie qualit\u00e0, che per\u00f2 non deve mai perdere di vista la comprensione dell&#8217;altro come capacit\u00e0 di mettersi nei panni di qualcuno, di vedere le cose dal suo punto di vista e di comprendere i suoi sentimenti, pensieri, prospettive ed emozioni.<\/p>\n<p><strong>La compassione<\/strong> \u00e8 stata rappresentata da Ache77 ritraendo gli occhi di un ragazzo, un minore che viene preso in affidamento dagli Scout: un gesto che va oltre il mero concetto di compassione, e che ci presenta invece come autentico e concreto atto di azione degli Scout.<\/p>\n<p><strong>La facciata, dedicata all&#8217;aiuto,<\/strong> utilizza il legame tra uomo e natura per andare a sviscerare questo potente e multidisciplinare concetto che pu\u00f2 indicare l&#8217;assistenza, il supporto o il soccorso in un momento di bisogno, ma anche l\u2019atto altruistico basato sulla compassione e sull&#8217;empatia verso gli altri. In contrasto con la visione antropocentrica, in cui l&#8217;uomo agisce in supporto del mondo naturale, in The Human Kind \u00e8 la natura stessa che interviene per ricordarci la nostra vera essenza e dimensione.<\/p>\n<p>La scelta degli elementi naturali rappresentati non \u00e8 casuale:<strong> la gazza e il ramoscello di ulivo,<\/strong> universalmente riconosciuto come simbolo di pace, richiamano gli affreschi del piano nobile di <strong>Palazzo della Gherardesca<\/strong>, sede dell\u2019hotel fiorentino, mentre il<strong> volto femminile<\/strong> rievoca la produzione pi\u00f9 classica dell\u2019artista, che in questa occasione propone una nuova e affascinante versione della sua <strong>\u201cmaschera femminile\u201d dal volto ieratico e lo sguardo penetrante.<\/strong><\/p>\n<p><em>&#8220;Questa opera dimostra come la gentilezza non \u00e8 mai fuori moda &#8211; <\/em><strong>ha dichiarato la vicesindaca Alessia Bettini &#8211;<\/strong><em> anche la street art \u00e8 un valido strumento contro gli haters, i diffusori di odio che possono fare molto male. Il suo messaggio universale va dritto al cuore&#8221;.<\/em><\/p>\n<p><em>\u201cSiamo molto felici del nuovo murale nella sede degli Scout \u2013 <\/em><strong>ha detto il presidente del Quartiere 4 Mirko Dormentoni \u2013 <\/strong><em>e che andr\u00e0 ad arricchire un giardino gi\u00e0 molto frequentato dalla nostra comunit\u00e0 di nuovi colori e fantasia. Ma c\u2019\u00e8 di pi\u00f9: \u00e8 l\u2019intera zona a diventare sempre pi\u00f9 ricca e significativa per il territorio, poich\u00e9 l\u2019opera sorge e prende vita a pochi passi dal Centro Culturale Canova e dal murale di Nian in piazzetta Sansepolcro. Pi\u00f9 cuori della nostra comunit\u00e0 si incontrano. Il tema scelto \u00e8 la gentilezza che \u00e8 anche rispetto, accoglienza, sobriet\u00e0, affetto ed emozione. Tutti valori che sempre promuoviamo\u201d.<\/em><\/p>\n<p><strong>The Human Kind di Ache77<\/strong><br \/>\n<strong>A cura di Street Levels Gallery<\/strong><br \/>\n<strong>Via Massa 75, Quartiere 4 Firenze<\/strong><\/p>\n","protected":false},"excerpt":{"rendered":"<p>L\u2019intervento di arte urbana, curato da Street Levels Gallery, \u00e8 stato realizzato grazie a Four Seasons Hotel Firenze in occasione della Giornata Mondiale della Gentilezza<\/p>\n","protected":false},"author":518,"featured_media":320926,"comment_status":"open","ping_status":"open","sticky":false,"template":"","format":"standard","meta":{"_acf_changed":false,"footnotes":""},"categories":[493],"tags":[202,4690],"class_list":["post-320925","post","type-post","status-publish","format-standard","has-post-thumbnail","hentry","category-cultura","tag-firenze","tag-street-art"],"acf":[],"yoast_head":"<!-- This site is optimized with the Yoast SEO Premium plugin v24.2 (Yoast SEO v25.6) - https:\/\/yoast.com\/wordpress\/plugins\/seo\/ -->\n<title>&quot;The Human Kind&quot; di Ache77 d\u00e0 un nuovo volto alla casa degli Scout all\u2019Isolotto di Firenze - intoscana<\/title>\n<meta name=\"description\" content=\"L\u2019intervento di arte urbana, curato da Street Levels Gallery, \u00e8 stato realizzato grazie a Four Seasons Hotel Firenze\" \/>\n<meta name=\"robots\" content=\"index, follow, max-snippet:-1, max-image-preview:large, max-video-preview:-1\" \/>\n<link rel=\"canonical\" href=\"https:\/\/www.intoscana.it\/it\/the-human-kind-di-ache77-da-un-nuovo-volto-alla-casa-degli-scout-allisolotto-di-firenze\/\" \/>\n<meta property=\"og:locale\" content=\"it_IT\" \/>\n<meta property=\"og:type\" content=\"article\" \/>\n<meta property=\"og:title\" content=\"&quot;The Human Kind&quot; di Ache77 d\u00e0 un nuovo volto alla casa degli Scout all\u2019Isolotto di Firenze\" \/>\n<meta property=\"og:description\" content=\"L\u2019intervento di arte urbana, curato da Street Levels Gallery, \u00e8 stato realizzato grazie a Four Seasons Hotel Firenze\" \/>\n<meta property=\"og:url\" content=\"https:\/\/www.intoscana.it\/it\/the-human-kind-di-ache77-da-un-nuovo-volto-alla-casa-degli-scout-allisolotto-di-firenze\/\" \/>\n<meta property=\"og:site_name\" content=\"intoscana\" \/>\n<meta property=\"article:publisher\" content=\"https:\/\/www.facebook.com\/intoscana.it\" \/>\n<meta property=\"article:published_time\" content=\"2024-01-04T13:15:34+00:00\" \/>\n<meta property=\"og:image\" content=\"https:\/\/www.intoscana.it\/wp-content\/uploads\/ache77_firenze_casa-scout-2.jpeg\" \/>\n\t<meta property=\"og:image:width\" content=\"1600\" \/>\n\t<meta property=\"og:image:height\" content=\"1066\" \/>\n\t<meta property=\"og:image:type\" content=\"image\/jpeg\" \/>\n<meta name=\"author\" content=\"Costanza Baldini\" \/>\n<meta name=\"twitter:card\" content=\"summary_large_image\" \/>\n<meta name=\"twitter:creator\" content=\"@intoscana\" \/>\n<meta name=\"twitter:site\" content=\"@intoscana\" \/>\n<meta name=\"twitter:label1\" content=\"Written by\" \/>\n\t<meta name=\"twitter:data1\" content=\"Costanza Baldini\" \/>\n\t<meta name=\"twitter:label2\" content=\"Est. reading time\" \/>\n\t<meta name=\"twitter:data2\" content=\"3 minuti\" \/>\n<script type=\"application\/ld+json\" class=\"yoast-schema-graph\">{\"@context\":\"https:\/\/schema.org\",\"@graph\":[{\"@type\":\"WebPage\",\"@id\":\"https:\/\/www.intoscana.it\/it\/the-human-kind-di-ache77-da-un-nuovo-volto-alla-casa-degli-scout-allisolotto-di-firenze\/\",\"url\":\"https:\/\/www.intoscana.it\/it\/the-human-kind-di-ache77-da-un-nuovo-volto-alla-casa-degli-scout-allisolotto-di-firenze\/\",\"name\":\"\\\"The Human Kind\\\" di Ache77 d\u00e0 un nuovo volto alla casa degli Scout all\u2019Isolotto di Firenze - intoscana\",\"isPartOf\":{\"@id\":\"https:\/\/www.intoscana.it\/it\/#website\"},\"primaryImageOfPage\":{\"@id\":\"https:\/\/www.intoscana.it\/it\/the-human-kind-di-ache77-da-un-nuovo-volto-alla-casa-degli-scout-allisolotto-di-firenze\/#primaryimage\"},\"image\":{\"@id\":\"https:\/\/www.intoscana.it\/it\/the-human-kind-di-ache77-da-un-nuovo-volto-alla-casa-degli-scout-allisolotto-di-firenze\/#primaryimage\"},\"thumbnailUrl\":\"https:\/\/www.intoscana.it\/wp-content\/uploads\/ache77_firenze_casa-scout-2.jpeg\",\"datePublished\":\"2024-01-04T13:15:34+00:00\",\"author\":{\"@id\":\"https:\/\/www.intoscana.it\/it\/#\/schema\/person\/d469f35f09739bdf00bf5dd3f0647a82\"},\"description\":\"L\u2019intervento di arte urbana, curato da Street Levels Gallery, \u00e8 stato realizzato grazie a Four Seasons Hotel Firenze\",\"breadcrumb\":{\"@id\":\"https:\/\/www.intoscana.it\/it\/the-human-kind-di-ache77-da-un-nuovo-volto-alla-casa-degli-scout-allisolotto-di-firenze\/#breadcrumb\"},\"inLanguage\":\"it-IT\",\"potentialAction\":[{\"@type\":\"ReadAction\",\"target\":[\"https:\/\/www.intoscana.it\/it\/the-human-kind-di-ache77-da-un-nuovo-volto-alla-casa-degli-scout-allisolotto-di-firenze\/\"]}]},{\"@type\":\"ImageObject\",\"inLanguage\":\"it-IT\",\"@id\":\"https:\/\/www.intoscana.it\/it\/the-human-kind-di-ache77-da-un-nuovo-volto-alla-casa-degli-scout-allisolotto-di-firenze\/#primaryimage\",\"url\":\"https:\/\/www.intoscana.it\/wp-content\/uploads\/ache77_firenze_casa-scout-2.jpeg\",\"contentUrl\":\"https:\/\/www.intoscana.it\/wp-content\/uploads\/ache77_firenze_casa-scout-2.jpeg\",\"width\":1600,\"height\":1066},{\"@type\":\"BreadcrumbList\",\"@id\":\"https:\/\/www.intoscana.it\/it\/the-human-kind-di-ache77-da-un-nuovo-volto-alla-casa-degli-scout-allisolotto-di-firenze\/#breadcrumb\",\"itemListElement\":[{\"@type\":\"ListItem\",\"position\":1,\"name\":\"Home\",\"item\":\"https:\/\/www.intoscana.it\/it\/\"},{\"@type\":\"ListItem\",\"position\":2,\"name\":\"&#8220;The Human Kind&#8221; di Ache77 d\u00e0 un nuovo volto alla casa degli Scout all\u2019Isolotto di Firenze\"}]},{\"@type\":\"WebSite\",\"@id\":\"https:\/\/www.intoscana.it\/it\/#website\",\"url\":\"https:\/\/www.intoscana.it\/it\/\",\"name\":\"intoscana\",\"description\":\"\",\"potentialAction\":[{\"@type\":\"SearchAction\",\"target\":{\"@type\":\"EntryPoint\",\"urlTemplate\":\"https:\/\/www.intoscana.it\/it\/?s={search_term_string}\"},\"query-input\":{\"@type\":\"PropertyValueSpecification\",\"valueRequired\":true,\"valueName\":\"search_term_string\"}}],\"inLanguage\":\"it-IT\"},{\"@type\":\"Person\",\"@id\":\"https:\/\/www.intoscana.it\/it\/#\/schema\/person\/d469f35f09739bdf00bf5dd3f0647a82\",\"name\":\"Costanza Baldini\",\"url\":\"https:\/\/www.intoscana.it\/it\/author\/costanza-baldini\/\"}]}<\/script>\n<!-- \/ Yoast SEO Premium plugin. -->","yoast_head_json":{"title":"\"The Human Kind\" di Ache77 d\u00e0 un nuovo volto alla casa degli Scout all\u2019Isolotto di Firenze - intoscana","description":"L\u2019intervento di arte urbana, curato da Street Levels Gallery, \u00e8 stato realizzato grazie a Four Seasons Hotel Firenze","robots":{"index":"index","follow":"follow","max-snippet":"max-snippet:-1","max-image-preview":"max-image-preview:large","max-video-preview":"max-video-preview:-1"},"canonical":"https:\/\/www.intoscana.it\/it\/the-human-kind-di-ache77-da-un-nuovo-volto-alla-casa-degli-scout-allisolotto-di-firenze\/","og_locale":"it_IT","og_type":"article","og_title":"\"The Human Kind\" di Ache77 d\u00e0 un nuovo volto alla casa degli Scout all\u2019Isolotto di Firenze","og_description":"L\u2019intervento di arte urbana, curato da Street Levels Gallery, \u00e8 stato realizzato grazie a Four Seasons Hotel Firenze","og_url":"https:\/\/www.intoscana.it\/it\/the-human-kind-di-ache77-da-un-nuovo-volto-alla-casa-degli-scout-allisolotto-di-firenze\/","og_site_name":"intoscana","article_publisher":"https:\/\/www.facebook.com\/intoscana.it","article_published_time":"2024-01-04T13:15:34+00:00","og_image":[{"width":1600,"height":1066,"url":"https:\/\/www.intoscana.it\/wp-content\/uploads\/ache77_firenze_casa-scout-2.jpeg","type":"image\/jpeg"}],"author":"Costanza Baldini","twitter_card":"summary_large_image","twitter_creator":"@intoscana","twitter_site":"@intoscana","twitter_misc":{"Written by":"Costanza Baldini","Est. reading time":"3 minuti"},"schema":{"@context":"https:\/\/schema.org","@graph":[{"@type":"WebPage","@id":"https:\/\/www.intoscana.it\/it\/the-human-kind-di-ache77-da-un-nuovo-volto-alla-casa-degli-scout-allisolotto-di-firenze\/","url":"https:\/\/www.intoscana.it\/it\/the-human-kind-di-ache77-da-un-nuovo-volto-alla-casa-degli-scout-allisolotto-di-firenze\/","name":"\"The Human Kind\" di Ache77 d\u00e0 un nuovo volto alla casa degli Scout all\u2019Isolotto di Firenze - intoscana","isPartOf":{"@id":"https:\/\/www.intoscana.it\/it\/#website"},"primaryImageOfPage":{"@id":"https:\/\/www.intoscana.it\/it\/the-human-kind-di-ache77-da-un-nuovo-volto-alla-casa-degli-scout-allisolotto-di-firenze\/#primaryimage"},"image":{"@id":"https:\/\/www.intoscana.it\/it\/the-human-kind-di-ache77-da-un-nuovo-volto-alla-casa-degli-scout-allisolotto-di-firenze\/#primaryimage"},"thumbnailUrl":"https:\/\/www.intoscana.it\/wp-content\/uploads\/ache77_firenze_casa-scout-2.jpeg","datePublished":"2024-01-04T13:15:34+00:00","author":{"@id":"https:\/\/www.intoscana.it\/it\/#\/schema\/person\/d469f35f09739bdf00bf5dd3f0647a82"},"description":"L\u2019intervento di arte urbana, curato da Street Levels Gallery, \u00e8 stato realizzato grazie a Four Seasons Hotel Firenze","breadcrumb":{"@id":"https:\/\/www.intoscana.it\/it\/the-human-kind-di-ache77-da-un-nuovo-volto-alla-casa-degli-scout-allisolotto-di-firenze\/#breadcrumb"},"inLanguage":"it-IT","potentialAction":[{"@type":"ReadAction","target":["https:\/\/www.intoscana.it\/it\/the-human-kind-di-ache77-da-un-nuovo-volto-alla-casa-degli-scout-allisolotto-di-firenze\/"]}]},{"@type":"ImageObject","inLanguage":"it-IT","@id":"https:\/\/www.intoscana.it\/it\/the-human-kind-di-ache77-da-un-nuovo-volto-alla-casa-degli-scout-allisolotto-di-firenze\/#primaryimage","url":"https:\/\/www.intoscana.it\/wp-content\/uploads\/ache77_firenze_casa-scout-2.jpeg","contentUrl":"https:\/\/www.intoscana.it\/wp-content\/uploads\/ache77_firenze_casa-scout-2.jpeg","width":1600,"height":1066},{"@type":"BreadcrumbList","@id":"https:\/\/www.intoscana.it\/it\/the-human-kind-di-ache77-da-un-nuovo-volto-alla-casa-degli-scout-allisolotto-di-firenze\/#breadcrumb","itemListElement":[{"@type":"ListItem","position":1,"name":"Home","item":"https:\/\/www.intoscana.it\/it\/"},{"@type":"ListItem","position":2,"name":"&#8220;The Human Kind&#8221; di Ache77 d\u00e0 un nuovo volto alla casa degli Scout all\u2019Isolotto di Firenze"}]},{"@type":"WebSite","@id":"https:\/\/www.intoscana.it\/it\/#website","url":"https:\/\/www.intoscana.it\/it\/","name":"intoscana","description":"","potentialAction":[{"@type":"SearchAction","target":{"@type":"EntryPoint","urlTemplate":"https:\/\/www.intoscana.it\/it\/?s={search_term_string}"},"query-input":{"@type":"PropertyValueSpecification","valueRequired":true,"valueName":"search_term_string"}}],"inLanguage":"it-IT"},{"@type":"Person","@id":"https:\/\/www.intoscana.it\/it\/#\/schema\/person\/d469f35f09739bdf00bf5dd3f0647a82","name":"Costanza Baldini","url":"https:\/\/www.intoscana.it\/it\/author\/costanza-baldini\/"}]}},"_links":{"self":[{"href":"https:\/\/www.intoscana.it\/it\/wp-json\/wp\/v2\/posts\/320925","targetHints":{"allow":["GET"]}}],"collection":[{"href":"https:\/\/www.intoscana.it\/it\/wp-json\/wp\/v2\/posts"}],"about":[{"href":"https:\/\/www.intoscana.it\/it\/wp-json\/wp\/v2\/types\/post"}],"author":[{"embeddable":true,"href":"https:\/\/www.intoscana.it\/it\/wp-json\/wp\/v2\/users\/518"}],"replies":[{"embeddable":true,"href":"https:\/\/www.intoscana.it\/it\/wp-json\/wp\/v2\/comments?post=320925"}],"version-history":[{"count":5,"href":"https:\/\/www.intoscana.it\/it\/wp-json\/wp\/v2\/posts\/320925\/revisions"}],"predecessor-version":[{"id":321021,"href":"https:\/\/www.intoscana.it\/it\/wp-json\/wp\/v2\/posts\/320925\/revisions\/321021"}],"wp:featuredmedia":[{"embeddable":true,"href":"https:\/\/www.intoscana.it\/it\/wp-json\/wp\/v2\/media\/320926"}],"wp:attachment":[{"href":"https:\/\/www.intoscana.it\/it\/wp-json\/wp\/v2\/media?parent=320925"}],"wp:term":[{"taxonomy":"category","embeddable":true,"href":"https:\/\/www.intoscana.it\/it\/wp-json\/wp\/v2\/categories?post=320925"},{"taxonomy":"post_tag","embeddable":true,"href":"https:\/\/www.intoscana.it\/it\/wp-json\/wp\/v2\/tags?post=320925"}],"curies":[{"name":"wp","href":"https:\/\/api.w.org\/{rel}","templated":true}]}}