{"id":321080,"date":"2024-01-05T10:09:05","date_gmt":"2024-01-05T09:09:05","guid":{"rendered":"https:\/\/www.intoscana.it\/it\/?p=321080"},"modified":"2024-01-05T21:25:13","modified_gmt":"2024-01-05T20:25:13","slug":"ecco-arriva-la-befana-gli-appuntamenti-in-toscana","status":"publish","type":"post","link":"https:\/\/www.intoscana.it\/it\/ecco-arriva-la-befana-gli-appuntamenti-in-toscana\/","title":{"rendered":"Arriva la Befana, gli appuntamenti tra eventi in piazza e antiche tradizioni"},"content":{"rendered":"<p>Si prevede una <strong>Befana 2024<\/strong> bagnata, ma che non mancher\u00e0 di portare dolcetti e regali. E soprattutto di arrivare nei modi pi\u00f9 spettacolari e spericolati.<\/p>\n<p>Atteso e amato, torna il <strong>&#8220;Treno della Befana&#8221;<\/strong> alla stazione Santa Maria Novella di Firenze: un convoglio storico con una locomotiva a vapore anni &#8217;30\u00a0 diretto a San Piero a Sieve in Mugello. Un viaggio nel tempo, tra gli arredi originali restaurati, per un <mark>tragitto di 60 chilometri che toccher\u00e0\u00a0 Pontassieve,\u00a0 la Valdisieve ed entrer\u00e0 in Mugello transistando per Dicomano, Vicchio, Borgo San Lorenzo ed infine San Piero a Sieve.<\/mark> Il treno ripartir\u00e0 verso Firenze nel pomeriggio. Partenza alle 9.12, maggiori informazioni su <a href=\"https:\/\/www.italvapore.com\/\" target=\"_blank\" rel=\"noopener\">italvapore.com<\/a>.<\/p>\n<figure id=\"post-73366 media-73366\" class=\"align-none\"><img decoding=\"async\" src=\"https:\/\/www.intoscana.it\/wp-content\/uploads\/35-befanatreno.jpg\" alt=\"\" \/><\/figure>\n<div class=\"titleimg\"><\/div>\n<h3><em>Gli eventi a Firenze<\/em><\/h3>\n<p>A Firenze, causa pioggia, \u00e8 annullata la consueta discesa dall&#8217;arco di piazza della Repubblica, dalla Rinascente e dalla Loggia dei Lanzi, ma la Befana non mancher\u00e0.<\/p>\n<p>Scenografica come sempre, l&#8217;arrivo della Befana della <strong>Canottieri Comunali Firenze<\/strong> a bordo di un dragon boat carico di dolci. Appuntamento alle 10, quando la la societ\u00e0 di Lungarno Ferrucci apre i cancelli per accogliere i bambini. <mark>Tradizionale anche lo scambio dei doni alla Rondinella, al Torrino Santa Rosa, in programma alle 10.<\/mark><\/p>\n<div class=\"paragraph paragraph--type--contenuto paragraph--view-mode--default\">\n<div class=\"field field--name-field-contenuto field--type-text-long field--label-hidden field__item editor-text\">\n<p>Il 6 gennaio alla <strong>Limonaia Villa Strozzi,<\/strong> (via Pisana 77) \u201cBefana al Q4\u201d dalle 15.30 alle 18.30. In programma una lettura di racconti e fiabe interattive dedicate all&#8217;inverno a cura di associazione Culturale Tri-boo. Alle 17, il <strong>Piccolo Coro Melograno in Concerto<\/strong> e poi arriva la Befana.<\/p>\n<p>La vecchina \u00e8 attesa anche alle ore 10.30 presso Centro per l\u2019Et\u00e0 Libera Insieme per Brozzi\/334 Piazza 1\u00b0 Maggio; alle ore 16 presso l&#8217;SMS Rifredi Via Vittorio Emanuele II, 303 e alle ore 16 al Circolo Ricreativo Lippi Via Pietro Fanfani, 16; alle ore 14.30 alla Villa Arrivabene.<\/p>\n<p>E per chi vuole ancora festeggiare, c&#8217;\u00e8 anche la Befana ritardataria il 7 gennaio all&#8217;Ippodromo del Visarno alle Cascine, dalle 12 in poi.<\/p>\n<h3><em>La Befana di Barga<\/em><\/h3>\n<p>In Garfagnana \u00e8 una tradizione fortissima, sentita sin dalla vigilia. Dal pomeriggio del 5 gennaio, le befane girano per il borgo con i bambini tra i canti della questua e doni di dolciumi. Particolare attenzione, con tanto di concorso gastronomico, anche al biscotto tipico: la <a href=\"https:\/\/www.intoscana.it\/it\/articolo\/agroalimentare-la-befana-di-barga-e-la-scola-di-vicchio-nellelenco-dei-prodotti-tradizionali\/\" target=\"_blank\" rel=\"noopener\">Befana di Barga, entrato da poco nei prodotti tradizionali riconosciuti dal Ministero<\/a>.<\/p>\n<p>Nella <strong>frazione di Pegnana<\/strong>\u00a0si trova la\u00a0<strong>Casina della Befana<\/strong>, la sua residenza \u201cufficiale\u201d che ogni anno \u00e8 visitata da tantissimi bambini con le loro famiglie. Dalle 14 del 6 gennaio, la Befana aspetta qui i pi\u00f9 piccoli per iun arrivederci al prossimo anno.<\/p>\n<figure id=\"post-265558 media-265558\" class=\"align-none\"><img decoding=\"async\" src=\"https:\/\/www.intoscana.it\/wp-content\/uploads\/casina-befana-toscana.jpeg\" alt=\"\" \/><\/figure>\n<div class=\"titleimg\">\n<p>La Casina della Befana di Barga &#8211; \u00a9 La Befana di Barga<\/p>\n<h3><em>Gli altri eventi in Toscana<\/em><\/h3>\n<p>A <strong>Empoli<\/strong>, la Befana si caler\u00e0 dal Campanile della Coleggiata, ma prima ci sar\u00e0 il corteo e la festa per le vie del centro a partire dalle 15. Come ospite d&#8217;onore quest&#8217;anno c&#8217;\u00e8 il ct della Nazionale di Calcio, <strong>Luciano Spalletti<\/strong>.<\/p>\n<p>A <strong>Pistoia<\/strong> c&#8217;\u00e8 sempre attesa per la discesa spettacolare della Befana, che alle 16.15 si caler\u00e0 dalla Torre di Catilina fino al Duomo con il consueto aiuto dei vigili del fuoco.<\/p>\n<\/div>\n<\/div>\n<\/div>\n","protected":false},"excerpt":{"rendered":"<p>Tradizioni secolari e discese spettacolari: c&#8217;\u00e8 sempre grande attesa per la vecchina pi\u00f9 amata che tutte le feste porta via<\/p>\n","protected":false},"author":545,"featured_media":265924,"comment_status":"open","ping_status":"open","sticky":false,"template":"","format":"standard","meta":{"_acf_changed":false,"footnotes":""},"categories":[493],"tags":[5257],"class_list":["post-321080","post","type-post","status-publish","format-standard","has-post-thumbnail","hentry","category-cultura","tag-befana"],"acf":[],"yoast_head":"<!-- This site is optimized with the Yoast SEO Premium plugin v24.2 (Yoast SEO v25.6) - https:\/\/yoast.com\/wordpress\/plugins\/seo\/ -->\n<title>Arriva la Befana, gli appuntamenti tra eventi in piazza e antiche tradizioni - intoscana<\/title>\n<meta name=\"description\" content=\"Tradizioni secolari e discese spettacolari: c&#039;\u00e8 sempre grande attesa per la vecchina pi\u00f9 amata che tutte le feste porta via\" \/>\n<meta name=\"robots\" content=\"index, follow, max-snippet:-1, max-image-preview:large, max-video-preview:-1\" \/>\n<link rel=\"canonical\" href=\"https:\/\/www.intoscana.it\/it\/ecco-arriva-la-befana-gli-appuntamenti-in-toscana\/\" \/>\n<meta property=\"og:locale\" content=\"it_IT\" \/>\n<meta property=\"og:type\" content=\"article\" \/>\n<meta property=\"og:title\" content=\"Arriva la Befana, gli appuntamenti tra eventi in piazza e antiche tradizioni\" \/>\n<meta property=\"og:description\" content=\"Tradizioni secolari e discese spettacolari: c&#039;\u00e8 sempre grande attesa per la vecchina pi\u00f9 amata che tutte le feste porta via\" \/>\n<meta property=\"og:url\" content=\"https:\/\/www.intoscana.it\/it\/ecco-arriva-la-befana-gli-appuntamenti-in-toscana\/\" \/>\n<meta property=\"og:site_name\" content=\"intoscana\" \/>\n<meta property=\"article:publisher\" content=\"https:\/\/www.facebook.com\/intoscana.it\" \/>\n<meta property=\"article:published_time\" content=\"2024-01-05T09:09:05+00:00\" \/>\n<meta property=\"article:modified_time\" content=\"2024-01-05T20:25:13+00:00\" \/>\n<meta property=\"og:image\" content=\"https:\/\/www.intoscana.it\/wp-content\/uploads\/Befana.jpeg\" \/>\n\t<meta property=\"og:image:width\" content=\"1280\" \/>\n\t<meta property=\"og:image:height\" content=\"853\" \/>\n\t<meta property=\"og:image:type\" content=\"image\/jpeg\" \/>\n<meta name=\"author\" content=\"Clara D&#039;Acunto\" \/>\n<meta name=\"twitter:card\" content=\"summary_large_image\" \/>\n<meta name=\"twitter:creator\" content=\"@intoscana\" \/>\n<meta name=\"twitter:site\" content=\"@intoscana\" \/>\n<meta name=\"twitter:label1\" content=\"Written by\" \/>\n\t<meta name=\"twitter:data1\" content=\"Clara D&#039;Acunto\" \/>\n\t<meta name=\"twitter:label2\" content=\"Est. reading time\" \/>\n\t<meta name=\"twitter:data2\" content=\"2 minuti\" \/>\n<script type=\"application\/ld+json\" class=\"yoast-schema-graph\">{\"@context\":\"https:\/\/schema.org\",\"@graph\":[{\"@type\":\"WebPage\",\"@id\":\"https:\/\/www.intoscana.it\/it\/ecco-arriva-la-befana-gli-appuntamenti-in-toscana\/\",\"url\":\"https:\/\/www.intoscana.it\/it\/ecco-arriva-la-befana-gli-appuntamenti-in-toscana\/\",\"name\":\"Arriva la Befana, gli appuntamenti tra eventi in piazza e antiche tradizioni - intoscana\",\"isPartOf\":{\"@id\":\"https:\/\/www.intoscana.it\/it\/#website\"},\"primaryImageOfPage\":{\"@id\":\"https:\/\/www.intoscana.it\/it\/ecco-arriva-la-befana-gli-appuntamenti-in-toscana\/#primaryimage\"},\"image\":{\"@id\":\"https:\/\/www.intoscana.it\/it\/ecco-arriva-la-befana-gli-appuntamenti-in-toscana\/#primaryimage\"},\"thumbnailUrl\":\"https:\/\/www.intoscana.it\/wp-content\/uploads\/Befana.jpeg\",\"datePublished\":\"2024-01-05T09:09:05+00:00\",\"dateModified\":\"2024-01-05T20:25:13+00:00\",\"author\":{\"@id\":\"https:\/\/www.intoscana.it\/it\/#\/schema\/person\/137419af9ef5d385bde52864a841e6ce\"},\"description\":\"Tradizioni secolari e discese spettacolari: c'\u00e8 sempre grande attesa per la vecchina pi\u00f9 amata che tutte le feste porta via\",\"breadcrumb\":{\"@id\":\"https:\/\/www.intoscana.it\/it\/ecco-arriva-la-befana-gli-appuntamenti-in-toscana\/#breadcrumb\"},\"inLanguage\":\"it-IT\",\"potentialAction\":[{\"@type\":\"ReadAction\",\"target\":[\"https:\/\/www.intoscana.it\/it\/ecco-arriva-la-befana-gli-appuntamenti-in-toscana\/\"]}]},{\"@type\":\"ImageObject\",\"inLanguage\":\"it-IT\",\"@id\":\"https:\/\/www.intoscana.it\/it\/ecco-arriva-la-befana-gli-appuntamenti-in-toscana\/#primaryimage\",\"url\":\"https:\/\/www.intoscana.it\/wp-content\/uploads\/Befana.jpeg\",\"contentUrl\":\"https:\/\/www.intoscana.it\/wp-content\/uploads\/Befana.jpeg\",\"width\":1280,\"height\":853},{\"@type\":\"BreadcrumbList\",\"@id\":\"https:\/\/www.intoscana.it\/it\/ecco-arriva-la-befana-gli-appuntamenti-in-toscana\/#breadcrumb\",\"itemListElement\":[{\"@type\":\"ListItem\",\"position\":1,\"name\":\"Home\",\"item\":\"https:\/\/www.intoscana.it\/it\/\"},{\"@type\":\"ListItem\",\"position\":2,\"name\":\"Arriva la Befana, gli appuntamenti tra eventi in piazza e antiche tradizioni\"}]},{\"@type\":\"WebSite\",\"@id\":\"https:\/\/www.intoscana.it\/it\/#website\",\"url\":\"https:\/\/www.intoscana.it\/it\/\",\"name\":\"intoscana\",\"description\":\"\",\"potentialAction\":[{\"@type\":\"SearchAction\",\"target\":{\"@type\":\"EntryPoint\",\"urlTemplate\":\"https:\/\/www.intoscana.it\/it\/?s={search_term_string}\"},\"query-input\":{\"@type\":\"PropertyValueSpecification\",\"valueRequired\":true,\"valueName\":\"search_term_string\"}}],\"inLanguage\":\"it-IT\"},{\"@type\":\"Person\",\"@id\":\"https:\/\/www.intoscana.it\/it\/#\/schema\/person\/137419af9ef5d385bde52864a841e6ce\",\"name\":\"Clara D'Acunto\",\"url\":\"https:\/\/www.intoscana.it\/it\/author\/clara-d_acunto\/\"}]}<\/script>\n<!-- \/ Yoast SEO Premium plugin. -->","yoast_head_json":{"title":"Arriva la Befana, gli appuntamenti tra eventi in piazza e antiche tradizioni - intoscana","description":"Tradizioni secolari e discese spettacolari: c'\u00e8 sempre grande attesa per la vecchina pi\u00f9 amata che tutte le feste porta via","robots":{"index":"index","follow":"follow","max-snippet":"max-snippet:-1","max-image-preview":"max-image-preview:large","max-video-preview":"max-video-preview:-1"},"canonical":"https:\/\/www.intoscana.it\/it\/ecco-arriva-la-befana-gli-appuntamenti-in-toscana\/","og_locale":"it_IT","og_type":"article","og_title":"Arriva la Befana, gli appuntamenti tra eventi in piazza e antiche tradizioni","og_description":"Tradizioni secolari e discese spettacolari: c'\u00e8 sempre grande attesa per la vecchina pi\u00f9 amata che tutte le feste porta via","og_url":"https:\/\/www.intoscana.it\/it\/ecco-arriva-la-befana-gli-appuntamenti-in-toscana\/","og_site_name":"intoscana","article_publisher":"https:\/\/www.facebook.com\/intoscana.it","article_published_time":"2024-01-05T09:09:05+00:00","article_modified_time":"2024-01-05T20:25:13+00:00","og_image":[{"width":1280,"height":853,"url":"https:\/\/www.intoscana.it\/wp-content\/uploads\/Befana.jpeg","type":"image\/jpeg"}],"author":"Clara D'Acunto","twitter_card":"summary_large_image","twitter_creator":"@intoscana","twitter_site":"@intoscana","twitter_misc":{"Written by":"Clara D'Acunto","Est. reading time":"2 minuti"},"schema":{"@context":"https:\/\/schema.org","@graph":[{"@type":"WebPage","@id":"https:\/\/www.intoscana.it\/it\/ecco-arriva-la-befana-gli-appuntamenti-in-toscana\/","url":"https:\/\/www.intoscana.it\/it\/ecco-arriva-la-befana-gli-appuntamenti-in-toscana\/","name":"Arriva la Befana, gli appuntamenti tra eventi in piazza e antiche tradizioni - intoscana","isPartOf":{"@id":"https:\/\/www.intoscana.it\/it\/#website"},"primaryImageOfPage":{"@id":"https:\/\/www.intoscana.it\/it\/ecco-arriva-la-befana-gli-appuntamenti-in-toscana\/#primaryimage"},"image":{"@id":"https:\/\/www.intoscana.it\/it\/ecco-arriva-la-befana-gli-appuntamenti-in-toscana\/#primaryimage"},"thumbnailUrl":"https:\/\/www.intoscana.it\/wp-content\/uploads\/Befana.jpeg","datePublished":"2024-01-05T09:09:05+00:00","dateModified":"2024-01-05T20:25:13+00:00","author":{"@id":"https:\/\/www.intoscana.it\/it\/#\/schema\/person\/137419af9ef5d385bde52864a841e6ce"},"description":"Tradizioni secolari e discese spettacolari: c'\u00e8 sempre grande attesa per la vecchina pi\u00f9 amata che tutte le feste porta via","breadcrumb":{"@id":"https:\/\/www.intoscana.it\/it\/ecco-arriva-la-befana-gli-appuntamenti-in-toscana\/#breadcrumb"},"inLanguage":"it-IT","potentialAction":[{"@type":"ReadAction","target":["https:\/\/www.intoscana.it\/it\/ecco-arriva-la-befana-gli-appuntamenti-in-toscana\/"]}]},{"@type":"ImageObject","inLanguage":"it-IT","@id":"https:\/\/www.intoscana.it\/it\/ecco-arriva-la-befana-gli-appuntamenti-in-toscana\/#primaryimage","url":"https:\/\/www.intoscana.it\/wp-content\/uploads\/Befana.jpeg","contentUrl":"https:\/\/www.intoscana.it\/wp-content\/uploads\/Befana.jpeg","width":1280,"height":853},{"@type":"BreadcrumbList","@id":"https:\/\/www.intoscana.it\/it\/ecco-arriva-la-befana-gli-appuntamenti-in-toscana\/#breadcrumb","itemListElement":[{"@type":"ListItem","position":1,"name":"Home","item":"https:\/\/www.intoscana.it\/it\/"},{"@type":"ListItem","position":2,"name":"Arriva la Befana, gli appuntamenti tra eventi in piazza e antiche tradizioni"}]},{"@type":"WebSite","@id":"https:\/\/www.intoscana.it\/it\/#website","url":"https:\/\/www.intoscana.it\/it\/","name":"intoscana","description":"","potentialAction":[{"@type":"SearchAction","target":{"@type":"EntryPoint","urlTemplate":"https:\/\/www.intoscana.it\/it\/?s={search_term_string}"},"query-input":{"@type":"PropertyValueSpecification","valueRequired":true,"valueName":"search_term_string"}}],"inLanguage":"it-IT"},{"@type":"Person","@id":"https:\/\/www.intoscana.it\/it\/#\/schema\/person\/137419af9ef5d385bde52864a841e6ce","name":"Clara D'Acunto","url":"https:\/\/www.intoscana.it\/it\/author\/clara-d_acunto\/"}]}},"_links":{"self":[{"href":"https:\/\/www.intoscana.it\/it\/wp-json\/wp\/v2\/posts\/321080","targetHints":{"allow":["GET"]}}],"collection":[{"href":"https:\/\/www.intoscana.it\/it\/wp-json\/wp\/v2\/posts"}],"about":[{"href":"https:\/\/www.intoscana.it\/it\/wp-json\/wp\/v2\/types\/post"}],"author":[{"embeddable":true,"href":"https:\/\/www.intoscana.it\/it\/wp-json\/wp\/v2\/users\/545"}],"replies":[{"embeddable":true,"href":"https:\/\/www.intoscana.it\/it\/wp-json\/wp\/v2\/comments?post=321080"}],"version-history":[{"count":19,"href":"https:\/\/www.intoscana.it\/it\/wp-json\/wp\/v2\/posts\/321080\/revisions"}],"predecessor-version":[{"id":321150,"href":"https:\/\/www.intoscana.it\/it\/wp-json\/wp\/v2\/posts\/321080\/revisions\/321150"}],"wp:featuredmedia":[{"embeddable":true,"href":"https:\/\/www.intoscana.it\/it\/wp-json\/wp\/v2\/media\/265924"}],"wp:attachment":[{"href":"https:\/\/www.intoscana.it\/it\/wp-json\/wp\/v2\/media?parent=321080"}],"wp:term":[{"taxonomy":"category","embeddable":true,"href":"https:\/\/www.intoscana.it\/it\/wp-json\/wp\/v2\/categories?post=321080"},{"taxonomy":"post_tag","embeddable":true,"href":"https:\/\/www.intoscana.it\/it\/wp-json\/wp\/v2\/tags?post=321080"}],"curies":[{"name":"wp","href":"https:\/\/api.w.org\/{rel}","templated":true}]}}