{"id":321218,"date":"2024-01-08T11:59:09","date_gmt":"2024-01-08T10:59:09","guid":{"rendered":"https:\/\/www.intoscana.it\/it\/?p=321218"},"modified":"2024-01-08T11:59:09","modified_gmt":"2024-01-08T10:59:09","slug":"a-firenze-la-prima-di-lultimo-animale-il-grido-daccusa-delle-giovani-attrici-al-patriarcato","status":"publish","type":"post","link":"https:\/\/www.intoscana.it\/it\/a-firenze-la-prima-di-lultimo-animale-il-grido-daccusa-delle-giovani-attrici-al-patriarcato\/","title":{"rendered":"A Firenze la prima di &#8220;L&#8217;ultimo animale&#8221;: il grido d\u2019accusa delle giovani attrici al patriarcato"},"content":{"rendered":"<p><strong>Un &#8220;urlo di Much&#8221;<\/strong> nei confronti di una societ\u00e0 contemporanea in cui ancora \u00e8 presente una dedicata cultura patriarcale, \u00e8 questo il messaggio della\u00a0<strong>giovane regista e drammaturga Caterina Filograno<\/strong> nel suo nuovo lavoro teatrale<strong><em> \u201cL\u2019ultimo animale\u201d.<\/em><\/strong><\/p>\n<p>Lo spettacolo sar\u00e0 in scena in prima toscana <strong>venerd\u00ec 12 e sabato 13 gennaio al Teatro Cantiere Florida di Firenze<\/strong> con un cast di astri nascenti tutto al femminile.<\/p>\n<p>Si tratta di:<strong> Francesca Porrini,<\/strong> gi\u00e0 sui palcoscenici dello Stabile di Torino, del Piccolo di Milano e del Teatro Due di Parma; <strong>Carlotta Viscovo,<\/strong> diretta da Luca Ronconi e Emma Dante; <strong>Anah\u00ec Traversi<\/strong>, allieva tra gli altri di Peter Stein, Sandro Lombardi, Danio Manfredini;<strong> Alessia Spinelli,<\/strong> con in curriculum lavori con Claudio Morganti, Gabriele Lavia, Ugo Chiti;<strong> Emilia Tiburzi,<\/strong> debuttata nel 2021 direttamente sul palco del Piccolo, diretta da Carmelo Rifici.<\/p>\n<p><strong><em>&#8220;L&#8217;ultimo Animale&#8221;<\/em><\/strong> trascina il pubblico in <strong>una fiaba allucinata e nerissima,<\/strong> in aperto contrasto con costumi e scenografie dai colori esplosivi, <strong>un travestimento ironico, giocoso e surreale<\/strong> che rende ancora pi\u00f9 spietata<strong> l\u2019allegoria di una societ\u00e0 che preferisce nascondersi dietro alle apparenze<\/strong> piuttosto che mostrare le proprie fragilit\u00e0, tratteggiando con penna sfrontata una storia brutale, in cui ogni relazione collassa perch\u00e9 non pu\u00f2 pi\u00f9 esistere lieto fine.<\/p>\n<figure id=\"post-321221 media-321221\" class=\"align-none\"><img decoding=\"async\" src=\"https:\/\/www.intoscana.it\/wp-content\/uploads\/Lultimo-animale-3.jpg\" alt=\"\" \/><\/figure>\n<div class=\"titleimg\"><em>L\u2019ultimo animale<\/em><\/div>\n<p>La storia \u00e8 quella di<strong> Cristi, che vive in affitto a casa di Giudi, la sua migliore amica.<\/strong> La prima passa le giornate allenandosi, la seconda sperimentando nuove ricette. C\u2019\u00e8 un buco su una parete della camera di Cristi, e Giudi non ha mai tempo di farlo riparare.<\/p>\n<p>A insaputa di Giudi per\u00f2, <strong>nel buco abitano due procioni \u2013 Proc e Chino \u2013 ed un bruco di nome Bruka<\/strong>. Gli animali vengono nutriti ed accuditi da Cristi, unico tramite con l\u2019esterno, che promette continuamente loro un futuro migliore. Ma alle parole non seguono mai i fatti. Ed \u00e8 proprio quel bosco, promessa non mantenuta, a fungere da motore della storia.<\/p>\n<p><strong>La natura delle relazioni tra gli abitanti<\/strong> di questa casa viene fuori nel <strong>rapporto con il cibo.<\/strong> Cristi spesso lo nega agli animali, per disattenzione pi\u00f9 che per volont\u00e0, privandosene lei stessa nel corso delle giornate per seguire una dieta ossessiva. Il cibo per\u00f2, sotto forma di creazioni culinarie di stampo americano, le viene incessantemente offerto da Giudi, che vive un bisogno costante di provare nuovi piatti.<\/p>\n<p><strong>\u00c8 attraverso il cibo che tutti si definiscono.<\/strong> Il cibo \u00e8 ci\u00f2 che d\u00e0 e toglie potere all\u2019interno del testo: chi ce l\u2019ha non ne ha bisogno, chi non lo ha lo desidera. <strong>\u00c8 la merce di valore all\u2019interno dell\u2019ecosistema<\/strong> ed \u00e8 ci\u00f2 che muove all\u2019azione.<\/p>\n<figure id=\"post-321220 media-321220\" class=\"align-none\"><img decoding=\"async\" src=\"https:\/\/www.intoscana.it\/wp-content\/uploads\/Lultimo-animale-2-scaled.jpg\" alt=\"\" \/><\/figure>\n<div class=\"titleimg\"><em>L\u2019ultimo animale<\/em><\/div>\n","protected":false},"excerpt":{"rendered":"<p>Il 12 e 13 gennaio al Teatro Cantiere Florida una fiaba surreale e nerissima con la regia di Caterina Filograno e un cast di astri nascenti tutto al femminile<\/p>\n","protected":false},"author":525,"featured_media":321224,"comment_status":"open","ping_status":"open","sticky":false,"template":"","format":"standard","meta":{"_acf_changed":false,"footnotes":""},"categories":[493],"tags":[411,236],"class_list":["post-321218","post","type-post","status-publish","format-standard","has-post-thumbnail","hentry","category-cultura","tag-donne","tag-teatro"],"acf":[],"yoast_head":"<!-- This site is optimized with the Yoast SEO Premium plugin v24.2 (Yoast SEO v25.6) - https:\/\/yoast.com\/wordpress\/plugins\/seo\/ -->\n<title>A Firenze la prima di &quot;L&#039;ultimo animale&quot;: il grido d\u2019accusa delle giovani attrici al patriarcato - intoscana<\/title>\n<meta name=\"description\" content=\"Il 12 e 13 gennaio al Teatro Cantiere Florida una fiaba surreale e nerissima con la regia di Caterina Filograno e un cast di attrici\" \/>\n<meta name=\"robots\" content=\"index, follow, max-snippet:-1, max-image-preview:large, max-video-preview:-1\" \/>\n<link rel=\"canonical\" href=\"https:\/\/www.intoscana.it\/it\/a-firenze-la-prima-di-lultimo-animale-il-grido-daccusa-delle-giovani-attrici-al-patriarcato\/\" \/>\n<meta property=\"og:locale\" content=\"it_IT\" \/>\n<meta property=\"og:type\" content=\"article\" \/>\n<meta property=\"og:title\" content=\"A Firenze la prima di &quot;L&#039;ultimo animale&quot;: il grido d\u2019accusa delle giovani attrici al patriarcato\" \/>\n<meta property=\"og:description\" content=\"Il 12 e 13 gennaio al Teatro Cantiere Florida una fiaba surreale e nerissima con la regia di Caterina Filograno e un cast di attrici\" \/>\n<meta property=\"og:url\" content=\"https:\/\/www.intoscana.it\/it\/a-firenze-la-prima-di-lultimo-animale-il-grido-daccusa-delle-giovani-attrici-al-patriarcato\/\" \/>\n<meta property=\"og:site_name\" content=\"intoscana\" \/>\n<meta property=\"article:publisher\" content=\"https:\/\/www.facebook.com\/intoscana.it\" \/>\n<meta property=\"article:published_time\" content=\"2024-01-08T10:59:09+00:00\" \/>\n<meta property=\"og:image\" content=\"https:\/\/www.intoscana.it\/wp-content\/uploads\/Lultimo-animale-1.jpg\" \/>\n\t<meta property=\"og:image:width\" content=\"1644\" \/>\n\t<meta property=\"og:image:height\" content=\"1184\" \/>\n\t<meta property=\"og:image:type\" content=\"image\/jpeg\" \/>\n<meta name=\"author\" content=\"Redazione\" \/>\n<meta name=\"twitter:card\" content=\"summary_large_image\" \/>\n<meta name=\"twitter:creator\" content=\"@intoscana\" \/>\n<meta name=\"twitter:site\" content=\"@intoscana\" \/>\n<meta name=\"twitter:label1\" content=\"Written by\" \/>\n\t<meta name=\"twitter:data1\" content=\"Redazione\" \/>\n\t<meta name=\"twitter:label2\" content=\"Est. reading time\" \/>\n\t<meta name=\"twitter:data2\" content=\"2 minuti\" \/>\n<script type=\"application\/ld+json\" class=\"yoast-schema-graph\">{\"@context\":\"https:\/\/schema.org\",\"@graph\":[{\"@type\":\"WebPage\",\"@id\":\"https:\/\/www.intoscana.it\/it\/a-firenze-la-prima-di-lultimo-animale-il-grido-daccusa-delle-giovani-attrici-al-patriarcato\/\",\"url\":\"https:\/\/www.intoscana.it\/it\/a-firenze-la-prima-di-lultimo-animale-il-grido-daccusa-delle-giovani-attrici-al-patriarcato\/\",\"name\":\"A Firenze la prima di \\\"L'ultimo animale\\\": il grido d\u2019accusa delle giovani attrici al patriarcato - intoscana\",\"isPartOf\":{\"@id\":\"https:\/\/www.intoscana.it\/it\/#website\"},\"primaryImageOfPage\":{\"@id\":\"https:\/\/www.intoscana.it\/it\/a-firenze-la-prima-di-lultimo-animale-il-grido-daccusa-delle-giovani-attrici-al-patriarcato\/#primaryimage\"},\"image\":{\"@id\":\"https:\/\/www.intoscana.it\/it\/a-firenze-la-prima-di-lultimo-animale-il-grido-daccusa-delle-giovani-attrici-al-patriarcato\/#primaryimage\"},\"thumbnailUrl\":\"https:\/\/www.intoscana.it\/wp-content\/uploads\/Lultimo-animale-1.jpg\",\"datePublished\":\"2024-01-08T10:59:09+00:00\",\"author\":{\"@id\":\"https:\/\/www.intoscana.it\/it\/#\/schema\/person\/9223810753230f20bd670fdd322661f8\"},\"description\":\"Il 12 e 13 gennaio al Teatro Cantiere Florida una fiaba surreale e nerissima con la regia di Caterina Filograno e un cast di attrici\",\"breadcrumb\":{\"@id\":\"https:\/\/www.intoscana.it\/it\/a-firenze-la-prima-di-lultimo-animale-il-grido-daccusa-delle-giovani-attrici-al-patriarcato\/#breadcrumb\"},\"inLanguage\":\"it-IT\",\"potentialAction\":[{\"@type\":\"ReadAction\",\"target\":[\"https:\/\/www.intoscana.it\/it\/a-firenze-la-prima-di-lultimo-animale-il-grido-daccusa-delle-giovani-attrici-al-patriarcato\/\"]}]},{\"@type\":\"ImageObject\",\"inLanguage\":\"it-IT\",\"@id\":\"https:\/\/www.intoscana.it\/it\/a-firenze-la-prima-di-lultimo-animale-il-grido-daccusa-delle-giovani-attrici-al-patriarcato\/#primaryimage\",\"url\":\"https:\/\/www.intoscana.it\/wp-content\/uploads\/Lultimo-animale-1.jpg\",\"contentUrl\":\"https:\/\/www.intoscana.it\/wp-content\/uploads\/Lultimo-animale-1.jpg\",\"width\":1644,\"height\":1184,\"caption\":\"L'ultimo animale\"},{\"@type\":\"BreadcrumbList\",\"@id\":\"https:\/\/www.intoscana.it\/it\/a-firenze-la-prima-di-lultimo-animale-il-grido-daccusa-delle-giovani-attrici-al-patriarcato\/#breadcrumb\",\"itemListElement\":[{\"@type\":\"ListItem\",\"position\":1,\"name\":\"Home\",\"item\":\"https:\/\/www.intoscana.it\/it\/\"},{\"@type\":\"ListItem\",\"position\":2,\"name\":\"A Firenze la prima di &#8220;L&#8217;ultimo animale&#8221;: il grido d\u2019accusa delle giovani attrici al patriarcato\"}]},{\"@type\":\"WebSite\",\"@id\":\"https:\/\/www.intoscana.it\/it\/#website\",\"url\":\"https:\/\/www.intoscana.it\/it\/\",\"name\":\"intoscana\",\"description\":\"\",\"potentialAction\":[{\"@type\":\"SearchAction\",\"target\":{\"@type\":\"EntryPoint\",\"urlTemplate\":\"https:\/\/www.intoscana.it\/it\/?s={search_term_string}\"},\"query-input\":{\"@type\":\"PropertyValueSpecification\",\"valueRequired\":true,\"valueName\":\"search_term_string\"}}],\"inLanguage\":\"it-IT\"},{\"@type\":\"Person\",\"@id\":\"https:\/\/www.intoscana.it\/it\/#\/schema\/person\/9223810753230f20bd670fdd322661f8\",\"name\":\"Redazione\",\"url\":\"https:\/\/www.intoscana.it\/it\/author\/redazione\/\"}]}<\/script>\n<!-- \/ Yoast SEO Premium plugin. -->","yoast_head_json":{"title":"A Firenze la prima di \"L'ultimo animale\": il grido d\u2019accusa delle giovani attrici al patriarcato - intoscana","description":"Il 12 e 13 gennaio al Teatro Cantiere Florida una fiaba surreale e nerissima con la regia di Caterina Filograno e un cast di attrici","robots":{"index":"index","follow":"follow","max-snippet":"max-snippet:-1","max-image-preview":"max-image-preview:large","max-video-preview":"max-video-preview:-1"},"canonical":"https:\/\/www.intoscana.it\/it\/a-firenze-la-prima-di-lultimo-animale-il-grido-daccusa-delle-giovani-attrici-al-patriarcato\/","og_locale":"it_IT","og_type":"article","og_title":"A Firenze la prima di \"L'ultimo animale\": il grido d\u2019accusa delle giovani attrici al patriarcato","og_description":"Il 12 e 13 gennaio al Teatro Cantiere Florida una fiaba surreale e nerissima con la regia di Caterina Filograno e un cast di attrici","og_url":"https:\/\/www.intoscana.it\/it\/a-firenze-la-prima-di-lultimo-animale-il-grido-daccusa-delle-giovani-attrici-al-patriarcato\/","og_site_name":"intoscana","article_publisher":"https:\/\/www.facebook.com\/intoscana.it","article_published_time":"2024-01-08T10:59:09+00:00","og_image":[{"width":1644,"height":1184,"url":"https:\/\/www.intoscana.it\/wp-content\/uploads\/Lultimo-animale-1.jpg","type":"image\/jpeg"}],"author":"Redazione","twitter_card":"summary_large_image","twitter_creator":"@intoscana","twitter_site":"@intoscana","twitter_misc":{"Written by":"Redazione","Est. reading time":"2 minuti"},"schema":{"@context":"https:\/\/schema.org","@graph":[{"@type":"WebPage","@id":"https:\/\/www.intoscana.it\/it\/a-firenze-la-prima-di-lultimo-animale-il-grido-daccusa-delle-giovani-attrici-al-patriarcato\/","url":"https:\/\/www.intoscana.it\/it\/a-firenze-la-prima-di-lultimo-animale-il-grido-daccusa-delle-giovani-attrici-al-patriarcato\/","name":"A Firenze la prima di \"L'ultimo animale\": il grido d\u2019accusa delle giovani attrici al patriarcato - intoscana","isPartOf":{"@id":"https:\/\/www.intoscana.it\/it\/#website"},"primaryImageOfPage":{"@id":"https:\/\/www.intoscana.it\/it\/a-firenze-la-prima-di-lultimo-animale-il-grido-daccusa-delle-giovani-attrici-al-patriarcato\/#primaryimage"},"image":{"@id":"https:\/\/www.intoscana.it\/it\/a-firenze-la-prima-di-lultimo-animale-il-grido-daccusa-delle-giovani-attrici-al-patriarcato\/#primaryimage"},"thumbnailUrl":"https:\/\/www.intoscana.it\/wp-content\/uploads\/Lultimo-animale-1.jpg","datePublished":"2024-01-08T10:59:09+00:00","author":{"@id":"https:\/\/www.intoscana.it\/it\/#\/schema\/person\/9223810753230f20bd670fdd322661f8"},"description":"Il 12 e 13 gennaio al Teatro Cantiere Florida una fiaba surreale e nerissima con la regia di Caterina Filograno e un cast di attrici","breadcrumb":{"@id":"https:\/\/www.intoscana.it\/it\/a-firenze-la-prima-di-lultimo-animale-il-grido-daccusa-delle-giovani-attrici-al-patriarcato\/#breadcrumb"},"inLanguage":"it-IT","potentialAction":[{"@type":"ReadAction","target":["https:\/\/www.intoscana.it\/it\/a-firenze-la-prima-di-lultimo-animale-il-grido-daccusa-delle-giovani-attrici-al-patriarcato\/"]}]},{"@type":"ImageObject","inLanguage":"it-IT","@id":"https:\/\/www.intoscana.it\/it\/a-firenze-la-prima-di-lultimo-animale-il-grido-daccusa-delle-giovani-attrici-al-patriarcato\/#primaryimage","url":"https:\/\/www.intoscana.it\/wp-content\/uploads\/Lultimo-animale-1.jpg","contentUrl":"https:\/\/www.intoscana.it\/wp-content\/uploads\/Lultimo-animale-1.jpg","width":1644,"height":1184,"caption":"L'ultimo animale"},{"@type":"BreadcrumbList","@id":"https:\/\/www.intoscana.it\/it\/a-firenze-la-prima-di-lultimo-animale-il-grido-daccusa-delle-giovani-attrici-al-patriarcato\/#breadcrumb","itemListElement":[{"@type":"ListItem","position":1,"name":"Home","item":"https:\/\/www.intoscana.it\/it\/"},{"@type":"ListItem","position":2,"name":"A Firenze la prima di &#8220;L&#8217;ultimo animale&#8221;: il grido d\u2019accusa delle giovani attrici al patriarcato"}]},{"@type":"WebSite","@id":"https:\/\/www.intoscana.it\/it\/#website","url":"https:\/\/www.intoscana.it\/it\/","name":"intoscana","description":"","potentialAction":[{"@type":"SearchAction","target":{"@type":"EntryPoint","urlTemplate":"https:\/\/www.intoscana.it\/it\/?s={search_term_string}"},"query-input":{"@type":"PropertyValueSpecification","valueRequired":true,"valueName":"search_term_string"}}],"inLanguage":"it-IT"},{"@type":"Person","@id":"https:\/\/www.intoscana.it\/it\/#\/schema\/person\/9223810753230f20bd670fdd322661f8","name":"Redazione","url":"https:\/\/www.intoscana.it\/it\/author\/redazione\/"}]}},"_links":{"self":[{"href":"https:\/\/www.intoscana.it\/it\/wp-json\/wp\/v2\/posts\/321218","targetHints":{"allow":["GET"]}}],"collection":[{"href":"https:\/\/www.intoscana.it\/it\/wp-json\/wp\/v2\/posts"}],"about":[{"href":"https:\/\/www.intoscana.it\/it\/wp-json\/wp\/v2\/types\/post"}],"author":[{"embeddable":true,"href":"https:\/\/www.intoscana.it\/it\/wp-json\/wp\/v2\/users\/525"}],"replies":[{"embeddable":true,"href":"https:\/\/www.intoscana.it\/it\/wp-json\/wp\/v2\/comments?post=321218"}],"version-history":[{"count":5,"href":"https:\/\/www.intoscana.it\/it\/wp-json\/wp\/v2\/posts\/321218\/revisions"}],"predecessor-version":[{"id":321235,"href":"https:\/\/www.intoscana.it\/it\/wp-json\/wp\/v2\/posts\/321218\/revisions\/321235"}],"wp:featuredmedia":[{"embeddable":true,"href":"https:\/\/www.intoscana.it\/it\/wp-json\/wp\/v2\/media\/321224"}],"wp:attachment":[{"href":"https:\/\/www.intoscana.it\/it\/wp-json\/wp\/v2\/media?parent=321218"}],"wp:term":[{"taxonomy":"category","embeddable":true,"href":"https:\/\/www.intoscana.it\/it\/wp-json\/wp\/v2\/categories?post=321218"},{"taxonomy":"post_tag","embeddable":true,"href":"https:\/\/www.intoscana.it\/it\/wp-json\/wp\/v2\/tags?post=321218"}],"curies":[{"name":"wp","href":"https:\/\/api.w.org\/{rel}","templated":true}]}}