{"id":321315,"date":"2024-01-08T16:31:48","date_gmt":"2024-01-08T15:31:48","guid":{"rendered":"https:\/\/www.intoscana.it\/it\/?p=321315"},"modified":"2024-01-08T16:31:48","modified_gmt":"2024-01-08T15:31:48","slug":"a-firenze-apre-la-galleria-del-social-network-dantebus-che-da-visibilita-a-oltre-130-000-artisti","status":"publish","type":"post","link":"https:\/\/www.intoscana.it\/it\/a-firenze-apre-la-galleria-del-social-network-dantebus-che-da-visibilita-a-oltre-130-000-artisti\/","title":{"rendered":"A Firenze apre la galleria del social network Dantebus che d\u00e0 visibilit\u00e0 a oltre 130.000 artisti"},"content":{"rendered":"<p><strong><em>Italia popolo di santi, poeti e navigatori&#8230;<\/em><\/strong>ma anche artisti. <strong>Il 13 gennaio a Firenze<\/strong> apre la seconda galleria d\u2019arte di<a href=\"https:\/\/dantebus.com\/\" target=\"_blank\" rel=\"noopener\" class=\"broken_link\"><strong> Dantebus<\/strong><\/a>, il<strong> social network<\/strong> che d\u00e0 visibilit\u00e0 a oltre <strong>130.000 artisti emergenti<\/strong> attraverso <strong>gallerie d\u2019arte online e offline, app tecnologiche e casa editrice. <\/strong><\/p>\n<p><strong>Dantebus valorizza l&#8217;arte a 360 gradi:<\/strong> i <strong>poeti<\/strong> la fanno da padrone con il 35% del totale, seguono i <strong>pittori<\/strong> al 30%, i<strong> fotografi<\/strong> con il 25%, e i<strong> narratori<\/strong> con il 10%.<\/p>\n<p>Quest\u2019anno sono saliti a<strong> 132.418 gli aspiranti artisti tra emergenti e appassionati,<\/strong> 49,4% uomini e 50,6% donne, 40 anni di media, che si sono rivolti alla casa editrice, unica nel genere <strong>Dantebus<\/strong> dedicata agli <strong>artisti non professionisti.<\/strong><\/p>\n<p>Sono <strong>artisti che di lavoro fanno tutt\u2019altro<\/strong>, dall\u2019imprenditore all\u2019operaio, dall\u2019 AD all\u2019impiegato, al giudice, al medico all\u2019insegnante, al cuoco, ma <strong>nel tempo libero si dedicano all\u2019arte<\/strong> con il desiderio di condividere quello che fanno esponendolo, provando a venderlo.<\/p>\n<p><em>\u201cDantebus \u00e8 l\u2019unica realt\u00e0 italiana che promuove a 360 gradi la cultura artistica di chi non \u00e8 ancora famoso, ma desidera mettersi in evidenza e confrontarsi con il mercato, e mette a disposizione 30 professionisti che lavorano con grande passione per divulgare quest\u2019arte nascosta \u2013<\/em> <strong>commenta Andrea Fusco, ideatore e CEO di Dantebus- <\/strong>\u00a0<em>Una parte dei servizi offerti \u00e8 gratuita (social network, sito ed app per un anno, videopoesia e galleria 3D) ma altre parti hanno un costo vivo (recensione, stampa, correzione bozze, grafica, costi delle gallerie con un personale addetto ed un&#8217;apertura 7 giorni su 7) che viene coperto da un contributo che viene richiesto all&#8217;autore\u201d.<\/em><\/p>\n<p>Dal 2018, data di apertura della casa editrice <strong>Dantebus<\/strong>, sono stati pubblicati <strong>815 libri e recensiti 5111 autori.<\/strong> Negli ultimi 3 anni, nella galleria <strong>Dantebus di via Margutta a Roma<\/strong> sono state organizzate mostre pittoriche e fotografiche che hanno visto come protagonisti 1120 pittori e 397 fotografi.<\/p>\n<p>La nuova galleria sorger\u00e0 nel cuore della citt\u00e0: <strong>in via dello Studio, a due passi dal Duomo<\/strong>, per dare agli artisti selezionati una vetrina di grande importanza in termini di visibilit\u00e0.<\/p>\n<p><em>\u201cFirenze \u00e8 stata scelta non solo perch\u00e9 \u00e8 la &#8220;culla&#8221; della lingua italiana e la citt\u00e0 natale di Dante, poeta a cui si ispira l&#8217;intero progetto Dantebus che include tale nome proprio nella ragione sociale, ma anche perch\u00e9 si tratta di una citt\u00e0 dal respiro internazionale che, ogni anno, conta milioni di visitatori assetati di arte &#8211;<\/em> <strong>commenta Fusco <\/strong>\u00a0-.<em> La galleria nasce in un retail con tre vetrine su strada che appartiene a Palazzo Portinari Salvati. Non molti sanno che questo palazzo \u00e8 stato realizzato, nella sua versione originaria dal pap\u00e0 di Beatrice, quella che fu la musa ispiratrice di Dante. Aprire una galleria Dantebus nel palazzo che appartenne a Beatrice \u00e8 quasi come ricongiungere, simbolicamente, queste due figure di innamorati dopo ben 700 anni\u201d.<\/em><\/p>\n<p><em>\u201cDantebus apre la sua seconda galleria d&#8217;arte a seguito dell&#8217;incremento del numero di artisti (pittori e fotografi) che, attraverso i propri concorsi artistici, ha incontrato nel suo percorso<\/em> \u2013 c<strong>onclude Andrea Fusco<\/strong>\u00a0<em>Come la galleria di Roma, anche la galleria di Firenze sorge in un luogo importante: via dello Studio, a due passi dal Duomo. Questo per dare agli artisti selezionati una vetrina di grande importanza in termini di visibilit\u00e0. La galleria di Firenze, come quella di Roma, sar\u00e0 anche una libreria sui cui scaffali ci saranno i libri di poesia e narrativa, oltre che i cataloghi delle mostre. In un momento storico in cui le librerie non considerano i poeti e narratori contemporanei non noti (perch\u00e9 non hanno mercato), Dantebus apre appositamente delle gallerie\/librerie per dare una occasione di divulgazione anche a chi scrive poesie e racconti, oggi, ma non \u00e8 famoso\u201d.<\/em><\/p>\n<figure id=\"post-321319 media-321319\" class=\"align-none\"><img decoding=\"async\" src=\"https:\/\/www.intoscana.it\/wp-content\/uploads\/Vetrina-Dantebus-Margutta.jpg\" alt=\"\" \/><\/figure>\n<div class=\"titleimg\"><\/div>\n","protected":false},"excerpt":{"rendered":"<p>Dal 13 gennaio apre in via dello Studio, a due passi dal Duomo, la nuova galleria nata per dare agli artisti emergenti una vetrina di grande visibilit\u00e0<\/p>\n","protected":false},"author":525,"featured_media":321317,"comment_status":"open","ping_status":"open","sticky":false,"template":"","format":"standard","meta":{"_acf_changed":false,"footnotes":""},"categories":[493],"tags":[4474,202,222],"class_list":["post-321315","post","type-post","status-publish","format-standard","has-post-thumbnail","hentry","category-cultura","tag-eventi","tag-firenze","tag-mostre"],"acf":[],"yoast_head":"<!-- This site is optimized with the Yoast SEO Premium plugin v24.2 (Yoast SEO v25.6) - https:\/\/yoast.com\/wordpress\/plugins\/seo\/ -->\n<title>A Firenze apre la galleria del social network Dantebus che d\u00e0 visibilit\u00e0 a oltre 130.000 artisti - intoscana<\/title>\n<meta name=\"description\" content=\"Dal 13 gennaio apre in via dello Studio, a due passi dal Duomo, la nuova galleria nata per dare agli artisti selezionati visibilit\u00e0\" \/>\n<meta name=\"robots\" content=\"index, follow, max-snippet:-1, max-image-preview:large, max-video-preview:-1\" \/>\n<link rel=\"canonical\" href=\"https:\/\/www.intoscana.it\/it\/a-firenze-apre-la-galleria-del-social-network-dantebus-che-da-visibilita-a-oltre-130-000-artisti\/\" \/>\n<meta property=\"og:locale\" content=\"it_IT\" \/>\n<meta property=\"og:type\" content=\"article\" \/>\n<meta property=\"og:title\" content=\"A Firenze apre la galleria del social network Dantebus che d\u00e0 visibilit\u00e0 a oltre 130.000 artisti\" \/>\n<meta property=\"og:description\" content=\"Dal 13 gennaio apre in via dello Studio, a due passi dal Duomo, la nuova galleria nata per dare agli artisti selezionati visibilit\u00e0\" \/>\n<meta property=\"og:url\" content=\"https:\/\/www.intoscana.it\/it\/a-firenze-apre-la-galleria-del-social-network-dantebus-che-da-visibilita-a-oltre-130-000-artisti\/\" \/>\n<meta property=\"og:site_name\" content=\"intoscana\" \/>\n<meta property=\"article:publisher\" content=\"https:\/\/www.facebook.com\/intoscana.it\" \/>\n<meta property=\"article:published_time\" content=\"2024-01-08T15:31:48+00:00\" \/>\n<meta property=\"og:image\" content=\"https:\/\/www.intoscana.it\/wp-content\/uploads\/Galleria-Dantebus-Margutta_2.jpg\" \/>\n\t<meta property=\"og:image:width\" content=\"2048\" \/>\n\t<meta property=\"og:image:height\" content=\"1365\" \/>\n\t<meta property=\"og:image:type\" content=\"image\/jpeg\" \/>\n<meta name=\"author\" content=\"Redazione\" \/>\n<meta name=\"twitter:card\" content=\"summary_large_image\" \/>\n<meta name=\"twitter:creator\" content=\"@intoscana\" \/>\n<meta name=\"twitter:site\" content=\"@intoscana\" \/>\n<meta name=\"twitter:label1\" content=\"Written by\" \/>\n\t<meta name=\"twitter:data1\" content=\"Redazione\" \/>\n\t<meta name=\"twitter:label2\" content=\"Est. reading time\" \/>\n\t<meta name=\"twitter:data2\" content=\"3 minuti\" \/>\n<script type=\"application\/ld+json\" class=\"yoast-schema-graph\">{\"@context\":\"https:\/\/schema.org\",\"@graph\":[{\"@type\":\"WebPage\",\"@id\":\"https:\/\/www.intoscana.it\/it\/a-firenze-apre-la-galleria-del-social-network-dantebus-che-da-visibilita-a-oltre-130-000-artisti\/\",\"url\":\"https:\/\/www.intoscana.it\/it\/a-firenze-apre-la-galleria-del-social-network-dantebus-che-da-visibilita-a-oltre-130-000-artisti\/\",\"name\":\"A Firenze apre la galleria del social network Dantebus che d\u00e0 visibilit\u00e0 a oltre 130.000 artisti - intoscana\",\"isPartOf\":{\"@id\":\"https:\/\/www.intoscana.it\/it\/#website\"},\"primaryImageOfPage\":{\"@id\":\"https:\/\/www.intoscana.it\/it\/a-firenze-apre-la-galleria-del-social-network-dantebus-che-da-visibilita-a-oltre-130-000-artisti\/#primaryimage\"},\"image\":{\"@id\":\"https:\/\/www.intoscana.it\/it\/a-firenze-apre-la-galleria-del-social-network-dantebus-che-da-visibilita-a-oltre-130-000-artisti\/#primaryimage\"},\"thumbnailUrl\":\"https:\/\/www.intoscana.it\/wp-content\/uploads\/Galleria-Dantebus-Margutta_2.jpg\",\"datePublished\":\"2024-01-08T15:31:48+00:00\",\"author\":{\"@id\":\"https:\/\/www.intoscana.it\/it\/#\/schema\/person\/9223810753230f20bd670fdd322661f8\"},\"description\":\"Dal 13 gennaio apre in via dello Studio, a due passi dal Duomo, la nuova galleria nata per dare agli artisti selezionati visibilit\u00e0\",\"breadcrumb\":{\"@id\":\"https:\/\/www.intoscana.it\/it\/a-firenze-apre-la-galleria-del-social-network-dantebus-che-da-visibilita-a-oltre-130-000-artisti\/#breadcrumb\"},\"inLanguage\":\"it-IT\",\"potentialAction\":[{\"@type\":\"ReadAction\",\"target\":[\"https:\/\/www.intoscana.it\/it\/a-firenze-apre-la-galleria-del-social-network-dantebus-che-da-visibilita-a-oltre-130-000-artisti\/\"]}]},{\"@type\":\"ImageObject\",\"inLanguage\":\"it-IT\",\"@id\":\"https:\/\/www.intoscana.it\/it\/a-firenze-apre-la-galleria-del-social-network-dantebus-che-da-visibilita-a-oltre-130-000-artisti\/#primaryimage\",\"url\":\"https:\/\/www.intoscana.it\/wp-content\/uploads\/Galleria-Dantebus-Margutta_2.jpg\",\"contentUrl\":\"https:\/\/www.intoscana.it\/wp-content\/uploads\/Galleria-Dantebus-Margutta_2.jpg\",\"width\":2048,\"height\":1365},{\"@type\":\"BreadcrumbList\",\"@id\":\"https:\/\/www.intoscana.it\/it\/a-firenze-apre-la-galleria-del-social-network-dantebus-che-da-visibilita-a-oltre-130-000-artisti\/#breadcrumb\",\"itemListElement\":[{\"@type\":\"ListItem\",\"position\":1,\"name\":\"Home\",\"item\":\"https:\/\/www.intoscana.it\/it\/\"},{\"@type\":\"ListItem\",\"position\":2,\"name\":\"A Firenze apre la galleria del social network Dantebus che d\u00e0 visibilit\u00e0 a oltre 130.000 artisti\"}]},{\"@type\":\"WebSite\",\"@id\":\"https:\/\/www.intoscana.it\/it\/#website\",\"url\":\"https:\/\/www.intoscana.it\/it\/\",\"name\":\"intoscana\",\"description\":\"\",\"potentialAction\":[{\"@type\":\"SearchAction\",\"target\":{\"@type\":\"EntryPoint\",\"urlTemplate\":\"https:\/\/www.intoscana.it\/it\/?s={search_term_string}\"},\"query-input\":{\"@type\":\"PropertyValueSpecification\",\"valueRequired\":true,\"valueName\":\"search_term_string\"}}],\"inLanguage\":\"it-IT\"},{\"@type\":\"Person\",\"@id\":\"https:\/\/www.intoscana.it\/it\/#\/schema\/person\/9223810753230f20bd670fdd322661f8\",\"name\":\"Redazione\",\"url\":\"https:\/\/www.intoscana.it\/it\/author\/redazione\/\"}]}<\/script>\n<!-- \/ Yoast SEO Premium plugin. -->","yoast_head_json":{"title":"A Firenze apre la galleria del social network Dantebus che d\u00e0 visibilit\u00e0 a oltre 130.000 artisti - intoscana","description":"Dal 13 gennaio apre in via dello Studio, a due passi dal Duomo, la nuova galleria nata per dare agli artisti selezionati visibilit\u00e0","robots":{"index":"index","follow":"follow","max-snippet":"max-snippet:-1","max-image-preview":"max-image-preview:large","max-video-preview":"max-video-preview:-1"},"canonical":"https:\/\/www.intoscana.it\/it\/a-firenze-apre-la-galleria-del-social-network-dantebus-che-da-visibilita-a-oltre-130-000-artisti\/","og_locale":"it_IT","og_type":"article","og_title":"A Firenze apre la galleria del social network Dantebus che d\u00e0 visibilit\u00e0 a oltre 130.000 artisti","og_description":"Dal 13 gennaio apre in via dello Studio, a due passi dal Duomo, la nuova galleria nata per dare agli artisti selezionati visibilit\u00e0","og_url":"https:\/\/www.intoscana.it\/it\/a-firenze-apre-la-galleria-del-social-network-dantebus-che-da-visibilita-a-oltre-130-000-artisti\/","og_site_name":"intoscana","article_publisher":"https:\/\/www.facebook.com\/intoscana.it","article_published_time":"2024-01-08T15:31:48+00:00","og_image":[{"width":2048,"height":1365,"url":"https:\/\/www.intoscana.it\/wp-content\/uploads\/Galleria-Dantebus-Margutta_2.jpg","type":"image\/jpeg"}],"author":"Redazione","twitter_card":"summary_large_image","twitter_creator":"@intoscana","twitter_site":"@intoscana","twitter_misc":{"Written by":"Redazione","Est. reading time":"3 minuti"},"schema":{"@context":"https:\/\/schema.org","@graph":[{"@type":"WebPage","@id":"https:\/\/www.intoscana.it\/it\/a-firenze-apre-la-galleria-del-social-network-dantebus-che-da-visibilita-a-oltre-130-000-artisti\/","url":"https:\/\/www.intoscana.it\/it\/a-firenze-apre-la-galleria-del-social-network-dantebus-che-da-visibilita-a-oltre-130-000-artisti\/","name":"A Firenze apre la galleria del social network Dantebus che d\u00e0 visibilit\u00e0 a oltre 130.000 artisti - intoscana","isPartOf":{"@id":"https:\/\/www.intoscana.it\/it\/#website"},"primaryImageOfPage":{"@id":"https:\/\/www.intoscana.it\/it\/a-firenze-apre-la-galleria-del-social-network-dantebus-che-da-visibilita-a-oltre-130-000-artisti\/#primaryimage"},"image":{"@id":"https:\/\/www.intoscana.it\/it\/a-firenze-apre-la-galleria-del-social-network-dantebus-che-da-visibilita-a-oltre-130-000-artisti\/#primaryimage"},"thumbnailUrl":"https:\/\/www.intoscana.it\/wp-content\/uploads\/Galleria-Dantebus-Margutta_2.jpg","datePublished":"2024-01-08T15:31:48+00:00","author":{"@id":"https:\/\/www.intoscana.it\/it\/#\/schema\/person\/9223810753230f20bd670fdd322661f8"},"description":"Dal 13 gennaio apre in via dello Studio, a due passi dal Duomo, la nuova galleria nata per dare agli artisti selezionati visibilit\u00e0","breadcrumb":{"@id":"https:\/\/www.intoscana.it\/it\/a-firenze-apre-la-galleria-del-social-network-dantebus-che-da-visibilita-a-oltre-130-000-artisti\/#breadcrumb"},"inLanguage":"it-IT","potentialAction":[{"@type":"ReadAction","target":["https:\/\/www.intoscana.it\/it\/a-firenze-apre-la-galleria-del-social-network-dantebus-che-da-visibilita-a-oltre-130-000-artisti\/"]}]},{"@type":"ImageObject","inLanguage":"it-IT","@id":"https:\/\/www.intoscana.it\/it\/a-firenze-apre-la-galleria-del-social-network-dantebus-che-da-visibilita-a-oltre-130-000-artisti\/#primaryimage","url":"https:\/\/www.intoscana.it\/wp-content\/uploads\/Galleria-Dantebus-Margutta_2.jpg","contentUrl":"https:\/\/www.intoscana.it\/wp-content\/uploads\/Galleria-Dantebus-Margutta_2.jpg","width":2048,"height":1365},{"@type":"BreadcrumbList","@id":"https:\/\/www.intoscana.it\/it\/a-firenze-apre-la-galleria-del-social-network-dantebus-che-da-visibilita-a-oltre-130-000-artisti\/#breadcrumb","itemListElement":[{"@type":"ListItem","position":1,"name":"Home","item":"https:\/\/www.intoscana.it\/it\/"},{"@type":"ListItem","position":2,"name":"A Firenze apre la galleria del social network Dantebus che d\u00e0 visibilit\u00e0 a oltre 130.000 artisti"}]},{"@type":"WebSite","@id":"https:\/\/www.intoscana.it\/it\/#website","url":"https:\/\/www.intoscana.it\/it\/","name":"intoscana","description":"","potentialAction":[{"@type":"SearchAction","target":{"@type":"EntryPoint","urlTemplate":"https:\/\/www.intoscana.it\/it\/?s={search_term_string}"},"query-input":{"@type":"PropertyValueSpecification","valueRequired":true,"valueName":"search_term_string"}}],"inLanguage":"it-IT"},{"@type":"Person","@id":"https:\/\/www.intoscana.it\/it\/#\/schema\/person\/9223810753230f20bd670fdd322661f8","name":"Redazione","url":"https:\/\/www.intoscana.it\/it\/author\/redazione\/"}]}},"_links":{"self":[{"href":"https:\/\/www.intoscana.it\/it\/wp-json\/wp\/v2\/posts\/321315","targetHints":{"allow":["GET"]}}],"collection":[{"href":"https:\/\/www.intoscana.it\/it\/wp-json\/wp\/v2\/posts"}],"about":[{"href":"https:\/\/www.intoscana.it\/it\/wp-json\/wp\/v2\/types\/post"}],"author":[{"embeddable":true,"href":"https:\/\/www.intoscana.it\/it\/wp-json\/wp\/v2\/users\/525"}],"replies":[{"embeddable":true,"href":"https:\/\/www.intoscana.it\/it\/wp-json\/wp\/v2\/comments?post=321315"}],"version-history":[{"count":5,"href":"https:\/\/www.intoscana.it\/it\/wp-json\/wp\/v2\/posts\/321315\/revisions"}],"predecessor-version":[{"id":321333,"href":"https:\/\/www.intoscana.it\/it\/wp-json\/wp\/v2\/posts\/321315\/revisions\/321333"}],"wp:featuredmedia":[{"embeddable":true,"href":"https:\/\/www.intoscana.it\/it\/wp-json\/wp\/v2\/media\/321317"}],"wp:attachment":[{"href":"https:\/\/www.intoscana.it\/it\/wp-json\/wp\/v2\/media?parent=321315"}],"wp:term":[{"taxonomy":"category","embeddable":true,"href":"https:\/\/www.intoscana.it\/it\/wp-json\/wp\/v2\/categories?post=321315"},{"taxonomy":"post_tag","embeddable":true,"href":"https:\/\/www.intoscana.it\/it\/wp-json\/wp\/v2\/tags?post=321315"}],"curies":[{"name":"wp","href":"https:\/\/api.w.org\/{rel}","templated":true}]}}