{"id":321444,"date":"2024-01-09T15:00:58","date_gmt":"2024-01-09T14:00:58","guid":{"rendered":"https:\/\/www.intoscana.it\/it\/?p=321444"},"modified":"2024-01-09T16:19:09","modified_gmt":"2024-01-09T15:19:09","slug":"punto-digitale-facile-lamporecchio","status":"publish","type":"post","link":"https:\/\/www.intoscana.it\/it\/punto-digitale-facile-lamporecchio\/","title":{"rendered":"Toscana digitale: aperto il nuovo centro di facilitazione a Lamporecchio"},"content":{"rendered":"<div>\n<p>Taglio del nastro questa mattina per <strong>Lamporecchio Facilita<\/strong>, il nuovo <strong>Punto digitale facile,<\/strong> aperto su due sedi, promosso dalla Regione Toscana per aiutare tutti i cittadini, anziani ma non solo, che sono in difficolt\u00e0 ad accedere al web e utilizzare i servizi online, in particolare quelli della pubblica amministrazione.<\/p>\n<h3>Inclusione digitale e competenze al centro<\/h3>\n<p>Un modo per favorire l&#8217;inclusione digitale e aumentare anche le <strong>competenze informatiche<\/strong> della cittadinanza. <em>\u201cI Punti digitali facili sono <mark>un\u2019azione concreta e inclusiva che Regione mette in campo per ridurre il divario digitale<\/em> <\/mark>&#8211; spiega l\u2019assessore alle infrastrutture digitali e ai rapporti con gli enti locali della Toscana, <strong>Stefano Ciuoffo<\/strong> &#8211; <em>che colpisce in particolare gli strati pi\u00f9 fragili della nostra societ\u00e0, a partire dalla fascia pi\u00f9 anziana della popolazione, ma non soltanto.\u00c8 per questo che la Toscana \u00e8 tra le prime regioni a promuovere, con la collaborazione e il protagonismo degli enti locali, che ringrazio, questa misura per il rafforzamento delle <strong>competenze digitali<\/strong> di tutti i cittadini. Investire nell\u2019alfabetizzazione digitale significa anche ridurre la distanza tra Pubblica amministrazione e cittadino, apportando significative semplificazioni nella vita quotidiana di ciascuno di noi\u201d.<\/em><\/p>\n<\/div>\n<div>\n<p>In accordo con il Dipartimento per la Trasformazione digitale della Presidenza del consiglio del ministri nell\u2019ambito del Pnrr, la Regione sta inaugurando <strong>una rete di Pdf<\/strong><a href=\"https:\/\/www.intoscana.it\/it\/articolo\/punti-digitale-facile-rete\/\" target=\"_blank\" rel=\"noopener\"> distribuiti su tutto il territorio regionale.<\/a> Con un primo bando sono gi\u00e0 stati individuati attraverso gli enti locali 119 Pdf e <mark>con il secondo bando, rivolto agli enti del terzo settore, la Regione conta di arrivare a 169 centri e raggiungere 136 mila cittadini entro la fine del 2025.<\/mark><\/p>\n<h3>Due sedi per il Pdf di Lamporecchio<\/h3>\n<p>Il Punto digitale facile di Lamporecchio ha due sedi. Una presso la<strong> Casa della salute<\/strong> in piazza IV Novembre a Lamporecchio, aperta dal luned\u00ec al venerd\u00ec dalle 9 alle 12 e dalle 14 alle 18, \u00a0e l\u2019altra nella<strong> frazione di San Baronto,<\/strong> in via Montalbano 91, aperta dal luned\u00ec al mercoled\u00ec dalle 9 alle 12. Gli utenti potranno usufruire di assistenza da parte di un operatore e di una postazione dedicata, verr\u00e0 fornita anche assistenza telefonica (0573 \u2013 81123 e 800675) e a domicilio, per chi non si pu\u00f2 muovere da casa.<\/p>\n<p>Nei due centri sar\u00e0 possibile ad esempio attivare la <strong>Carta di identit\u00e0 elettronica o lo Spid,<\/strong> accedere ai servizi digitali sanitari regionali come il fascicolo sanitario elettronico o la prenotazione di esami e prestazioni attraverso il Cup, ma si potranno anche effettuare i pagamenti alle Pubbliche amministrazioni (attraverso PagoPa) e molto altro.<\/p>\n<p><em>&#8220;Si tratta di un <strong>servizio importante<\/strong> a disposizione di tutta la cittadinanz<\/em>a \u2013 commenta il sindaco di Lamporecchio, <strong>Alessio Torrigiani<\/strong> \u2013<em> le persone avranno la possibilit\u00e0 di rivolgersi agli operatori del punto di facilitazione per accedere a informazioni, servizi digitali e presentare richieste di assistenza.<\/em> <mark><em>L\u2019obiettivo \u00e8 avvicinare concretamente la pubblica amministrazione ai cittadini e raggiungere anche le fasce di popolazione che, altrimenti, rischierebbero di rimanere escluse. <\/mark>L\u2019innovazione, compresa quella tecnologica, rappresenta un motore importante di sviluppo e di crescita, ma occorre non lasciare indietro nessuno e consentire a tutti di accedere ai servizi essenziali. Grazie alla Regione Toscana e all\u2019assessore Ciuoffo per l\u2019opportunit\u00e0 offerta e per aver messo a disposizione risorse significative\u201d.<\/em><\/p>\n<\/div>\n","protected":false},"excerpt":{"rendered":"<p>Il nuovo Pdf con due sedi, una nella Casa della salute di Lamporecchio e una a San Baronto, aiuter\u00e0 i cittadini ad accedere al web e usufruire dei servizi online della pubblica amministrazione<\/p>\n","protected":false},"author":502,"featured_media":321488,"comment_status":"open","ping_status":"open","sticky":false,"template":"","format":"standard","meta":{"_acf_changed":false,"footnotes":""},"categories":[475],"tags":[151,5145,1639],"class_list":["post-321444","post","type-post","status-publish","format-standard","has-post-thumbnail","hentry","category-innovazione","tag-regione-toscana","tag-stefano-ciuoffo","tag-toscana-digitale"],"acf":[],"yoast_head":"<!-- This site is optimized with the Yoast SEO Premium plugin v24.2 (Yoast SEO v25.6) - https:\/\/yoast.com\/wordpress\/plugins\/seo\/ -->\n<title>Toscana digitale: aperto il nuovo centro di facilitazione a Lamporecchio - intoscana<\/title>\n<meta name=\"robots\" content=\"index, follow, max-snippet:-1, max-image-preview:large, max-video-preview:-1\" \/>\n<link rel=\"canonical\" href=\"https:\/\/www.intoscana.it\/it\/punto-digitale-facile-lamporecchio\/\" \/>\n<meta property=\"og:locale\" content=\"it_IT\" \/>\n<meta property=\"og:type\" content=\"article\" \/>\n<meta property=\"og:title\" content=\"Toscana digitale: aperto il nuovo centro di facilitazione a Lamporecchio\" \/>\n<meta property=\"og:description\" content=\"Il nuovo Pdf con due sedi, una nella Casa della salute di Lamporecchio e una a San Baronto, aiuter\u00e0 i cittadini ad accedere al web e usufruire dei servizi online della pubblica amministrazione\" \/>\n<meta property=\"og:url\" content=\"https:\/\/www.intoscana.it\/it\/punto-digitale-facile-lamporecchio\/\" \/>\n<meta property=\"og:site_name\" content=\"intoscana\" \/>\n<meta property=\"article:publisher\" content=\"https:\/\/www.facebook.com\/intoscana.it\" \/>\n<meta property=\"article:published_time\" content=\"2024-01-09T14:00:58+00:00\" \/>\n<meta property=\"article:modified_time\" content=\"2024-01-09T15:19:09+00:00\" \/>\n<meta property=\"og:image\" content=\"https:\/\/www.intoscana.it\/wp-content\/uploads\/pdf-2-e1704813541577.jpeg\" \/>\n\t<meta property=\"og:image:width\" content=\"960\" \/>\n\t<meta property=\"og:image:height\" content=\"537\" \/>\n\t<meta property=\"og:image:type\" content=\"image\/jpeg\" \/>\n<meta name=\"author\" content=\"Ilaria Giannini\" \/>\n<meta name=\"twitter:card\" content=\"summary_large_image\" \/>\n<meta name=\"twitter:creator\" content=\"@i.giannini@fst.it\" \/>\n<meta name=\"twitter:site\" content=\"@intoscana\" \/>\n<meta name=\"twitter:label1\" content=\"Written by\" \/>\n\t<meta name=\"twitter:data1\" content=\"Ilaria Giannini\" \/>\n\t<meta name=\"twitter:label2\" content=\"Est. reading time\" \/>\n\t<meta name=\"twitter:data2\" content=\"3 minuti\" \/>\n<script type=\"application\/ld+json\" class=\"yoast-schema-graph\">{\"@context\":\"https:\/\/schema.org\",\"@graph\":[{\"@type\":\"WebPage\",\"@id\":\"https:\/\/www.intoscana.it\/it\/punto-digitale-facile-lamporecchio\/\",\"url\":\"https:\/\/www.intoscana.it\/it\/punto-digitale-facile-lamporecchio\/\",\"name\":\"Toscana digitale: aperto il nuovo centro di facilitazione a Lamporecchio - intoscana\",\"isPartOf\":{\"@id\":\"https:\/\/www.intoscana.it\/it\/#website\"},\"primaryImageOfPage\":{\"@id\":\"https:\/\/www.intoscana.it\/it\/punto-digitale-facile-lamporecchio\/#primaryimage\"},\"image\":{\"@id\":\"https:\/\/www.intoscana.it\/it\/punto-digitale-facile-lamporecchio\/#primaryimage\"},\"thumbnailUrl\":\"https:\/\/www.intoscana.it\/wp-content\/uploads\/pdf-2-e1704813541577.jpeg\",\"datePublished\":\"2024-01-09T14:00:58+00:00\",\"dateModified\":\"2024-01-09T15:19:09+00:00\",\"author\":{\"@id\":\"https:\/\/www.intoscana.it\/it\/#\/schema\/person\/de95e1ed2c1c8c30a6922bbba3a90185\"},\"breadcrumb\":{\"@id\":\"https:\/\/www.intoscana.it\/it\/punto-digitale-facile-lamporecchio\/#breadcrumb\"},\"inLanguage\":\"it-IT\",\"potentialAction\":[{\"@type\":\"ReadAction\",\"target\":[\"https:\/\/www.intoscana.it\/it\/punto-digitale-facile-lamporecchio\/\"]}]},{\"@type\":\"ImageObject\",\"inLanguage\":\"it-IT\",\"@id\":\"https:\/\/www.intoscana.it\/it\/punto-digitale-facile-lamporecchio\/#primaryimage\",\"url\":\"https:\/\/www.intoscana.it\/wp-content\/uploads\/pdf-2-e1704813541577.jpeg\",\"contentUrl\":\"https:\/\/www.intoscana.it\/wp-content\/uploads\/pdf-2-e1704813541577.jpeg\",\"width\":960,\"height\":537,\"caption\":\"L'inaugurazione di Lamporecchio Facilita\"},{\"@type\":\"BreadcrumbList\",\"@id\":\"https:\/\/www.intoscana.it\/it\/punto-digitale-facile-lamporecchio\/#breadcrumb\",\"itemListElement\":[{\"@type\":\"ListItem\",\"position\":1,\"name\":\"Home\",\"item\":\"https:\/\/www.intoscana.it\/it\/\"},{\"@type\":\"ListItem\",\"position\":2,\"name\":\"Toscana digitale: aperto il nuovo centro di facilitazione a Lamporecchio\"}]},{\"@type\":\"WebSite\",\"@id\":\"https:\/\/www.intoscana.it\/it\/#website\",\"url\":\"https:\/\/www.intoscana.it\/it\/\",\"name\":\"intoscana\",\"description\":\"\",\"potentialAction\":[{\"@type\":\"SearchAction\",\"target\":{\"@type\":\"EntryPoint\",\"urlTemplate\":\"https:\/\/www.intoscana.it\/it\/?s={search_term_string}\"},\"query-input\":{\"@type\":\"PropertyValueSpecification\",\"valueRequired\":true,\"valueName\":\"search_term_string\"}}],\"inLanguage\":\"it-IT\"},{\"@type\":\"Person\",\"@id\":\"https:\/\/www.intoscana.it\/it\/#\/schema\/person\/de95e1ed2c1c8c30a6922bbba3a90185\",\"name\":\"Ilaria Giannini\",\"sameAs\":[\"https:\/\/x.com\/i.giannini@fst.it\"],\"url\":\"https:\/\/www.intoscana.it\/it\/author\/ilaria-giannini\/\"}]}<\/script>\n<!-- \/ Yoast SEO Premium plugin. -->","yoast_head_json":{"title":"Toscana digitale: aperto il nuovo centro di facilitazione a Lamporecchio - intoscana","robots":{"index":"index","follow":"follow","max-snippet":"max-snippet:-1","max-image-preview":"max-image-preview:large","max-video-preview":"max-video-preview:-1"},"canonical":"https:\/\/www.intoscana.it\/it\/punto-digitale-facile-lamporecchio\/","og_locale":"it_IT","og_type":"article","og_title":"Toscana digitale: aperto il nuovo centro di facilitazione a Lamporecchio","og_description":"Il nuovo Pdf con due sedi, una nella Casa della salute di Lamporecchio e una a San Baronto, aiuter\u00e0 i cittadini ad accedere al web e usufruire dei servizi online della pubblica amministrazione","og_url":"https:\/\/www.intoscana.it\/it\/punto-digitale-facile-lamporecchio\/","og_site_name":"intoscana","article_publisher":"https:\/\/www.facebook.com\/intoscana.it","article_published_time":"2024-01-09T14:00:58+00:00","article_modified_time":"2024-01-09T15:19:09+00:00","og_image":[{"width":960,"height":537,"url":"https:\/\/www.intoscana.it\/wp-content\/uploads\/pdf-2-e1704813541577.jpeg","type":"image\/jpeg"}],"author":"Ilaria Giannini","twitter_card":"summary_large_image","twitter_creator":"@i.giannini@fst.it","twitter_site":"@intoscana","twitter_misc":{"Written by":"Ilaria Giannini","Est. reading time":"3 minuti"},"schema":{"@context":"https:\/\/schema.org","@graph":[{"@type":"WebPage","@id":"https:\/\/www.intoscana.it\/it\/punto-digitale-facile-lamporecchio\/","url":"https:\/\/www.intoscana.it\/it\/punto-digitale-facile-lamporecchio\/","name":"Toscana digitale: aperto il nuovo centro di facilitazione a Lamporecchio - intoscana","isPartOf":{"@id":"https:\/\/www.intoscana.it\/it\/#website"},"primaryImageOfPage":{"@id":"https:\/\/www.intoscana.it\/it\/punto-digitale-facile-lamporecchio\/#primaryimage"},"image":{"@id":"https:\/\/www.intoscana.it\/it\/punto-digitale-facile-lamporecchio\/#primaryimage"},"thumbnailUrl":"https:\/\/www.intoscana.it\/wp-content\/uploads\/pdf-2-e1704813541577.jpeg","datePublished":"2024-01-09T14:00:58+00:00","dateModified":"2024-01-09T15:19:09+00:00","author":{"@id":"https:\/\/www.intoscana.it\/it\/#\/schema\/person\/de95e1ed2c1c8c30a6922bbba3a90185"},"breadcrumb":{"@id":"https:\/\/www.intoscana.it\/it\/punto-digitale-facile-lamporecchio\/#breadcrumb"},"inLanguage":"it-IT","potentialAction":[{"@type":"ReadAction","target":["https:\/\/www.intoscana.it\/it\/punto-digitale-facile-lamporecchio\/"]}]},{"@type":"ImageObject","inLanguage":"it-IT","@id":"https:\/\/www.intoscana.it\/it\/punto-digitale-facile-lamporecchio\/#primaryimage","url":"https:\/\/www.intoscana.it\/wp-content\/uploads\/pdf-2-e1704813541577.jpeg","contentUrl":"https:\/\/www.intoscana.it\/wp-content\/uploads\/pdf-2-e1704813541577.jpeg","width":960,"height":537,"caption":"L'inaugurazione di Lamporecchio Facilita"},{"@type":"BreadcrumbList","@id":"https:\/\/www.intoscana.it\/it\/punto-digitale-facile-lamporecchio\/#breadcrumb","itemListElement":[{"@type":"ListItem","position":1,"name":"Home","item":"https:\/\/www.intoscana.it\/it\/"},{"@type":"ListItem","position":2,"name":"Toscana digitale: aperto il nuovo centro di facilitazione a Lamporecchio"}]},{"@type":"WebSite","@id":"https:\/\/www.intoscana.it\/it\/#website","url":"https:\/\/www.intoscana.it\/it\/","name":"intoscana","description":"","potentialAction":[{"@type":"SearchAction","target":{"@type":"EntryPoint","urlTemplate":"https:\/\/www.intoscana.it\/it\/?s={search_term_string}"},"query-input":{"@type":"PropertyValueSpecification","valueRequired":true,"valueName":"search_term_string"}}],"inLanguage":"it-IT"},{"@type":"Person","@id":"https:\/\/www.intoscana.it\/it\/#\/schema\/person\/de95e1ed2c1c8c30a6922bbba3a90185","name":"Ilaria Giannini","sameAs":["https:\/\/x.com\/i.giannini@fst.it"],"url":"https:\/\/www.intoscana.it\/it\/author\/ilaria-giannini\/"}]}},"_links":{"self":[{"href":"https:\/\/www.intoscana.it\/it\/wp-json\/wp\/v2\/posts\/321444","targetHints":{"allow":["GET"]}}],"collection":[{"href":"https:\/\/www.intoscana.it\/it\/wp-json\/wp\/v2\/posts"}],"about":[{"href":"https:\/\/www.intoscana.it\/it\/wp-json\/wp\/v2\/types\/post"}],"author":[{"embeddable":true,"href":"https:\/\/www.intoscana.it\/it\/wp-json\/wp\/v2\/users\/502"}],"replies":[{"embeddable":true,"href":"https:\/\/www.intoscana.it\/it\/wp-json\/wp\/v2\/comments?post=321444"}],"version-history":[{"count":7,"href":"https:\/\/www.intoscana.it\/it\/wp-json\/wp\/v2\/posts\/321444\/revisions"}],"predecessor-version":[{"id":321476,"href":"https:\/\/www.intoscana.it\/it\/wp-json\/wp\/v2\/posts\/321444\/revisions\/321476"}],"wp:featuredmedia":[{"embeddable":true,"href":"https:\/\/www.intoscana.it\/it\/wp-json\/wp\/v2\/media\/321488"}],"wp:attachment":[{"href":"https:\/\/www.intoscana.it\/it\/wp-json\/wp\/v2\/media?parent=321444"}],"wp:term":[{"taxonomy":"category","embeddable":true,"href":"https:\/\/www.intoscana.it\/it\/wp-json\/wp\/v2\/categories?post=321444"},{"taxonomy":"post_tag","embeddable":true,"href":"https:\/\/www.intoscana.it\/it\/wp-json\/wp\/v2\/tags?post=321444"}],"curies":[{"name":"wp","href":"https:\/\/api.w.org\/{rel}","templated":true}]}}