{"id":321899,"date":"2024-01-12T10:03:30","date_gmt":"2024-01-12T09:03:30","guid":{"rendered":"https:\/\/www.intoscana.it\/it\/?p=321899"},"modified":"2024-01-12T14:27:30","modified_gmt":"2024-01-12T13:27:30","slug":"turismo-industriale-a-prato-le-aziende-aprono-le-porte-per-le-visite-guidate-di-tipo","status":"publish","type":"post","link":"https:\/\/www.intoscana.it\/it\/turismo-industriale-a-prato-le-aziende-aprono-le-porte-per-le-visite-guidate-di-tipo\/","title":{"rendered":"Turismo industriale: a Prato le aziende aprono le porte per le visite guidate di &#8220;TIPO&#8221;"},"content":{"rendered":"<p><strong>Le fabbriche di Prato<\/strong> che costituiscono il <strong><a href=\"https:\/\/www.intoscana.it\/it\/articolo\/distretto-del-tessile-di-prato-bando-da-25-milioni-per-la-transizione-ecologica-e-digitale\/\" target=\"_blank\" rel=\"noopener\">distretto tessile<\/a> pi\u00f9 grande d&#8217;Italia<\/strong> si raccontano e lo fanno aprendo le proprie porte a <strong>visite guidate ed eventi.<\/strong><\/p>\n<p>Questo \u00e8 l&#8217;obiettivo di <strong><em>&#8220;TIPO&#8221;<\/em><\/strong> il calendario di appuntamenti che <strong>dal 27 gennaio<\/strong> condurr\u00e0 i visitatori in <strong>un&#8217;esperienza di turismo industriale unica e originale.\u00a0<\/strong><\/p>\n<p><strong>TIPO \u2013 Turismo Industriale Prato<\/strong> offrir\u00e0 un approfondimento sulla storia, l\u2019architettura e il<strong> \u201csaper fare\u201d pratese<\/strong>: tra passato e presente, dalla tradizione dei <strong>cenciaioli alla green fashion,<\/strong> alla scoperta di un <strong>patrimonio di turismo e architettura industriale<\/strong> da vivere e conservare, per toccare con mano <strong>i tessuti.<\/strong><\/p>\n<p>Prato si conferma cos\u00ec come la <strong>capitale italiana del turismo industriale,<\/strong> una citt\u00e0 che pu\u00f2 vantare il <strong><a href=\"https:\/\/www.intoscana.it\/it\/articolo\/50-preziosi-kimono-giapponesi-in-mostra-al-museo-del-tessuto-di-prato\/\" target=\"_blank\" rel=\"noopener\">Museo del Tessuto<\/a>,<\/strong> il <a href=\"https:\/\/www.intoscana.it\/it\/articolo\/il-centro-pecci-di-prato-celebra-il-centenario-della-nascita-della-critica-darte-lara-vinca-masini\/\" target=\"_blank\" rel=\"noopener\"><strong>Centro per l&#8217;Arte Contemporanea Luigi Pecci<\/strong><\/a> e il <strong>Mumat \u2013 Museo delle macchine tessili<\/strong>, modello di imprenditorialit\u00e0, cura dell&#8217;ambiente e progettazione culturale.<\/p>\n<p>La stagione delle visite guidate si concluder\u00e0 con<strong> TIPO Festival, dal 12 al 14 aprile 2024. <\/strong>Sar\u00e0 un momento di confronto e approfondimento sullo <strong>stato dell\u2019arte del turismo industriale in Italia,<\/strong> che vede Prato protagonista e<strong> punto di riferimento a livello nazionale<\/strong> e non solo.<\/p>\n<p><em>\u201cSiamo soddisfatti per la nuova programmazione 2024 del progetto TIPO<\/em> \u2013 afferma <strong>Gabriele Bosi, assessore al turismo del Comune di Prato<\/strong> \u2013. <em>I nuovi appuntamenti dimostrano la vitalit\u00e0 di un progetto importante per l\u2019\u00e0mbito turistico pratese e che viene studiato come buona pratica in altre citt\u00e0 manifatturiere. Quest\u2019anno concluderemo la programmazione con la seconda edizione del Festival di TIPO, che sar\u00e0 una nuova occasione per confrontarci con altre realt\u00e0 di turismo industriale in collaborazione con la <strong>Regione e con Toscana Promozione Turistica.<\/strong> Prato si conferma punto di riferimento regionale e nazionale per questa importante tipologia di turismo esperienziale, su cui vogliamo continuare a investire\u201d.<\/em><\/p>\n<figure id=\"post-321911 media-321911\" class=\"align-none\"><img decoding=\"async\" src=\"https:\/\/www.intoscana.it\/wp-content\/uploads\/LENZI-EGISTO-IMG20231228104138-scaled.jpg\" alt=\"\" \/><\/figure>\n<h3>TIPO: il calendario degli appuntamenti<\/h3>\n<p><strong>Sabato 27 gennaio,<\/strong> dalle 15 alle 18<br \/>\n<strong>Green &amp; Social, tessuti rigenerati per un nuovo mondo<\/strong><br \/>\n<strong>Nova Fides, Tessitura Paola, Victory Caf\u00e9<\/strong><br \/>\nRitrovo alla Nova Fides, via Bisenzio 88, Montemurlo<br \/>\nVisita al lanificio Nova Fides e al suo reparto di tessitura, alla scoperta dei progetti sociali e di economia circolare dell&#8217;azienda. Al Victory Caf\u00e9, tra telai meccanici e antichi macchinari, visita al prezioso archivio di curiosit\u00e0 tessili e reperti industriali, accensione del telaio meccanico a navetta. Al termine, a richiesta, aperitivo (costo da pagare in loco).<br \/>\nPartenza con mezzi propri.<\/p>\n<p><strong>Sabato 24 febbraio, dalle 15 alle 18<\/strong><br \/>\n<strong>Ex Fabrica: rigenerazione urbana fra creativit\u00e0 e design<\/strong><br \/>\n<strong>Ex Lanificio Canovai, Camera di Commercio, Tribeca design<\/strong><br \/>\nRitrovo al parcheggio CCIAA lato via Pelagatti, Prato.<br \/>\nDal racconto dell\u2019ex lanificio Orindo Canovai e del suo nuovo progetto di recupero, si passa a visitare uno dei pi\u00f9 straordinari esempi di rigenerazione urbana di edifici tessili, l\u2019attuale Camera di Commercio e i suoi spazi pubblici (biblioteca, auditorium, corte interna), frutto di un importante concorso di idee. Si prosegue nella zona del Soccorso fino dove sorgeva il lanificio La Romita (location di \u201cGiovanna\u201d di Gillo Pontecorvo) per visitare la realt\u00e0 di oggi: Tribeca design, fucina creativa di oggettistica e interior design.<br \/>\nPercorso a piedi.<\/p>\n<p><strong>Sabato 23 marzo, dalle 15 alle 18<\/strong><br \/>\n<strong>Nella culla del tessile: tessuti nobili e hi-tech all\u2019ombra di secolari ciminiere<\/strong><br \/>\n<strong>Rifinizione Sirius, Lanificio Lenzi Egisto<\/strong><br \/>\nRitrovo piazza Mazzini, La Briglia, Vaiano<br \/>\nSulle sponde del Bisenzio, Sirius \u00e8 insediata all&#8217;interno del villaggio fabbrica de La Briglia che a fine Ottocento Beniamino Forti costru\u00ec intorno al suo lanificio a ciclo completo, ed \u00e8 attiva oggi nella follatura, tintoria e finissaggio di tessuti e materie prime, lavorazioni competitive per la nobilitazione del tessuto. Nel complesso di archeologia industriale di Gabolana a Vaiano, su cui domina la ciminiera del 1890, si trova invece la Lenzi Egisto, azienda con oltre 120 anni di storia. Partita con il tradizionale cardato riciclato, Lenzi oggi \u00e8 leader nelle produzioni hi-tech, con tessuti ignifughi, antiabrasione o antiperforazione impiegati nell\u2019abbigliamento da performance sportivo, medico e non solo, ma anche con tessuti green a partire dal PET delle bottiglie riciclate.<br \/>\nCon mezzi propri.<\/p>\n<figure id=\"post-321900 media-321900\" class=\"align-none\"><img decoding=\"async\" src=\"https:\/\/www.intoscana.it\/wp-content\/uploads\/NOVA-FIDES.jpg\" alt=\"\" \/><\/figure>\n<div class=\"titleimg\">NOVA FIDES<\/div>\n","protected":false},"excerpt":{"rendered":"<p>Da gennaio a marzo tornano gli itinerari del festival nato per far conoscere a tutti Prato e il distretto tessile, una delle realt\u00e0 di settore pi\u00f9 importanti in Italia<\/p>\n","protected":false},"author":518,"featured_media":321907,"comment_status":"open","ping_status":"open","sticky":false,"template":"","format":"standard","meta":{"_acf_changed":false,"footnotes":""},"categories":[9],"tags":[194,260,259,6562],"class_list":["post-321899","post","type-post","status-publish","format-standard","has-post-thumbnail","hentry","category-made-in-toscana","tag-aziende","tag-lavoro","tag-prato","tag-tessile"],"acf":[],"yoast_head":"<!-- This site is optimized with the Yoast SEO Premium plugin v24.2 (Yoast SEO v25.6) - https:\/\/yoast.com\/wordpress\/plugins\/seo\/ -->\n<title>Turismo industriale: a Prato le aziende aprono le porte per le visite guidate di &quot;TIPO&quot; - intoscana<\/title>\n<meta name=\"description\" content=\"Da gennaio a marzo tornano gli itinerari del festival nato per far conoscere a tutti Prato e il distretto tessile\" \/>\n<meta name=\"robots\" content=\"index, follow, max-snippet:-1, max-image-preview:large, max-video-preview:-1\" \/>\n<link rel=\"canonical\" href=\"https:\/\/www.intoscana.it\/it\/turismo-industriale-a-prato-le-aziende-aprono-le-porte-per-le-visite-guidate-di-tipo\/\" \/>\n<meta property=\"og:locale\" content=\"it_IT\" \/>\n<meta property=\"og:type\" content=\"article\" \/>\n<meta property=\"og:title\" content=\"Turismo industriale: a Prato le aziende aprono le porte per le visite guidate di &quot;TIPO&quot;\" \/>\n<meta property=\"og:description\" content=\"Da gennaio a marzo tornano gli itinerari del festival nato per far conoscere a tutti Prato e il distretto tessile\" \/>\n<meta property=\"og:url\" content=\"https:\/\/www.intoscana.it\/it\/turismo-industriale-a-prato-le-aziende-aprono-le-porte-per-le-visite-guidate-di-tipo\/\" \/>\n<meta property=\"og:site_name\" content=\"intoscana\" \/>\n<meta property=\"article:publisher\" content=\"https:\/\/www.facebook.com\/intoscana.it\" \/>\n<meta property=\"article:published_time\" content=\"2024-01-12T09:03:30+00:00\" \/>\n<meta property=\"article:modified_time\" content=\"2024-01-12T13:27:30+00:00\" \/>\n<meta property=\"og:image\" content=\"https:\/\/www.intoscana.it\/wp-content\/uploads\/Nova-Fides_06-foto-di-Filippo-Bardazzi-scaled.jpg\" \/>\n\t<meta property=\"og:image:width\" content=\"2048\" \/>\n\t<meta property=\"og:image:height\" content=\"1365\" \/>\n\t<meta property=\"og:image:type\" content=\"image\/jpeg\" \/>\n<meta name=\"author\" content=\"Costanza Baldini\" \/>\n<meta name=\"twitter:card\" content=\"summary_large_image\" \/>\n<meta name=\"twitter:creator\" content=\"@intoscana\" \/>\n<meta name=\"twitter:site\" content=\"@intoscana\" \/>\n<meta name=\"twitter:label1\" content=\"Written by\" \/>\n\t<meta name=\"twitter:data1\" content=\"Costanza Baldini\" \/>\n\t<meta name=\"twitter:label2\" content=\"Est. reading time\" \/>\n\t<meta name=\"twitter:data2\" content=\"3 minuti\" \/>\n<script type=\"application\/ld+json\" class=\"yoast-schema-graph\">{\"@context\":\"https:\/\/schema.org\",\"@graph\":[{\"@type\":\"WebPage\",\"@id\":\"https:\/\/www.intoscana.it\/it\/turismo-industriale-a-prato-le-aziende-aprono-le-porte-per-le-visite-guidate-di-tipo\/\",\"url\":\"https:\/\/www.intoscana.it\/it\/turismo-industriale-a-prato-le-aziende-aprono-le-porte-per-le-visite-guidate-di-tipo\/\",\"name\":\"Turismo industriale: a Prato le aziende aprono le porte per le visite guidate di \\\"TIPO\\\" - intoscana\",\"isPartOf\":{\"@id\":\"https:\/\/www.intoscana.it\/it\/#website\"},\"primaryImageOfPage\":{\"@id\":\"https:\/\/www.intoscana.it\/it\/turismo-industriale-a-prato-le-aziende-aprono-le-porte-per-le-visite-guidate-di-tipo\/#primaryimage\"},\"image\":{\"@id\":\"https:\/\/www.intoscana.it\/it\/turismo-industriale-a-prato-le-aziende-aprono-le-porte-per-le-visite-guidate-di-tipo\/#primaryimage\"},\"thumbnailUrl\":\"https:\/\/www.intoscana.it\/wp-content\/uploads\/Nova-Fides_06-foto-di-Filippo-Bardazzi-scaled.jpg\",\"datePublished\":\"2024-01-12T09:03:30+00:00\",\"dateModified\":\"2024-01-12T13:27:30+00:00\",\"author\":{\"@id\":\"https:\/\/www.intoscana.it\/it\/#\/schema\/person\/d469f35f09739bdf00bf5dd3f0647a82\"},\"description\":\"Da gennaio a marzo tornano gli itinerari del festival nato per far conoscere a tutti Prato e il distretto tessile\",\"breadcrumb\":{\"@id\":\"https:\/\/www.intoscana.it\/it\/turismo-industriale-a-prato-le-aziende-aprono-le-porte-per-le-visite-guidate-di-tipo\/#breadcrumb\"},\"inLanguage\":\"it-IT\",\"potentialAction\":[{\"@type\":\"ReadAction\",\"target\":[\"https:\/\/www.intoscana.it\/it\/turismo-industriale-a-prato-le-aziende-aprono-le-porte-per-le-visite-guidate-di-tipo\/\"]}]},{\"@type\":\"ImageObject\",\"inLanguage\":\"it-IT\",\"@id\":\"https:\/\/www.intoscana.it\/it\/turismo-industriale-a-prato-le-aziende-aprono-le-porte-per-le-visite-guidate-di-tipo\/#primaryimage\",\"url\":\"https:\/\/www.intoscana.it\/wp-content\/uploads\/Nova-Fides_06-foto-di-Filippo-Bardazzi-scaled.jpg\",\"contentUrl\":\"https:\/\/www.intoscana.it\/wp-content\/uploads\/Nova-Fides_06-foto-di-Filippo-Bardazzi-scaled.jpg\",\"width\":2048,\"height\":1365},{\"@type\":\"BreadcrumbList\",\"@id\":\"https:\/\/www.intoscana.it\/it\/turismo-industriale-a-prato-le-aziende-aprono-le-porte-per-le-visite-guidate-di-tipo\/#breadcrumb\",\"itemListElement\":[{\"@type\":\"ListItem\",\"position\":1,\"name\":\"Home\",\"item\":\"https:\/\/www.intoscana.it\/it\/\"},{\"@type\":\"ListItem\",\"position\":2,\"name\":\"Turismo industriale: a Prato le aziende aprono le porte per le visite guidate di &#8220;TIPO&#8221;\"}]},{\"@type\":\"WebSite\",\"@id\":\"https:\/\/www.intoscana.it\/it\/#website\",\"url\":\"https:\/\/www.intoscana.it\/it\/\",\"name\":\"intoscana\",\"description\":\"\",\"potentialAction\":[{\"@type\":\"SearchAction\",\"target\":{\"@type\":\"EntryPoint\",\"urlTemplate\":\"https:\/\/www.intoscana.it\/it\/?s={search_term_string}\"},\"query-input\":{\"@type\":\"PropertyValueSpecification\",\"valueRequired\":true,\"valueName\":\"search_term_string\"}}],\"inLanguage\":\"it-IT\"},{\"@type\":\"Person\",\"@id\":\"https:\/\/www.intoscana.it\/it\/#\/schema\/person\/d469f35f09739bdf00bf5dd3f0647a82\",\"name\":\"Costanza Baldini\",\"url\":\"https:\/\/www.intoscana.it\/it\/author\/costanza-baldini\/\"}]}<\/script>\n<!-- \/ Yoast SEO Premium plugin. -->","yoast_head_json":{"title":"Turismo industriale: a Prato le aziende aprono le porte per le visite guidate di \"TIPO\" - intoscana","description":"Da gennaio a marzo tornano gli itinerari del festival nato per far conoscere a tutti Prato e il distretto tessile","robots":{"index":"index","follow":"follow","max-snippet":"max-snippet:-1","max-image-preview":"max-image-preview:large","max-video-preview":"max-video-preview:-1"},"canonical":"https:\/\/www.intoscana.it\/it\/turismo-industriale-a-prato-le-aziende-aprono-le-porte-per-le-visite-guidate-di-tipo\/","og_locale":"it_IT","og_type":"article","og_title":"Turismo industriale: a Prato le aziende aprono le porte per le visite guidate di \"TIPO\"","og_description":"Da gennaio a marzo tornano gli itinerari del festival nato per far conoscere a tutti Prato e il distretto tessile","og_url":"https:\/\/www.intoscana.it\/it\/turismo-industriale-a-prato-le-aziende-aprono-le-porte-per-le-visite-guidate-di-tipo\/","og_site_name":"intoscana","article_publisher":"https:\/\/www.facebook.com\/intoscana.it","article_published_time":"2024-01-12T09:03:30+00:00","article_modified_time":"2024-01-12T13:27:30+00:00","og_image":[{"width":2048,"height":1365,"url":"https:\/\/www.intoscana.it\/wp-content\/uploads\/Nova-Fides_06-foto-di-Filippo-Bardazzi-scaled.jpg","type":"image\/jpeg"}],"author":"Costanza Baldini","twitter_card":"summary_large_image","twitter_creator":"@intoscana","twitter_site":"@intoscana","twitter_misc":{"Written by":"Costanza Baldini","Est. reading time":"3 minuti"},"schema":{"@context":"https:\/\/schema.org","@graph":[{"@type":"WebPage","@id":"https:\/\/www.intoscana.it\/it\/turismo-industriale-a-prato-le-aziende-aprono-le-porte-per-le-visite-guidate-di-tipo\/","url":"https:\/\/www.intoscana.it\/it\/turismo-industriale-a-prato-le-aziende-aprono-le-porte-per-le-visite-guidate-di-tipo\/","name":"Turismo industriale: a Prato le aziende aprono le porte per le visite guidate di \"TIPO\" - intoscana","isPartOf":{"@id":"https:\/\/www.intoscana.it\/it\/#website"},"primaryImageOfPage":{"@id":"https:\/\/www.intoscana.it\/it\/turismo-industriale-a-prato-le-aziende-aprono-le-porte-per-le-visite-guidate-di-tipo\/#primaryimage"},"image":{"@id":"https:\/\/www.intoscana.it\/it\/turismo-industriale-a-prato-le-aziende-aprono-le-porte-per-le-visite-guidate-di-tipo\/#primaryimage"},"thumbnailUrl":"https:\/\/www.intoscana.it\/wp-content\/uploads\/Nova-Fides_06-foto-di-Filippo-Bardazzi-scaled.jpg","datePublished":"2024-01-12T09:03:30+00:00","dateModified":"2024-01-12T13:27:30+00:00","author":{"@id":"https:\/\/www.intoscana.it\/it\/#\/schema\/person\/d469f35f09739bdf00bf5dd3f0647a82"},"description":"Da gennaio a marzo tornano gli itinerari del festival nato per far conoscere a tutti Prato e il distretto tessile","breadcrumb":{"@id":"https:\/\/www.intoscana.it\/it\/turismo-industriale-a-prato-le-aziende-aprono-le-porte-per-le-visite-guidate-di-tipo\/#breadcrumb"},"inLanguage":"it-IT","potentialAction":[{"@type":"ReadAction","target":["https:\/\/www.intoscana.it\/it\/turismo-industriale-a-prato-le-aziende-aprono-le-porte-per-le-visite-guidate-di-tipo\/"]}]},{"@type":"ImageObject","inLanguage":"it-IT","@id":"https:\/\/www.intoscana.it\/it\/turismo-industriale-a-prato-le-aziende-aprono-le-porte-per-le-visite-guidate-di-tipo\/#primaryimage","url":"https:\/\/www.intoscana.it\/wp-content\/uploads\/Nova-Fides_06-foto-di-Filippo-Bardazzi-scaled.jpg","contentUrl":"https:\/\/www.intoscana.it\/wp-content\/uploads\/Nova-Fides_06-foto-di-Filippo-Bardazzi-scaled.jpg","width":2048,"height":1365},{"@type":"BreadcrumbList","@id":"https:\/\/www.intoscana.it\/it\/turismo-industriale-a-prato-le-aziende-aprono-le-porte-per-le-visite-guidate-di-tipo\/#breadcrumb","itemListElement":[{"@type":"ListItem","position":1,"name":"Home","item":"https:\/\/www.intoscana.it\/it\/"},{"@type":"ListItem","position":2,"name":"Turismo industriale: a Prato le aziende aprono le porte per le visite guidate di &#8220;TIPO&#8221;"}]},{"@type":"WebSite","@id":"https:\/\/www.intoscana.it\/it\/#website","url":"https:\/\/www.intoscana.it\/it\/","name":"intoscana","description":"","potentialAction":[{"@type":"SearchAction","target":{"@type":"EntryPoint","urlTemplate":"https:\/\/www.intoscana.it\/it\/?s={search_term_string}"},"query-input":{"@type":"PropertyValueSpecification","valueRequired":true,"valueName":"search_term_string"}}],"inLanguage":"it-IT"},{"@type":"Person","@id":"https:\/\/www.intoscana.it\/it\/#\/schema\/person\/d469f35f09739bdf00bf5dd3f0647a82","name":"Costanza Baldini","url":"https:\/\/www.intoscana.it\/it\/author\/costanza-baldini\/"}]}},"_links":{"self":[{"href":"https:\/\/www.intoscana.it\/it\/wp-json\/wp\/v2\/posts\/321899","targetHints":{"allow":["GET"]}}],"collection":[{"href":"https:\/\/www.intoscana.it\/it\/wp-json\/wp\/v2\/posts"}],"about":[{"href":"https:\/\/www.intoscana.it\/it\/wp-json\/wp\/v2\/types\/post"}],"author":[{"embeddable":true,"href":"https:\/\/www.intoscana.it\/it\/wp-json\/wp\/v2\/users\/518"}],"replies":[{"embeddable":true,"href":"https:\/\/www.intoscana.it\/it\/wp-json\/wp\/v2\/comments?post=321899"}],"version-history":[{"count":10,"href":"https:\/\/www.intoscana.it\/it\/wp-json\/wp\/v2\/posts\/321899\/revisions"}],"predecessor-version":[{"id":322105,"href":"https:\/\/www.intoscana.it\/it\/wp-json\/wp\/v2\/posts\/321899\/revisions\/322105"}],"wp:featuredmedia":[{"embeddable":true,"href":"https:\/\/www.intoscana.it\/it\/wp-json\/wp\/v2\/media\/321907"}],"wp:attachment":[{"href":"https:\/\/www.intoscana.it\/it\/wp-json\/wp\/v2\/media?parent=321899"}],"wp:term":[{"taxonomy":"category","embeddable":true,"href":"https:\/\/www.intoscana.it\/it\/wp-json\/wp\/v2\/categories?post=321899"},{"taxonomy":"post_tag","embeddable":true,"href":"https:\/\/www.intoscana.it\/it\/wp-json\/wp\/v2\/tags?post=321899"}],"curies":[{"name":"wp","href":"https:\/\/api.w.org\/{rel}","templated":true}]}}