{"id":321981,"date":"2024-01-12T12:20:52","date_gmt":"2024-01-12T11:20:52","guid":{"rendered":"https:\/\/www.intoscana.it\/it\/?p=321981"},"modified":"2024-01-12T12:42:21","modified_gmt":"2024-01-12T11:42:21","slug":"garfagnana-il-volo-dellangelo-piu-lungo-deuropa-con-i-fondi-del-pnrr","status":"publish","type":"post","link":"https:\/\/www.intoscana.it\/it\/garfagnana-il-volo-dellangelo-piu-lungo-deuropa-con-i-fondi-del-pnrr\/","title":{"rendered":"Garfagnana, il volo dell&#8217;angelo pi\u00f9 lungo d&#8217;Europa con i fondi del Pnrr"},"content":{"rendered":"<p><mark>Oltre 3 km a volo d&#8217;angelo sopra le Apuane<\/mark>: a rendere possibile questa esperienza mozzafiato sar\u00e0 <strong>la zipline pi\u00f9 lunga d&#8217;Europa<\/strong>. A rendere possibile la realizzazione di questo ambizioso progetto <strong>in Garfagnana<\/strong> il bando del Pnrr destinato ai piccoli comuni a vocazione turistica.<\/p>\n<p><strong>Fabbriche di Vergemoli<\/strong> \u00e8 arrivato al primo posto nella graduatoria per l&#8217;Italia Centrale. A condividere la vetta c&#8217;\u00e8 pure l&#8217;amministrazione\u00a0 di <strong>Molazzana<\/strong>. Un modo per la Garfagnana di fare squadra e puntare con sempre pi\u00f9 maggiore fermezza alle <strong>potenzialit\u00e0 turistiche<\/strong> del territorio.<\/p>\n<h3>La zipline pi\u00f9 lunga d&#8217;Europa<\/h3>\n<p>&#8220;<em>Il Comune di Fabbriche di Vergemoli \u00e8 riuscito ad aggiudicarsi la vittoria del Bando promosso dal Ministero del Turismo che ci permetter\u00e0 di realizzare innumerevoli interventi tra cui la zipline pi\u00f9 lunga d&#8217;Europa&#8221;<\/em> esulta il sindaco di Fabbriche di Vergemoli <strong>Michele Giannini<\/strong>.<\/p>\n<p>Punto di partenza per il <strong>volo d&#8217;angelo<\/strong> dei record la <strong>Grotta del Vento<\/strong>. Il maxi cavo d&#8217;acciaio a cui verranno agganciate le carrucole destinate a trasportare i <strong>turisti<\/strong> opportunamente imbragati, punter\u00e0 verso <strong>l&#8217;abitato di Vergemoli<\/strong>. Non un unico cavo, va detto, ma <strong>un viaggio a tappe<\/strong> per <strong>un circuito di circa 3,4 km<\/strong> come puntualizza il primo cittadino. L&#8217;obiettivo \u00e8 di consentire di spostarsi anche a piedi.<\/p>\n<p>Il <strong>via ai lavori<\/strong>, come puntualizzato dal sindaco Giannini, \u00e8 previsto <strong>nella seconda met\u00e0 di quest&#8217;anno<\/strong>. L&#8217;obiettivo \u00e8 di completare i lavori per la <strong>primavera del 2025<\/strong>. Per la realizzazione dell&#8217;opera saranno destinati circa <strong>200mila euro<\/strong>.<\/p>\n<div class=\"focuson\"><a href=\"https:\/\/www.intoscana.it\/it\/articolo\/visitare-parco-alpi-apuane\/\"><img decoding=\"async\" class=\"lazy\" src=\"https:\/\/www.intoscana.it\/wp-content\/uploads\/La-Grotta-del-Vento-in-Garfagnana-\u00a9-Grotta-del-Vento.jpeg\" style=\"\">\n                <div class=\"cat\">In cammino sulle Alpi Apuane tra marmo, storia e rifugi<\/div>\n                <h4>Escursioni a piedi, a cavallo o in mountain bike tra falchi pellegrini e volpi<\/h4><\/a>\n              <\/div>\n<p>Il <strong>volo dell&#8217;angelo<\/strong>, la zipline che porta questo nome si trova vicino Potenza e collega Pietrapertosa a Castelmezzano, richiamer\u00e0 <strong>turisti da tutta Italia<\/strong> e dall&#8217;estero e diventer\u00e0 un volano per l&#8217;economia turistica non solo della Garfagnana, ma di tutta la provincia di Lucca. La zipline non solo creer\u00e0 occupazione, si parla di <strong>5 nuovi posti di lavoro<\/strong>, ma negli 8 mesi d&#8217;apertura all&#8217;anno dovrebbe poter contare a regime su <strong>almeno 10 mila visitatori<\/strong> stagionali.<\/p>\n<p>La possibilit\u00e0 di sorvolare l&#8217;Alta Garfagnana gi\u00e0 c&#8217;\u00e8 sopra <strong>Vagli di Sotto<\/strong>: una zipline da 1500 metri di lunghezza e 350 metri di altezza da affrontare a 130 km\/h. Da affrontare <strong>in stile freestyle, angelo, o seduto<\/strong> per una discesa mozzafiato. Non lontano da l\u00ec il <strong>Parco dell\u2019Onore e del Disonore<\/strong> e il <strong>Ponte Sospeso<\/strong>.<\/p>\n<p>La <strong>zipline pi\u00f9 lunga d&#8217;Europa<\/strong> si va a inserire in un pi\u00f9 ambito progetto di rigenerazione urbana e promozione turistica dell&#8217;<strong>Alta Garfagnana<\/strong>. I comuni di <strong>Fabbriche di Vergemoli e Molazzana<\/strong> hanno partecipato e vinto il bando ministeriale riservato ai Comuni sotto i 5 mila abitanti.<\/p>\n<h3>I fondi del Pnrr per l&#8217;Alta Garfagnana<\/h3>\n<p>I due enti hanno ottenuto la cifra di <strong>1.427.683,40 euro per il triennio 2023-2025<\/strong>. Con il contributo di circa 500 mila euro da parte dei due comuni, si arriva a un importo di <strong>oltre 2 milioni di euro<\/strong>. Fondi da destinare a interventi innovativi di <strong>accessibilit\u00e0 e mobilit\u00e0<\/strong> e progetti nel segno della <strong>rigenerazione urbana<\/strong> e della <strong>sostenibilit\u00e0 ambientale<\/strong>.<\/p>\n<p>Sono destinati 500 mila euro alla valorizzazione del borgo di <strong>Eglio-Sassi<\/strong> e dell\u2019<strong>area Scheffel<\/strong> a <strong>Fabbriche di Vallico<\/strong>. Circa 70 mila euro serviranno per lo studio della promozione turistica: ricerca da compiere in collaborazione con la Fondazione Campus. Altri 70mila euro sono destinati all\u2019<strong>Alpe di Sant\u2019Antonio<\/strong>.<\/p>\n<h3>I sentieri del CAI e i mezzi elettrici<\/h3>\n<p>Non solo il <strong>volo d&#8217;angelo<\/strong> per apprezzare e visitare la Valle del Serchio. Fondi sono in programma per il recupero degli <strong>antichi lavatoi a Brucciano e San Luigi<\/strong> e una riqualificazione dell\u2019<strong>area di Gragliana<\/strong>. Un contributo di 50 mila euro \u00e8 stanziato per il CAI: cos\u00ec si potranno effettuare manutenzione, messa in sicurezza e valorizzazione dei sentieri della <strong>Pania della Croce<\/strong> e del territorio di <strong>Fabbriche di Vergemoli<\/strong>.<\/p>\n<p>Oltre 250mila euro sono per gli abitati di <strong>Vergemoli e Molazzana<\/strong> e oltre 100 mila euro per il <strong>Parco Levigliese<\/strong>. In un&#8217;ottica di promozione turistica \u00e8 previsto l\u2019acquisto di <strong>mezzi elettrici<\/strong> da mettere a disposizione dei turisti nei due Comuni. Inoltre saranno realizzati <strong>parchi giochi<\/strong> e si proceder\u00e0 alla <strong>riqualificazione dell\u2019area Mulini<\/strong>.<\/p>\n","protected":false},"excerpt":{"rendered":"<p>La zipline, oltre 3 km sulle Apuane, collegher\u00e0 in pi\u00f9 tappe la Grotta del Vento al borgo di Vergemoli con evidenti benefici per il turismo<\/p>\n","protected":false},"author":554,"featured_media":74062,"comment_status":"open","ping_status":"open","sticky":false,"template":"","format":"standard","meta":{"_acf_changed":false,"footnotes":""},"categories":[9],"tags":[4437,6296],"class_list":["post-321981","post","type-post","status-publish","format-standard","has-post-thumbnail","hentry","category-made-in-toscana","tag-garfagnana","tag-pnrr"],"acf":[],"yoast_head":"<!-- This site is optimized with the Yoast SEO Premium plugin v24.2 (Yoast SEO v25.6) - https:\/\/yoast.com\/wordpress\/plugins\/seo\/ -->\n<title>Garfagnana, il volo dell&#039;angelo pi\u00f9 lungo d&#039;Europa con i fondi del Pnrr - intoscana<\/title>\n<meta name=\"description\" content=\"La zipline, oltre 3 km sulle Apuane, collegher\u00e0 in pi\u00f9 tappe la Grotta del Vento al borgo di Vergemoli con evidenti benefici per il turismo\" \/>\n<meta name=\"robots\" content=\"index, follow, max-snippet:-1, max-image-preview:large, max-video-preview:-1\" \/>\n<link rel=\"canonical\" href=\"https:\/\/www.intoscana.it\/it\/garfagnana-il-volo-dellangelo-piu-lungo-deuropa-con-i-fondi-del-pnrr\/\" \/>\n<meta property=\"og:locale\" content=\"it_IT\" \/>\n<meta property=\"og:type\" content=\"article\" \/>\n<meta property=\"og:title\" content=\"Garfagnana, il volo dell&#039;angelo pi\u00f9 lungo d&#039;Europa con i fondi del Pnrr\" \/>\n<meta property=\"og:description\" content=\"La zipline, oltre 3 km sulle Apuane, collegher\u00e0 in pi\u00f9 tappe la Grotta del Vento al borgo di Vergemoli con evidenti benefici per il turismo\" \/>\n<meta property=\"og:url\" content=\"https:\/\/www.intoscana.it\/it\/garfagnana-il-volo-dellangelo-piu-lungo-deuropa-con-i-fondi-del-pnrr\/\" \/>\n<meta property=\"og:site_name\" content=\"intoscana\" \/>\n<meta property=\"article:publisher\" content=\"https:\/\/www.facebook.com\/intoscana.it\" \/>\n<meta property=\"article:published_time\" content=\"2024-01-12T11:20:52+00:00\" \/>\n<meta property=\"article:modified_time\" content=\"2024-01-12T11:42:21+00:00\" \/>\n<meta property=\"og:image\" content=\"https:\/\/www.intoscana.it\/wp-content\/uploads\/volo-angelo.jpg\" \/>\n\t<meta property=\"og:image:width\" content=\"900\" \/>\n\t<meta property=\"og:image:height\" content=\"556\" \/>\n\t<meta property=\"og:image:type\" content=\"image\/jpeg\" \/>\n<meta name=\"author\" content=\"Raffaella Galamini\" \/>\n<meta name=\"twitter:card\" content=\"summary_large_image\" \/>\n<meta name=\"twitter:creator\" content=\"@orio\" \/>\n<meta name=\"twitter:site\" content=\"@intoscana\" \/>\n<meta name=\"twitter:label1\" content=\"Written by\" \/>\n\t<meta name=\"twitter:data1\" content=\"Raffaella Galamini\" \/>\n\t<meta name=\"twitter:label2\" content=\"Est. reading time\" \/>\n\t<meta name=\"twitter:data2\" content=\"3 minuti\" \/>\n<script type=\"application\/ld+json\" class=\"yoast-schema-graph\">{\"@context\":\"https:\/\/schema.org\",\"@graph\":[{\"@type\":\"WebPage\",\"@id\":\"https:\/\/www.intoscana.it\/it\/garfagnana-il-volo-dellangelo-piu-lungo-deuropa-con-i-fondi-del-pnrr\/\",\"url\":\"https:\/\/www.intoscana.it\/it\/garfagnana-il-volo-dellangelo-piu-lungo-deuropa-con-i-fondi-del-pnrr\/\",\"name\":\"Garfagnana, il volo dell'angelo pi\u00f9 lungo d'Europa con i fondi del Pnrr - intoscana\",\"isPartOf\":{\"@id\":\"https:\/\/www.intoscana.it\/it\/#website\"},\"primaryImageOfPage\":{\"@id\":\"https:\/\/www.intoscana.it\/it\/garfagnana-il-volo-dellangelo-piu-lungo-deuropa-con-i-fondi-del-pnrr\/#primaryimage\"},\"image\":{\"@id\":\"https:\/\/www.intoscana.it\/it\/garfagnana-il-volo-dellangelo-piu-lungo-deuropa-con-i-fondi-del-pnrr\/#primaryimage\"},\"thumbnailUrl\":\"https:\/\/www.intoscana.it\/wp-content\/uploads\/volo-angelo.jpg\",\"datePublished\":\"2024-01-12T11:20:52+00:00\",\"dateModified\":\"2024-01-12T11:42:21+00:00\",\"author\":{\"@id\":\"https:\/\/www.intoscana.it\/it\/#\/schema\/person\/9eb9daa846a49fe51af39a73d9d1986b\"},\"description\":\"La zipline, oltre 3 km sulle Apuane, collegher\u00e0 in pi\u00f9 tappe la Grotta del Vento al borgo di Vergemoli con evidenti benefici per il turismo\",\"breadcrumb\":{\"@id\":\"https:\/\/www.intoscana.it\/it\/garfagnana-il-volo-dellangelo-piu-lungo-deuropa-con-i-fondi-del-pnrr\/#breadcrumb\"},\"inLanguage\":\"it-IT\",\"potentialAction\":[{\"@type\":\"ReadAction\",\"target\":[\"https:\/\/www.intoscana.it\/it\/garfagnana-il-volo-dellangelo-piu-lungo-deuropa-con-i-fondi-del-pnrr\/\"]}]},{\"@type\":\"ImageObject\",\"inLanguage\":\"it-IT\",\"@id\":\"https:\/\/www.intoscana.it\/it\/garfagnana-il-volo-dellangelo-piu-lungo-deuropa-con-i-fondi-del-pnrr\/#primaryimage\",\"url\":\"https:\/\/www.intoscana.it\/wp-content\/uploads\/volo-angelo.jpg\",\"contentUrl\":\"https:\/\/www.intoscana.it\/wp-content\/uploads\/volo-angelo.jpg\",\"width\":900,\"height\":556},{\"@type\":\"BreadcrumbList\",\"@id\":\"https:\/\/www.intoscana.it\/it\/garfagnana-il-volo-dellangelo-piu-lungo-deuropa-con-i-fondi-del-pnrr\/#breadcrumb\",\"itemListElement\":[{\"@type\":\"ListItem\",\"position\":1,\"name\":\"Home\",\"item\":\"https:\/\/www.intoscana.it\/it\/\"},{\"@type\":\"ListItem\",\"position\":2,\"name\":\"Garfagnana, il volo dell&#8217;angelo pi\u00f9 lungo d&#8217;Europa con i fondi del Pnrr\"}]},{\"@type\":\"WebSite\",\"@id\":\"https:\/\/www.intoscana.it\/it\/#website\",\"url\":\"https:\/\/www.intoscana.it\/it\/\",\"name\":\"intoscana\",\"description\":\"\",\"potentialAction\":[{\"@type\":\"SearchAction\",\"target\":{\"@type\":\"EntryPoint\",\"urlTemplate\":\"https:\/\/www.intoscana.it\/it\/?s={search_term_string}\"},\"query-input\":{\"@type\":\"PropertyValueSpecification\",\"valueRequired\":true,\"valueName\":\"search_term_string\"}}],\"inLanguage\":\"it-IT\"},{\"@type\":\"Person\",\"@id\":\"https:\/\/www.intoscana.it\/it\/#\/schema\/person\/9eb9daa846a49fe51af39a73d9d1986b\",\"name\":\"Raffaella Galamini\",\"sameAs\":[\"https:\/\/x.com\/orio\"],\"url\":\"https:\/\/www.intoscana.it\/it\/author\/r-galamini\/\"}]}<\/script>\n<!-- \/ Yoast SEO Premium plugin. -->","yoast_head_json":{"title":"Garfagnana, il volo dell'angelo pi\u00f9 lungo d'Europa con i fondi del Pnrr - intoscana","description":"La zipline, oltre 3 km sulle Apuane, collegher\u00e0 in pi\u00f9 tappe la Grotta del Vento al borgo di Vergemoli con evidenti benefici per il turismo","robots":{"index":"index","follow":"follow","max-snippet":"max-snippet:-1","max-image-preview":"max-image-preview:large","max-video-preview":"max-video-preview:-1"},"canonical":"https:\/\/www.intoscana.it\/it\/garfagnana-il-volo-dellangelo-piu-lungo-deuropa-con-i-fondi-del-pnrr\/","og_locale":"it_IT","og_type":"article","og_title":"Garfagnana, il volo dell'angelo pi\u00f9 lungo d'Europa con i fondi del Pnrr","og_description":"La zipline, oltre 3 km sulle Apuane, collegher\u00e0 in pi\u00f9 tappe la Grotta del Vento al borgo di Vergemoli con evidenti benefici per il turismo","og_url":"https:\/\/www.intoscana.it\/it\/garfagnana-il-volo-dellangelo-piu-lungo-deuropa-con-i-fondi-del-pnrr\/","og_site_name":"intoscana","article_publisher":"https:\/\/www.facebook.com\/intoscana.it","article_published_time":"2024-01-12T11:20:52+00:00","article_modified_time":"2024-01-12T11:42:21+00:00","og_image":[{"width":900,"height":556,"url":"https:\/\/www.intoscana.it\/wp-content\/uploads\/volo-angelo.jpg","type":"image\/jpeg"}],"author":"Raffaella Galamini","twitter_card":"summary_large_image","twitter_creator":"@orio","twitter_site":"@intoscana","twitter_misc":{"Written by":"Raffaella Galamini","Est. reading time":"3 minuti"},"schema":{"@context":"https:\/\/schema.org","@graph":[{"@type":"WebPage","@id":"https:\/\/www.intoscana.it\/it\/garfagnana-il-volo-dellangelo-piu-lungo-deuropa-con-i-fondi-del-pnrr\/","url":"https:\/\/www.intoscana.it\/it\/garfagnana-il-volo-dellangelo-piu-lungo-deuropa-con-i-fondi-del-pnrr\/","name":"Garfagnana, il volo dell'angelo pi\u00f9 lungo d'Europa con i fondi del Pnrr - intoscana","isPartOf":{"@id":"https:\/\/www.intoscana.it\/it\/#website"},"primaryImageOfPage":{"@id":"https:\/\/www.intoscana.it\/it\/garfagnana-il-volo-dellangelo-piu-lungo-deuropa-con-i-fondi-del-pnrr\/#primaryimage"},"image":{"@id":"https:\/\/www.intoscana.it\/it\/garfagnana-il-volo-dellangelo-piu-lungo-deuropa-con-i-fondi-del-pnrr\/#primaryimage"},"thumbnailUrl":"https:\/\/www.intoscana.it\/wp-content\/uploads\/volo-angelo.jpg","datePublished":"2024-01-12T11:20:52+00:00","dateModified":"2024-01-12T11:42:21+00:00","author":{"@id":"https:\/\/www.intoscana.it\/it\/#\/schema\/person\/9eb9daa846a49fe51af39a73d9d1986b"},"description":"La zipline, oltre 3 km sulle Apuane, collegher\u00e0 in pi\u00f9 tappe la Grotta del Vento al borgo di Vergemoli con evidenti benefici per il turismo","breadcrumb":{"@id":"https:\/\/www.intoscana.it\/it\/garfagnana-il-volo-dellangelo-piu-lungo-deuropa-con-i-fondi-del-pnrr\/#breadcrumb"},"inLanguage":"it-IT","potentialAction":[{"@type":"ReadAction","target":["https:\/\/www.intoscana.it\/it\/garfagnana-il-volo-dellangelo-piu-lungo-deuropa-con-i-fondi-del-pnrr\/"]}]},{"@type":"ImageObject","inLanguage":"it-IT","@id":"https:\/\/www.intoscana.it\/it\/garfagnana-il-volo-dellangelo-piu-lungo-deuropa-con-i-fondi-del-pnrr\/#primaryimage","url":"https:\/\/www.intoscana.it\/wp-content\/uploads\/volo-angelo.jpg","contentUrl":"https:\/\/www.intoscana.it\/wp-content\/uploads\/volo-angelo.jpg","width":900,"height":556},{"@type":"BreadcrumbList","@id":"https:\/\/www.intoscana.it\/it\/garfagnana-il-volo-dellangelo-piu-lungo-deuropa-con-i-fondi-del-pnrr\/#breadcrumb","itemListElement":[{"@type":"ListItem","position":1,"name":"Home","item":"https:\/\/www.intoscana.it\/it\/"},{"@type":"ListItem","position":2,"name":"Garfagnana, il volo dell&#8217;angelo pi\u00f9 lungo d&#8217;Europa con i fondi del Pnrr"}]},{"@type":"WebSite","@id":"https:\/\/www.intoscana.it\/it\/#website","url":"https:\/\/www.intoscana.it\/it\/","name":"intoscana","description":"","potentialAction":[{"@type":"SearchAction","target":{"@type":"EntryPoint","urlTemplate":"https:\/\/www.intoscana.it\/it\/?s={search_term_string}"},"query-input":{"@type":"PropertyValueSpecification","valueRequired":true,"valueName":"search_term_string"}}],"inLanguage":"it-IT"},{"@type":"Person","@id":"https:\/\/www.intoscana.it\/it\/#\/schema\/person\/9eb9daa846a49fe51af39a73d9d1986b","name":"Raffaella Galamini","sameAs":["https:\/\/x.com\/orio"],"url":"https:\/\/www.intoscana.it\/it\/author\/r-galamini\/"}]}},"_links":{"self":[{"href":"https:\/\/www.intoscana.it\/it\/wp-json\/wp\/v2\/posts\/321981","targetHints":{"allow":["GET"]}}],"collection":[{"href":"https:\/\/www.intoscana.it\/it\/wp-json\/wp\/v2\/posts"}],"about":[{"href":"https:\/\/www.intoscana.it\/it\/wp-json\/wp\/v2\/types\/post"}],"author":[{"embeddable":true,"href":"https:\/\/www.intoscana.it\/it\/wp-json\/wp\/v2\/users\/554"}],"replies":[{"embeddable":true,"href":"https:\/\/www.intoscana.it\/it\/wp-json\/wp\/v2\/comments?post=321981"}],"version-history":[{"count":11,"href":"https:\/\/www.intoscana.it\/it\/wp-json\/wp\/v2\/posts\/321981\/revisions"}],"predecessor-version":[{"id":322042,"href":"https:\/\/www.intoscana.it\/it\/wp-json\/wp\/v2\/posts\/321981\/revisions\/322042"}],"wp:featuredmedia":[{"embeddable":true,"href":"https:\/\/www.intoscana.it\/it\/wp-json\/wp\/v2\/media\/74062"}],"wp:attachment":[{"href":"https:\/\/www.intoscana.it\/it\/wp-json\/wp\/v2\/media?parent=321981"}],"wp:term":[{"taxonomy":"category","embeddable":true,"href":"https:\/\/www.intoscana.it\/it\/wp-json\/wp\/v2\/categories?post=321981"},{"taxonomy":"post_tag","embeddable":true,"href":"https:\/\/www.intoscana.it\/it\/wp-json\/wp\/v2\/tags?post=321981"}],"curies":[{"name":"wp","href":"https:\/\/api.w.org\/{rel}","templated":true}]}}