{"id":321997,"date":"2024-01-12T11:31:13","date_gmt":"2024-01-12T10:31:13","guid":{"rendered":"https:\/\/www.intoscana.it\/it\/?p=321997"},"modified":"2024-01-15T14:06:00","modified_gmt":"2024-01-15T13:06:00","slug":"disuaglianze-reddito-studio-sant-anna","status":"publish","type":"post","link":"https:\/\/www.intoscana.it\/it\/disuaglianze-reddito-studio-sant-anna\/","title":{"rendered":"L&#8217;1% degli italiani pi\u00f9 ricchi paga meno tasse degli altri: lo studio della Sant&#8217;Anna"},"content":{"rendered":"<p>Un&#8217;Italia dove i poveri guadagnano sempre di meno, i ricchi sempre di pi\u00f9 e pagano anche meno tasse. \u00c8 questa la fotografia sulle <strong>disuguaglianze<\/strong> dei redditi italiani scattata dallo studio congiunto della <strong>Scuola Superiore Sant\u2019Anna di Pisa<\/strong> e dell&#8217;Universit\u00e0 di Milano &#8211; Bicocca, che mostra come <mark>l\u20191% pi\u00f9 ricco degli italiani in proporzione paghi meno tasse rispetto al restante 99% dei contribuenti.<\/mark> Il 5% degli italiani pi\u00f9 abbienti infatti paga un\u2019aliquota effettiva che \u00e8 inferiore a quella del 95% dei contribuenti.<br \/>\nInoltre sono i <strong>lavoratori dipendenti<\/strong> a pagare pi\u00f9 tasse, seguiti dai lavoratori autonomi e dai pensionati, mentre a pagare di meno \u00e8 chi percepisce soprattutto rendite finanziarie e locazioni immobiliari.<\/p>\n<h3>La met\u00e0 pi\u00f9 povera degli italiani vive con 13mila euro all&#8217;anno<\/h3>\n<p><em>\u201cQuesto lavoro \u2013 <\/em>spiega uno degli autori dello studio e ricercatore della Sant&#8217;Anna, <strong>Demetrio Guzzardi<\/strong><em> &#8211; <strong>combina diverse fonti di dati<\/strong>, quali dichiarazioni dei redditi, indagini campionarie di Istat e Banca d&#8217;Italia, stime sulla distribuzione del patrimonio netto, per distribuire a livello individuale l\u2019intero \u2018<strong>reddito nazionale netto\u2019<\/strong>, corretto per l\u2019evasione fiscale. Cos\u00ec \u00e8 stato possibile identificare le fasce di reddito che hanno perso di pi\u00f9 negli ultimi anni\u201d.<\/em><\/p>\n<p>Ricercatrici e ricercatori hanno infatti stimato che dal <strong>2004 <\/strong>al<strong> 2015<\/strong>, mentre il reddito nazionale reale si riduceva del 15%, <mark>il 50% pi\u00f9 povero degli italiani subiva la maggiore perdita con un calo di circa il 30%.<\/mark> Questa met\u00e0 pi\u00f9 povera di popolazione vive con meno di <strong>13mila euro all\u2019anno <\/strong>e detiene meno del 17% del reddito nazionale.<br \/>\nTra i meno abbienti ad essere pi\u00f9 colpiti <strong>sono giovani tra i 18 e i 35 anni<\/strong>, che hanno perso circa il <strong>42% del loro reddito<\/strong>. Cattive notizie anche per le <strong>donne<\/strong>, che guadagnano meno degli uomini in ogni classe di reddito ma soprattutto nell\u20191% pi\u00f9 ricco della distribuzione, dove il reddito femminile \u00e8 circa la met\u00e0 di quello maschile.<\/p>\n<h3>L&#8217;1% pi\u00f9 ricco detiene il 12% del reddito nazionale: 310mila euro all&#8217;anno<\/h3>\n<p>Invece, sottolinea <strong>Elisa Palagi<\/strong>, autrice dello studio e ricercatrice della Sant\u2019Anna \u201c<em>l\u2019<strong>1% pi\u00f9 ricco<\/strong> del Paese <strong>detiene circa il 12% del reddito nazionale<\/strong>, cio\u00e8 una media di <strong>310 mila euro all\u2019anno<\/strong>, ottenuti soprattutto da redditi finanziari, profitti societari e redditi da lavoro autonomo, in gran parte derivante dal ruolo di amministratori societari. Solo una ridottissima parte dei redditi dei pi\u00f9 ricchi \u00e8 ottenuta grazie ai redditi da lavoro dipendente\u201d.<\/em> In particolare, i 5mila italiani che compongono lo <mark>0,1% pi\u00f9 ricco del Paese detengono il 4,5% del reddito nazionale con entrate medie superiori al milione di euro all&#8217;anno: una cifra che potrebbe essere raggiunta dal 50% pi\u00f9 povero soltanto risparmiando l\u2019intero reddito per 76 anni.<\/mark><\/p>\n<p>La concentrazione dei redditi nelle mani dei pi\u00f9 ricchi in Italia \u00e8 simile a quella della Francia, una situazione ancora lontana dall&#8217;estrema concentrazione che si osserva ad esempio negli Stati Uniti ma a preoccupare i ricercatori \u00e8 il trend in diminuzione della quota di reddito detenuta dalle fasce di reddito meno abbient: insomma il fatto che i poveri lo stanno diventando sempre pi\u00f9. <em>\u201cA differenza della situazione in Francia, dove le fasce pi\u00f9 deboli hanno visto un modesto aumento della loro quota di redditoin Italia si osserva l&#8217;opposto, con <strong>le fasce pi\u00f9 povere che diventano sempre pi\u00f9 svantaggiate<\/strong>\u201d <\/em>commenta <strong>Alessandro Santoro<\/strong>, autore dello studio e pro-rettore al Bilancio dell&#8217;Universit\u00e0 di Milano\u00a0<em><br \/>\n<\/em><\/p>\n<p>In conclusione, secondo i suoi autori lo studio mette in luce <em>\u201cla necessit\u00e0 di avviare una profonda e seria discussione sullo stato attuale del <strong>sistema fiscale italiano<\/strong>. L&#8217;evidenza di una regressivit\u00e0 che favorisce solo le fasce di reddito pi\u00f9 elevate sottolinea l&#8217;urgenza di<strong> riforme mirat<\/strong>e che non penalizzino i redditi pi\u00f9 bassi, ma mirino a correggere gli squilibri presenti riducendo le disuguaglianze e promuovendo una distribuzione del carico fiscale in modo proporzionato.&#8221;<\/em><\/p>\n","protected":false},"excerpt":{"rendered":"<p>La ricerca congiunta con l&#8217;Universit\u00e0 di Milano Bicocca svela che le disuguaglianze su reddito e fisco sono in aumento: il 50% pi\u00f9 povero degli italiani vive con meno di 13mila euro all&#8217;anno<\/p>\n","protected":false},"author":502,"featured_media":164146,"comment_status":"open","ping_status":"open","sticky":false,"template":"","format":"standard","meta":{"_acf_changed":false,"footnotes":""},"categories":[9],"tags":[211,213,4373],"class_list":["post-321997","post","type-post","status-publish","format-standard","has-post-thumbnail","hentry","category-made-in-toscana","tag-economia","tag-ricerca","tag-scuola-santanna-di-pisa"],"acf":[],"yoast_head":"<!-- This site is optimized with the Yoast SEO Premium plugin v24.2 (Yoast SEO v25.6) - https:\/\/yoast.com\/wordpress\/plugins\/seo\/ -->\n<title>L&#039;1% degli italiani pi\u00f9 ricchi paga meno tasse degli altri: lo studio della Sant&#039;Anna - intoscana<\/title>\n<meta name=\"robots\" content=\"index, follow, max-snippet:-1, max-image-preview:large, max-video-preview:-1\" \/>\n<link rel=\"canonical\" href=\"https:\/\/www.intoscana.it\/it\/disuaglianze-reddito-studio-sant-anna\/\" \/>\n<meta property=\"og:locale\" content=\"it_IT\" \/>\n<meta property=\"og:type\" content=\"article\" \/>\n<meta property=\"og:title\" content=\"L&#039;1% degli italiani pi\u00f9 ricchi paga meno tasse degli altri: lo studio della Sant&#039;Anna\" \/>\n<meta property=\"og:description\" content=\"La ricerca congiunta con l&#039;Universit\u00e0 di Milano Bicocca svela che le disuguaglianze su reddito e fisco sono in aumento: il 50% pi\u00f9 povero degli italiani vive con meno di 13mila euro all&#039;anno\" \/>\n<meta property=\"og:url\" content=\"https:\/\/www.intoscana.it\/it\/disuaglianze-reddito-studio-sant-anna\/\" \/>\n<meta property=\"og:site_name\" content=\"intoscana\" \/>\n<meta property=\"article:publisher\" content=\"https:\/\/www.facebook.com\/intoscana.it\" \/>\n<meta property=\"article:published_time\" content=\"2024-01-12T10:31:13+00:00\" \/>\n<meta property=\"article:modified_time\" content=\"2024-01-15T13:06:00+00:00\" \/>\n<meta property=\"og:image\" content=\"https:\/\/www.intoscana.it\/wp-content\/uploads\/shutterstock_1854854632-scaled.jpg\" \/>\n\t<meta property=\"og:image:width\" content=\"2048\" \/>\n\t<meta property=\"og:image:height\" content=\"1302\" \/>\n\t<meta property=\"og:image:type\" content=\"image\/jpeg\" \/>\n<meta name=\"author\" content=\"Ilaria Giannini\" \/>\n<meta name=\"twitter:card\" content=\"summary_large_image\" \/>\n<meta name=\"twitter:creator\" content=\"@i.giannini@fst.it\" \/>\n<meta name=\"twitter:site\" content=\"@intoscana\" \/>\n<meta name=\"twitter:label1\" content=\"Written by\" \/>\n\t<meta name=\"twitter:data1\" content=\"Ilaria Giannini\" \/>\n\t<meta name=\"twitter:label2\" content=\"Est. reading time\" \/>\n\t<meta name=\"twitter:data2\" content=\"3 minuti\" \/>\n<script type=\"application\/ld+json\" class=\"yoast-schema-graph\">{\"@context\":\"https:\/\/schema.org\",\"@graph\":[{\"@type\":\"WebPage\",\"@id\":\"https:\/\/www.intoscana.it\/it\/disuaglianze-reddito-studio-sant-anna\/\",\"url\":\"https:\/\/www.intoscana.it\/it\/disuaglianze-reddito-studio-sant-anna\/\",\"name\":\"L'1% degli italiani pi\u00f9 ricchi paga meno tasse degli altri: lo studio della Sant'Anna - intoscana\",\"isPartOf\":{\"@id\":\"https:\/\/www.intoscana.it\/it\/#website\"},\"primaryImageOfPage\":{\"@id\":\"https:\/\/www.intoscana.it\/it\/disuaglianze-reddito-studio-sant-anna\/#primaryimage\"},\"image\":{\"@id\":\"https:\/\/www.intoscana.it\/it\/disuaglianze-reddito-studio-sant-anna\/#primaryimage\"},\"thumbnailUrl\":\"https:\/\/www.intoscana.it\/wp-content\/uploads\/shutterstock_1854854632-scaled.jpg\",\"datePublished\":\"2024-01-12T10:31:13+00:00\",\"dateModified\":\"2024-01-15T13:06:00+00:00\",\"author\":{\"@id\":\"https:\/\/www.intoscana.it\/it\/#\/schema\/person\/de95e1ed2c1c8c30a6922bbba3a90185\"},\"breadcrumb\":{\"@id\":\"https:\/\/www.intoscana.it\/it\/disuaglianze-reddito-studio-sant-anna\/#breadcrumb\"},\"inLanguage\":\"it-IT\",\"potentialAction\":[{\"@type\":\"ReadAction\",\"target\":[\"https:\/\/www.intoscana.it\/it\/disuaglianze-reddito-studio-sant-anna\/\"]}]},{\"@type\":\"ImageObject\",\"inLanguage\":\"it-IT\",\"@id\":\"https:\/\/www.intoscana.it\/it\/disuaglianze-reddito-studio-sant-anna\/#primaryimage\",\"url\":\"https:\/\/www.intoscana.it\/wp-content\/uploads\/shutterstock_1854854632-scaled.jpg\",\"contentUrl\":\"https:\/\/www.intoscana.it\/wp-content\/uploads\/shutterstock_1854854632-scaled.jpg\",\"width\":2048,\"height\":1302,\"caption\":\"Volontariato alla mensa per i poveri\"},{\"@type\":\"BreadcrumbList\",\"@id\":\"https:\/\/www.intoscana.it\/it\/disuaglianze-reddito-studio-sant-anna\/#breadcrumb\",\"itemListElement\":[{\"@type\":\"ListItem\",\"position\":1,\"name\":\"Home\",\"item\":\"https:\/\/www.intoscana.it\/it\/\"},{\"@type\":\"ListItem\",\"position\":2,\"name\":\"L&#8217;1% degli italiani pi\u00f9 ricchi paga meno tasse degli altri: lo studio della Sant&#8217;Anna\"}]},{\"@type\":\"WebSite\",\"@id\":\"https:\/\/www.intoscana.it\/it\/#website\",\"url\":\"https:\/\/www.intoscana.it\/it\/\",\"name\":\"intoscana\",\"description\":\"\",\"potentialAction\":[{\"@type\":\"SearchAction\",\"target\":{\"@type\":\"EntryPoint\",\"urlTemplate\":\"https:\/\/www.intoscana.it\/it\/?s={search_term_string}\"},\"query-input\":{\"@type\":\"PropertyValueSpecification\",\"valueRequired\":true,\"valueName\":\"search_term_string\"}}],\"inLanguage\":\"it-IT\"},{\"@type\":\"Person\",\"@id\":\"https:\/\/www.intoscana.it\/it\/#\/schema\/person\/de95e1ed2c1c8c30a6922bbba3a90185\",\"name\":\"Ilaria Giannini\",\"sameAs\":[\"https:\/\/x.com\/i.giannini@fst.it\"],\"url\":\"https:\/\/www.intoscana.it\/it\/author\/ilaria-giannini\/\"}]}<\/script>\n<!-- \/ Yoast SEO Premium plugin. -->","yoast_head_json":{"title":"L'1% degli italiani pi\u00f9 ricchi paga meno tasse degli altri: lo studio della Sant'Anna - intoscana","robots":{"index":"index","follow":"follow","max-snippet":"max-snippet:-1","max-image-preview":"max-image-preview:large","max-video-preview":"max-video-preview:-1"},"canonical":"https:\/\/www.intoscana.it\/it\/disuaglianze-reddito-studio-sant-anna\/","og_locale":"it_IT","og_type":"article","og_title":"L'1% degli italiani pi\u00f9 ricchi paga meno tasse degli altri: lo studio della Sant'Anna","og_description":"La ricerca congiunta con l'Universit\u00e0 di Milano Bicocca svela che le disuguaglianze su reddito e fisco sono in aumento: il 50% pi\u00f9 povero degli italiani vive con meno di 13mila euro all'anno","og_url":"https:\/\/www.intoscana.it\/it\/disuaglianze-reddito-studio-sant-anna\/","og_site_name":"intoscana","article_publisher":"https:\/\/www.facebook.com\/intoscana.it","article_published_time":"2024-01-12T10:31:13+00:00","article_modified_time":"2024-01-15T13:06:00+00:00","og_image":[{"width":2048,"height":1302,"url":"https:\/\/www.intoscana.it\/wp-content\/uploads\/shutterstock_1854854632-scaled.jpg","type":"image\/jpeg"}],"author":"Ilaria Giannini","twitter_card":"summary_large_image","twitter_creator":"@i.giannini@fst.it","twitter_site":"@intoscana","twitter_misc":{"Written by":"Ilaria Giannini","Est. reading time":"3 minuti"},"schema":{"@context":"https:\/\/schema.org","@graph":[{"@type":"WebPage","@id":"https:\/\/www.intoscana.it\/it\/disuaglianze-reddito-studio-sant-anna\/","url":"https:\/\/www.intoscana.it\/it\/disuaglianze-reddito-studio-sant-anna\/","name":"L'1% degli italiani pi\u00f9 ricchi paga meno tasse degli altri: lo studio della Sant'Anna - intoscana","isPartOf":{"@id":"https:\/\/www.intoscana.it\/it\/#website"},"primaryImageOfPage":{"@id":"https:\/\/www.intoscana.it\/it\/disuaglianze-reddito-studio-sant-anna\/#primaryimage"},"image":{"@id":"https:\/\/www.intoscana.it\/it\/disuaglianze-reddito-studio-sant-anna\/#primaryimage"},"thumbnailUrl":"https:\/\/www.intoscana.it\/wp-content\/uploads\/shutterstock_1854854632-scaled.jpg","datePublished":"2024-01-12T10:31:13+00:00","dateModified":"2024-01-15T13:06:00+00:00","author":{"@id":"https:\/\/www.intoscana.it\/it\/#\/schema\/person\/de95e1ed2c1c8c30a6922bbba3a90185"},"breadcrumb":{"@id":"https:\/\/www.intoscana.it\/it\/disuaglianze-reddito-studio-sant-anna\/#breadcrumb"},"inLanguage":"it-IT","potentialAction":[{"@type":"ReadAction","target":["https:\/\/www.intoscana.it\/it\/disuaglianze-reddito-studio-sant-anna\/"]}]},{"@type":"ImageObject","inLanguage":"it-IT","@id":"https:\/\/www.intoscana.it\/it\/disuaglianze-reddito-studio-sant-anna\/#primaryimage","url":"https:\/\/www.intoscana.it\/wp-content\/uploads\/shutterstock_1854854632-scaled.jpg","contentUrl":"https:\/\/www.intoscana.it\/wp-content\/uploads\/shutterstock_1854854632-scaled.jpg","width":2048,"height":1302,"caption":"Volontariato alla mensa per i poveri"},{"@type":"BreadcrumbList","@id":"https:\/\/www.intoscana.it\/it\/disuaglianze-reddito-studio-sant-anna\/#breadcrumb","itemListElement":[{"@type":"ListItem","position":1,"name":"Home","item":"https:\/\/www.intoscana.it\/it\/"},{"@type":"ListItem","position":2,"name":"L&#8217;1% degli italiani pi\u00f9 ricchi paga meno tasse degli altri: lo studio della Sant&#8217;Anna"}]},{"@type":"WebSite","@id":"https:\/\/www.intoscana.it\/it\/#website","url":"https:\/\/www.intoscana.it\/it\/","name":"intoscana","description":"","potentialAction":[{"@type":"SearchAction","target":{"@type":"EntryPoint","urlTemplate":"https:\/\/www.intoscana.it\/it\/?s={search_term_string}"},"query-input":{"@type":"PropertyValueSpecification","valueRequired":true,"valueName":"search_term_string"}}],"inLanguage":"it-IT"},{"@type":"Person","@id":"https:\/\/www.intoscana.it\/it\/#\/schema\/person\/de95e1ed2c1c8c30a6922bbba3a90185","name":"Ilaria Giannini","sameAs":["https:\/\/x.com\/i.giannini@fst.it"],"url":"https:\/\/www.intoscana.it\/it\/author\/ilaria-giannini\/"}]}},"_links":{"self":[{"href":"https:\/\/www.intoscana.it\/it\/wp-json\/wp\/v2\/posts\/321997","targetHints":{"allow":["GET"]}}],"collection":[{"href":"https:\/\/www.intoscana.it\/it\/wp-json\/wp\/v2\/posts"}],"about":[{"href":"https:\/\/www.intoscana.it\/it\/wp-json\/wp\/v2\/types\/post"}],"author":[{"embeddable":true,"href":"https:\/\/www.intoscana.it\/it\/wp-json\/wp\/v2\/users\/502"}],"replies":[{"embeddable":true,"href":"https:\/\/www.intoscana.it\/it\/wp-json\/wp\/v2\/comments?post=321997"}],"version-history":[{"count":8,"href":"https:\/\/www.intoscana.it\/it\/wp-json\/wp\/v2\/posts\/321997\/revisions"}],"predecessor-version":[{"id":322017,"href":"https:\/\/www.intoscana.it\/it\/wp-json\/wp\/v2\/posts\/321997\/revisions\/322017"}],"wp:featuredmedia":[{"embeddable":true,"href":"https:\/\/www.intoscana.it\/it\/wp-json\/wp\/v2\/media\/164146"}],"wp:attachment":[{"href":"https:\/\/www.intoscana.it\/it\/wp-json\/wp\/v2\/media?parent=321997"}],"wp:term":[{"taxonomy":"category","embeddable":true,"href":"https:\/\/www.intoscana.it\/it\/wp-json\/wp\/v2\/categories?post=321997"},{"taxonomy":"post_tag","embeddable":true,"href":"https:\/\/www.intoscana.it\/it\/wp-json\/wp\/v2\/tags?post=321997"}],"curies":[{"name":"wp","href":"https:\/\/api.w.org\/{rel}","templated":true}]}}