{"id":322211,"date":"2024-01-15T08:57:31","date_gmt":"2024-01-15T07:57:31","guid":{"rendered":"https:\/\/www.intoscana.it\/it\/?p=322211"},"modified":"2024-01-15T09:20:35","modified_gmt":"2024-01-15T08:20:35","slug":"paolo-benvegnu-concerto-firenze-glue-tour","status":"publish","type":"post","link":"https:\/\/www.intoscana.it\/it\/paolo-benvegnu-concerto-firenze-glue-tour\/","title":{"rendered":"Paolo Benvegn\u00f9 torna a cantare l&#8217;amore: &#8220;La totale irrazionalit\u00e0 di scoprire il mistero dell&#8217;altro&#8221;"},"content":{"rendered":"<p>Cantautore, scrittore, intellettuale <strong>Paolo Benvegn\u00f9<\/strong> \u00e8 tutto questo e molto altro ed \u00e8 sempre un momento esaltante quando si tratta di annunciare l&#8217;uscita di un suo <strong>nuovo album di inediti.<\/strong><\/p>\n<p><em><strong>&#8220;\u00c8 inutile parlare d&#8217;amore&#8221;<\/strong> <\/em>\u00e8 il titolo dell&#8217;ultimo disco che il cantante presenter\u00e0 per la prima volta<strong> sabato 20 gennaio 2024 al Glue Alternative Concept Space di Firenze.<\/strong> Sar\u00e0 la prima data di un lungo tour che lo vedr\u00e0 in concerto in tutta Italia.<\/p>\n<p>Sono in tutto <strong>dodici canzoni<\/strong> che riflettono sulla <strong>potenza dell&#8217;amore<\/strong> un sentimento<strong> sovversivo, rivoluzionario, antistorico<\/strong> e meravigliosamente arcaico e modernissimo. Forse<strong> l&#8217;unica libert\u00e0<\/strong> presente e futura che ancora resta agli esseri umani.<\/p>\n<p>Il disco vede anche due collaborazioni speciali con <strong>Brunori Sas<\/strong> nel brano<strong><em> &#8220;L&#8217;oceano&#8221;<\/em><\/strong> e <strong>Neri Marcor\u00e8 <\/strong>in<em><strong> &#8220;27\/12&#8221;.<\/strong><\/em><\/p>\n<p><iframe loading=\"lazy\" src=\"https:\/\/omny.fm\/shows\/intoscana\/paolo-benvegn-racconta-il-suo-nuovo-disco-inutile\/embed\" allow=\"autoplay; clipboard-write\" width=\"100%\" height=\"180\" frameborder=\"0\" title=\"Paolo Benvegn\u00f9 racconta il suo nuovo disco \\\"\u00c8 inutile parlare d'amore\\\"\"><\/iframe><\/p>\n<h3>Ecco la nostra intervista a Paolo Benvegn\u00f9<\/h3>\n<p><strong>Ciao Paolo! Il tuo ultimo disco si intitola &#8220;\u00c8 inutile parlare d&#8217;amore&#8221; una provocazione, perch\u00e8 mai come ora invece \u00e8 importante parlarne<\/strong><\/p>\n<p>Decisamente, ho come l&#8217;impressione che in un mondo cos\u00ec fortemente portato all&#8217;utile, all&#8217;utilit\u00e0,<strong> l&#8217;amore che \u00e8 irrazionale<\/strong> porta ovviamente a fare cose che non sono quantificabili. <strong>Essendo l&#8217;amore incalcolabile \u00e8 una forma di libert\u00e0<\/strong> che in questo momento storico mi sembra importantissima e per certi versi una sorta di elemento rivoluzionario. Siamo controllati su tutto, abbiamo l&#8217;impossibilit\u00e0 di muoverci in maniera irrazionale e<strong> l&#8217;amore \u00e8 la totale irrazionalit\u00e0, \u00e8 scoprire il mistero dell&#8217;altro.<\/strong><\/p>\n<p><strong>Il fatto che l&#8217;amore sia &#8220;inutile&#8221;, come dici te, sta proprio in questo la sua potenza<\/strong><\/p>\n<p>S\u00ec esattamente, in pi\u00f9 <strong>chi stabilisce cosa sia utile e cosa sia inutile?<\/strong> Certo nel mondo post-capitalistico di adesso <strong>tutto ci\u00f2 che non fa guadagnare, produrre e consumare \u00e8 qualcosa di inutile<\/strong>. Viviamo in un mondo in cui c&#8217;\u00e8 gi\u00e0 qualcuno che pensa per noi e in cui in futuro ci saranno intelligenze artificiali che penseranno per noi e ci diranno cosa fare e dove andare. Io ho l&#8217;impressione che <strong>dobbiamo riappropriarci dell&#8217;inutilit\u00e0<\/strong>, perch\u00e9 proprio di questo \u00e8 fatta la vita degli esseri umani. Esiste una realt\u00e0 che non vediamo, la stiamo completamente dimenticando. Se fossimo cani, api o un altro animale vedremmo una realt\u00e0 diversa e quindi come facciamo ad arrogarci il diritto di pensare che la nostra sia l&#8217;unica realt\u00e0 vera e fisicamente concepibile?<p><span class=\"citazione\">Ho cominciato a scrivere canzoni perch\u00e9 dovevo mettere a posto i danni che la vita mi aveva procurato. Non essendo un uomo aggressivo e n\u00e9 un seduttore, n\u00e9 un dominatore dell&#8217;altro, ho pensato che facendo canzoni avrei potuto capire meglio come ripararli<\/span><\/p><\/p>\n<p><strong>Il tuo nuovo disco \u00e8 stato anticipato da un singolo <em>&#8220;Canzoni\u00a0brutte&#8221;,<\/em> in cui dici che le canzoni brutte sono quelle scritte per piacere a tutti e a tutte, il contrario di quello che mi sembra tu abbia fatto nella tua vita artistica<\/strong><\/p>\n<p>Ho concepito questo disco come <strong>una sorta di sceneggiatura, di film o romanzo di formazione<\/strong>. A un certo punto c&#8217;\u00e8 un momento in cui uno dei due protagonisti perde il senso dell&#8217;etica e per guadagnare spazio comincia a pensare di togliere da se stesso il pensiero, ed essere utilitaristico. Per fortuna \u00e8 un pensiero che compare solo nell&#8217;ottavo brano, nel nono brano questa cosa viene completamente sovvertita. Non si pu\u00f2 togliere la complessit\u00e0 alla vita perch\u00e9 non \u00e8 pesantezza, \u00e8 anche leggerezza. Per fare un esempio noi ci addormentiamo e non capiamo come facciamo a respirare e restare in vita. <strong>Dobbiamo concentrarci sulle realt\u00e0 possibili e non quelle che vediamo e basta<\/strong>. Se scrivi canzoni pi\u00f9 semplici possibili soltanto per piacere a tutti, lo fai solo per guadagnare soldi. Invece <strong>dovremmo guadagnare intensit\u00e0 nella vita che facciamo non in denaro.<\/strong><\/p>\n<p><strong>C&#8217;\u00e8 un termine inglese che definisce proprio questa cosa che hai descritto cio\u00e8:<em> &#8220;catchy&#8221;,<\/em> un qualcosa fatto per acchiappare, per piacere<\/strong><\/p>\n<p>(Ride) Ho fatto un po&#8217; come<strong> Daniele Silvestri agli esordi<\/strong> quando scrisse un ritornello sotto forma di slogan per dire che lo slogan \u00e8 fascista di natura.\u00a0Ecco io per questo brano avevo la stessa idea, l&#8217;idea di <strong>fare una canzone<em> &#8220;catchy&#8221;<\/em> dicendo che \u00e8 assurdo essere <em>&#8220;catchy&#8221;.<\/em><\/strong><\/p>\n<p><iframe loading=\"lazy\" title=\"YouTube video player\" src=\"https:\/\/www.youtube.com\/embed\/YBGyIuh4bO8?si=M8kan5bJTDEj47y2\" width=\"800\" height=\"500\" frameborder=\"0\" allowfullscreen=\"allowfullscreen\"><\/iframe><\/p>\n<p><strong>Questo \u00e8 il tuo nono album, hai detto che \u00e8 come un film, una storia che ha due protagonisti, raccontaci la loro storia<\/strong><\/p>\n<p>Per certi versi \u00e8<strong> una specie di Orlando\u00a0furioso in cui tutti inseguono tutti<\/strong>. Nella mia fantasia c&#8217;\u00e8 un inseguimento verso l&#8217;intensit\u00e0 della relazione, verso le cose, verso l&#8217;altro e\u00a0l&#8217;alterit\u00e0\u00a0in generale. C&#8217;\u00e8 anche una relazione tra i due protagonisti ma \u00e8 incidentale. \u00c8\u00a0stranissimo come<strong> noi viviamo la nostra vita senza vedere cosa ci pu\u00f2 succedere<\/strong> e ce ne accorgiamo soltanto per nostalgia o perch\u00e9 ne abbiamo bisogno in quell&#8217;istante. Invece io sono convinto del fatto che ci dovrebbe essere una pratica importante legata al<strong> riconoscimento istante per istante di quello che ci sta succedendo.<\/strong> Certo \u00e8 molto pi\u00f9 faticoso vivere cos\u00ec piuttosto che vivere lasciando andare tutto.<\/p>\n<p><strong>Possiamo dirlo sono trent&#8217;anni che fai musica, dagli inizi con gli Scisma ad oggi. Com&#8217;\u00e8 cambiato il tuo modo di esercitare l&#8217;arte del musicista e cosa ti spinge ancora a fare musica?<\/strong><\/p>\n<p>In me c&#8217;\u00e8 stata una trasformazione. <strong>Ho cominciato a scrivere canzoni perch\u00e9 dovevo mettere a posto i danni che la vita mi aveva procurato.<\/strong> Non essendo un uomo aggressivo e n\u00e9 un seduttore, n\u00e9 un dominatore dell&#8217;altro, ho pensato che facendo canzoni avrei potuto capire meglio come ripararli. Una volta riparati, cicatrizzate le ferite, semplicemente quello che mi \u00e8 venuto \u00e8 <strong>essere uno studente che ha delle intuizioni e poi le esprime.<\/strong> In questo lungo percorso ho avuto un sacco di compagni al mio fianco, io da solo non avrei la forza per mantenere questo tipo di attivit\u00e0 o per dire meglio passivit\u00e0. Quello che facciamo abitualmente io e i miei compagni \u00e8 che io traccio una linea, come la cornice di un quadro e loro lo dipingono. Ho questa grande gratitudine nei confronti delle persone che svolgono questo lavoro,<strong> \u00e8 come una famiglia per me.<\/strong> Ogni volta prepariamo<strong> le pietanze per un banchetto e poi le mangiamo insieme.<\/strong><\/p>\n<p><strong>So che hai una figlia piccola ancora, che mondo stiamo consegnando alle nuove generazioni?<\/strong><\/p>\n<p><strong>Un mondo difficile dal punto di vista dell&#8217;impossibilit\u00e0 del nascondimento.<\/strong> Io sono abbastanza convinto del fatto che tutto ci\u00f2 che \u00e8 realmente importante nella relazione tra uomo e uomo e l&#8217;uomo e la natura \u00e8 <strong>un continuo confronto tra i misteri.<\/strong> Noi stiamo consegnando a questi bimbi<strong> un mondo in cui tutto \u00e8 poco misterioso,<\/strong> in cui il rapporto con la morte non \u00e8 pi\u00f9 naturale perch\u00e9 la morte \u00e8 vista come una cesura impossibile da recuperare, il dolore non esiste, i pazzi non esistono. Ho come l&#8217;impressione che <strong>non sar\u00e0 facile per loro vivere in un mondo in cui saranno controllati per ogni cosa<\/strong>. Quello che cerco di fare io con mia figlia \u00e8 semplicemente\u00a0farle vedere gli aspetti pi\u00f9 negativi di questa cosa e lasciare a lei la scelta se entrare nella massa o essere tangente.<\/p>\n<p><strong>Sabato 20 gennaio parte dal Glue di Firenze il tuo nuovo tour, come ti stai preparando? Sei carico per questa nuova avventura?<\/strong><\/p>\n<p>Mi sto preparando con il terrore al mio fianco (ride). No in realt\u00e0 stiamo provando i brani e <strong>cercando di ritrovare nell&#8217;esecuzione la forza primigenia<\/strong> con cui sono stati scritti. Per me <strong>\u00e8 bellissimo ricominciare dal Glue<\/strong>, perch\u00e9 \u00e8 stato anche uno degli ultimi concerti che abbiamo fatto. Per noi \u00e8 bellissimo suonare l\u00ec, il posto \u00e8 fantastico e gli organizzatori sono degli amici oltre che delle persone meravigliose. <strong>Firenze \u00e8 una citt\u00e0 dove ho abitato e che mi manca un po&#8217;,<\/strong> per cui non potevamo cominciare meglio. <strong>Vediamo se saremo all&#8217;altezza di tutta questa bellezza.<\/strong><\/p>\n<h3>Tutte le date del tour di Paolo Benvegn\u00f9<\/h3>\n<p><strong>20 gennaio<\/strong> \u00a0\u2013 Glue \u2013 <strong>FIRENZE<\/strong><br \/>\n<strong>8 febbraio \u00a0<\/strong>\u2013 \u00a0Hiroshima Mon Amour \u2013 \u00a0<strong>TORINO<\/strong><br \/>\n<strong>9 febbraio<\/strong> \u00a0\u2013 Latteria Molloy \u2013 <strong>BRESCIA<\/strong><br \/>\n<strong>22 febbraio<\/strong> \u00a0\u2013 Monk \u2013 <strong>ROMA<\/strong><br \/>\n<strong>23 febbraio<\/strong> \u00a0\u2013 \u00a0Arci Kalinka Dude \u00a0\u2013 \u00a0<strong>SOLIERA (MO)<\/strong><\/p>\n<figure id=\"post-322215 media-322215\" class=\"align-none\"><img decoding=\"async\" src=\"https:\/\/www.intoscana.it\/wp-content\/uploads\/Paolo-Benvegnu_DSC04443_phMauroTalamonti-scaled.jpeg\" alt=\"\" \/><\/figure>\n<div class=\"titleimg\">Paolo Benvegn\u00f9 &#8211; \u00a9 Mauro Talamonti<\/div>\n","protected":false},"excerpt":{"rendered":"<p>Sabato 20 gennaio Paolo Benvegn\u00f9 sar\u00e0 in concerto al Glue Alternative Concept Space di Firenze per presentare il suo ultimo album di inediti che vede due collaborazioni speciali con Brunori Sas e Neri Marcor\u00e8<\/p>\n","protected":false},"author":518,"featured_media":322213,"comment_status":"open","ping_status":"open","sticky":false,"template":"","format":"standard","meta":{"_acf_changed":false,"footnotes":""},"categories":[14],"tags":[216,4474,202,3138,167],"class_list":["post-322211","post","type-post","status-publish","format-standard","has-post-thumbnail","hentry","category-musica","tag-concerti","tag-eventi","tag-firenze","tag-interviste-agli-artisti","tag-musica"],"acf":[],"yoast_head":"<!-- This site is optimized with the Yoast SEO Premium plugin v24.2 (Yoast SEO v25.6) - https:\/\/yoast.com\/wordpress\/plugins\/seo\/ -->\n<title>Paolo Benvegn\u00f9 torna a cantare l&#039;amore: &quot;La totale irrazionalit\u00e0 di scoprire il mistero dell&#039;altro&quot; - intoscana<\/title>\n<meta name=\"robots\" content=\"index, follow, max-snippet:-1, max-image-preview:large, max-video-preview:-1\" \/>\n<link rel=\"canonical\" href=\"https:\/\/www.intoscana.it\/it\/paolo-benvegnu-concerto-firenze-glue-tour\/\" \/>\n<meta property=\"og:locale\" content=\"it_IT\" \/>\n<meta property=\"og:type\" content=\"article\" \/>\n<meta property=\"og:title\" content=\"Paolo Benvegn\u00f9 torna a cantare l&#039;amore: &quot;La totale irrazionalit\u00e0 di scoprire il mistero dell&#039;altro&quot;\" \/>\n<meta property=\"og:description\" content=\"Sabato 20 gennaio Paolo Benvegn\u00f9 sar\u00e0 in concerto al Glue Alternative Concept Space di Firenze per presentare il suo ultimo album di inediti che vede due collaborazioni speciali con Brunori Sas e Neri Marcor\u00e8\" \/>\n<meta property=\"og:url\" content=\"https:\/\/www.intoscana.it\/it\/paolo-benvegnu-concerto-firenze-glue-tour\/\" \/>\n<meta property=\"og:site_name\" content=\"intoscana\" \/>\n<meta property=\"article:publisher\" content=\"https:\/\/www.facebook.com\/intoscana.it\" \/>\n<meta property=\"article:published_time\" content=\"2024-01-15T07:57:31+00:00\" \/>\n<meta property=\"article:modified_time\" content=\"2024-01-15T08:20:35+00:00\" \/>\n<meta property=\"og:image\" content=\"https:\/\/www.intoscana.it\/wp-content\/uploads\/Paolo-Benvegnu_DSF3448_phMauroTalamonti-2-scaled-e1705305520460.jpeg\" \/>\n\t<meta property=\"og:image:width\" content=\"2027\" \/>\n\t<meta property=\"og:image:height\" content=\"1059\" \/>\n\t<meta property=\"og:image:type\" content=\"image\/jpeg\" \/>\n<meta name=\"author\" content=\"Costanza Baldini\" \/>\n<meta name=\"twitter:card\" content=\"summary_large_image\" \/>\n<meta name=\"twitter:creator\" content=\"@intoscana\" \/>\n<meta name=\"twitter:site\" content=\"@intoscana\" \/>\n<meta name=\"twitter:label1\" content=\"Written by\" \/>\n\t<meta name=\"twitter:data1\" content=\"Costanza Baldini\" \/>\n\t<meta name=\"twitter:label2\" content=\"Est. reading time\" \/>\n\t<meta name=\"twitter:data2\" content=\"1 minuto\" \/>\n<script type=\"application\/ld+json\" class=\"yoast-schema-graph\">{\"@context\":\"https:\/\/schema.org\",\"@graph\":[{\"@type\":\"WebPage\",\"@id\":\"https:\/\/www.intoscana.it\/it\/paolo-benvegnu-concerto-firenze-glue-tour\/\",\"url\":\"https:\/\/www.intoscana.it\/it\/paolo-benvegnu-concerto-firenze-glue-tour\/\",\"name\":\"Paolo Benvegn\u00f9 torna a cantare l'amore: \\\"La totale irrazionalit\u00e0 di scoprire il mistero dell'altro\\\" - intoscana\",\"isPartOf\":{\"@id\":\"https:\/\/www.intoscana.it\/it\/#website\"},\"primaryImageOfPage\":{\"@id\":\"https:\/\/www.intoscana.it\/it\/paolo-benvegnu-concerto-firenze-glue-tour\/#primaryimage\"},\"image\":{\"@id\":\"https:\/\/www.intoscana.it\/it\/paolo-benvegnu-concerto-firenze-glue-tour\/#primaryimage\"},\"thumbnailUrl\":\"https:\/\/www.intoscana.it\/wp-content\/uploads\/Paolo-Benvegnu_DSF3448_phMauroTalamonti-2-scaled-e1705305520460.jpeg\",\"datePublished\":\"2024-01-15T07:57:31+00:00\",\"dateModified\":\"2024-01-15T08:20:35+00:00\",\"author\":{\"@id\":\"https:\/\/www.intoscana.it\/it\/#\/schema\/person\/d469f35f09739bdf00bf5dd3f0647a82\"},\"breadcrumb\":{\"@id\":\"https:\/\/www.intoscana.it\/it\/paolo-benvegnu-concerto-firenze-glue-tour\/#breadcrumb\"},\"inLanguage\":\"it-IT\",\"potentialAction\":[{\"@type\":\"ReadAction\",\"target\":[\"https:\/\/www.intoscana.it\/it\/paolo-benvegnu-concerto-firenze-glue-tour\/\"]}]},{\"@type\":\"ImageObject\",\"inLanguage\":\"it-IT\",\"@id\":\"https:\/\/www.intoscana.it\/it\/paolo-benvegnu-concerto-firenze-glue-tour\/#primaryimage\",\"url\":\"https:\/\/www.intoscana.it\/wp-content\/uploads\/Paolo-Benvegnu_DSF3448_phMauroTalamonti-2-scaled-e1705305520460.jpeg\",\"contentUrl\":\"https:\/\/www.intoscana.it\/wp-content\/uploads\/Paolo-Benvegnu_DSF3448_phMauroTalamonti-2-scaled-e1705305520460.jpeg\",\"width\":2027,\"height\":1059,\"caption\":\"Paolo Benvegn\u00f9\"},{\"@type\":\"BreadcrumbList\",\"@id\":\"https:\/\/www.intoscana.it\/it\/paolo-benvegnu-concerto-firenze-glue-tour\/#breadcrumb\",\"itemListElement\":[{\"@type\":\"ListItem\",\"position\":1,\"name\":\"Home\",\"item\":\"https:\/\/www.intoscana.it\/it\/\"},{\"@type\":\"ListItem\",\"position\":2,\"name\":\"Paolo Benvegn\u00f9 torna a cantare l&#8217;amore: &#8220;La totale irrazionalit\u00e0 di scoprire il mistero dell&#8217;altro&#8221;\"}]},{\"@type\":\"WebSite\",\"@id\":\"https:\/\/www.intoscana.it\/it\/#website\",\"url\":\"https:\/\/www.intoscana.it\/it\/\",\"name\":\"intoscana\",\"description\":\"\",\"potentialAction\":[{\"@type\":\"SearchAction\",\"target\":{\"@type\":\"EntryPoint\",\"urlTemplate\":\"https:\/\/www.intoscana.it\/it\/?s={search_term_string}\"},\"query-input\":{\"@type\":\"PropertyValueSpecification\",\"valueRequired\":true,\"valueName\":\"search_term_string\"}}],\"inLanguage\":\"it-IT\"},{\"@type\":\"Person\",\"@id\":\"https:\/\/www.intoscana.it\/it\/#\/schema\/person\/d469f35f09739bdf00bf5dd3f0647a82\",\"name\":\"Costanza Baldini\",\"url\":\"https:\/\/www.intoscana.it\/it\/author\/costanza-baldini\/\"}]}<\/script>\n<!-- \/ Yoast SEO Premium plugin. -->","yoast_head_json":{"title":"Paolo Benvegn\u00f9 torna a cantare l'amore: \"La totale irrazionalit\u00e0 di scoprire il mistero dell'altro\" - intoscana","robots":{"index":"index","follow":"follow","max-snippet":"max-snippet:-1","max-image-preview":"max-image-preview:large","max-video-preview":"max-video-preview:-1"},"canonical":"https:\/\/www.intoscana.it\/it\/paolo-benvegnu-concerto-firenze-glue-tour\/","og_locale":"it_IT","og_type":"article","og_title":"Paolo Benvegn\u00f9 torna a cantare l'amore: \"La totale irrazionalit\u00e0 di scoprire il mistero dell'altro\"","og_description":"Sabato 20 gennaio Paolo Benvegn\u00f9 sar\u00e0 in concerto al Glue Alternative Concept Space di Firenze per presentare il suo ultimo album di inediti che vede due collaborazioni speciali con Brunori Sas e Neri Marcor\u00e8","og_url":"https:\/\/www.intoscana.it\/it\/paolo-benvegnu-concerto-firenze-glue-tour\/","og_site_name":"intoscana","article_publisher":"https:\/\/www.facebook.com\/intoscana.it","article_published_time":"2024-01-15T07:57:31+00:00","article_modified_time":"2024-01-15T08:20:35+00:00","og_image":[{"width":2027,"height":1059,"url":"https:\/\/www.intoscana.it\/wp-content\/uploads\/Paolo-Benvegnu_DSF3448_phMauroTalamonti-2-scaled-e1705305520460.jpeg","type":"image\/jpeg"}],"author":"Costanza Baldini","twitter_card":"summary_large_image","twitter_creator":"@intoscana","twitter_site":"@intoscana","twitter_misc":{"Written by":"Costanza Baldini","Est. reading time":"1 minuto"},"schema":{"@context":"https:\/\/schema.org","@graph":[{"@type":"WebPage","@id":"https:\/\/www.intoscana.it\/it\/paolo-benvegnu-concerto-firenze-glue-tour\/","url":"https:\/\/www.intoscana.it\/it\/paolo-benvegnu-concerto-firenze-glue-tour\/","name":"Paolo Benvegn\u00f9 torna a cantare l'amore: \"La totale irrazionalit\u00e0 di scoprire il mistero dell'altro\" - intoscana","isPartOf":{"@id":"https:\/\/www.intoscana.it\/it\/#website"},"primaryImageOfPage":{"@id":"https:\/\/www.intoscana.it\/it\/paolo-benvegnu-concerto-firenze-glue-tour\/#primaryimage"},"image":{"@id":"https:\/\/www.intoscana.it\/it\/paolo-benvegnu-concerto-firenze-glue-tour\/#primaryimage"},"thumbnailUrl":"https:\/\/www.intoscana.it\/wp-content\/uploads\/Paolo-Benvegnu_DSF3448_phMauroTalamonti-2-scaled-e1705305520460.jpeg","datePublished":"2024-01-15T07:57:31+00:00","dateModified":"2024-01-15T08:20:35+00:00","author":{"@id":"https:\/\/www.intoscana.it\/it\/#\/schema\/person\/d469f35f09739bdf00bf5dd3f0647a82"},"breadcrumb":{"@id":"https:\/\/www.intoscana.it\/it\/paolo-benvegnu-concerto-firenze-glue-tour\/#breadcrumb"},"inLanguage":"it-IT","potentialAction":[{"@type":"ReadAction","target":["https:\/\/www.intoscana.it\/it\/paolo-benvegnu-concerto-firenze-glue-tour\/"]}]},{"@type":"ImageObject","inLanguage":"it-IT","@id":"https:\/\/www.intoscana.it\/it\/paolo-benvegnu-concerto-firenze-glue-tour\/#primaryimage","url":"https:\/\/www.intoscana.it\/wp-content\/uploads\/Paolo-Benvegnu_DSF3448_phMauroTalamonti-2-scaled-e1705305520460.jpeg","contentUrl":"https:\/\/www.intoscana.it\/wp-content\/uploads\/Paolo-Benvegnu_DSF3448_phMauroTalamonti-2-scaled-e1705305520460.jpeg","width":2027,"height":1059,"caption":"Paolo Benvegn\u00f9"},{"@type":"BreadcrumbList","@id":"https:\/\/www.intoscana.it\/it\/paolo-benvegnu-concerto-firenze-glue-tour\/#breadcrumb","itemListElement":[{"@type":"ListItem","position":1,"name":"Home","item":"https:\/\/www.intoscana.it\/it\/"},{"@type":"ListItem","position":2,"name":"Paolo Benvegn\u00f9 torna a cantare l&#8217;amore: &#8220;La totale irrazionalit\u00e0 di scoprire il mistero dell&#8217;altro&#8221;"}]},{"@type":"WebSite","@id":"https:\/\/www.intoscana.it\/it\/#website","url":"https:\/\/www.intoscana.it\/it\/","name":"intoscana","description":"","potentialAction":[{"@type":"SearchAction","target":{"@type":"EntryPoint","urlTemplate":"https:\/\/www.intoscana.it\/it\/?s={search_term_string}"},"query-input":{"@type":"PropertyValueSpecification","valueRequired":true,"valueName":"search_term_string"}}],"inLanguage":"it-IT"},{"@type":"Person","@id":"https:\/\/www.intoscana.it\/it\/#\/schema\/person\/d469f35f09739bdf00bf5dd3f0647a82","name":"Costanza Baldini","url":"https:\/\/www.intoscana.it\/it\/author\/costanza-baldini\/"}]}},"_links":{"self":[{"href":"https:\/\/www.intoscana.it\/it\/wp-json\/wp\/v2\/posts\/322211","targetHints":{"allow":["GET"]}}],"collection":[{"href":"https:\/\/www.intoscana.it\/it\/wp-json\/wp\/v2\/posts"}],"about":[{"href":"https:\/\/www.intoscana.it\/it\/wp-json\/wp\/v2\/types\/post"}],"author":[{"embeddable":true,"href":"https:\/\/www.intoscana.it\/it\/wp-json\/wp\/v2\/users\/518"}],"replies":[{"embeddable":true,"href":"https:\/\/www.intoscana.it\/it\/wp-json\/wp\/v2\/comments?post=322211"}],"version-history":[{"count":8,"href":"https:\/\/www.intoscana.it\/it\/wp-json\/wp\/v2\/posts\/322211\/revisions"}],"predecessor-version":[{"id":322235,"href":"https:\/\/www.intoscana.it\/it\/wp-json\/wp\/v2\/posts\/322211\/revisions\/322235"}],"wp:featuredmedia":[{"embeddable":true,"href":"https:\/\/www.intoscana.it\/it\/wp-json\/wp\/v2\/media\/322213"}],"wp:attachment":[{"href":"https:\/\/www.intoscana.it\/it\/wp-json\/wp\/v2\/media?parent=322211"}],"wp:term":[{"taxonomy":"category","embeddable":true,"href":"https:\/\/www.intoscana.it\/it\/wp-json\/wp\/v2\/categories?post=322211"},{"taxonomy":"post_tag","embeddable":true,"href":"https:\/\/www.intoscana.it\/it\/wp-json\/wp\/v2\/tags?post=322211"}],"curies":[{"name":"wp","href":"https:\/\/api.w.org\/{rel}","templated":true}]}}