{"id":322318,"date":"2024-01-17T12:47:41","date_gmt":"2024-01-17T11:47:41","guid":{"rendered":"https:\/\/www.intoscana.it\/it\/?p=322318"},"modified":"2024-01-17T14:16:06","modified_gmt":"2024-01-17T13:16:06","slug":"pizza-day-larte-bianca-celebra-le-eccellenze-della-toscana","status":"publish","type":"post","link":"https:\/\/www.intoscana.it\/it\/pizza-day-larte-bianca-celebra-le-eccellenze-della-toscana\/","title":{"rendered":"World Pizza Day, l&#8217;arte bianca celebra le eccellenze della Toscana"},"content":{"rendered":"<p>Il 17 gennaio si celebra il <strong>World Pizza Day<\/strong>: l&#8217;appuntamento che di anno in anno esalta l&#8217;orgoglio del Made in Italy. In Toscana la ricorrenza, amata da tutti i pizza lovers, \u00e8 l&#8217;occasione per degustare ogni tipo di pizza, dalla versione gourmet a quella pi\u00f9 tradizionale e classica. Una proposta esaltata dalla presenza di prodotti Dop e Igp.<\/p>\n<p>La Regione ha promosso il progetto &#8220;<a href=\"https:\/\/www.latoscanavainpizza.it\/\" target=\"_blank\" rel=\"noopener\"><em>La Toscana va in pizza<\/em><\/a>&#8221; che segna l&#8217;incontro tra i maestri dell&#8217;arte bianca di Pizza&amp;Peace e i rappresentati dei consorzi del <strong>Made in Tuscany<\/strong>. Da una parte una pattuglia di quasi trenta pizzaioli premiati dalle guide e dalle manifestazioni di settore, dall&#8217;altra i prodotti <strong>Dop e Igp pi\u00f9 amati<\/strong>.<\/p>\n<h3>La Toscana va in pizza<\/h3>\n<p>Un incontro di gusto e creativit\u00e0 che si incontra nel piatto come nella pizza dedicata al piatto <strong>cinghiale alla maremmana<\/strong>. \u00c8 a base di olive nere, lardo di cinta senese, pecorino a latte crudo in fiocchi mozzarella fior di latte olio EVO. A firmare questa pizza \u00e8 <strong>Tommaso Vatti<\/strong>, pizzaiolo della <strong>Pergola di Radicondoli<\/strong>. Ma Vatti ama preparare anche la pizza con la <strong>tagliata di chianina Igp<\/strong> direttamente dalla <strong>macelleria Fracassi<\/strong>.<\/p>\n<p><strong>Crudo di cinta senese<\/strong>, parmigiano e rucola spiccano anche sulla pizza di Massimo Giovannini, pizzaiolo e patron della pizzeria <strong>Apogeo a Pietrasanta<\/strong>. Da <strong>Giovanni Santarpia<\/strong> tra le proposte sfiziose la <strong>Trippozza<\/strong> con fonduta di zola: pane al latte fritto del Casolare con<strong> trippa alla fiorentina<\/strong> e fonduta di gorgonzola.<\/p>\n<figure id=\"post-322709 media-322709\" class=\"align-none\"><img decoding=\"async\" src=\"https:\/\/www.intoscana.it\/wp-content\/uploads\/La-pizza-di-Apogeo-con-il-crudo-di-cinta-senese-\u00a9-Apogeo-1.jpeg\" alt=\"\" \/><\/figure>\n<div class=\"titleimg\">La pizza di Apogeo con il crudo di cinta senese \u2013 \u00a9 Apogeo<\/div>\n<p>Iconica la pizza del <strong>Vecchio e il Mare a Firenze<\/strong> con il <strong>grigio del Casentino<\/strong>: Mario Cipriano abbina al fiordilatte di Napoli, il datterino d\u2019oro vesuviano, la stracciatella pugliese da latte italiano con il crudo di grigio Casentino stagionato oltre 24 mesi dell&#8217;<strong>azienda agricola Orlandi<\/strong> vincitore delle 3 fette del Gambero rosso.<\/p>\n<h3>Le visite dei pizzaioli in azienda<\/h3>\n<p>Il progetto &#8220;<em>La Toscana va in pizza<\/em>&#8220;, dopo la <strong>presentazione in Regione<\/strong> un paio di mesi fa e la realizzazione del <strong>sito<\/strong> e dei <strong>canali social<\/strong> ora sta pianificando le visite dei pizzaioli alle aziende che producono <strong>prodotti Dop e Igp in Toscana<\/strong>.<\/p>\n<p>&#8220;<em>Un modo<\/em> -sottolinea il direttore del consorzio Pecorino Toscano Dop <strong>Andrea Righini<\/strong>, portavoce del progetto- <em>per conoscere le singole realt\u00e0 e poter cos\u00ec raccontare l&#8217;eccellenza dei prodotti che poi finiscono sulle pizze. Stiamo valutando di coinvolgere anche qualche chef, forse stellato<\/em>&#8220;.<\/p>\n<p>Attraverso i canali social saranno poi raccontati storie e peculiarit\u00e0 dei prodotti toscani e delle singole pizzerie. &#8220;<em>Cerchiamo cos\u00ec di dare un valore aggiunto al lavoro svolto sia dai produttori che dai pizzaioli&#8221;<\/em> conclude Righini.<\/p>\n<figure id=\"post-322694 media-322694\" class=\"align-none\"><img decoding=\"async\" src=\"https:\/\/www.intoscana.it\/wp-content\/uploads\/Lorenzo-Baglioni-e-Pizzaman.jpeg\" alt=\"\" \/><\/figure>\n<div class=\"titleimg\">Lorenzo Baglioni e Pizzaman<\/div>\n<h3>La canzone di Lorenzo Baglioni e Pizzaman<\/h3>\n<p>In occasione del <strong>World Pizza Day<\/strong> il cantautore <strong>Lorenzo Baglioni<\/strong> ha lanciato il video musicale realizzato in collaborazione con <strong>Pizzaman Italia<\/strong>, l&#8217;unica catena di pizzerie tutta fiorentina. Il singolo si chiama &#8220;<em>La canzone della Pizza<\/em>&#8220;. Per ascoltarlo basta collegarsi ai canali social di <strong>Lorenzo Baglioni e Pizzaman Italia<\/strong>.<\/p>\n<p>&#8220;<em>Solo una cosa mette tutti d&#8217;accordo. L&#8217;amore, no. Il mare, macch\u00e9. La <span class=\"il\">pizza<\/span>&#8220;<\/em> recita il testo della canzone. &#8220;<em>Piace ai pisani, ai livornesi, ai genovesi e ai generosi perch\u00e9 la pizza piace a tutti quanti<\/em>&#8221; si legge nel testo della canzone.<\/p>\n<p>Nel testo ci sono riferimenti ironici ai trend topic del momento: da <strong>Chiara Ferragni alla pizza all&#8217;ananas<\/strong>. Non manca un buon <strong>auspicio di pace<\/strong> visto gli scenari mondiali attuali: &#8220;<em>Mi piace pensare che sarebbe cos\u00ec semplice portare la pace sulla terra. Basterebbe ricordare a tutti quanti fate la pizza, non fate la guerra<\/em>&#8220;.<\/p>\n<figure id=\"post-87778 media-87778\" class=\"align-none\"><img decoding=\"async\" src=\"https:\/\/www.intoscana.it\/wp-content\/uploads\/3.-jusepe-de-ribera-santantonio-abate.jpg\" alt=\"\" \/><\/figure>\n<div class=\"titleimg\">Sant\u2019Antonio abate in un quadro di Jusepe de Ribera<\/div>\n<h3>La pizza e Sant&#8217;Antonio Abate<\/h3>\n<p>Il <strong>World Pizza Day<\/strong> si svolge il 17 gennaio perch\u00e9 nel calendario religioso si festeggia Sant&#8217;Antonio Abate, patrono dei pizzaioli. La ricorrenza, cos\u00ec tanto amata in Italia, \u00e8 legata solo <strong>dal 2017 alla pizza<\/strong>. Il connubio \u00e8 nato dopo il riconoscimento de &#8220;<em>L\u2019Arte tradizionale del pizzaiuolo napoletano<\/em>&#8221; a patrimonio culturale dell&#8217;umanit\u00e0 dell&#8217;<strong>Unesco<\/strong>. Dall&#8217;idea della giornata si \u00e8 passati alla scelta del giorno: il 17 gennaio per l&#8217;appunto.<\/p>\n","protected":false},"excerpt":{"rendered":"<p>Pizza&amp;Peace e consorzi dei prodotti toscani Dop e Igp portano avanti il progetto per valorizzare il &#8220;Made in Tuscany&#8221;. Arriva pure la canzone di Lorenzo Baglioni e Pizzaman<\/p>\n","protected":false},"author":554,"featured_media":322518,"comment_status":"open","ping_status":"open","sticky":false,"template":"","format":"standard","meta":{"_acf_changed":false,"footnotes":""},"categories":[8],"tags":[6521,436],"class_list":["post-322318","post","type-post","status-publish","format-standard","has-post-thumbnail","hentry","category-enogastronomia","tag-pizzerie","tag-prodotti-tipici"],"acf":[],"yoast_head":"<!-- This site is optimized with the Yoast SEO Premium plugin v24.2 (Yoast SEO v25.6) - https:\/\/yoast.com\/wordpress\/plugins\/seo\/ -->\n<title>World Pizza Day, l&#039;arte bianca celebra le eccellenze della Toscana - intoscana<\/title>\n<meta name=\"description\" content=\"Pizza&amp;Peace e consorzi dei prodotti toscani Dop e Igp portano avanti il progetto per valorizzare il &quot;Made in Tuscany&quot;\" \/>\n<meta name=\"robots\" content=\"index, follow, max-snippet:-1, max-image-preview:large, max-video-preview:-1\" \/>\n<link rel=\"canonical\" href=\"https:\/\/www.intoscana.it\/it\/pizza-day-larte-bianca-celebra-le-eccellenze-della-toscana\/\" \/>\n<meta property=\"og:locale\" content=\"it_IT\" \/>\n<meta property=\"og:type\" content=\"article\" \/>\n<meta property=\"og:title\" content=\"World Pizza Day, l&#039;arte bianca celebra le eccellenze della Toscana\" \/>\n<meta property=\"og:description\" content=\"Pizza&amp;Peace e consorzi dei prodotti toscani Dop e Igp portano avanti il progetto per valorizzare il &quot;Made in Tuscany&quot;\" \/>\n<meta property=\"og:url\" content=\"https:\/\/www.intoscana.it\/it\/pizza-day-larte-bianca-celebra-le-eccellenze-della-toscana\/\" \/>\n<meta property=\"og:site_name\" content=\"intoscana\" \/>\n<meta property=\"article:publisher\" content=\"https:\/\/www.facebook.com\/intoscana.it\" \/>\n<meta property=\"article:published_time\" content=\"2024-01-17T11:47:41+00:00\" \/>\n<meta property=\"article:modified_time\" content=\"2024-01-17T13:16:06+00:00\" \/>\n<meta property=\"og:image\" content=\"https:\/\/www.intoscana.it\/wp-content\/uploads\/La-pizza-con-la-tagliata-di-chianina-Igp-\u00a9-La-Pergola-di-Radicondoli.jpeg\" \/>\n\t<meta property=\"og:image:width\" content=\"2048\" \/>\n\t<meta property=\"og:image:height\" content=\"1366\" \/>\n\t<meta property=\"og:image:type\" content=\"image\/jpeg\" \/>\n<meta name=\"author\" content=\"Raffaella Galamini\" \/>\n<meta name=\"twitter:card\" content=\"summary_large_image\" \/>\n<meta name=\"twitter:creator\" content=\"@orio\" \/>\n<meta name=\"twitter:site\" content=\"@intoscana\" \/>\n<meta name=\"twitter:label1\" content=\"Written by\" \/>\n\t<meta name=\"twitter:data1\" content=\"Raffaella Galamini\" \/>\n\t<meta name=\"twitter:label2\" content=\"Est. reading time\" \/>\n\t<meta name=\"twitter:data2\" content=\"3 minuti\" \/>\n<script type=\"application\/ld+json\" class=\"yoast-schema-graph\">{\"@context\":\"https:\/\/schema.org\",\"@graph\":[{\"@type\":\"WebPage\",\"@id\":\"https:\/\/www.intoscana.it\/it\/pizza-day-larte-bianca-celebra-le-eccellenze-della-toscana\/\",\"url\":\"https:\/\/www.intoscana.it\/it\/pizza-day-larte-bianca-celebra-le-eccellenze-della-toscana\/\",\"name\":\"World Pizza Day, l'arte bianca celebra le eccellenze della Toscana - intoscana\",\"isPartOf\":{\"@id\":\"https:\/\/www.intoscana.it\/it\/#website\"},\"primaryImageOfPage\":{\"@id\":\"https:\/\/www.intoscana.it\/it\/pizza-day-larte-bianca-celebra-le-eccellenze-della-toscana\/#primaryimage\"},\"image\":{\"@id\":\"https:\/\/www.intoscana.it\/it\/pizza-day-larte-bianca-celebra-le-eccellenze-della-toscana\/#primaryimage\"},\"thumbnailUrl\":\"https:\/\/www.intoscana.it\/wp-content\/uploads\/La-pizza-con-la-tagliata-di-chianina-Igp-\u00a9-La-Pergola-di-Radicondoli.jpeg\",\"datePublished\":\"2024-01-17T11:47:41+00:00\",\"dateModified\":\"2024-01-17T13:16:06+00:00\",\"author\":{\"@id\":\"https:\/\/www.intoscana.it\/it\/#\/schema\/person\/9eb9daa846a49fe51af39a73d9d1986b\"},\"description\":\"Pizza&Peace e consorzi dei prodotti toscani Dop e Igp portano avanti il progetto per valorizzare il \\\"Made in Tuscany\\\"\",\"breadcrumb\":{\"@id\":\"https:\/\/www.intoscana.it\/it\/pizza-day-larte-bianca-celebra-le-eccellenze-della-toscana\/#breadcrumb\"},\"inLanguage\":\"it-IT\",\"potentialAction\":[{\"@type\":\"ReadAction\",\"target\":[\"https:\/\/www.intoscana.it\/it\/pizza-day-larte-bianca-celebra-le-eccellenze-della-toscana\/\"]}]},{\"@type\":\"ImageObject\",\"inLanguage\":\"it-IT\",\"@id\":\"https:\/\/www.intoscana.it\/it\/pizza-day-larte-bianca-celebra-le-eccellenze-della-toscana\/#primaryimage\",\"url\":\"https:\/\/www.intoscana.it\/wp-content\/uploads\/La-pizza-con-la-tagliata-di-chianina-Igp-\u00a9-La-Pergola-di-Radicondoli.jpeg\",\"contentUrl\":\"https:\/\/www.intoscana.it\/wp-content\/uploads\/La-pizza-con-la-tagliata-di-chianina-Igp-\u00a9-La-Pergola-di-Radicondoli.jpeg\",\"width\":2048,\"height\":1366},{\"@type\":\"BreadcrumbList\",\"@id\":\"https:\/\/www.intoscana.it\/it\/pizza-day-larte-bianca-celebra-le-eccellenze-della-toscana\/#breadcrumb\",\"itemListElement\":[{\"@type\":\"ListItem\",\"position\":1,\"name\":\"Home\",\"item\":\"https:\/\/www.intoscana.it\/it\/\"},{\"@type\":\"ListItem\",\"position\":2,\"name\":\"World Pizza Day, l&#8217;arte bianca celebra le eccellenze della Toscana\"}]},{\"@type\":\"WebSite\",\"@id\":\"https:\/\/www.intoscana.it\/it\/#website\",\"url\":\"https:\/\/www.intoscana.it\/it\/\",\"name\":\"intoscana\",\"description\":\"\",\"potentialAction\":[{\"@type\":\"SearchAction\",\"target\":{\"@type\":\"EntryPoint\",\"urlTemplate\":\"https:\/\/www.intoscana.it\/it\/?s={search_term_string}\"},\"query-input\":{\"@type\":\"PropertyValueSpecification\",\"valueRequired\":true,\"valueName\":\"search_term_string\"}}],\"inLanguage\":\"it-IT\"},{\"@type\":\"Person\",\"@id\":\"https:\/\/www.intoscana.it\/it\/#\/schema\/person\/9eb9daa846a49fe51af39a73d9d1986b\",\"name\":\"Raffaella Galamini\",\"sameAs\":[\"https:\/\/x.com\/orio\"],\"url\":\"https:\/\/www.intoscana.it\/it\/author\/r-galamini\/\"}]}<\/script>\n<!-- \/ Yoast SEO Premium plugin. -->","yoast_head_json":{"title":"World Pizza Day, l'arte bianca celebra le eccellenze della Toscana - intoscana","description":"Pizza&Peace e consorzi dei prodotti toscani Dop e Igp portano avanti il progetto per valorizzare il \"Made in Tuscany\"","robots":{"index":"index","follow":"follow","max-snippet":"max-snippet:-1","max-image-preview":"max-image-preview:large","max-video-preview":"max-video-preview:-1"},"canonical":"https:\/\/www.intoscana.it\/it\/pizza-day-larte-bianca-celebra-le-eccellenze-della-toscana\/","og_locale":"it_IT","og_type":"article","og_title":"World Pizza Day, l'arte bianca celebra le eccellenze della Toscana","og_description":"Pizza&Peace e consorzi dei prodotti toscani Dop e Igp portano avanti il progetto per valorizzare il \"Made in Tuscany\"","og_url":"https:\/\/www.intoscana.it\/it\/pizza-day-larte-bianca-celebra-le-eccellenze-della-toscana\/","og_site_name":"intoscana","article_publisher":"https:\/\/www.facebook.com\/intoscana.it","article_published_time":"2024-01-17T11:47:41+00:00","article_modified_time":"2024-01-17T13:16:06+00:00","og_image":[{"width":2048,"height":1366,"url":"https:\/\/www.intoscana.it\/wp-content\/uploads\/La-pizza-con-la-tagliata-di-chianina-Igp-\u00a9-La-Pergola-di-Radicondoli.jpeg","type":"image\/jpeg"}],"author":"Raffaella Galamini","twitter_card":"summary_large_image","twitter_creator":"@orio","twitter_site":"@intoscana","twitter_misc":{"Written by":"Raffaella Galamini","Est. reading time":"3 minuti"},"schema":{"@context":"https:\/\/schema.org","@graph":[{"@type":"WebPage","@id":"https:\/\/www.intoscana.it\/it\/pizza-day-larte-bianca-celebra-le-eccellenze-della-toscana\/","url":"https:\/\/www.intoscana.it\/it\/pizza-day-larte-bianca-celebra-le-eccellenze-della-toscana\/","name":"World Pizza Day, l'arte bianca celebra le eccellenze della Toscana - intoscana","isPartOf":{"@id":"https:\/\/www.intoscana.it\/it\/#website"},"primaryImageOfPage":{"@id":"https:\/\/www.intoscana.it\/it\/pizza-day-larte-bianca-celebra-le-eccellenze-della-toscana\/#primaryimage"},"image":{"@id":"https:\/\/www.intoscana.it\/it\/pizza-day-larte-bianca-celebra-le-eccellenze-della-toscana\/#primaryimage"},"thumbnailUrl":"https:\/\/www.intoscana.it\/wp-content\/uploads\/La-pizza-con-la-tagliata-di-chianina-Igp-\u00a9-La-Pergola-di-Radicondoli.jpeg","datePublished":"2024-01-17T11:47:41+00:00","dateModified":"2024-01-17T13:16:06+00:00","author":{"@id":"https:\/\/www.intoscana.it\/it\/#\/schema\/person\/9eb9daa846a49fe51af39a73d9d1986b"},"description":"Pizza&Peace e consorzi dei prodotti toscani Dop e Igp portano avanti il progetto per valorizzare il \"Made in Tuscany\"","breadcrumb":{"@id":"https:\/\/www.intoscana.it\/it\/pizza-day-larte-bianca-celebra-le-eccellenze-della-toscana\/#breadcrumb"},"inLanguage":"it-IT","potentialAction":[{"@type":"ReadAction","target":["https:\/\/www.intoscana.it\/it\/pizza-day-larte-bianca-celebra-le-eccellenze-della-toscana\/"]}]},{"@type":"ImageObject","inLanguage":"it-IT","@id":"https:\/\/www.intoscana.it\/it\/pizza-day-larte-bianca-celebra-le-eccellenze-della-toscana\/#primaryimage","url":"https:\/\/www.intoscana.it\/wp-content\/uploads\/La-pizza-con-la-tagliata-di-chianina-Igp-\u00a9-La-Pergola-di-Radicondoli.jpeg","contentUrl":"https:\/\/www.intoscana.it\/wp-content\/uploads\/La-pizza-con-la-tagliata-di-chianina-Igp-\u00a9-La-Pergola-di-Radicondoli.jpeg","width":2048,"height":1366},{"@type":"BreadcrumbList","@id":"https:\/\/www.intoscana.it\/it\/pizza-day-larte-bianca-celebra-le-eccellenze-della-toscana\/#breadcrumb","itemListElement":[{"@type":"ListItem","position":1,"name":"Home","item":"https:\/\/www.intoscana.it\/it\/"},{"@type":"ListItem","position":2,"name":"World Pizza Day, l&#8217;arte bianca celebra le eccellenze della Toscana"}]},{"@type":"WebSite","@id":"https:\/\/www.intoscana.it\/it\/#website","url":"https:\/\/www.intoscana.it\/it\/","name":"intoscana","description":"","potentialAction":[{"@type":"SearchAction","target":{"@type":"EntryPoint","urlTemplate":"https:\/\/www.intoscana.it\/it\/?s={search_term_string}"},"query-input":{"@type":"PropertyValueSpecification","valueRequired":true,"valueName":"search_term_string"}}],"inLanguage":"it-IT"},{"@type":"Person","@id":"https:\/\/www.intoscana.it\/it\/#\/schema\/person\/9eb9daa846a49fe51af39a73d9d1986b","name":"Raffaella Galamini","sameAs":["https:\/\/x.com\/orio"],"url":"https:\/\/www.intoscana.it\/it\/author\/r-galamini\/"}]}},"_links":{"self":[{"href":"https:\/\/www.intoscana.it\/it\/wp-json\/wp\/v2\/posts\/322318","targetHints":{"allow":["GET"]}}],"collection":[{"href":"https:\/\/www.intoscana.it\/it\/wp-json\/wp\/v2\/posts"}],"about":[{"href":"https:\/\/www.intoscana.it\/it\/wp-json\/wp\/v2\/types\/post"}],"author":[{"embeddable":true,"href":"https:\/\/www.intoscana.it\/it\/wp-json\/wp\/v2\/users\/554"}],"replies":[{"embeddable":true,"href":"https:\/\/www.intoscana.it\/it\/wp-json\/wp\/v2\/comments?post=322318"}],"version-history":[{"count":15,"href":"https:\/\/www.intoscana.it\/it\/wp-json\/wp\/v2\/posts\/322318\/revisions"}],"predecessor-version":[{"id":322723,"href":"https:\/\/www.intoscana.it\/it\/wp-json\/wp\/v2\/posts\/322318\/revisions\/322723"}],"wp:featuredmedia":[{"embeddable":true,"href":"https:\/\/www.intoscana.it\/it\/wp-json\/wp\/v2\/media\/322518"}],"wp:attachment":[{"href":"https:\/\/www.intoscana.it\/it\/wp-json\/wp\/v2\/media?parent=322318"}],"wp:term":[{"taxonomy":"category","embeddable":true,"href":"https:\/\/www.intoscana.it\/it\/wp-json\/wp\/v2\/categories?post=322318"},{"taxonomy":"post_tag","embeddable":true,"href":"https:\/\/www.intoscana.it\/it\/wp-json\/wp\/v2\/tags?post=322318"}],"curies":[{"name":"wp","href":"https:\/\/api.w.org\/{rel}","templated":true}]}}