{"id":322446,"date":"2024-01-16T15:43:25","date_gmt":"2024-01-16T14:43:25","guid":{"rendered":"https:\/\/www.intoscana.it\/it\/?p=322446"},"modified":"2024-01-16T16:09:48","modified_gmt":"2024-01-16T15:09:48","slug":"i-costumi-da-oscar-di-romeo-e-giulietta-in-mostra-alla-fondazione-zeffirelli-di-firenze","status":"publish","type":"post","link":"https:\/\/www.intoscana.it\/it\/i-costumi-da-oscar-di-romeo-e-giulietta-in-mostra-alla-fondazione-zeffirelli-di-firenze\/","title":{"rendered":"I costumi da Oscar di Romeo e Giulietta in mostra alla Fondazione Zeffirelli di Firenze"},"content":{"rendered":"<p><strong><em>Romeo e Giulietta<\/em><\/strong> \u00e8 uno dei film pi\u00f9 celebri del<strong> regista toscano Franco Zeffirelli,<\/strong> le vicende portate sul grande schermo dai giovanissimi attori hanno fatto emozionare e piangere pi\u00f9 di una generazione di spettatori.<\/p>\n<p><strong><em>\u201cRomeo &amp; Giulietta. I costumi da Oscar di Danilo Donati dal film di Franco Zeffirelli\u201d<\/em><\/strong> \u00e8 questo il titolo della mostra che sar\u00e0 aperta a <strong>Firenze<\/strong> presso la <a href=\"https:\/\/www.intoscana.it\/it\/articolo\/cinema-a-firenze-riapre-il-museo-zeffirelli-con-eventi-speciali\/\" target=\"_blank\" rel=\"noopener\"><strong>Fondazione Zeffirelli<\/strong> <\/a>fino al 18 febbraio.<\/p>\n<p>L&#8217;esposizione allestita nella<strong> Sala della Musica<\/strong> presenta i costumi realizzati da <strong>Danilo Donati<\/strong> per l&#8217;indimenticabile film del 1968 di <a href=\"https:\/\/www.intoscana.it\/it\/articolo\/i-pagliacci-contemporanei-di-zeffirelli-raccontati-nel-documentario-del-regista-fiorentino-zucchetti\/\" target=\"_blank\" rel=\"noopener\"><strong>Franco Zeffirelli<\/strong> <\/a>con protagonisti <strong>Olivia Hussey e Leonard Whiting.<\/strong><\/p>\n<p>L&#8217;allestimento, voluto dal Presidente della Fondazione Zeffirelli <strong>Pippo Zeffirelli<\/strong> in collaborazione con il direttore della Fondazione Cerratelli <strong>Diego Fiorini<\/strong>, mette a disposizione dei visitatori <strong>oltre trenta costumi originali<\/strong>, una vasta collezione gentilmente messa a disposizione dalla <a href=\"http:\/\/fondazionecerratelli.it\" target=\"_blank\" rel=\"noopener\"><strong>Fondazione Cerratelli<\/strong>.<\/a><\/p>\n<p>Oltre agli abiti iconici dei due protagonisti sono infatti esposti i costumi indossati dalla <strong>balia, dai genitori e da molti dei protagonisti<\/strong> della trasposizione cinematografica dell&#8217;opera di <strong>William Shakespeare.<\/strong><\/p>\n<p>Il costumista Danilo Donati li realizz\u00f2 unendo sapientemente lo stile e le linee classiche dell&#8217;epoca a materiali moderni, dando vita agli ineguagliabili costumi che gli valsero molti premi tra cui:<strong> l&#8217;Oscar,\u00a0il Nastro d\u2019Argento, il British Academy Film Award e l\u2019Academy Award \u201cOscar\u201d.<\/strong><\/p>\n<p>Di particolare rilevanza i <strong>tre abiti indossati da Giulietta nelle scene principali del film<\/strong> che rivelano la poliedricit\u00e0 con cui Donati ha saputo interpretare lo spirito della tragedia e dell&#8217;amore. Un&#8217;esperienza imperdibile per <strong>gli amanti del cinema e della moda.<\/strong><\/p>\n<p><em>\u201cUna mostra bellissima \u00a0<\/em><strong>&#8211; ha detto il presidente della Regione Toscana Eugenio Giani &#8211; c<\/strong><em>he rappresenta un\u2019occasione preziosa e unica per chi vorr\u00e0 conoscere da vicino la magnificenza del genio creativo del grande Danilo Donati, premio Oscar, e per chi vorr\u00e0 entrare pi\u00f9 in contatto con il mondo del grande maestro Zeffirelli che ha affidato alla citt\u00e0 natale il suo patrimonio artistico. La mostra colloca Firenze nella dimensione della storia del cinema, del teatro, dell\u2019opera dando tanti stimoli e arricchendo il ruolo che la Toscana vuole rappresentare nella produzione cinematografica. In questo momento abbiamo aperto un bando per chi si propone di produrre un film nella nostra regione, la Toscana che, attraverso grandi maestri come Franco Zeffirelli e grandi scuole, rafforza anche la sua prospettiva di terra di cinema, \u00a0di teatro e di produzione culturale\u201d \u00a0<\/em><\/p>\n<figure id=\"post-322479 media-322479\" class=\"align-none\"><img decoding=\"async\" src=\"https:\/\/www.intoscana.it\/wp-content\/uploads\/2024-01-16-Foto-mostra-Romeo-_-Giuletta-1-scaled.jpeg\" alt=\"\" \/><\/figure>\n<p><em>\u201cQuest\u2019anno &#8211; <\/em><strong>ha detto Pippo Zeffirelli &#8211;<\/strong><em> con il 12 febbraio chiudiamo i festeggiamenti per il <strong>centenario di Zeffirelli<\/strong> e quindi abbiamo pensato, come ultima mostra da dedicare a lui e al suo centenario, di riportare in vita \u201cRomeo e Giulietta, che \u00e8 stato uno dei film pi\u00f9 importanti per la sua carriere e, al contempo, mostrare l\u2019importanza della realizzazione dei suoi \u00a0costumi che hanno fatto vincere un Oscar al costumista, <strong>realizzati a Firenze dalla Sartoria Cerratelli,<\/strong> straordinaria, la pi\u00f9 importante in Italia all\u2019epoca, che eseguiva capolavori che, come questi, a distanza di 60 anni sono perfetti, cuciti con la cura e la dedizione propri di professionisti di quel calibro\u201d. \u00a0<\/em><\/p>\n<p><strong>Danilo Donati \u00e8 nato a Luzzara,<\/strong> in provincia di Reggio Emilia, nel 1926. Insieme a <strong>Piero Tosi \u00e8<\/strong> considerato<strong> uno dei maggiori costumisti del Novecento<\/strong>.<\/p>\n<p>Praticamente coetanei, <strong>Donati e Tosi<\/strong> sono diventati amici nell\u2019immediato dopoguerra frequentando insieme l\u2019<strong>Istituto d\u2019Arte di Porta Romana a Firenze, <\/strong>all&#8217;epoca in cui insegnavano artisti del calibro di <strong>Ottone Rosai e Gianni Vagnetti.<\/strong><\/p>\n<p>Hanno iniziato la loro carriera entrambi come collaboratori di <strong>Luchino Visconti,<\/strong> a cui li aveva presentati <strong>Franco Zeffirelli<\/strong> che li aveva conosciuti e apprezzati a Firenze e si era trasferito a Roma per primo.<\/p>\n<p>Dopo un breve apprendistato come <strong>assistenti scenografi e costumisti<\/strong> , sia Donati che Tosi si sono dedicati al<strong> costume cinematografico,<\/strong> distinguendosi ciascuno per uno stile personalissimo:<strong> immaginifico il primo, filologico il secondo.<\/strong><\/p>\n<p>Tra il 1957 e il 1972, prima di diventare <strong>il costumista prediletto di Pasolini e di Fellini,<\/strong> Donati ha ha collaborato pi\u00f9 volte con Zeffirelli, firmando i costumi di due opere liriche, tre spettacoli teatrali e tre film, tra i quali <strong><em>Romeo e Giulietta,<\/em><\/strong> che gli valse il primo dei due<strong> Oscar<\/strong> della sua carriera.<\/p>\n<figure id=\"post-322475 media-322475\" class=\"align-none\"><img decoding=\"async\" src=\"https:\/\/www.intoscana.it\/wp-content\/uploads\/Foto-inaugurazione-2-scaled.jpeg\" alt=\"\" \/><\/figure>\n<div class=\"titleimg\"><em>Pippo Zeffirelli e Eugenio Giani<\/em><\/div>\n","protected":false},"excerpt":{"rendered":"<p>Fino al 18 febbraio sono in mostra a Firenze presso la Fondazione Zeffirelli i costumi originali del film &#8220;Romeo e Giulietta&#8221; realizzati da Danilo Donati, costumista prediletto di registi del calibro di Pasolini e Fellini<\/p>\n","protected":false},"author":518,"featured_media":322450,"comment_status":"open","ping_status":"open","sticky":false,"template":"","format":"standard","meta":{"_acf_changed":false,"footnotes":""},"categories":[493],"tags":[188,158,202,222,151],"class_list":["post-322446","post","type-post","status-publish","format-standard","has-post-thumbnail","hentry","category-cultura","tag-cinema","tag-eugenio-giani","tag-firenze","tag-mostre","tag-regione-toscana"],"acf":[],"yoast_head":"<!-- This site is optimized with the Yoast SEO Premium plugin v24.2 (Yoast SEO v25.6) - https:\/\/yoast.com\/wordpress\/plugins\/seo\/ -->\n<title>I costumi da Oscar di Romeo e Giulietta in mostra alla Fondazione Zeffirelli di Firenze - intoscana<\/title>\n<meta name=\"description\" content=\"\u201cRomeo &amp; Giulietta. I costumi da Oscar di Danilo Donati dal film di Franco Zeffirelli\u201d \u00e8 la mostra aperta a Firenze fino al 18 febbraio\" \/>\n<meta name=\"robots\" content=\"index, follow, max-snippet:-1, max-image-preview:large, max-video-preview:-1\" \/>\n<link rel=\"canonical\" href=\"https:\/\/www.intoscana.it\/it\/i-costumi-da-oscar-di-romeo-e-giulietta-in-mostra-alla-fondazione-zeffirelli-di-firenze\/\" \/>\n<meta property=\"og:locale\" content=\"it_IT\" \/>\n<meta property=\"og:type\" content=\"article\" \/>\n<meta property=\"og:title\" content=\"I costumi da Oscar di Romeo e Giulietta in mostra alla Fondazione Zeffirelli di Firenze\" \/>\n<meta property=\"og:description\" content=\"\u201cRomeo &amp; Giulietta. I costumi da Oscar di Danilo Donati dal film di Franco Zeffirelli\u201d \u00e8 la mostra aperta a Firenze fino al 18 febbraio\" \/>\n<meta property=\"og:url\" content=\"https:\/\/www.intoscana.it\/it\/i-costumi-da-oscar-di-romeo-e-giulietta-in-mostra-alla-fondazione-zeffirelli-di-firenze\/\" \/>\n<meta property=\"og:site_name\" content=\"intoscana\" \/>\n<meta property=\"article:publisher\" content=\"https:\/\/www.facebook.com\/intoscana.it\" \/>\n<meta property=\"article:published_time\" content=\"2024-01-16T14:43:25+00:00\" \/>\n<meta property=\"article:modified_time\" content=\"2024-01-16T15:09:48+00:00\" \/>\n<meta property=\"og:image\" content=\"https:\/\/www.intoscana.it\/wp-content\/uploads\/romeo.jpeg\" \/>\n\t<meta property=\"og:image:width\" content=\"2048\" \/>\n\t<meta property=\"og:image:height\" content=\"1365\" \/>\n\t<meta property=\"og:image:type\" content=\"image\/jpeg\" \/>\n<meta name=\"author\" content=\"Costanza Baldini\" \/>\n<meta name=\"twitter:card\" content=\"summary_large_image\" \/>\n<meta name=\"twitter:creator\" content=\"@intoscana\" \/>\n<meta name=\"twitter:site\" content=\"@intoscana\" \/>\n<meta name=\"twitter:label1\" content=\"Written by\" \/>\n\t<meta name=\"twitter:data1\" content=\"Costanza Baldini\" \/>\n\t<meta name=\"twitter:label2\" content=\"Est. reading time\" \/>\n\t<meta name=\"twitter:data2\" content=\"3 minuti\" \/>\n<script type=\"application\/ld+json\" class=\"yoast-schema-graph\">{\"@context\":\"https:\/\/schema.org\",\"@graph\":[{\"@type\":\"WebPage\",\"@id\":\"https:\/\/www.intoscana.it\/it\/i-costumi-da-oscar-di-romeo-e-giulietta-in-mostra-alla-fondazione-zeffirelli-di-firenze\/\",\"url\":\"https:\/\/www.intoscana.it\/it\/i-costumi-da-oscar-di-romeo-e-giulietta-in-mostra-alla-fondazione-zeffirelli-di-firenze\/\",\"name\":\"I costumi da Oscar di Romeo e Giulietta in mostra alla Fondazione Zeffirelli di Firenze - intoscana\",\"isPartOf\":{\"@id\":\"https:\/\/www.intoscana.it\/it\/#website\"},\"primaryImageOfPage\":{\"@id\":\"https:\/\/www.intoscana.it\/it\/i-costumi-da-oscar-di-romeo-e-giulietta-in-mostra-alla-fondazione-zeffirelli-di-firenze\/#primaryimage\"},\"image\":{\"@id\":\"https:\/\/www.intoscana.it\/it\/i-costumi-da-oscar-di-romeo-e-giulietta-in-mostra-alla-fondazione-zeffirelli-di-firenze\/#primaryimage\"},\"thumbnailUrl\":\"https:\/\/www.intoscana.it\/wp-content\/uploads\/romeo.jpeg\",\"datePublished\":\"2024-01-16T14:43:25+00:00\",\"dateModified\":\"2024-01-16T15:09:48+00:00\",\"author\":{\"@id\":\"https:\/\/www.intoscana.it\/it\/#\/schema\/person\/d469f35f09739bdf00bf5dd3f0647a82\"},\"description\":\"\u201cRomeo & Giulietta. I costumi da Oscar di Danilo Donati dal film di Franco Zeffirelli\u201d \u00e8 la mostra aperta a Firenze fino al 18 febbraio\",\"breadcrumb\":{\"@id\":\"https:\/\/www.intoscana.it\/it\/i-costumi-da-oscar-di-romeo-e-giulietta-in-mostra-alla-fondazione-zeffirelli-di-firenze\/#breadcrumb\"},\"inLanguage\":\"it-IT\",\"potentialAction\":[{\"@type\":\"ReadAction\",\"target\":[\"https:\/\/www.intoscana.it\/it\/i-costumi-da-oscar-di-romeo-e-giulietta-in-mostra-alla-fondazione-zeffirelli-di-firenze\/\"]}]},{\"@type\":\"ImageObject\",\"inLanguage\":\"it-IT\",\"@id\":\"https:\/\/www.intoscana.it\/it\/i-costumi-da-oscar-di-romeo-e-giulietta-in-mostra-alla-fondazione-zeffirelli-di-firenze\/#primaryimage\",\"url\":\"https:\/\/www.intoscana.it\/wp-content\/uploads\/romeo.jpeg\",\"contentUrl\":\"https:\/\/www.intoscana.it\/wp-content\/uploads\/romeo.jpeg\",\"width\":2048,\"height\":1365},{\"@type\":\"BreadcrumbList\",\"@id\":\"https:\/\/www.intoscana.it\/it\/i-costumi-da-oscar-di-romeo-e-giulietta-in-mostra-alla-fondazione-zeffirelli-di-firenze\/#breadcrumb\",\"itemListElement\":[{\"@type\":\"ListItem\",\"position\":1,\"name\":\"Home\",\"item\":\"https:\/\/www.intoscana.it\/it\/\"},{\"@type\":\"ListItem\",\"position\":2,\"name\":\"I costumi da Oscar di Romeo e Giulietta in mostra alla Fondazione Zeffirelli di Firenze\"}]},{\"@type\":\"WebSite\",\"@id\":\"https:\/\/www.intoscana.it\/it\/#website\",\"url\":\"https:\/\/www.intoscana.it\/it\/\",\"name\":\"intoscana\",\"description\":\"\",\"potentialAction\":[{\"@type\":\"SearchAction\",\"target\":{\"@type\":\"EntryPoint\",\"urlTemplate\":\"https:\/\/www.intoscana.it\/it\/?s={search_term_string}\"},\"query-input\":{\"@type\":\"PropertyValueSpecification\",\"valueRequired\":true,\"valueName\":\"search_term_string\"}}],\"inLanguage\":\"it-IT\"},{\"@type\":\"Person\",\"@id\":\"https:\/\/www.intoscana.it\/it\/#\/schema\/person\/d469f35f09739bdf00bf5dd3f0647a82\",\"name\":\"Costanza Baldini\",\"url\":\"https:\/\/www.intoscana.it\/it\/author\/costanza-baldini\/\"}]}<\/script>\n<!-- \/ Yoast SEO Premium plugin. -->","yoast_head_json":{"title":"I costumi da Oscar di Romeo e Giulietta in mostra alla Fondazione Zeffirelli di Firenze - intoscana","description":"\u201cRomeo & Giulietta. I costumi da Oscar di Danilo Donati dal film di Franco Zeffirelli\u201d \u00e8 la mostra aperta a Firenze fino al 18 febbraio","robots":{"index":"index","follow":"follow","max-snippet":"max-snippet:-1","max-image-preview":"max-image-preview:large","max-video-preview":"max-video-preview:-1"},"canonical":"https:\/\/www.intoscana.it\/it\/i-costumi-da-oscar-di-romeo-e-giulietta-in-mostra-alla-fondazione-zeffirelli-di-firenze\/","og_locale":"it_IT","og_type":"article","og_title":"I costumi da Oscar di Romeo e Giulietta in mostra alla Fondazione Zeffirelli di Firenze","og_description":"\u201cRomeo & Giulietta. I costumi da Oscar di Danilo Donati dal film di Franco Zeffirelli\u201d \u00e8 la mostra aperta a Firenze fino al 18 febbraio","og_url":"https:\/\/www.intoscana.it\/it\/i-costumi-da-oscar-di-romeo-e-giulietta-in-mostra-alla-fondazione-zeffirelli-di-firenze\/","og_site_name":"intoscana","article_publisher":"https:\/\/www.facebook.com\/intoscana.it","article_published_time":"2024-01-16T14:43:25+00:00","article_modified_time":"2024-01-16T15:09:48+00:00","og_image":[{"width":2048,"height":1365,"url":"https:\/\/www.intoscana.it\/wp-content\/uploads\/romeo.jpeg","type":"image\/jpeg"}],"author":"Costanza Baldini","twitter_card":"summary_large_image","twitter_creator":"@intoscana","twitter_site":"@intoscana","twitter_misc":{"Written by":"Costanza Baldini","Est. reading time":"3 minuti"},"schema":{"@context":"https:\/\/schema.org","@graph":[{"@type":"WebPage","@id":"https:\/\/www.intoscana.it\/it\/i-costumi-da-oscar-di-romeo-e-giulietta-in-mostra-alla-fondazione-zeffirelli-di-firenze\/","url":"https:\/\/www.intoscana.it\/it\/i-costumi-da-oscar-di-romeo-e-giulietta-in-mostra-alla-fondazione-zeffirelli-di-firenze\/","name":"I costumi da Oscar di Romeo e Giulietta in mostra alla Fondazione Zeffirelli di Firenze - intoscana","isPartOf":{"@id":"https:\/\/www.intoscana.it\/it\/#website"},"primaryImageOfPage":{"@id":"https:\/\/www.intoscana.it\/it\/i-costumi-da-oscar-di-romeo-e-giulietta-in-mostra-alla-fondazione-zeffirelli-di-firenze\/#primaryimage"},"image":{"@id":"https:\/\/www.intoscana.it\/it\/i-costumi-da-oscar-di-romeo-e-giulietta-in-mostra-alla-fondazione-zeffirelli-di-firenze\/#primaryimage"},"thumbnailUrl":"https:\/\/www.intoscana.it\/wp-content\/uploads\/romeo.jpeg","datePublished":"2024-01-16T14:43:25+00:00","dateModified":"2024-01-16T15:09:48+00:00","author":{"@id":"https:\/\/www.intoscana.it\/it\/#\/schema\/person\/d469f35f09739bdf00bf5dd3f0647a82"},"description":"\u201cRomeo & Giulietta. I costumi da Oscar di Danilo Donati dal film di Franco Zeffirelli\u201d \u00e8 la mostra aperta a Firenze fino al 18 febbraio","breadcrumb":{"@id":"https:\/\/www.intoscana.it\/it\/i-costumi-da-oscar-di-romeo-e-giulietta-in-mostra-alla-fondazione-zeffirelli-di-firenze\/#breadcrumb"},"inLanguage":"it-IT","potentialAction":[{"@type":"ReadAction","target":["https:\/\/www.intoscana.it\/it\/i-costumi-da-oscar-di-romeo-e-giulietta-in-mostra-alla-fondazione-zeffirelli-di-firenze\/"]}]},{"@type":"ImageObject","inLanguage":"it-IT","@id":"https:\/\/www.intoscana.it\/it\/i-costumi-da-oscar-di-romeo-e-giulietta-in-mostra-alla-fondazione-zeffirelli-di-firenze\/#primaryimage","url":"https:\/\/www.intoscana.it\/wp-content\/uploads\/romeo.jpeg","contentUrl":"https:\/\/www.intoscana.it\/wp-content\/uploads\/romeo.jpeg","width":2048,"height":1365},{"@type":"BreadcrumbList","@id":"https:\/\/www.intoscana.it\/it\/i-costumi-da-oscar-di-romeo-e-giulietta-in-mostra-alla-fondazione-zeffirelli-di-firenze\/#breadcrumb","itemListElement":[{"@type":"ListItem","position":1,"name":"Home","item":"https:\/\/www.intoscana.it\/it\/"},{"@type":"ListItem","position":2,"name":"I costumi da Oscar di Romeo e Giulietta in mostra alla Fondazione Zeffirelli di Firenze"}]},{"@type":"WebSite","@id":"https:\/\/www.intoscana.it\/it\/#website","url":"https:\/\/www.intoscana.it\/it\/","name":"intoscana","description":"","potentialAction":[{"@type":"SearchAction","target":{"@type":"EntryPoint","urlTemplate":"https:\/\/www.intoscana.it\/it\/?s={search_term_string}"},"query-input":{"@type":"PropertyValueSpecification","valueRequired":true,"valueName":"search_term_string"}}],"inLanguage":"it-IT"},{"@type":"Person","@id":"https:\/\/www.intoscana.it\/it\/#\/schema\/person\/d469f35f09739bdf00bf5dd3f0647a82","name":"Costanza Baldini","url":"https:\/\/www.intoscana.it\/it\/author\/costanza-baldini\/"}]}},"_links":{"self":[{"href":"https:\/\/www.intoscana.it\/it\/wp-json\/wp\/v2\/posts\/322446","targetHints":{"allow":["GET"]}}],"collection":[{"href":"https:\/\/www.intoscana.it\/it\/wp-json\/wp\/v2\/posts"}],"about":[{"href":"https:\/\/www.intoscana.it\/it\/wp-json\/wp\/v2\/types\/post"}],"author":[{"embeddable":true,"href":"https:\/\/www.intoscana.it\/it\/wp-json\/wp\/v2\/users\/518"}],"replies":[{"embeddable":true,"href":"https:\/\/www.intoscana.it\/it\/wp-json\/wp\/v2\/comments?post=322446"}],"version-history":[{"count":12,"href":"https:\/\/www.intoscana.it\/it\/wp-json\/wp\/v2\/posts\/322446\/revisions"}],"predecessor-version":[{"id":322520,"href":"https:\/\/www.intoscana.it\/it\/wp-json\/wp\/v2\/posts\/322446\/revisions\/322520"}],"wp:featuredmedia":[{"embeddable":true,"href":"https:\/\/www.intoscana.it\/it\/wp-json\/wp\/v2\/media\/322450"}],"wp:attachment":[{"href":"https:\/\/www.intoscana.it\/it\/wp-json\/wp\/v2\/media?parent=322446"}],"wp:term":[{"taxonomy":"category","embeddable":true,"href":"https:\/\/www.intoscana.it\/it\/wp-json\/wp\/v2\/categories?post=322446"},{"taxonomy":"post_tag","embeddable":true,"href":"https:\/\/www.intoscana.it\/it\/wp-json\/wp\/v2\/tags?post=322446"}],"curies":[{"name":"wp","href":"https:\/\/api.w.org\/{rel}","templated":true}]}}