{"id":323044,"date":"2024-01-19T10:04:03","date_gmt":"2024-01-19T09:04:03","guid":{"rendered":"https:\/\/www.intoscana.it\/it\/?p=323044"},"modified":"2024-01-22T15:16:56","modified_gmt":"2024-01-22T14:16:56","slug":"toscana-aeroporti-via-libera-dallenac-al-progetto-per-il-nuovo-terminal-di-pisa","status":"publish","type":"post","link":"https:\/\/www.intoscana.it\/it\/toscana-aeroporti-via-libera-dallenac-al-progetto-per-il-nuovo-terminal-di-pisa\/","title":{"rendered":"Toscana aeroporti, via libera dall&#8217;ENAC al progetto per il nuovo terminal di Pisa"},"content":{"rendered":"<p style=\"font-weight: 400;\">L&#8217;Ente Nazionale per l&#8217;Aviazione Civile ha dato il suo ok al progetto esecutivo del <strong>nuovo terminal<\/strong> dell\u2019aeroporto di <strong>Pisa<\/strong>. Con l\u2019approvazione finale da parte dell\u2019Ente,\u00a0il <strong>Piano di Sviluppo Aeroportuale 2014-2028<\/strong> del Galilei pu\u00f2 finalmente entrare nel vivo.<\/p>\n<p style=\"font-weight: 400;\">\u201c<em>Con il via libera di Enac al progetto esecutivo presentato da Toscana Aeroporti &#8211;<\/em> commenta il Sindaco di Pisa, Michele Conti<em> &#8211; decollano finalmente i lavori all\u2019Aeroporto di Pisa. Un investimento da 80 milioni di euro necessari a rendere il \u201cGalilei\u201d <strong>pi\u00f9 moderno e accogliente<\/strong>, rafforzandone il ruolo di principale accesso della Toscana. <strong>Una buona notizia per Pisa e per tutta la regione<\/strong>. La realizzazione del nuovo terminal<\/em> \u2013 prosegue il\u00a0<strong>sindaco Conti<\/strong>\u00a0-, <em>che sar\u00e0 ampliato e ristrutturato per essere adeguato ad accogliere i flussi di milioni passeggeri che registra lo scalo pisano ogni anno, rappresenta un\u2019occasione di sviluppo fondamentale per il turismo del nostro territorio che non possiamo perdere: un traguardo che le nostre attivit\u00e0 economiche basate sulla ricettivit\u00e0, l\u2019enogastronomia e i servizi di accoglienza turistica attendono da anni. Interloquire con Toscana Aeroporti con seriet\u00e0, con pazienza e perseveranza, ha portato un risultato che sar\u00e0 di grande vantaggio per la nostra citt\u00e0. Adesso attendiamo l\u2019avvio reale del cantiere, continuando a monitorare il rispetto degli impegni presi da Toscana Aeroporti per lo sviluppo dello scalo pisano<\/em>.\u201d<\/p>\n<p style=\"font-weight: 400;\">Dopo i lavori preliminari di bonifica bellica, di riprotezione dei sottosistemi e di demolizione, le prossime fasi prevedono\u00a0la <strong>costruzione di un nuovo edificio\u00a0di 6.200 mq<\/strong>,\u00a0l\u2019ampliamento e la ristrutturazione dell\u2019attuale terminal per un totale di circa 12 mila mq. Lo scalo del Galilei rester\u00e0 sempre operativo, infatti l&#8217;avanzamento dei lavori andr\u00e0 per fasi in modo che l&#8217;aeroporto possa rimanere attivo per tutto il periodo dei lavori.<\/p>\n<div class=\"focuson\"><a href=\"https:\/\/www.intoscana.it\/it\/dettaglio-video\/partiti-i-lavori-per-il-nuovo-terminal-dellaeroporto-di-pisa\/\"><img decoding=\"async\" class=\"lazy\" src=\"https:\/\/www.intoscana.it\/wp-content\/uploads\/lavori-terminal-pisa-2.jpeg\" style=\"\">\n                <div class=\"cat\">Aeroporto di Pisa<\/div>\n                <h4>Partiti i lavori<\/h4><\/a>\n              <\/div>\n<p style=\"font-weight: 400;\">Questa fase del Piano di sviluppo aeroportuale prevede un investimento\u00a0di circa oltre\u00a050 milioni di euro, per una<strong> durata di\u00a0806 giorni\u00a0<\/strong>che &#8211; sommati agli\u00a0interventi\u00a0propedeutici\u00a0gi\u00e0 realizzati per circa\u00a04 milioni, ai\u00a03 milioni\u00a0di\u00a0opere connesse\u00a0e ai\u00a023 milioni\u00a0previsti per le opere\u00a0di miglioramento previste dal Piano di Utilizzo dell\u2019Aerostazione\u00a0&#8211; ammontano a un <strong>investimento totale di circa\u00a080 milioni<\/strong>.<\/p>\n<figure id=\"post-323047 media-323047\" class=\"align-none\"><img decoding=\"async\" src=\"https:\/\/www.intoscana.it\/wp-content\/uploads\/Pisa_1.jpg\" alt=\"\" \/><\/figure>\n<div class=\"titleimg\"><\/div>\n<p style=\"font-weight: 400;\">Il Consiglio di Amministrazione di Toscana Aeroporti ha approvato l\u2019affidamento dei lavori alla societ\u00e0\u00a0in house\u00a0<strong>Toscana Costruzioni<\/strong>, costituita da Toscana Aeroporti e Cemes per consentire una velocizzazione degli affidamenti e un risparmio dei costi in vista dei diversi investimenti infrastrutturali previsti per gli scali di Firenze e Pisa.<\/p>\n<p style=\"font-weight: 400;\">\u201c<em>Con gli incarichi approvati oggi dal CDA<\/em> \u2013 commenta l\u2019AD di Toscana Aeroporti,\u00a0<strong>Roberto Naldi\u00a0<\/strong>\u2013\u00a0<em>diamo il via al pi\u00f9 grande piano investimenti mai realizzato sull\u2019aeroporto di Pisa. Se agli 80 milioni del masterplan aggiungiamo gli oltre 100 milioni spesi fino a oggi per incentivare il traffico sono stati investiti oltre 180 milioni di euro per lo sviluppo dello scalo pisano da quando esiste Toscana Aeroporti<\/em>. <em>Un impegno importante<\/em>\u00a0\u2013 prosegue\u00a0Naldi\u00a0\u2013\u00a0<em>che abbiamo preso fin dall\u2019inizio della nascita di Toscana Aeroporti e che stiamo portando avanti con sempre maggiore determinazione<\/em>\u201d.<\/p>\n<p style=\"font-weight: 400;\">\n","protected":false},"excerpt":{"rendered":"<p>Il progetto si articoler\u00e0 su pi\u00f9 fasi in modo che il Galilei possa rimanere sempre operativo. L&#8217;investimento complessivo \u00e8 di circa 80 milioni di euro<\/p>\n","protected":false},"author":525,"featured_media":217905,"comment_status":"open","ping_status":"open","sticky":false,"template":"","format":"standard","meta":{"_acf_changed":false,"footnotes":""},"categories":[494],"tags":[5969,1577,5458],"class_list":["post-323044","post","type-post","status-publish","format-standard","has-post-thumbnail","hentry","category-attualita","tag-aeroporto-di-pisa","tag-muoversi-in-toscana","tag-toscana-aeroporti"],"acf":[],"yoast_head":"<!-- This site is optimized with the Yoast SEO Premium plugin v24.2 (Yoast SEO v25.6) - https:\/\/yoast.com\/wordpress\/plugins\/seo\/ -->\n<title>Toscana aeroporti, via libera dall&#039;ENAC al progetto per il nuovo terminal di Pisa - intoscana<\/title>\n<meta name=\"robots\" content=\"index, follow, max-snippet:-1, max-image-preview:large, max-video-preview:-1\" \/>\n<link rel=\"canonical\" href=\"https:\/\/www.intoscana.it\/it\/toscana-aeroporti-via-libera-dallenac-al-progetto-per-il-nuovo-terminal-di-pisa\/\" \/>\n<meta property=\"og:locale\" content=\"it_IT\" \/>\n<meta property=\"og:type\" content=\"article\" \/>\n<meta property=\"og:title\" content=\"Toscana aeroporti, via libera dall&#039;ENAC al progetto per il nuovo terminal di Pisa\" \/>\n<meta property=\"og:description\" content=\"Il progetto si articoler\u00e0 su pi\u00f9 fasi in modo che il Galilei possa rimanere sempre operativo. L&#039;investimento complessivo \u00e8 di circa 80 milioni di euro\" \/>\n<meta property=\"og:url\" content=\"https:\/\/www.intoscana.it\/it\/toscana-aeroporti-via-libera-dallenac-al-progetto-per-il-nuovo-terminal-di-pisa\/\" \/>\n<meta property=\"og:site_name\" content=\"intoscana\" \/>\n<meta property=\"article:publisher\" content=\"https:\/\/www.facebook.com\/intoscana.it\" \/>\n<meta property=\"article:published_time\" content=\"2024-01-19T09:04:03+00:00\" \/>\n<meta property=\"article:modified_time\" content=\"2024-01-22T14:16:56+00:00\" \/>\n<meta property=\"og:image\" content=\"https:\/\/www.intoscana.it\/wp-content\/uploads\/nuovo-terminal-aeroporto-pisa-3-scaled.jpg\" \/>\n\t<meta property=\"og:image:width\" content=\"2048\" \/>\n\t<meta property=\"og:image:height\" content=\"1351\" \/>\n\t<meta property=\"og:image:type\" content=\"image\/jpeg\" \/>\n<meta name=\"author\" content=\"Redazione\" \/>\n<meta name=\"twitter:card\" content=\"summary_large_image\" \/>\n<meta name=\"twitter:creator\" content=\"@intoscana\" \/>\n<meta name=\"twitter:site\" content=\"@intoscana\" \/>\n<meta name=\"twitter:label1\" content=\"Written by\" \/>\n\t<meta name=\"twitter:data1\" content=\"Redazione\" \/>\n\t<meta name=\"twitter:label2\" content=\"Est. reading time\" \/>\n\t<meta name=\"twitter:data2\" content=\"2 minuti\" \/>\n<script type=\"application\/ld+json\" class=\"yoast-schema-graph\">{\"@context\":\"https:\/\/schema.org\",\"@graph\":[{\"@type\":\"WebPage\",\"@id\":\"https:\/\/www.intoscana.it\/it\/toscana-aeroporti-via-libera-dallenac-al-progetto-per-il-nuovo-terminal-di-pisa\/\",\"url\":\"https:\/\/www.intoscana.it\/it\/toscana-aeroporti-via-libera-dallenac-al-progetto-per-il-nuovo-terminal-di-pisa\/\",\"name\":\"Toscana aeroporti, via libera dall'ENAC al progetto per il nuovo terminal di Pisa - intoscana\",\"isPartOf\":{\"@id\":\"https:\/\/www.intoscana.it\/it\/#website\"},\"primaryImageOfPage\":{\"@id\":\"https:\/\/www.intoscana.it\/it\/toscana-aeroporti-via-libera-dallenac-al-progetto-per-il-nuovo-terminal-di-pisa\/#primaryimage\"},\"image\":{\"@id\":\"https:\/\/www.intoscana.it\/it\/toscana-aeroporti-via-libera-dallenac-al-progetto-per-il-nuovo-terminal-di-pisa\/#primaryimage\"},\"thumbnailUrl\":\"https:\/\/www.intoscana.it\/wp-content\/uploads\/nuovo-terminal-aeroporto-pisa-3-scaled.jpg\",\"datePublished\":\"2024-01-19T09:04:03+00:00\",\"dateModified\":\"2024-01-22T14:16:56+00:00\",\"author\":{\"@id\":\"https:\/\/www.intoscana.it\/it\/#\/schema\/person\/9223810753230f20bd670fdd322661f8\"},\"breadcrumb\":{\"@id\":\"https:\/\/www.intoscana.it\/it\/toscana-aeroporti-via-libera-dallenac-al-progetto-per-il-nuovo-terminal-di-pisa\/#breadcrumb\"},\"inLanguage\":\"it-IT\",\"potentialAction\":[{\"@type\":\"ReadAction\",\"target\":[\"https:\/\/www.intoscana.it\/it\/toscana-aeroporti-via-libera-dallenac-al-progetto-per-il-nuovo-terminal-di-pisa\/\"]}]},{\"@type\":\"ImageObject\",\"inLanguage\":\"it-IT\",\"@id\":\"https:\/\/www.intoscana.it\/it\/toscana-aeroporti-via-libera-dallenac-al-progetto-per-il-nuovo-terminal-di-pisa\/#primaryimage\",\"url\":\"https:\/\/www.intoscana.it\/wp-content\/uploads\/nuovo-terminal-aeroporto-pisa-3-scaled.jpg\",\"contentUrl\":\"https:\/\/www.intoscana.it\/wp-content\/uploads\/nuovo-terminal-aeroporto-pisa-3-scaled.jpg\",\"width\":2048,\"height\":1351},{\"@type\":\"BreadcrumbList\",\"@id\":\"https:\/\/www.intoscana.it\/it\/toscana-aeroporti-via-libera-dallenac-al-progetto-per-il-nuovo-terminal-di-pisa\/#breadcrumb\",\"itemListElement\":[{\"@type\":\"ListItem\",\"position\":1,\"name\":\"Home\",\"item\":\"https:\/\/www.intoscana.it\/it\/\"},{\"@type\":\"ListItem\",\"position\":2,\"name\":\"Toscana aeroporti, via libera dall&#8217;ENAC al progetto per il nuovo terminal di Pisa\"}]},{\"@type\":\"WebSite\",\"@id\":\"https:\/\/www.intoscana.it\/it\/#website\",\"url\":\"https:\/\/www.intoscana.it\/it\/\",\"name\":\"intoscana\",\"description\":\"\",\"potentialAction\":[{\"@type\":\"SearchAction\",\"target\":{\"@type\":\"EntryPoint\",\"urlTemplate\":\"https:\/\/www.intoscana.it\/it\/?s={search_term_string}\"},\"query-input\":{\"@type\":\"PropertyValueSpecification\",\"valueRequired\":true,\"valueName\":\"search_term_string\"}}],\"inLanguage\":\"it-IT\"},{\"@type\":\"Person\",\"@id\":\"https:\/\/www.intoscana.it\/it\/#\/schema\/person\/9223810753230f20bd670fdd322661f8\",\"name\":\"Redazione\",\"url\":\"https:\/\/www.intoscana.it\/it\/author\/redazione\/\"}]}<\/script>\n<!-- \/ Yoast SEO Premium plugin. -->","yoast_head_json":{"title":"Toscana aeroporti, via libera dall'ENAC al progetto per il nuovo terminal di Pisa - intoscana","robots":{"index":"index","follow":"follow","max-snippet":"max-snippet:-1","max-image-preview":"max-image-preview:large","max-video-preview":"max-video-preview:-1"},"canonical":"https:\/\/www.intoscana.it\/it\/toscana-aeroporti-via-libera-dallenac-al-progetto-per-il-nuovo-terminal-di-pisa\/","og_locale":"it_IT","og_type":"article","og_title":"Toscana aeroporti, via libera dall'ENAC al progetto per il nuovo terminal di Pisa","og_description":"Il progetto si articoler\u00e0 su pi\u00f9 fasi in modo che il Galilei possa rimanere sempre operativo. L'investimento complessivo \u00e8 di circa 80 milioni di euro","og_url":"https:\/\/www.intoscana.it\/it\/toscana-aeroporti-via-libera-dallenac-al-progetto-per-il-nuovo-terminal-di-pisa\/","og_site_name":"intoscana","article_publisher":"https:\/\/www.facebook.com\/intoscana.it","article_published_time":"2024-01-19T09:04:03+00:00","article_modified_time":"2024-01-22T14:16:56+00:00","og_image":[{"width":2048,"height":1351,"url":"https:\/\/www.intoscana.it\/wp-content\/uploads\/nuovo-terminal-aeroporto-pisa-3-scaled.jpg","type":"image\/jpeg"}],"author":"Redazione","twitter_card":"summary_large_image","twitter_creator":"@intoscana","twitter_site":"@intoscana","twitter_misc":{"Written by":"Redazione","Est. reading time":"2 minuti"},"schema":{"@context":"https:\/\/schema.org","@graph":[{"@type":"WebPage","@id":"https:\/\/www.intoscana.it\/it\/toscana-aeroporti-via-libera-dallenac-al-progetto-per-il-nuovo-terminal-di-pisa\/","url":"https:\/\/www.intoscana.it\/it\/toscana-aeroporti-via-libera-dallenac-al-progetto-per-il-nuovo-terminal-di-pisa\/","name":"Toscana aeroporti, via libera dall'ENAC al progetto per il nuovo terminal di Pisa - intoscana","isPartOf":{"@id":"https:\/\/www.intoscana.it\/it\/#website"},"primaryImageOfPage":{"@id":"https:\/\/www.intoscana.it\/it\/toscana-aeroporti-via-libera-dallenac-al-progetto-per-il-nuovo-terminal-di-pisa\/#primaryimage"},"image":{"@id":"https:\/\/www.intoscana.it\/it\/toscana-aeroporti-via-libera-dallenac-al-progetto-per-il-nuovo-terminal-di-pisa\/#primaryimage"},"thumbnailUrl":"https:\/\/www.intoscana.it\/wp-content\/uploads\/nuovo-terminal-aeroporto-pisa-3-scaled.jpg","datePublished":"2024-01-19T09:04:03+00:00","dateModified":"2024-01-22T14:16:56+00:00","author":{"@id":"https:\/\/www.intoscana.it\/it\/#\/schema\/person\/9223810753230f20bd670fdd322661f8"},"breadcrumb":{"@id":"https:\/\/www.intoscana.it\/it\/toscana-aeroporti-via-libera-dallenac-al-progetto-per-il-nuovo-terminal-di-pisa\/#breadcrumb"},"inLanguage":"it-IT","potentialAction":[{"@type":"ReadAction","target":["https:\/\/www.intoscana.it\/it\/toscana-aeroporti-via-libera-dallenac-al-progetto-per-il-nuovo-terminal-di-pisa\/"]}]},{"@type":"ImageObject","inLanguage":"it-IT","@id":"https:\/\/www.intoscana.it\/it\/toscana-aeroporti-via-libera-dallenac-al-progetto-per-il-nuovo-terminal-di-pisa\/#primaryimage","url":"https:\/\/www.intoscana.it\/wp-content\/uploads\/nuovo-terminal-aeroporto-pisa-3-scaled.jpg","contentUrl":"https:\/\/www.intoscana.it\/wp-content\/uploads\/nuovo-terminal-aeroporto-pisa-3-scaled.jpg","width":2048,"height":1351},{"@type":"BreadcrumbList","@id":"https:\/\/www.intoscana.it\/it\/toscana-aeroporti-via-libera-dallenac-al-progetto-per-il-nuovo-terminal-di-pisa\/#breadcrumb","itemListElement":[{"@type":"ListItem","position":1,"name":"Home","item":"https:\/\/www.intoscana.it\/it\/"},{"@type":"ListItem","position":2,"name":"Toscana aeroporti, via libera dall&#8217;ENAC al progetto per il nuovo terminal di Pisa"}]},{"@type":"WebSite","@id":"https:\/\/www.intoscana.it\/it\/#website","url":"https:\/\/www.intoscana.it\/it\/","name":"intoscana","description":"","potentialAction":[{"@type":"SearchAction","target":{"@type":"EntryPoint","urlTemplate":"https:\/\/www.intoscana.it\/it\/?s={search_term_string}"},"query-input":{"@type":"PropertyValueSpecification","valueRequired":true,"valueName":"search_term_string"}}],"inLanguage":"it-IT"},{"@type":"Person","@id":"https:\/\/www.intoscana.it\/it\/#\/schema\/person\/9223810753230f20bd670fdd322661f8","name":"Redazione","url":"https:\/\/www.intoscana.it\/it\/author\/redazione\/"}]}},"_links":{"self":[{"href":"https:\/\/www.intoscana.it\/it\/wp-json\/wp\/v2\/posts\/323044","targetHints":{"allow":["GET"]}}],"collection":[{"href":"https:\/\/www.intoscana.it\/it\/wp-json\/wp\/v2\/posts"}],"about":[{"href":"https:\/\/www.intoscana.it\/it\/wp-json\/wp\/v2\/types\/post"}],"author":[{"embeddable":true,"href":"https:\/\/www.intoscana.it\/it\/wp-json\/wp\/v2\/users\/525"}],"replies":[{"embeddable":true,"href":"https:\/\/www.intoscana.it\/it\/wp-json\/wp\/v2\/comments?post=323044"}],"version-history":[{"count":4,"href":"https:\/\/www.intoscana.it\/it\/wp-json\/wp\/v2\/posts\/323044\/revisions"}],"predecessor-version":[{"id":323398,"href":"https:\/\/www.intoscana.it\/it\/wp-json\/wp\/v2\/posts\/323044\/revisions\/323398"}],"wp:featuredmedia":[{"embeddable":true,"href":"https:\/\/www.intoscana.it\/it\/wp-json\/wp\/v2\/media\/217905"}],"wp:attachment":[{"href":"https:\/\/www.intoscana.it\/it\/wp-json\/wp\/v2\/media?parent=323044"}],"wp:term":[{"taxonomy":"category","embeddable":true,"href":"https:\/\/www.intoscana.it\/it\/wp-json\/wp\/v2\/categories?post=323044"},{"taxonomy":"post_tag","embeddable":true,"href":"https:\/\/www.intoscana.it\/it\/wp-json\/wp\/v2\/tags?post=323044"}],"curies":[{"name":"wp","href":"https:\/\/api.w.org\/{rel}","templated":true}]}}