{"id":323093,"date":"2024-02-13T15:00:21","date_gmt":"2024-02-13T14:00:21","guid":{"rendered":"https:\/\/www.intoscana.it\/it\/?p=323093"},"modified":"2024-02-13T15:01:17","modified_gmt":"2024-02-13T14:01:17","slug":"vittoria-ferragamo-la-mission-de-il-borro-tra-orto-e-sostenibilita","status":"publish","type":"post","link":"https:\/\/www.intoscana.it\/it\/vittoria-ferragamo-la-mission-de-il-borro-tra-orto-e-sostenibilita\/","title":{"rendered":"Vittoria Ferragamo: &#8220;La mission de Il borro tra orto e sostenibilit\u00e0&#8221;"},"content":{"rendered":"<p><strong>Sostenibilit\u00e0<\/strong> \u00e8 da tempo la parola d&#8217;ordine de <strong>Il Borro<\/strong>, la tenuta rilevata nel 1993 da <strong>Ferruccio Ferragamo<\/strong> e al centro di un progetto che mette insieme <strong>ospitalit\u00e0, ristorazione e ambiente<\/strong>. La propriet\u00e0 \u00e8 stata riconosciuta tra le \u201c<em>Aziende pi\u00f9 attente al clima<\/em>\u201d, nella classifica redatta da Corriere della Sera, Pianeta 2030 e l&#8217;azienda specializzata in ricerche di mercato Statista.<\/p>\n<p>Viene riconosciuta tra le <strong>realt\u00e0 all&#8217;avanguardia<\/strong> per <mark>aver ridotto il rapporto tra emissioni di CO2 e fatturato<\/mark>. Per la ricerca sono state identificate<strong> oltre 600 aziende<\/strong>. Tra le <strong>24 aziende selezionate<\/strong>, Il Borro registra un <strong>valore Carr di 47,946%<\/strong>. Viene cos\u00ec premiato l\u2019impegno della Tenuta nel campo della sostenibilit\u00e0.<\/p>\n<h3>Vittoria Ferragamo e la sostenibilit\u00e0<\/h3>\n<p>A raccontare <strong>buone pratiche e strategie<\/strong> per un futuro pi\u00f9 responsabile in <mark>un\u2019azienda agricola e vitivinicola biologica, dedita all\u2019ospitalit\u00e0\u0300 di lusso e ad una ristorazione farm-to-table<\/mark> \u00e8 <strong>Vittoria Ferragamo<\/strong> che nella tenuta si occupa proprio degli aspetti legati alla<strong> sostenibilit\u00e0<\/strong>. Lo scorso ottobre \u00e8 stata premiata dalla<strong> redazione di Cook<\/strong> per la terza edizione di <strong>WIF &#8211; Women in Food<\/strong>: \u00e8 stato riconosciuto il ruolo che riveste come responsabile della sostenibilit\u00e0 e dei progetti speciali.<\/p>\n<p>Vittoria ha ereditato la <strong>passione per la campagna<\/strong> dai genitori. &#8220;<em>Mia mamma \u00e8 inglese e mi ha trasmesso la cultura e la passione per gli animali e in particolare per i cavalli. Ricordo poi quand&#8217;ero bambina e la domenica si partiva da Firenze per andare a Il Borro e accompagnavo mio padre nelle passeggiate nel bosco con i cani. Si parla del territorio, della storia del borgo&#8221;<\/em> ricorda.<\/p>\n<figure id=\"post-307555 media-307555\" class=\"align-none\"><img decoding=\"async\" src=\"https:\/\/www.intoscana.it\/wp-content\/uploads\/Il-Borro-la-tenuta-di-Ferruccio-Ferragamo-nel-Valdarno-Aretino.jpeg\" alt=\"\" \/><\/figure>\n<div class=\"titleimg\">Il Borro, la tenuta di Ferruccio Ferragamo nel Valdarno Aretino<\/div>\n<h3>I primi passi nella tenuta de Il Borro<\/h3>\n<p>Quando <strong>nel 1993<\/strong> Il Borro venne acquisito da <strong>Ferruccio Ferragamo<\/strong> &#8220;<em>io ero la pi\u00f9 piccola, avevo 9 anni<\/em> -racconta ancora- r<em>icordo che mio padre riun\u00ec tutta la famiglia e ci diede la notizia: aveva gi\u00e0 l&#8217;idea di un progetto grande. Eravamo tutti super entusiasti&#8221;<\/em>.<\/p>\n<p>L&#8217;amore per quest&#8217;angolo di<strong> campagna toscana<\/strong> \u00e8 cresciuto con il tempo e, dopo un&#8217;esperienza lavorativa al Museo Ferragamo, per Vittoria si \u00e8 aperta la possibilit\u00e0 di entrare in azienda e di occuparsi degli aspetti legati alle <strong>produzioni agricole<\/strong>, alla <strong>nutrizione<\/strong> e alla <strong>sostenibilit\u00e0<\/strong>.<\/p>\n<p>&#8220;<em>Oggi mi occupo dei cavalli, dell&#8217;accoglienza della cantina con le esperienza legate al vino e poi di tutti i prodotti che facciamo qui: non solo olio e vino, ma cereali, farro di cocco, monocco, grano duro e tenero, passata di pomodoro e poi formaggio, uova senza dimenticare l\u2019orto<\/em>&#8221; sottolinea <strong>Vittoria Ferragamo<\/strong>.<\/p>\n<h3>Le buone pratiche e l&#8217;orto de Il Borro<\/h3>\n<p>Proprio <strong>l&#8217;orto de Il Borro<\/strong> ha avuto ormai gi\u00e0 da diversi anni un grande successo. Merito anche dell&#8217;idea delle cassette settimanali che vengono preparate in azienda e spedite fino ad arrivare a <strong>Firenze, Arezzo e Siena<\/strong>.<\/p>\n<p>&#8220;<em>Un progetto a cui teniamo molto e che contribuisce a rendere l&#8217;idea della circolarit\u00e0 del farm to table: esperienza che si pu\u00f2 vivere nella tenuta, la respiri nell&#8217;aria e provare anche nei nostri ristoranti e anche a casa per chi riceve le cassette&#8221;<\/em> sottolinea ancora.<\/p>\n<p>Le <strong>buone pratiche<\/strong> non mancano in azienda: dai <strong>sovesci<\/strong> per aumentare la <strong>fertilit\u00e0 dei terreni<\/strong> all&#8217;attenzione per la<strong> biodiversit\u00e0<\/strong> della tenuta grazie all&#8217;equilibrio trovato tra realt\u00e0 agricola e zona boschiva. Una realt\u00e0 dove i <strong>vini biologici<\/strong> sono conosciuti e apprezzati. Ci sono poi <strong>i cavalli<\/strong>, cos\u00ec amati da Vittoria, impiegati anche per i <strong>lavori in vigna<\/strong>.<\/p>\n<figure id=\"post-326583 media-326583\" class=\"align-none\"><img decoding=\"async\" src=\"https:\/\/www.intoscana.it\/wp-content\/uploads\/IlBorro_Vittoria-Ferragamo_phOttaviaPoli-e1707829318651.jpg\" alt=\"\" \/><\/figure>\n<div class=\"titleimg\">Vittoria Ferragamo &#8211; \u00a9 Ottavia Poli<\/div>\n<h3>Il ricorso alle energie rinnovabili<\/h3>\n<p>Ampio \u00e8 il ricorso di <strong>fonti energetiche rinnovabili<\/strong> e l\u2019impiego di <strong>pannelli fotovoltaici<\/strong> che alimentano l\u2019area de La Corte e della Dimora Storica, i ristoranti, la cantina e gli uffici, cos\u00ec come i sistemi per il riutilizzo della risorsa idrica rendono la tenuta autosufficiente sotto il profilo energetico.<\/p>\n<p>&#8220;<em>Il 47% dell\u2019azienda funziona con energia green tra fotovoltaico e geotermia, stiamo lavorando per allacciare tutta l\u2019azienda alla nostra rete. Attualmente l\u2019energia la rivendiamo anche alla comunit\u00e0 locale<\/em> -spiega ancora Vittoria Ferragamo-. <em>Portiamo avanti il progetto per il recupero delle acque, anche quelle piovane. L&#8217;azienda \u00e8 biologica dal 2015: il percorso \u00e8 cominciato nel 2012 ma non ci limitiamo solo al biologico, utilizziamo pure metodi biodinamici&#8221;.<\/em><\/p>\n<p>Tra le sfide future de Il Borro<strong> l&#8217;eliminazione della plastica<\/strong>, &#8220;<em>l&#8217;obiettivo \u00e8 rende il Borro plastic free&#8221;<\/em> ribadisce ricordando infine le<strong> collaborazioni<\/strong> esterne <strong>con le universit\u00e0<\/strong> per la sostenibilit\u00e0 nell&#8217;ospitalit\u00e0 di lusso, nei progetti legati al vino e al farm to table.<\/p>\n<h3>La vita tra Il Borro, la famiglia e i viaggi<\/h3>\n<p>Tante insomma le sfide da portare avanti per una tenuta che \u00e8 una vera e propria comunit\u00e0 locale con <strong>oltre 200 dipendenti<\/strong>: una realt\u00e0 di 1100 ettari che si estende nel bacino del <strong>Valdarno Superiore<\/strong>\u00a0e contribuisce anche a far girare l&#8217;economia locale.<\/p>\n<p>Tra cos\u00ec tanti impegni Vittoria ha trovato il giusto equilibrio tra <strong>lavoro e famiglia<\/strong>: &#8220;<em>la mia vita \u00e8 tra Siena, dove i miei figli vanno a scuola e il Borro. Non mi fermo mai penso di aver preso da pap\u00e0. Ho fatto un corso di osteopatia animale veramente bello e quest\u2019anno un corso per diventare istruttrice di yoga ashtanga. Sto imparando tantissimo sulla nutrizione anche per applicare le mie conoscenze nello sviluppo dell\u2019orto e quando posso mi piace viaggiare tantissimo&#8221;.<\/em><\/p>\n","protected":false},"excerpt":{"rendered":"<p>L&#8217;esperienza nella tenuta di famiglia tra buone pratiche, ricordi e strategie per conciliare ospitalit\u00e0 di lusso, ristorazione e ambiente<\/p>\n","protected":false},"author":554,"featured_media":326580,"comment_status":"open","ping_status":"open","sticky":false,"template":"","format":"standard","meta":{"_acf_changed":false,"footnotes":""},"categories":[4],"tags":[3557,371],"class_list":["post-323093","post","type-post","status-publish","format-standard","has-post-thumbnail","hentry","category-storie","tag-aziende-vinicole","tag-sostenibilita"],"acf":[],"yoast_head":"<!-- This site is optimized with the Yoast SEO Premium plugin v24.2 (Yoast SEO v25.6) - https:\/\/yoast.com\/wordpress\/plugins\/seo\/ -->\n<title>Vittoria Ferragamo: &quot;La mission de Il borro tra orto e sostenibilit\u00e0&quot; - intoscana<\/title>\n<meta name=\"description\" content=\"L&#039;esperienza nella tenuta di famiglia tra buone pratiche, ricordi e strategie per conciliare ospitalit\u00e0 di lusso, ristorazione e ambiente\" \/>\n<meta name=\"robots\" content=\"index, follow, max-snippet:-1, max-image-preview:large, max-video-preview:-1\" \/>\n<link rel=\"canonical\" href=\"https:\/\/www.intoscana.it\/it\/vittoria-ferragamo-la-mission-de-il-borro-tra-orto-e-sostenibilita\/\" \/>\n<meta property=\"og:locale\" content=\"it_IT\" \/>\n<meta property=\"og:type\" content=\"article\" \/>\n<meta property=\"og:title\" content=\"Vittoria Ferragamo: &quot;La mission de Il borro tra orto e sostenibilit\u00e0&quot;\" \/>\n<meta property=\"og:description\" content=\"L&#039;esperienza nella tenuta di famiglia tra buone pratiche, ricordi e strategie per conciliare ospitalit\u00e0 di lusso, ristorazione e ambiente\" \/>\n<meta property=\"og:url\" content=\"https:\/\/www.intoscana.it\/it\/vittoria-ferragamo-la-mission-de-il-borro-tra-orto-e-sostenibilita\/\" \/>\n<meta property=\"og:site_name\" content=\"intoscana\" \/>\n<meta property=\"article:publisher\" content=\"https:\/\/www.facebook.com\/intoscana.it\" \/>\n<meta property=\"article:published_time\" content=\"2024-02-13T14:00:21+00:00\" \/>\n<meta property=\"article:modified_time\" content=\"2024-02-13T14:01:17+00:00\" \/>\n<meta property=\"og:image\" content=\"https:\/\/www.intoscana.it\/wp-content\/uploads\/Vittoria-Ferragamo-nellorto-de-Il-Borro-scaled.jpg\" \/>\n\t<meta property=\"og:image:width\" content=\"2048\" \/>\n\t<meta property=\"og:image:height\" content=\"1366\" \/>\n\t<meta property=\"og:image:type\" content=\"image\/jpeg\" \/>\n<meta name=\"author\" content=\"Raffaella Galamini\" \/>\n<meta name=\"twitter:card\" content=\"summary_large_image\" \/>\n<meta name=\"twitter:creator\" content=\"@orio\" \/>\n<meta name=\"twitter:site\" content=\"@intoscana\" \/>\n<meta name=\"twitter:label1\" content=\"Written by\" \/>\n\t<meta name=\"twitter:data1\" content=\"Raffaella Galamini\" \/>\n\t<meta name=\"twitter:label2\" content=\"Est. reading time\" \/>\n\t<meta name=\"twitter:data2\" content=\"6 minuti\" \/>\n<script type=\"application\/ld+json\" class=\"yoast-schema-graph\">{\"@context\":\"https:\/\/schema.org\",\"@graph\":[{\"@type\":\"WebPage\",\"@id\":\"https:\/\/www.intoscana.it\/it\/vittoria-ferragamo-la-mission-de-il-borro-tra-orto-e-sostenibilita\/\",\"url\":\"https:\/\/www.intoscana.it\/it\/vittoria-ferragamo-la-mission-de-il-borro-tra-orto-e-sostenibilita\/\",\"name\":\"Vittoria Ferragamo: \\\"La mission de Il borro tra orto e sostenibilit\u00e0\\\" - intoscana\",\"isPartOf\":{\"@id\":\"https:\/\/www.intoscana.it\/it\/#website\"},\"primaryImageOfPage\":{\"@id\":\"https:\/\/www.intoscana.it\/it\/vittoria-ferragamo-la-mission-de-il-borro-tra-orto-e-sostenibilita\/#primaryimage\"},\"image\":{\"@id\":\"https:\/\/www.intoscana.it\/it\/vittoria-ferragamo-la-mission-de-il-borro-tra-orto-e-sostenibilita\/#primaryimage\"},\"thumbnailUrl\":\"https:\/\/www.intoscana.it\/wp-content\/uploads\/Vittoria-Ferragamo-nellorto-de-Il-Borro-scaled.jpg\",\"datePublished\":\"2024-02-13T14:00:21+00:00\",\"dateModified\":\"2024-02-13T14:01:17+00:00\",\"author\":{\"@id\":\"https:\/\/www.intoscana.it\/it\/#\/schema\/person\/9eb9daa846a49fe51af39a73d9d1986b\"},\"description\":\"L'esperienza nella tenuta di famiglia tra buone pratiche, ricordi e strategie per conciliare ospitalit\u00e0 di lusso, ristorazione e ambiente\",\"breadcrumb\":{\"@id\":\"https:\/\/www.intoscana.it\/it\/vittoria-ferragamo-la-mission-de-il-borro-tra-orto-e-sostenibilita\/#breadcrumb\"},\"inLanguage\":\"it-IT\",\"potentialAction\":[{\"@type\":\"ReadAction\",\"target\":[\"https:\/\/www.intoscana.it\/it\/vittoria-ferragamo-la-mission-de-il-borro-tra-orto-e-sostenibilita\/\"]}]},{\"@type\":\"ImageObject\",\"inLanguage\":\"it-IT\",\"@id\":\"https:\/\/www.intoscana.it\/it\/vittoria-ferragamo-la-mission-de-il-borro-tra-orto-e-sostenibilita\/#primaryimage\",\"url\":\"https:\/\/www.intoscana.it\/wp-content\/uploads\/Vittoria-Ferragamo-nellorto-de-Il-Borro-scaled.jpg\",\"contentUrl\":\"https:\/\/www.intoscana.it\/wp-content\/uploads\/Vittoria-Ferragamo-nellorto-de-Il-Borro-scaled.jpg\",\"width\":2048,\"height\":1366},{\"@type\":\"BreadcrumbList\",\"@id\":\"https:\/\/www.intoscana.it\/it\/vittoria-ferragamo-la-mission-de-il-borro-tra-orto-e-sostenibilita\/#breadcrumb\",\"itemListElement\":[{\"@type\":\"ListItem\",\"position\":1,\"name\":\"Home\",\"item\":\"https:\/\/www.intoscana.it\/it\/\"},{\"@type\":\"ListItem\",\"position\":2,\"name\":\"Vittoria Ferragamo: &#8220;La mission de Il borro tra orto e sostenibilit\u00e0&#8221;\"}]},{\"@type\":\"WebSite\",\"@id\":\"https:\/\/www.intoscana.it\/it\/#website\",\"url\":\"https:\/\/www.intoscana.it\/it\/\",\"name\":\"intoscana\",\"description\":\"\",\"potentialAction\":[{\"@type\":\"SearchAction\",\"target\":{\"@type\":\"EntryPoint\",\"urlTemplate\":\"https:\/\/www.intoscana.it\/it\/?s={search_term_string}\"},\"query-input\":{\"@type\":\"PropertyValueSpecification\",\"valueRequired\":true,\"valueName\":\"search_term_string\"}}],\"inLanguage\":\"it-IT\"},{\"@type\":\"Person\",\"@id\":\"https:\/\/www.intoscana.it\/it\/#\/schema\/person\/9eb9daa846a49fe51af39a73d9d1986b\",\"name\":\"Raffaella Galamini\",\"sameAs\":[\"https:\/\/x.com\/orio\"],\"url\":\"https:\/\/www.intoscana.it\/it\/author\/r-galamini\/\"}]}<\/script>\n<!-- \/ Yoast SEO Premium plugin. -->","yoast_head_json":{"title":"Vittoria Ferragamo: \"La mission de Il borro tra orto e sostenibilit\u00e0\" - intoscana","description":"L'esperienza nella tenuta di famiglia tra buone pratiche, ricordi e strategie per conciliare ospitalit\u00e0 di lusso, ristorazione e ambiente","robots":{"index":"index","follow":"follow","max-snippet":"max-snippet:-1","max-image-preview":"max-image-preview:large","max-video-preview":"max-video-preview:-1"},"canonical":"https:\/\/www.intoscana.it\/it\/vittoria-ferragamo-la-mission-de-il-borro-tra-orto-e-sostenibilita\/","og_locale":"it_IT","og_type":"article","og_title":"Vittoria Ferragamo: \"La mission de Il borro tra orto e sostenibilit\u00e0\"","og_description":"L'esperienza nella tenuta di famiglia tra buone pratiche, ricordi e strategie per conciliare ospitalit\u00e0 di lusso, ristorazione e ambiente","og_url":"https:\/\/www.intoscana.it\/it\/vittoria-ferragamo-la-mission-de-il-borro-tra-orto-e-sostenibilita\/","og_site_name":"intoscana","article_publisher":"https:\/\/www.facebook.com\/intoscana.it","article_published_time":"2024-02-13T14:00:21+00:00","article_modified_time":"2024-02-13T14:01:17+00:00","og_image":[{"width":2048,"height":1366,"url":"https:\/\/www.intoscana.it\/wp-content\/uploads\/Vittoria-Ferragamo-nellorto-de-Il-Borro-scaled.jpg","type":"image\/jpeg"}],"author":"Raffaella Galamini","twitter_card":"summary_large_image","twitter_creator":"@orio","twitter_site":"@intoscana","twitter_misc":{"Written by":"Raffaella Galamini","Est. reading time":"6 minuti"},"schema":{"@context":"https:\/\/schema.org","@graph":[{"@type":"WebPage","@id":"https:\/\/www.intoscana.it\/it\/vittoria-ferragamo-la-mission-de-il-borro-tra-orto-e-sostenibilita\/","url":"https:\/\/www.intoscana.it\/it\/vittoria-ferragamo-la-mission-de-il-borro-tra-orto-e-sostenibilita\/","name":"Vittoria Ferragamo: \"La mission de Il borro tra orto e sostenibilit\u00e0\" - intoscana","isPartOf":{"@id":"https:\/\/www.intoscana.it\/it\/#website"},"primaryImageOfPage":{"@id":"https:\/\/www.intoscana.it\/it\/vittoria-ferragamo-la-mission-de-il-borro-tra-orto-e-sostenibilita\/#primaryimage"},"image":{"@id":"https:\/\/www.intoscana.it\/it\/vittoria-ferragamo-la-mission-de-il-borro-tra-orto-e-sostenibilita\/#primaryimage"},"thumbnailUrl":"https:\/\/www.intoscana.it\/wp-content\/uploads\/Vittoria-Ferragamo-nellorto-de-Il-Borro-scaled.jpg","datePublished":"2024-02-13T14:00:21+00:00","dateModified":"2024-02-13T14:01:17+00:00","author":{"@id":"https:\/\/www.intoscana.it\/it\/#\/schema\/person\/9eb9daa846a49fe51af39a73d9d1986b"},"description":"L'esperienza nella tenuta di famiglia tra buone pratiche, ricordi e strategie per conciliare ospitalit\u00e0 di lusso, ristorazione e ambiente","breadcrumb":{"@id":"https:\/\/www.intoscana.it\/it\/vittoria-ferragamo-la-mission-de-il-borro-tra-orto-e-sostenibilita\/#breadcrumb"},"inLanguage":"it-IT","potentialAction":[{"@type":"ReadAction","target":["https:\/\/www.intoscana.it\/it\/vittoria-ferragamo-la-mission-de-il-borro-tra-orto-e-sostenibilita\/"]}]},{"@type":"ImageObject","inLanguage":"it-IT","@id":"https:\/\/www.intoscana.it\/it\/vittoria-ferragamo-la-mission-de-il-borro-tra-orto-e-sostenibilita\/#primaryimage","url":"https:\/\/www.intoscana.it\/wp-content\/uploads\/Vittoria-Ferragamo-nellorto-de-Il-Borro-scaled.jpg","contentUrl":"https:\/\/www.intoscana.it\/wp-content\/uploads\/Vittoria-Ferragamo-nellorto-de-Il-Borro-scaled.jpg","width":2048,"height":1366},{"@type":"BreadcrumbList","@id":"https:\/\/www.intoscana.it\/it\/vittoria-ferragamo-la-mission-de-il-borro-tra-orto-e-sostenibilita\/#breadcrumb","itemListElement":[{"@type":"ListItem","position":1,"name":"Home","item":"https:\/\/www.intoscana.it\/it\/"},{"@type":"ListItem","position":2,"name":"Vittoria Ferragamo: &#8220;La mission de Il borro tra orto e sostenibilit\u00e0&#8221;"}]},{"@type":"WebSite","@id":"https:\/\/www.intoscana.it\/it\/#website","url":"https:\/\/www.intoscana.it\/it\/","name":"intoscana","description":"","potentialAction":[{"@type":"SearchAction","target":{"@type":"EntryPoint","urlTemplate":"https:\/\/www.intoscana.it\/it\/?s={search_term_string}"},"query-input":{"@type":"PropertyValueSpecification","valueRequired":true,"valueName":"search_term_string"}}],"inLanguage":"it-IT"},{"@type":"Person","@id":"https:\/\/www.intoscana.it\/it\/#\/schema\/person\/9eb9daa846a49fe51af39a73d9d1986b","name":"Raffaella Galamini","sameAs":["https:\/\/x.com\/orio"],"url":"https:\/\/www.intoscana.it\/it\/author\/r-galamini\/"}]}},"_links":{"self":[{"href":"https:\/\/www.intoscana.it\/it\/wp-json\/wp\/v2\/posts\/323093","targetHints":{"allow":["GET"]}}],"collection":[{"href":"https:\/\/www.intoscana.it\/it\/wp-json\/wp\/v2\/posts"}],"about":[{"href":"https:\/\/www.intoscana.it\/it\/wp-json\/wp\/v2\/types\/post"}],"author":[{"embeddable":true,"href":"https:\/\/www.intoscana.it\/it\/wp-json\/wp\/v2\/users\/554"}],"replies":[{"embeddable":true,"href":"https:\/\/www.intoscana.it\/it\/wp-json\/wp\/v2\/comments?post=323093"}],"version-history":[{"count":13,"href":"https:\/\/www.intoscana.it\/it\/wp-json\/wp\/v2\/posts\/323093\/revisions"}],"predecessor-version":[{"id":326621,"href":"https:\/\/www.intoscana.it\/it\/wp-json\/wp\/v2\/posts\/323093\/revisions\/326621"}],"wp:featuredmedia":[{"embeddable":true,"href":"https:\/\/www.intoscana.it\/it\/wp-json\/wp\/v2\/media\/326580"}],"wp:attachment":[{"href":"https:\/\/www.intoscana.it\/it\/wp-json\/wp\/v2\/media?parent=323093"}],"wp:term":[{"taxonomy":"category","embeddable":true,"href":"https:\/\/www.intoscana.it\/it\/wp-json\/wp\/v2\/categories?post=323093"},{"taxonomy":"post_tag","embeddable":true,"href":"https:\/\/www.intoscana.it\/it\/wp-json\/wp\/v2\/tags?post=323093"}],"curies":[{"name":"wp","href":"https:\/\/api.w.org\/{rel}","templated":true}]}}