{"id":323659,"date":"2024-01-24T14:56:02","date_gmt":"2024-01-24T13:56:02","guid":{"rendered":"https:\/\/www.intoscana.it\/it\/?p=323659"},"modified":"2024-01-24T14:57:45","modified_gmt":"2024-01-24T13:57:45","slug":"un-2024-di-eventi-con-la-fondazione-guido-darezzo-dalle-eccellenze-della-classica-alla-mostra-su-vasari","status":"publish","type":"post","link":"https:\/\/www.intoscana.it\/it\/un-2024-di-eventi-con-la-fondazione-guido-darezzo-dalle-eccellenze-della-classica-alla-mostra-su-vasari\/","title":{"rendered":"Un 2024 di eventi con la Fondazione Guido d\u2019Arezzo: dalle eccellenze della classica alla mostra su Vasari"},"content":{"rendered":"<p>Per <strong>Arezzo<\/strong> sar\u00e0 <strong>un 2024 di grandi eventi<\/strong> tra <strong>maestri della musica classica<\/strong>, protagonisti del <strong>panorama teatrale<\/strong>, manifestazioni aperte alla cittadinanza e vetrine dedicate alle<strong> eccellenze di domani<\/strong> che culmineranno con le celebrazioni del <strong>genio aretino per antonomasia, Giorgio Vasari<\/strong>, a cui sar\u00e0 dedicato un calendario di iniziative nella seconda parte dell\u2019anno e <strong>una grande mostra internazionale per i 450 anni dalla morte.<\/strong><\/p>\n<p>Sar\u00e0 un anno con un <strong>intenso programma culturale<\/strong> a cura della <a href=\"https:\/\/www.fondazioneguidodarezzo.com\" target=\"_blank\" rel=\"noopener\"><strong>Fondazione Guido d\u2019Arezzo,<\/strong><\/a> ente presieduto dal<strong> sindaco della citt\u00e0 Alessandro Ghinelli<\/strong> e diretto da <strong>Lorenzo Cinatti<\/strong> a cui dal 2018 \u00e8 affidata dal Comune di Arezzo la gestione delle attivit\u00e0 e dei presidi culturali sul territorio.<\/p>\n<h3>I concerti e la stagione teatrale<\/h3>\n<p>Per la <strong>Stagione Concertistica Aretina,<\/strong> con la direzione artistica del <strong>Maestro Giovanni Andrea Zanon<\/strong>, in arrivo sabato 27 gennaio alle 19 al rinnovato <strong>Auditorium Guido d\u2019Arezzo Caurum Hall<\/strong> (via Lazzaro Spallanzani, 23), l<strong>\u2019Orchestra del Maggio Musicale Fiorentino<\/strong> diretta da Ion Marin. L\u2019Orchestra eseguir\u00e0 la Sinfonia in re maggiore K. 504 \u201cPraga\u201d di <strong>Wolfgang Amadeus Mozart<\/strong> e la Sinfonia n. 4 in fa minore op. 36 <strong>P\u00ebtr Il&#8217;i\u010d \u010cajkovskij. <\/strong><\/p>\n<p>Fino a maggio, in stagione al <strong>Teatro Petrarca<\/strong> e al rinnovato <strong>Caurum Hall<\/strong> \u2013 auditorium acquisito dal Comune nel 2020, propone un programma tra capolavori del repertorio sinfonico, cameristico e lirico, tra cui il tenore <strong>Vittorio Grigolo<\/strong> (2\/03) e il pianista <strong>Grigory Sokolov<\/strong> (26\/03).<\/p>\n<p>Entra nel vivo la stagione teatrale, che proseguir\u00e0 fino a primavera al <strong>Teatro Petrarca<\/strong> in collaborazione con <strong>Fondazione Toscana Spettacolo onlus<\/strong> con un cartellone di stelle del palcoscenico.<\/p>\n<p>Tra i protagonisti: <strong>Stefano Massini<\/strong> (20 e 21\/02),<strong> Andrea Pennacchi<\/strong> (30 e 31\/01) e <strong>Antonio Rezza<\/strong> (23 e 24\/03), oltre alla stagione <strong>off\/Rassegna Z generation<\/strong>, dedicata alle nuove generazioni di spettatori al<strong> Teatro Pietro Aretino<\/strong> con alcuni tra gli spettacoli pi\u00f9 interessanti del panorama contemporaneo, a cura di Officine della Cultura.<\/p>\n<div class=\"titleimg\">\n<figure id=\"post-235573 media-235573\" class=\"align-none\"><img decoding=\"async\" src=\"https:\/\/www.intoscana.it\/wp-content\/uploads\/Stefano-Massini-_-ph.-Marco-Borrelli.jpg\" alt=\"\" \/><\/figure>\n<\/div>\n<h3>Le celebrazioni per l&#8217;anno dedicato a Giorgio Vasari<\/h3>\n<p>Grande attesa per le celebrazioni per l\u2019<strong>anno vasariano<\/strong>, con un folto calendario di iniziative promosse da Fondazione Guido d\u2019Arezzo insieme al Comune di Arezzo con la partnership strategica di<strong> Fondazione CR Firenze. <\/strong><\/p>\n<p>A capo del comitato scientifico che curer\u00e0 la manifestazione gli storici dell\u2019arte<strong> Cristina Acidini e Carlo Sisi<\/strong>, per un progetto che proporr\u00e0 <strong>una grande esposizione di respiro internazionale<\/strong> programmata per l\u2019autunno con capolavori provenienti da musei di tutto il mondo.<\/p>\n<p>Ma non solo, si terr\u00e0 anche <strong>un\u2019esposizione diffusa, <\/strong>con localit\u00e0 del territorio che <strong>apriranno i loro forzieri per mostrare le opere custodite<\/strong> e altri progetti per illuminare a tutto tondo l\u2019opera di <strong>Giorgio Vasari:<\/strong> non solo quella di <strong>pittore e letterato<\/strong> ma anche di<strong> architetto e matematico,<\/strong> oltre che il lavoro di artisti a lui prossimi.<\/p>\n<h3>Estate in Fortezza<\/h3>\n<p>A breve la partenza dell\u2019organizzazione per l\u2019<strong>Estate in Fortezza,<\/strong> tradizionale appuntamento che quest\u2019anno raddoppier\u00e0 i propri spazi per un&#8217;offerta sempre pi\u00f9 ampia.<\/p>\n<p>Nuova edizione inoltre per il <strong>Concorso Polifonico Internazionale<\/strong> \u2013 istituzione aretina che dal 1953 costituisce il pi\u00f9 importante palcoscenico per le espressioni corali del mondo intero, in programma per il mese di agosto \u2013 e per il <strong>Concorso Internazionale di Composizione Guido d\u2019Arezzo<\/strong>, nato come fonte di stimolo per i compositori contemporanei.<\/p>\n<p>Sempre nell\u2019ambito delle tradizioni culturali della citt\u00e0 continuano le attivit\u00e0 della <strong>Scuola per Direttori di Coro,<\/strong> istituto di alta formazione tra i pi\u00f9 importanti d\u2019Europa che in oltre trent\u2019anni ha formato e cresciuto intere generazioni di nuovi direttori, finanziata dalla <strong>Regione Toscana<\/strong> e riconosciuta a livello internazionale.<\/p>\n<p>Non ultimo torna <strong>Arezzo Youth Music Festival,<\/strong> nato con la duplice finalit\u00e0 di <strong>attrarre i ragazzi del territorio <\/strong>attraverso la bellezza della musica e proporre Arezzo quale punto d\u2019incontro per i migliori<strong> giovani musicisti del panorama internazionale, under 35.<\/strong><\/p>\n<p>L&#8217;evento sar\u00e0 realizzato in collaborazione con Marjorie Layden, Presidente della <strong>World Ethic and Leadership Foundation<\/strong> (WEL Foundation) e con la direzione artistica \u00e8 affidata all<strong>\u2019enfant prodige del violino Giovanni Andrea Zanon.<\/strong><\/p>\n<figure id=\"post-323661 media-323661\" class=\"align-none\"><img decoding=\"async\" src=\"https:\/\/www.intoscana.it\/wp-content\/uploads\/FGdA_Polifonico_Concerto-scaled.jpg\" alt=\"\" \/><\/figure>\n<div class=\"titleimg\"><\/div>\n","protected":false},"excerpt":{"rendered":"<p>Un anno pieno di iniziative tra concerti, mostre e teatro che culmineranno con le celebrazioni per i 450 anni dalla morte dell\u2019artista aretino, in preparazione il calendario degli eventi estivi per Estate in Fortezza, che quest\u2019anno raddoppier\u00e0 i propri spazi<\/p>\n","protected":false},"author":518,"featured_media":323660,"comment_status":"open","ping_status":"open","sticky":false,"template":"","format":"standard","meta":{"_acf_changed":false,"footnotes":""},"categories":[493],"tags":[196,216,6261,222,151],"class_list":["post-323659","post","type-post","status-publish","format-standard","has-post-thumbnail","hentry","category-cultura","tag-arezzo","tag-concerti","tag-fondazione-cr-firenze","tag-mostre","tag-regione-toscana"],"acf":[],"yoast_head":"<!-- This site is optimized with the Yoast SEO Premium plugin v24.2 (Yoast SEO v25.6) - https:\/\/yoast.com\/wordpress\/plugins\/seo\/ -->\n<title>Un 2024 di eventi con la Fondazione Guido d\u2019Arezzo: dalle eccellenze della classica alla mostra su Vasari - intoscana<\/title>\n<meta name=\"description\" content=\"Un anno pieno di iniziative tra concerti, mostre e teatro che culmineranno con le celebrazioni per i 450 anni dalla morte di Giorgio Vasari\" \/>\n<meta name=\"robots\" content=\"index, follow, max-snippet:-1, max-image-preview:large, max-video-preview:-1\" \/>\n<link rel=\"canonical\" href=\"https:\/\/www.intoscana.it\/it\/un-2024-di-eventi-con-la-fondazione-guido-darezzo-dalle-eccellenze-della-classica-alla-mostra-su-vasari\/\" \/>\n<meta property=\"og:locale\" content=\"it_IT\" \/>\n<meta property=\"og:type\" content=\"article\" \/>\n<meta property=\"og:title\" content=\"Un 2024 di eventi con la Fondazione Guido d\u2019Arezzo: dalle eccellenze della classica alla mostra su Vasari\" \/>\n<meta property=\"og:description\" content=\"Un anno pieno di iniziative tra concerti, mostre e teatro che culmineranno con le celebrazioni per i 450 anni dalla morte di Giorgio Vasari\" \/>\n<meta property=\"og:url\" content=\"https:\/\/www.intoscana.it\/it\/un-2024-di-eventi-con-la-fondazione-guido-darezzo-dalle-eccellenze-della-classica-alla-mostra-su-vasari\/\" \/>\n<meta property=\"og:site_name\" content=\"intoscana\" \/>\n<meta property=\"article:publisher\" content=\"https:\/\/www.facebook.com\/intoscana.it\" \/>\n<meta property=\"article:published_time\" content=\"2024-01-24T13:56:02+00:00\" \/>\n<meta property=\"article:modified_time\" content=\"2024-01-24T13:57:45+00:00\" \/>\n<meta property=\"og:image\" content=\"https:\/\/www.intoscana.it\/wp-content\/uploads\/FGdA_Orchestra-del-Maggio-con-Orozco-Estrada-scaled.jpg\" \/>\n\t<meta property=\"og:image:width\" content=\"2048\" \/>\n\t<meta property=\"og:image:height\" content=\"1362\" \/>\n\t<meta property=\"og:image:type\" content=\"image\/jpeg\" \/>\n<meta name=\"author\" content=\"Costanza Baldini\" \/>\n<meta name=\"twitter:card\" content=\"summary_large_image\" \/>\n<meta name=\"twitter:creator\" content=\"@intoscana\" \/>\n<meta name=\"twitter:site\" content=\"@intoscana\" \/>\n<meta name=\"twitter:label1\" content=\"Written by\" \/>\n\t<meta name=\"twitter:data1\" content=\"Costanza Baldini\" \/>\n\t<meta name=\"twitter:label2\" content=\"Est. reading time\" \/>\n\t<meta name=\"twitter:data2\" content=\"3 minuti\" \/>\n<script type=\"application\/ld+json\" class=\"yoast-schema-graph\">{\"@context\":\"https:\/\/schema.org\",\"@graph\":[{\"@type\":\"WebPage\",\"@id\":\"https:\/\/www.intoscana.it\/it\/un-2024-di-eventi-con-la-fondazione-guido-darezzo-dalle-eccellenze-della-classica-alla-mostra-su-vasari\/\",\"url\":\"https:\/\/www.intoscana.it\/it\/un-2024-di-eventi-con-la-fondazione-guido-darezzo-dalle-eccellenze-della-classica-alla-mostra-su-vasari\/\",\"name\":\"Un 2024 di eventi con la Fondazione Guido d\u2019Arezzo: dalle eccellenze della classica alla mostra su Vasari - intoscana\",\"isPartOf\":{\"@id\":\"https:\/\/www.intoscana.it\/it\/#website\"},\"primaryImageOfPage\":{\"@id\":\"https:\/\/www.intoscana.it\/it\/un-2024-di-eventi-con-la-fondazione-guido-darezzo-dalle-eccellenze-della-classica-alla-mostra-su-vasari\/#primaryimage\"},\"image\":{\"@id\":\"https:\/\/www.intoscana.it\/it\/un-2024-di-eventi-con-la-fondazione-guido-darezzo-dalle-eccellenze-della-classica-alla-mostra-su-vasari\/#primaryimage\"},\"thumbnailUrl\":\"https:\/\/www.intoscana.it\/wp-content\/uploads\/FGdA_Orchestra-del-Maggio-con-Orozco-Estrada-scaled.jpg\",\"datePublished\":\"2024-01-24T13:56:02+00:00\",\"dateModified\":\"2024-01-24T13:57:45+00:00\",\"author\":{\"@id\":\"https:\/\/www.intoscana.it\/it\/#\/schema\/person\/d469f35f09739bdf00bf5dd3f0647a82\"},\"description\":\"Un anno pieno di iniziative tra concerti, mostre e teatro che culmineranno con le celebrazioni per i 450 anni dalla morte di Giorgio Vasari\",\"breadcrumb\":{\"@id\":\"https:\/\/www.intoscana.it\/it\/un-2024-di-eventi-con-la-fondazione-guido-darezzo-dalle-eccellenze-della-classica-alla-mostra-su-vasari\/#breadcrumb\"},\"inLanguage\":\"it-IT\",\"potentialAction\":[{\"@type\":\"ReadAction\",\"target\":[\"https:\/\/www.intoscana.it\/it\/un-2024-di-eventi-con-la-fondazione-guido-darezzo-dalle-eccellenze-della-classica-alla-mostra-su-vasari\/\"]}]},{\"@type\":\"ImageObject\",\"inLanguage\":\"it-IT\",\"@id\":\"https:\/\/www.intoscana.it\/it\/un-2024-di-eventi-con-la-fondazione-guido-darezzo-dalle-eccellenze-della-classica-alla-mostra-su-vasari\/#primaryimage\",\"url\":\"https:\/\/www.intoscana.it\/wp-content\/uploads\/FGdA_Orchestra-del-Maggio-con-Orozco-Estrada-scaled.jpg\",\"contentUrl\":\"https:\/\/www.intoscana.it\/wp-content\/uploads\/FGdA_Orchestra-del-Maggio-con-Orozco-Estrada-scaled.jpg\",\"width\":2048,\"height\":1362},{\"@type\":\"BreadcrumbList\",\"@id\":\"https:\/\/www.intoscana.it\/it\/un-2024-di-eventi-con-la-fondazione-guido-darezzo-dalle-eccellenze-della-classica-alla-mostra-su-vasari\/#breadcrumb\",\"itemListElement\":[{\"@type\":\"ListItem\",\"position\":1,\"name\":\"Home\",\"item\":\"https:\/\/www.intoscana.it\/it\/\"},{\"@type\":\"ListItem\",\"position\":2,\"name\":\"Un 2024 di eventi con la Fondazione Guido d\u2019Arezzo: dalle eccellenze della classica alla mostra su Vasari\"}]},{\"@type\":\"WebSite\",\"@id\":\"https:\/\/www.intoscana.it\/it\/#website\",\"url\":\"https:\/\/www.intoscana.it\/it\/\",\"name\":\"intoscana\",\"description\":\"\",\"potentialAction\":[{\"@type\":\"SearchAction\",\"target\":{\"@type\":\"EntryPoint\",\"urlTemplate\":\"https:\/\/www.intoscana.it\/it\/?s={search_term_string}\"},\"query-input\":{\"@type\":\"PropertyValueSpecification\",\"valueRequired\":true,\"valueName\":\"search_term_string\"}}],\"inLanguage\":\"it-IT\"},{\"@type\":\"Person\",\"@id\":\"https:\/\/www.intoscana.it\/it\/#\/schema\/person\/d469f35f09739bdf00bf5dd3f0647a82\",\"name\":\"Costanza Baldini\",\"url\":\"https:\/\/www.intoscana.it\/it\/author\/costanza-baldini\/\"}]}<\/script>\n<!-- \/ Yoast SEO Premium plugin. -->","yoast_head_json":{"title":"Un 2024 di eventi con la Fondazione Guido d\u2019Arezzo: dalle eccellenze della classica alla mostra su Vasari - intoscana","description":"Un anno pieno di iniziative tra concerti, mostre e teatro che culmineranno con le celebrazioni per i 450 anni dalla morte di Giorgio Vasari","robots":{"index":"index","follow":"follow","max-snippet":"max-snippet:-1","max-image-preview":"max-image-preview:large","max-video-preview":"max-video-preview:-1"},"canonical":"https:\/\/www.intoscana.it\/it\/un-2024-di-eventi-con-la-fondazione-guido-darezzo-dalle-eccellenze-della-classica-alla-mostra-su-vasari\/","og_locale":"it_IT","og_type":"article","og_title":"Un 2024 di eventi con la Fondazione Guido d\u2019Arezzo: dalle eccellenze della classica alla mostra su Vasari","og_description":"Un anno pieno di iniziative tra concerti, mostre e teatro che culmineranno con le celebrazioni per i 450 anni dalla morte di Giorgio Vasari","og_url":"https:\/\/www.intoscana.it\/it\/un-2024-di-eventi-con-la-fondazione-guido-darezzo-dalle-eccellenze-della-classica-alla-mostra-su-vasari\/","og_site_name":"intoscana","article_publisher":"https:\/\/www.facebook.com\/intoscana.it","article_published_time":"2024-01-24T13:56:02+00:00","article_modified_time":"2024-01-24T13:57:45+00:00","og_image":[{"width":2048,"height":1362,"url":"https:\/\/www.intoscana.it\/wp-content\/uploads\/FGdA_Orchestra-del-Maggio-con-Orozco-Estrada-scaled.jpg","type":"image\/jpeg"}],"author":"Costanza Baldini","twitter_card":"summary_large_image","twitter_creator":"@intoscana","twitter_site":"@intoscana","twitter_misc":{"Written by":"Costanza Baldini","Est. reading time":"3 minuti"},"schema":{"@context":"https:\/\/schema.org","@graph":[{"@type":"WebPage","@id":"https:\/\/www.intoscana.it\/it\/un-2024-di-eventi-con-la-fondazione-guido-darezzo-dalle-eccellenze-della-classica-alla-mostra-su-vasari\/","url":"https:\/\/www.intoscana.it\/it\/un-2024-di-eventi-con-la-fondazione-guido-darezzo-dalle-eccellenze-della-classica-alla-mostra-su-vasari\/","name":"Un 2024 di eventi con la Fondazione Guido d\u2019Arezzo: dalle eccellenze della classica alla mostra su Vasari - intoscana","isPartOf":{"@id":"https:\/\/www.intoscana.it\/it\/#website"},"primaryImageOfPage":{"@id":"https:\/\/www.intoscana.it\/it\/un-2024-di-eventi-con-la-fondazione-guido-darezzo-dalle-eccellenze-della-classica-alla-mostra-su-vasari\/#primaryimage"},"image":{"@id":"https:\/\/www.intoscana.it\/it\/un-2024-di-eventi-con-la-fondazione-guido-darezzo-dalle-eccellenze-della-classica-alla-mostra-su-vasari\/#primaryimage"},"thumbnailUrl":"https:\/\/www.intoscana.it\/wp-content\/uploads\/FGdA_Orchestra-del-Maggio-con-Orozco-Estrada-scaled.jpg","datePublished":"2024-01-24T13:56:02+00:00","dateModified":"2024-01-24T13:57:45+00:00","author":{"@id":"https:\/\/www.intoscana.it\/it\/#\/schema\/person\/d469f35f09739bdf00bf5dd3f0647a82"},"description":"Un anno pieno di iniziative tra concerti, mostre e teatro che culmineranno con le celebrazioni per i 450 anni dalla morte di Giorgio Vasari","breadcrumb":{"@id":"https:\/\/www.intoscana.it\/it\/un-2024-di-eventi-con-la-fondazione-guido-darezzo-dalle-eccellenze-della-classica-alla-mostra-su-vasari\/#breadcrumb"},"inLanguage":"it-IT","potentialAction":[{"@type":"ReadAction","target":["https:\/\/www.intoscana.it\/it\/un-2024-di-eventi-con-la-fondazione-guido-darezzo-dalle-eccellenze-della-classica-alla-mostra-su-vasari\/"]}]},{"@type":"ImageObject","inLanguage":"it-IT","@id":"https:\/\/www.intoscana.it\/it\/un-2024-di-eventi-con-la-fondazione-guido-darezzo-dalle-eccellenze-della-classica-alla-mostra-su-vasari\/#primaryimage","url":"https:\/\/www.intoscana.it\/wp-content\/uploads\/FGdA_Orchestra-del-Maggio-con-Orozco-Estrada-scaled.jpg","contentUrl":"https:\/\/www.intoscana.it\/wp-content\/uploads\/FGdA_Orchestra-del-Maggio-con-Orozco-Estrada-scaled.jpg","width":2048,"height":1362},{"@type":"BreadcrumbList","@id":"https:\/\/www.intoscana.it\/it\/un-2024-di-eventi-con-la-fondazione-guido-darezzo-dalle-eccellenze-della-classica-alla-mostra-su-vasari\/#breadcrumb","itemListElement":[{"@type":"ListItem","position":1,"name":"Home","item":"https:\/\/www.intoscana.it\/it\/"},{"@type":"ListItem","position":2,"name":"Un 2024 di eventi con la Fondazione Guido d\u2019Arezzo: dalle eccellenze della classica alla mostra su Vasari"}]},{"@type":"WebSite","@id":"https:\/\/www.intoscana.it\/it\/#website","url":"https:\/\/www.intoscana.it\/it\/","name":"intoscana","description":"","potentialAction":[{"@type":"SearchAction","target":{"@type":"EntryPoint","urlTemplate":"https:\/\/www.intoscana.it\/it\/?s={search_term_string}"},"query-input":{"@type":"PropertyValueSpecification","valueRequired":true,"valueName":"search_term_string"}}],"inLanguage":"it-IT"},{"@type":"Person","@id":"https:\/\/www.intoscana.it\/it\/#\/schema\/person\/d469f35f09739bdf00bf5dd3f0647a82","name":"Costanza Baldini","url":"https:\/\/www.intoscana.it\/it\/author\/costanza-baldini\/"}]}},"_links":{"self":[{"href":"https:\/\/www.intoscana.it\/it\/wp-json\/wp\/v2\/posts\/323659","targetHints":{"allow":["GET"]}}],"collection":[{"href":"https:\/\/www.intoscana.it\/it\/wp-json\/wp\/v2\/posts"}],"about":[{"href":"https:\/\/www.intoscana.it\/it\/wp-json\/wp\/v2\/types\/post"}],"author":[{"embeddable":true,"href":"https:\/\/www.intoscana.it\/it\/wp-json\/wp\/v2\/users\/518"}],"replies":[{"embeddable":true,"href":"https:\/\/www.intoscana.it\/it\/wp-json\/wp\/v2\/comments?post=323659"}],"version-history":[{"count":10,"href":"https:\/\/www.intoscana.it\/it\/wp-json\/wp\/v2\/posts\/323659\/revisions"}],"predecessor-version":[{"id":323743,"href":"https:\/\/www.intoscana.it\/it\/wp-json\/wp\/v2\/posts\/323659\/revisions\/323743"}],"wp:featuredmedia":[{"embeddable":true,"href":"https:\/\/www.intoscana.it\/it\/wp-json\/wp\/v2\/media\/323660"}],"wp:attachment":[{"href":"https:\/\/www.intoscana.it\/it\/wp-json\/wp\/v2\/media?parent=323659"}],"wp:term":[{"taxonomy":"category","embeddable":true,"href":"https:\/\/www.intoscana.it\/it\/wp-json\/wp\/v2\/categories?post=323659"},{"taxonomy":"post_tag","embeddable":true,"href":"https:\/\/www.intoscana.it\/it\/wp-json\/wp\/v2\/tags?post=323659"}],"curies":[{"name":"wp","href":"https:\/\/api.w.org\/{rel}","templated":true}]}}