{"id":323751,"date":"2024-01-24T16:10:39","date_gmt":"2024-01-24T15:10:39","guid":{"rendered":"https:\/\/www.intoscana.it\/it\/?p=323751"},"modified":"2025-01-07T16:07:22","modified_gmt":"2025-01-07T15:07:22","slug":"inclusione-digitale-per-tutti-a-fucecchio-aperto-il-nuovo-punto-digitale-facile","status":"publish","type":"post","link":"https:\/\/www.intoscana.it\/it\/inclusione-digitale-per-tutti-a-fucecchio-aperto-il-nuovo-punto-digitale-facile\/","title":{"rendered":"Inclusione digitale per tutti: a Fucecchio aperto il nuovo Punto Digitale Facile"},"content":{"rendered":"<p>Per aiutare i cittadini che hanno difficolt\u00e0 ad utilizzare il web ad accedere alla rete e quindi a tutti i servizi online della pubblica amministrazione \u00e8 stato inaugurato questa mattina a<strong> Fucecchio<\/strong> il nuovo <strong>Punto Digitale Facile<\/strong>, dove tutti potranno trovare assistenza qualificata per navigare su Internet.<\/p>\n<h3>Una rete di PDF per i cittadini<\/h3>\n<p>Lo scopo dei Punti Digitale Facile infatti \u00e8 fornire ai cittadini un adeguato supporto e una mirata formazione sui<strong> servizi online della PA, <\/strong>per favorire<strong> l\u2019inclusione digitale<\/strong> e l\u2019aumento nella popolazione delle competenze informatiche. In accordo con il Dipartimento per la Trasformazione digitale della Presidenza del Consiglio del Ministri nell\u2019ambito del Pnrr, la Regione sta inaugurando una<a href=\"https:\/\/www.intoscana.it\/it\/articolo\/punti-digitale-facile-rete\/\" target=\"_blank\" rel=\"noopener\"> rete di PDF su tutto il territorio.<\/a><\/p>\n<p>Con un primo bando in Toscana sono gi\u00e0 stati individuati, attraverso gli enti locali, ben <strong>119 punti,<\/strong> mentre con un secondo bando, rivolto agli enti del terzo settore, la Regione conta di raggiungere la quota complessiva di<strong> 169 centri<\/strong> e coinvolgere 136 mila cittadini entro la fine del 2025.<\/p>\n<p><em>\u201cI Punti Digitale Facile rappresentano <mark>un\u2019azione concreta e inclusiva che Regione Toscana mette in campo per ridurre il divario digitale<\/mark><\/em> &#8211; spiega l\u2019assessore regionale alle infrastrutture digitali <strong>Stefano Ciuoffo<\/strong> &#8211;\u00a0<em> che colpisce in particolare gli strati pi\u00f9 fragili della nostra societ\u00e0, a partire dalla fascia pi\u00f9 anziana della popolazione, ma non soltanto. E\u2019 per questo che la Toscana \u00e8 tra le prime regioni a mettere in campo, con la collaborazione e il protagonismo degli enti locali, che ringrazio, questa misura per il rafforzamento delle competenze digitali di tutti i cittadini. Investire nell\u2019<strong>alfabetizzazione digitale<\/strong> significa anche ridurre la distanza tra Pubblica amministrazione e cittadino, apportando significative semplificazioni nella vita quotidiana di ciascuno di noi\u201d.<\/em><\/p>\n<h3>Lo sportello presso l&#8217;InformaGiovani di Fucecchio<\/h3>\n<p>Quello di\u00a0<span class=\"il\">Fucecchio<\/span>, che ha sede in Piazza La Vergine 21, presso<strong> l\u2019InformaGiovani,<\/strong> rappresenta quindi l\u2019ultimo nato di una lunga serie di Punti Digitale Facile.<br \/>\nSar\u00e0 aperto al pubblico <strong>dal luned\u00ec al venerd\u00ec<\/strong> dalle 9 alle 13 e il marted\u00ec e il gioved\u00ec anche dalle 15.30 alle 18. Gli utenti potranno usufruire di assistenza, su appuntamento, da parte di un operatore e di una postazione dedicata, chiamando allo 0571- 23331 o 0571 268408.<\/p>\n<p><em>&#8220;Questo <strong>nuovo servizio<\/strong> rappresenta quindi un ulteriore passo avanti per la comunit\u00e0 di <span class=\"il\">Fucecchio &#8211; dice il sindaco Alessio Spinelli &#8211;<\/span>\u00a0in quanto permette l\u2019accesso alle informazioni e ai servizi in una modalit\u00e0 moderna, che spesso ancora tante persone non riescono a conoscere e quindi non possono accedere a servizi importanti, per la salute, per trovare lavoro, per fare dei pagamenti o altro ancora. Tra l\u2019altro questo servizio \u00e8 anche innovativo come modalit\u00e0 di gestione della Pubblica Amministrazione, perch\u00e9 \u00e8 gestito in collaborazione tra il personale di due servizi: l\u2019InformaGiovani e l\u2019Urp, che insieme hanno risposto al bando regionale e insieme programmano e coordinano le attivit\u00e0 del Punto Digitale Facile&#8221;.<\/em><\/p>\n<p>Nel PDF di\u00a0<span class=\"il\">Fucecchio sar\u00e0<\/span> possibile ad esempio attivare la <strong>Carta di identit\u00e0 elettronica<\/strong>, accedere ai servizi digitali sanitari regionali, a partire dalla tessera sanitaria, all\u2019attivazione e alla consultazione del fascicolo sanitario elettronico, alla prenotazione di esami e prestazioni attraverso il Centro unico di prenotazione (Cup), ma sar\u00e0 anche possibile prenotare appuntamenti in Questura per richiedere o rinnovare il passaporto.<\/p>\n<p><em>&#8220;Saranno realizzate non solo le attivit\u00e0 individuali e di supporto al singolo cittadino<\/em> &#8211; aggiunge la vice sindaca di Fucecchio, Emma Donnini &#8211;<em> ma anche iniziative di <strong>formazione di gruppo<\/strong> che, peraltro, verranno organizzate anche in collaborazione con le associazioni del territorio.&#8221;.<\/em><\/p>\n","protected":false},"excerpt":{"rendered":"<p>Inaugurato oggi lo sportello presso l&#8217;InformaGiovani per aiutare i cittadini ad utilizzare il web e i servizi online della PA<\/p>\n","protected":false},"author":525,"featured_media":323759,"comment_status":"open","ping_status":"open","sticky":false,"template":"","format":"standard","meta":{"_acf_changed":false,"footnotes":""},"categories":[475],"tags":[151,5145,1639],"class_list":["post-323751","post","type-post","status-publish","format-standard","has-post-thumbnail","hentry","category-innovazione","tag-regione-toscana","tag-stefano-ciuoffo","tag-toscana-digitale"],"acf":[],"yoast_head":"<!-- This site is optimized with the Yoast SEO Premium plugin v24.2 (Yoast SEO v25.6) - https:\/\/yoast.com\/wordpress\/plugins\/seo\/ -->\n<title>Inclusione digitale per tutti: a Fucecchio aperto il nuovo Punto Digitale Facile - intoscana<\/title>\n<meta name=\"robots\" content=\"index, follow, max-snippet:-1, max-image-preview:large, max-video-preview:-1\" \/>\n<link rel=\"canonical\" href=\"https:\/\/www.intoscana.it\/it\/inclusione-digitale-per-tutti-a-fucecchio-aperto-il-nuovo-punto-digitale-facile\/\" \/>\n<meta property=\"og:locale\" content=\"it_IT\" \/>\n<meta property=\"og:type\" content=\"article\" \/>\n<meta property=\"og:title\" content=\"Inclusione digitale per tutti: a Fucecchio aperto il nuovo Punto Digitale Facile\" \/>\n<meta property=\"og:description\" content=\"Inaugurato oggi lo sportello presso l&#039;InformaGiovani per aiutare i cittadini ad utilizzare il web e i servizi online della PA\" \/>\n<meta property=\"og:url\" content=\"https:\/\/www.intoscana.it\/it\/inclusione-digitale-per-tutti-a-fucecchio-aperto-il-nuovo-punto-digitale-facile\/\" \/>\n<meta property=\"og:site_name\" content=\"intoscana\" \/>\n<meta property=\"article:publisher\" content=\"https:\/\/www.facebook.com\/intoscana.it\" \/>\n<meta property=\"article:published_time\" content=\"2024-01-24T15:10:39+00:00\" \/>\n<meta property=\"article:modified_time\" content=\"2025-01-07T15:07:22+00:00\" \/>\n<meta property=\"og:image\" content=\"https:\/\/www.intoscana.it\/wp-content\/uploads\/Inaugurazione-PDF-Fucecchio.jpeg\" \/>\n\t<meta property=\"og:image:width\" content=\"1023\" \/>\n\t<meta property=\"og:image:height\" content=\"846\" \/>\n\t<meta property=\"og:image:type\" content=\"image\/jpeg\" \/>\n<meta name=\"author\" content=\"Redazione\" \/>\n<meta name=\"twitter:card\" content=\"summary_large_image\" \/>\n<meta name=\"twitter:creator\" content=\"@intoscana\" \/>\n<meta name=\"twitter:site\" content=\"@intoscana\" \/>\n<meta name=\"twitter:label1\" content=\"Written by\" \/>\n\t<meta name=\"twitter:data1\" content=\"Redazione\" \/>\n\t<meta name=\"twitter:label2\" content=\"Est. reading time\" \/>\n\t<meta name=\"twitter:data2\" content=\"3 minuti\" \/>\n<script type=\"application\/ld+json\" class=\"yoast-schema-graph\">{\"@context\":\"https:\/\/schema.org\",\"@graph\":[{\"@type\":\"WebPage\",\"@id\":\"https:\/\/www.intoscana.it\/it\/inclusione-digitale-per-tutti-a-fucecchio-aperto-il-nuovo-punto-digitale-facile\/\",\"url\":\"https:\/\/www.intoscana.it\/it\/inclusione-digitale-per-tutti-a-fucecchio-aperto-il-nuovo-punto-digitale-facile\/\",\"name\":\"Inclusione digitale per tutti: a Fucecchio aperto il nuovo Punto Digitale Facile - intoscana\",\"isPartOf\":{\"@id\":\"https:\/\/www.intoscana.it\/it\/#website\"},\"primaryImageOfPage\":{\"@id\":\"https:\/\/www.intoscana.it\/it\/inclusione-digitale-per-tutti-a-fucecchio-aperto-il-nuovo-punto-digitale-facile\/#primaryimage\"},\"image\":{\"@id\":\"https:\/\/www.intoscana.it\/it\/inclusione-digitale-per-tutti-a-fucecchio-aperto-il-nuovo-punto-digitale-facile\/#primaryimage\"},\"thumbnailUrl\":\"https:\/\/www.intoscana.it\/wp-content\/uploads\/Inaugurazione-PDF-Fucecchio.jpeg\",\"datePublished\":\"2024-01-24T15:10:39+00:00\",\"dateModified\":\"2025-01-07T15:07:22+00:00\",\"author\":{\"@id\":\"https:\/\/www.intoscana.it\/it\/#\/schema\/person\/9223810753230f20bd670fdd322661f8\"},\"breadcrumb\":{\"@id\":\"https:\/\/www.intoscana.it\/it\/inclusione-digitale-per-tutti-a-fucecchio-aperto-il-nuovo-punto-digitale-facile\/#breadcrumb\"},\"inLanguage\":\"it-IT\",\"potentialAction\":[{\"@type\":\"ReadAction\",\"target\":[\"https:\/\/www.intoscana.it\/it\/inclusione-digitale-per-tutti-a-fucecchio-aperto-il-nuovo-punto-digitale-facile\/\"]}]},{\"@type\":\"ImageObject\",\"inLanguage\":\"it-IT\",\"@id\":\"https:\/\/www.intoscana.it\/it\/inclusione-digitale-per-tutti-a-fucecchio-aperto-il-nuovo-punto-digitale-facile\/#primaryimage\",\"url\":\"https:\/\/www.intoscana.it\/wp-content\/uploads\/Inaugurazione-PDF-Fucecchio.jpeg\",\"contentUrl\":\"https:\/\/www.intoscana.it\/wp-content\/uploads\/Inaugurazione-PDF-Fucecchio.jpeg\",\"width\":1023,\"height\":846,\"caption\":\"Inaugurazione PDF Fucecchio\"},{\"@type\":\"BreadcrumbList\",\"@id\":\"https:\/\/www.intoscana.it\/it\/inclusione-digitale-per-tutti-a-fucecchio-aperto-il-nuovo-punto-digitale-facile\/#breadcrumb\",\"itemListElement\":[{\"@type\":\"ListItem\",\"position\":1,\"name\":\"Home\",\"item\":\"https:\/\/www.intoscana.it\/it\/\"},{\"@type\":\"ListItem\",\"position\":2,\"name\":\"Inclusione digitale per tutti: a Fucecchio aperto il nuovo Punto Digitale Facile\"}]},{\"@type\":\"WebSite\",\"@id\":\"https:\/\/www.intoscana.it\/it\/#website\",\"url\":\"https:\/\/www.intoscana.it\/it\/\",\"name\":\"intoscana\",\"description\":\"\",\"potentialAction\":[{\"@type\":\"SearchAction\",\"target\":{\"@type\":\"EntryPoint\",\"urlTemplate\":\"https:\/\/www.intoscana.it\/it\/?s={search_term_string}\"},\"query-input\":{\"@type\":\"PropertyValueSpecification\",\"valueRequired\":true,\"valueName\":\"search_term_string\"}}],\"inLanguage\":\"it-IT\"},{\"@type\":\"Person\",\"@id\":\"https:\/\/www.intoscana.it\/it\/#\/schema\/person\/9223810753230f20bd670fdd322661f8\",\"name\":\"Redazione\",\"url\":\"https:\/\/www.intoscana.it\/it\/author\/redazione\/\"}]}<\/script>\n<!-- \/ Yoast SEO Premium plugin. -->","yoast_head_json":{"title":"Inclusione digitale per tutti: a Fucecchio aperto il nuovo Punto Digitale Facile - intoscana","robots":{"index":"index","follow":"follow","max-snippet":"max-snippet:-1","max-image-preview":"max-image-preview:large","max-video-preview":"max-video-preview:-1"},"canonical":"https:\/\/www.intoscana.it\/it\/inclusione-digitale-per-tutti-a-fucecchio-aperto-il-nuovo-punto-digitale-facile\/","og_locale":"it_IT","og_type":"article","og_title":"Inclusione digitale per tutti: a Fucecchio aperto il nuovo Punto Digitale Facile","og_description":"Inaugurato oggi lo sportello presso l'InformaGiovani per aiutare i cittadini ad utilizzare il web e i servizi online della PA","og_url":"https:\/\/www.intoscana.it\/it\/inclusione-digitale-per-tutti-a-fucecchio-aperto-il-nuovo-punto-digitale-facile\/","og_site_name":"intoscana","article_publisher":"https:\/\/www.facebook.com\/intoscana.it","article_published_time":"2024-01-24T15:10:39+00:00","article_modified_time":"2025-01-07T15:07:22+00:00","og_image":[{"width":1023,"height":846,"url":"https:\/\/www.intoscana.it\/wp-content\/uploads\/Inaugurazione-PDF-Fucecchio.jpeg","type":"image\/jpeg"}],"author":"Redazione","twitter_card":"summary_large_image","twitter_creator":"@intoscana","twitter_site":"@intoscana","twitter_misc":{"Written by":"Redazione","Est. reading time":"3 minuti"},"schema":{"@context":"https:\/\/schema.org","@graph":[{"@type":"WebPage","@id":"https:\/\/www.intoscana.it\/it\/inclusione-digitale-per-tutti-a-fucecchio-aperto-il-nuovo-punto-digitale-facile\/","url":"https:\/\/www.intoscana.it\/it\/inclusione-digitale-per-tutti-a-fucecchio-aperto-il-nuovo-punto-digitale-facile\/","name":"Inclusione digitale per tutti: a Fucecchio aperto il nuovo Punto Digitale Facile - intoscana","isPartOf":{"@id":"https:\/\/www.intoscana.it\/it\/#website"},"primaryImageOfPage":{"@id":"https:\/\/www.intoscana.it\/it\/inclusione-digitale-per-tutti-a-fucecchio-aperto-il-nuovo-punto-digitale-facile\/#primaryimage"},"image":{"@id":"https:\/\/www.intoscana.it\/it\/inclusione-digitale-per-tutti-a-fucecchio-aperto-il-nuovo-punto-digitale-facile\/#primaryimage"},"thumbnailUrl":"https:\/\/www.intoscana.it\/wp-content\/uploads\/Inaugurazione-PDF-Fucecchio.jpeg","datePublished":"2024-01-24T15:10:39+00:00","dateModified":"2025-01-07T15:07:22+00:00","author":{"@id":"https:\/\/www.intoscana.it\/it\/#\/schema\/person\/9223810753230f20bd670fdd322661f8"},"breadcrumb":{"@id":"https:\/\/www.intoscana.it\/it\/inclusione-digitale-per-tutti-a-fucecchio-aperto-il-nuovo-punto-digitale-facile\/#breadcrumb"},"inLanguage":"it-IT","potentialAction":[{"@type":"ReadAction","target":["https:\/\/www.intoscana.it\/it\/inclusione-digitale-per-tutti-a-fucecchio-aperto-il-nuovo-punto-digitale-facile\/"]}]},{"@type":"ImageObject","inLanguage":"it-IT","@id":"https:\/\/www.intoscana.it\/it\/inclusione-digitale-per-tutti-a-fucecchio-aperto-il-nuovo-punto-digitale-facile\/#primaryimage","url":"https:\/\/www.intoscana.it\/wp-content\/uploads\/Inaugurazione-PDF-Fucecchio.jpeg","contentUrl":"https:\/\/www.intoscana.it\/wp-content\/uploads\/Inaugurazione-PDF-Fucecchio.jpeg","width":1023,"height":846,"caption":"Inaugurazione PDF Fucecchio"},{"@type":"BreadcrumbList","@id":"https:\/\/www.intoscana.it\/it\/inclusione-digitale-per-tutti-a-fucecchio-aperto-il-nuovo-punto-digitale-facile\/#breadcrumb","itemListElement":[{"@type":"ListItem","position":1,"name":"Home","item":"https:\/\/www.intoscana.it\/it\/"},{"@type":"ListItem","position":2,"name":"Inclusione digitale per tutti: a Fucecchio aperto il nuovo Punto Digitale Facile"}]},{"@type":"WebSite","@id":"https:\/\/www.intoscana.it\/it\/#website","url":"https:\/\/www.intoscana.it\/it\/","name":"intoscana","description":"","potentialAction":[{"@type":"SearchAction","target":{"@type":"EntryPoint","urlTemplate":"https:\/\/www.intoscana.it\/it\/?s={search_term_string}"},"query-input":{"@type":"PropertyValueSpecification","valueRequired":true,"valueName":"search_term_string"}}],"inLanguage":"it-IT"},{"@type":"Person","@id":"https:\/\/www.intoscana.it\/it\/#\/schema\/person\/9223810753230f20bd670fdd322661f8","name":"Redazione","url":"https:\/\/www.intoscana.it\/it\/author\/redazione\/"}]}},"_links":{"self":[{"href":"https:\/\/www.intoscana.it\/it\/wp-json\/wp\/v2\/posts\/323751","targetHints":{"allow":["GET"]}}],"collection":[{"href":"https:\/\/www.intoscana.it\/it\/wp-json\/wp\/v2\/posts"}],"about":[{"href":"https:\/\/www.intoscana.it\/it\/wp-json\/wp\/v2\/types\/post"}],"author":[{"embeddable":true,"href":"https:\/\/www.intoscana.it\/it\/wp-json\/wp\/v2\/users\/525"}],"replies":[{"embeddable":true,"href":"https:\/\/www.intoscana.it\/it\/wp-json\/wp\/v2\/comments?post=323751"}],"version-history":[{"count":7,"href":"https:\/\/www.intoscana.it\/it\/wp-json\/wp\/v2\/posts\/323751\/revisions"}],"predecessor-version":[{"id":370146,"href":"https:\/\/www.intoscana.it\/it\/wp-json\/wp\/v2\/posts\/323751\/revisions\/370146"}],"wp:featuredmedia":[{"embeddable":true,"href":"https:\/\/www.intoscana.it\/it\/wp-json\/wp\/v2\/media\/323759"}],"wp:attachment":[{"href":"https:\/\/www.intoscana.it\/it\/wp-json\/wp\/v2\/media?parent=323751"}],"wp:term":[{"taxonomy":"category","embeddable":true,"href":"https:\/\/www.intoscana.it\/it\/wp-json\/wp\/v2\/categories?post=323751"},{"taxonomy":"post_tag","embeddable":true,"href":"https:\/\/www.intoscana.it\/it\/wp-json\/wp\/v2\/tags?post=323751"}],"curies":[{"name":"wp","href":"https:\/\/api.w.org\/{rel}","templated":true}]}}