{"id":323799,"date":"2024-01-24T18:14:42","date_gmt":"2024-01-24T17:14:42","guid":{"rendered":"https:\/\/www.intoscana.it\/it\/?p=323799"},"modified":"2024-01-24T18:14:42","modified_gmt":"2024-01-24T17:14:42","slug":"giorno-della-memoria-per-un-altro-domani-la-docu-fiction-con-neri-marcore","status":"publish","type":"post","link":"https:\/\/www.intoscana.it\/it\/giorno-della-memoria-per-un-altro-domani-la-docu-fiction-con-neri-marcore\/","title":{"rendered":"Giorno della Memoria, \u201cPer un altro domani\u201d, la docu-fiction con Neri Marcor\u00e8"},"content":{"rendered":"<p>Sar\u00e0 la docu-fiction <em><strong>Per un nuovo domani,<\/strong><\/em> tratta dal romanzo <em>L\u2019orizzonte chiuso. L\u2019internamento ebraico a Castelnuovo di Garfagnana 1941-1943 <\/em>di Silvia Angelini, Oscar Guidi e Paola Lemmi, a celebrare il G<strong>iorno della Memoria<\/strong>, istituito per non dimenticare gli orrori delle persecuzioni razziali, messe in atto dal nazi-fascismo e verificatesi anche nel nostro paese. La docu-fiction \u00e8 prodotta da Rai Fiction, insieme alla societ\u00e0 toscana Alfea Cinematografica di Alberto Gabbrielli, per la regia di<strong> Luca Brignone e<\/strong> andr\u00e0 in onda su <strong>Rai 3 venerd\u00ec 26 gennaio,\u00a0 alle 21.15.<\/strong><\/p>\n<p>L&#8217;opera racconta di come oltre settanta Ebrei furono trasferiti, tra il 1941 e il 1943, in &#8220;internamento libero&#8221; (ossia domicilio coatto) a Castelnuovo di Garfagnana, una storia che rischiava di cadere totalmente nell&#8217;oblio e che oggi viene raccontata al pubblico televisivo.\u00a0 Con l\u2019entrata in guerra dell\u2019Italia, nel 1940, i cittadini stranieri presenti vengono infatti arrestati o posti sotto sorveglianza, in quanto considerati potenziali nemici, primi tra tutti i cittadini ebrei. Le persone fermate diventano cos\u00ec degli internati, privati dei soldi e dei documenti, di contatti con la popolazione locale, con l&#8217;obbligo di non allontanarsi dal territorio comunale senza un&#8217;autorizzazione speciale e potendo uscire di casa solo durante il giorno. Attraverso il personaggio di Israel Meier, interpretato da <strong>Neri Marcor\u00e8,<\/strong> la docu-fiction ripercorre la vita di queste persone in anni davvero difficili, tra rigorosi divieti e umiliazioni.<\/p>\n<p>\u201c<em>Ho accettato questa proposta perch\u00e9 pensare all\u2019Olocausto \u00e8 una cosa che ogni volta mi tocca dal profondo&#8221;\u00a0 &#8211; <\/em>ha dichiarato Neri Marcor\u00e8 &#8211; . &#8220;<em>\u00c8 davvero la pagina pi\u00f9 raccapricciante della storia dell\u2019umanit\u00e0, che quindi \u00e8 bene ricordare con la speranza che le cose non si ripetano. Ma probabilmente l\u2019essere umano non \u00e8 in grado di imparare dai propri errori. E questa \u00e8 una realt\u00e0, non si tratta di essere pessimisti o ottimisti. \u00c8 semplicemente quello che vediamo accadere continuamente\u201d<\/em>.<\/p>\n<p>Un racconto, quello realizzato per la docu-fiction <em><strong>Per un nuovo domani<\/strong><\/em>, realizzato tra finzione, ricostruzione, immagini di repertorio e reali testimonianze, grazie alle interviste ai pochi testimoni rimasti in vita, tra cui Simona Nissim, Vilma Papi, Liliana Segre, Leo Verderber.<\/p>\n<p><em>\u201c\u00c8 stato un modo diverso di rendere omaggio alle vittime dell\u2019internamento e agli italiani coraggiosi che non si sono voltati da un\u2019altra parte, ma che hanno provato a porgere la mano, un sorriso, una coperta, un tozzo di pan<\/em>e\u201d, scrive il regista Luca Brignone.<\/p>\n<p>Le riprese di <em><strong>Per un nuovo domani<\/strong> <\/em>sono state realizzate in gran parte in Toscana, a novembre del 2023, tra i comuni di Castelnuovo e Castiglione di Garfagnana. Alcune scene sono state girate inoltre a Milano, negli spazi del Memoriale della Shoah, presso il binario posto sotto la Stazione Centrale, da cui partivano i famigerati treni forieri di morte, diretti al campo di sterminio ad Auschwitz.<\/p>\n","protected":false},"excerpt":{"rendered":"<p>Il film tv, prodotto da Rai Fiction, Alfea Cinematografica di Pisa e girato in Toscana, tra Castelnuovo e Castiglione di Garfanana, sar\u00e0 trasmesso su Rai 3 venerd\u00ec 26 gennaio in prima serata.<\/p>\n","protected":false},"author":492,"featured_media":323806,"comment_status":"open","ping_status":"open","sticky":false,"template":"","format":"standard","meta":{"_acf_changed":false,"footnotes":""},"categories":[493],"tags":[188,1650],"class_list":["post-323799","post","type-post","status-publish","format-standard","has-post-thumbnail","hentry","category-cultura","tag-cinema","tag-giorno-della-memoria"],"acf":[],"yoast_head":"<!-- This site is optimized with the Yoast SEO Premium plugin v24.2 (Yoast SEO v25.6) - https:\/\/yoast.com\/wordpress\/plugins\/seo\/ -->\n<title>&quot;Giorno della Memoria&quot;: film per una altro domani - Intoscana.it<\/title>\n<meta name=\"description\" content=\"Il 26 gennaio, per il Giorni della Memoria, in prima serata su Rai 3 sar\u00e0 trasmessa la docu-fiction &quot;Per un altro domani&quot;, giarata in Toscana\" \/>\n<meta name=\"robots\" content=\"index, follow, max-snippet:-1, max-image-preview:large, max-video-preview:-1\" \/>\n<link rel=\"canonical\" href=\"https:\/\/www.intoscana.it\/it\/giorno-della-memoria-per-un-altro-domani-la-docu-fiction-con-neri-marcore\/\" \/>\n<meta property=\"og:locale\" content=\"it_IT\" \/>\n<meta property=\"og:type\" content=\"article\" \/>\n<meta property=\"og:title\" content=\"Giorno della Memoria, \u201cPer un altro domani\u201d, la docu-fiction con Neri Marcor\u00e8\" \/>\n<meta property=\"og:description\" content=\"Il 26 gennaio, per il Giorni della Memoria, in prima serata su Rai 3 sar\u00e0 trasmessa la docu-fiction &quot;Per un altro domani&quot;, giarata in Toscana\" \/>\n<meta property=\"og:url\" content=\"https:\/\/www.intoscana.it\/it\/giorno-della-memoria-per-un-altro-domani-la-docu-fiction-con-neri-marcore\/\" \/>\n<meta property=\"og:site_name\" content=\"intoscana\" \/>\n<meta property=\"article:publisher\" content=\"https:\/\/www.facebook.com\/intoscana.it\" \/>\n<meta property=\"article:published_time\" content=\"2024-01-24T17:14:42+00:00\" \/>\n<meta property=\"og:image\" content=\"https:\/\/www.intoscana.it\/wp-content\/uploads\/PER-UN-ALTRO-DOMANI.jpg\" \/>\n\t<meta property=\"og:image:width\" content=\"1103\" \/>\n\t<meta property=\"og:image:height\" content=\"727\" \/>\n\t<meta property=\"og:image:type\" content=\"image\/jpeg\" \/>\n<meta name=\"author\" content=\"Elisabetta Vagaggini\" \/>\n<meta name=\"twitter:card\" content=\"summary_large_image\" \/>\n<meta name=\"twitter:creator\" content=\"@intoscana\" \/>\n<meta name=\"twitter:site\" content=\"@intoscana\" \/>\n<meta name=\"twitter:label1\" content=\"Written by\" \/>\n\t<meta name=\"twitter:data1\" content=\"Elisabetta Vagaggini\" \/>\n\t<meta name=\"twitter:label2\" content=\"Est. reading time\" \/>\n\t<meta name=\"twitter:data2\" content=\"2 minuti\" \/>\n<script type=\"application\/ld+json\" class=\"yoast-schema-graph\">{\"@context\":\"https:\/\/schema.org\",\"@graph\":[{\"@type\":\"WebPage\",\"@id\":\"https:\/\/www.intoscana.it\/it\/giorno-della-memoria-per-un-altro-domani-la-docu-fiction-con-neri-marcore\/\",\"url\":\"https:\/\/www.intoscana.it\/it\/giorno-della-memoria-per-un-altro-domani-la-docu-fiction-con-neri-marcore\/\",\"name\":\"\\\"Giorno della Memoria\\\": film per una altro domani - Intoscana.it\",\"isPartOf\":{\"@id\":\"https:\/\/www.intoscana.it\/it\/#website\"},\"primaryImageOfPage\":{\"@id\":\"https:\/\/www.intoscana.it\/it\/giorno-della-memoria-per-un-altro-domani-la-docu-fiction-con-neri-marcore\/#primaryimage\"},\"image\":{\"@id\":\"https:\/\/www.intoscana.it\/it\/giorno-della-memoria-per-un-altro-domani-la-docu-fiction-con-neri-marcore\/#primaryimage\"},\"thumbnailUrl\":\"https:\/\/www.intoscana.it\/wp-content\/uploads\/PER-UN-ALTRO-DOMANI.jpg\",\"datePublished\":\"2024-01-24T17:14:42+00:00\",\"author\":{\"@id\":\"https:\/\/www.intoscana.it\/it\/#\/schema\/person\/20956e1a83baf96027b69e776f754e43\"},\"description\":\"Il 26 gennaio, per il Giorni della Memoria, in prima serata su Rai 3 sar\u00e0 trasmessa la docu-fiction \\\"Per un altro domani\\\", giarata in Toscana\",\"breadcrumb\":{\"@id\":\"https:\/\/www.intoscana.it\/it\/giorno-della-memoria-per-un-altro-domani-la-docu-fiction-con-neri-marcore\/#breadcrumb\"},\"inLanguage\":\"it-IT\",\"potentialAction\":[{\"@type\":\"ReadAction\",\"target\":[\"https:\/\/www.intoscana.it\/it\/giorno-della-memoria-per-un-altro-domani-la-docu-fiction-con-neri-marcore\/\"]}]},{\"@type\":\"ImageObject\",\"inLanguage\":\"it-IT\",\"@id\":\"https:\/\/www.intoscana.it\/it\/giorno-della-memoria-per-un-altro-domani-la-docu-fiction-con-neri-marcore\/#primaryimage\",\"url\":\"https:\/\/www.intoscana.it\/wp-content\/uploads\/PER-UN-ALTRO-DOMANI.jpg\",\"contentUrl\":\"https:\/\/www.intoscana.it\/wp-content\/uploads\/PER-UN-ALTRO-DOMANI.jpg\",\"width\":1103,\"height\":727,\"caption\":\"Per un altro domani\"},{\"@type\":\"BreadcrumbList\",\"@id\":\"https:\/\/www.intoscana.it\/it\/giorno-della-memoria-per-un-altro-domani-la-docu-fiction-con-neri-marcore\/#breadcrumb\",\"itemListElement\":[{\"@type\":\"ListItem\",\"position\":1,\"name\":\"Home\",\"item\":\"https:\/\/www.intoscana.it\/it\/\"},{\"@type\":\"ListItem\",\"position\":2,\"name\":\"Giorno della Memoria, \u201cPer un altro domani\u201d, la docu-fiction con Neri Marcor\u00e8\"}]},{\"@type\":\"WebSite\",\"@id\":\"https:\/\/www.intoscana.it\/it\/#website\",\"url\":\"https:\/\/www.intoscana.it\/it\/\",\"name\":\"intoscana\",\"description\":\"\",\"potentialAction\":[{\"@type\":\"SearchAction\",\"target\":{\"@type\":\"EntryPoint\",\"urlTemplate\":\"https:\/\/www.intoscana.it\/it\/?s={search_term_string}\"},\"query-input\":{\"@type\":\"PropertyValueSpecification\",\"valueRequired\":true,\"valueName\":\"search_term_string\"}}],\"inLanguage\":\"it-IT\"},{\"@type\":\"Person\",\"@id\":\"https:\/\/www.intoscana.it\/it\/#\/schema\/person\/20956e1a83baf96027b69e776f754e43\",\"name\":\"Elisabetta Vagaggini\",\"url\":\"https:\/\/www.intoscana.it\/it\/author\/elisabetta-vagaggini\/\"}]}<\/script>\n<!-- \/ Yoast SEO Premium plugin. -->","yoast_head_json":{"title":"\"Giorno della Memoria\": film per una altro domani - Intoscana.it","description":"Il 26 gennaio, per il Giorni della Memoria, in prima serata su Rai 3 sar\u00e0 trasmessa la docu-fiction \"Per un altro domani\", giarata in Toscana","robots":{"index":"index","follow":"follow","max-snippet":"max-snippet:-1","max-image-preview":"max-image-preview:large","max-video-preview":"max-video-preview:-1"},"canonical":"https:\/\/www.intoscana.it\/it\/giorno-della-memoria-per-un-altro-domani-la-docu-fiction-con-neri-marcore\/","og_locale":"it_IT","og_type":"article","og_title":"Giorno della Memoria, \u201cPer un altro domani\u201d, la docu-fiction con Neri Marcor\u00e8","og_description":"Il 26 gennaio, per il Giorni della Memoria, in prima serata su Rai 3 sar\u00e0 trasmessa la docu-fiction \"Per un altro domani\", giarata in Toscana","og_url":"https:\/\/www.intoscana.it\/it\/giorno-della-memoria-per-un-altro-domani-la-docu-fiction-con-neri-marcore\/","og_site_name":"intoscana","article_publisher":"https:\/\/www.facebook.com\/intoscana.it","article_published_time":"2024-01-24T17:14:42+00:00","og_image":[{"width":1103,"height":727,"url":"https:\/\/www.intoscana.it\/wp-content\/uploads\/PER-UN-ALTRO-DOMANI.jpg","type":"image\/jpeg"}],"author":"Elisabetta Vagaggini","twitter_card":"summary_large_image","twitter_creator":"@intoscana","twitter_site":"@intoscana","twitter_misc":{"Written by":"Elisabetta Vagaggini","Est. reading time":"2 minuti"},"schema":{"@context":"https:\/\/schema.org","@graph":[{"@type":"WebPage","@id":"https:\/\/www.intoscana.it\/it\/giorno-della-memoria-per-un-altro-domani-la-docu-fiction-con-neri-marcore\/","url":"https:\/\/www.intoscana.it\/it\/giorno-della-memoria-per-un-altro-domani-la-docu-fiction-con-neri-marcore\/","name":"\"Giorno della Memoria\": film per una altro domani - Intoscana.it","isPartOf":{"@id":"https:\/\/www.intoscana.it\/it\/#website"},"primaryImageOfPage":{"@id":"https:\/\/www.intoscana.it\/it\/giorno-della-memoria-per-un-altro-domani-la-docu-fiction-con-neri-marcore\/#primaryimage"},"image":{"@id":"https:\/\/www.intoscana.it\/it\/giorno-della-memoria-per-un-altro-domani-la-docu-fiction-con-neri-marcore\/#primaryimage"},"thumbnailUrl":"https:\/\/www.intoscana.it\/wp-content\/uploads\/PER-UN-ALTRO-DOMANI.jpg","datePublished":"2024-01-24T17:14:42+00:00","author":{"@id":"https:\/\/www.intoscana.it\/it\/#\/schema\/person\/20956e1a83baf96027b69e776f754e43"},"description":"Il 26 gennaio, per il Giorni della Memoria, in prima serata su Rai 3 sar\u00e0 trasmessa la docu-fiction \"Per un altro domani\", giarata in Toscana","breadcrumb":{"@id":"https:\/\/www.intoscana.it\/it\/giorno-della-memoria-per-un-altro-domani-la-docu-fiction-con-neri-marcore\/#breadcrumb"},"inLanguage":"it-IT","potentialAction":[{"@type":"ReadAction","target":["https:\/\/www.intoscana.it\/it\/giorno-della-memoria-per-un-altro-domani-la-docu-fiction-con-neri-marcore\/"]}]},{"@type":"ImageObject","inLanguage":"it-IT","@id":"https:\/\/www.intoscana.it\/it\/giorno-della-memoria-per-un-altro-domani-la-docu-fiction-con-neri-marcore\/#primaryimage","url":"https:\/\/www.intoscana.it\/wp-content\/uploads\/PER-UN-ALTRO-DOMANI.jpg","contentUrl":"https:\/\/www.intoscana.it\/wp-content\/uploads\/PER-UN-ALTRO-DOMANI.jpg","width":1103,"height":727,"caption":"Per un altro domani"},{"@type":"BreadcrumbList","@id":"https:\/\/www.intoscana.it\/it\/giorno-della-memoria-per-un-altro-domani-la-docu-fiction-con-neri-marcore\/#breadcrumb","itemListElement":[{"@type":"ListItem","position":1,"name":"Home","item":"https:\/\/www.intoscana.it\/it\/"},{"@type":"ListItem","position":2,"name":"Giorno della Memoria, \u201cPer un altro domani\u201d, la docu-fiction con Neri Marcor\u00e8"}]},{"@type":"WebSite","@id":"https:\/\/www.intoscana.it\/it\/#website","url":"https:\/\/www.intoscana.it\/it\/","name":"intoscana","description":"","potentialAction":[{"@type":"SearchAction","target":{"@type":"EntryPoint","urlTemplate":"https:\/\/www.intoscana.it\/it\/?s={search_term_string}"},"query-input":{"@type":"PropertyValueSpecification","valueRequired":true,"valueName":"search_term_string"}}],"inLanguage":"it-IT"},{"@type":"Person","@id":"https:\/\/www.intoscana.it\/it\/#\/schema\/person\/20956e1a83baf96027b69e776f754e43","name":"Elisabetta Vagaggini","url":"https:\/\/www.intoscana.it\/it\/author\/elisabetta-vagaggini\/"}]}},"_links":{"self":[{"href":"https:\/\/www.intoscana.it\/it\/wp-json\/wp\/v2\/posts\/323799","targetHints":{"allow":["GET"]}}],"collection":[{"href":"https:\/\/www.intoscana.it\/it\/wp-json\/wp\/v2\/posts"}],"about":[{"href":"https:\/\/www.intoscana.it\/it\/wp-json\/wp\/v2\/types\/post"}],"author":[{"embeddable":true,"href":"https:\/\/www.intoscana.it\/it\/wp-json\/wp\/v2\/users\/492"}],"replies":[{"embeddable":true,"href":"https:\/\/www.intoscana.it\/it\/wp-json\/wp\/v2\/comments?post=323799"}],"version-history":[{"count":2,"href":"https:\/\/www.intoscana.it\/it\/wp-json\/wp\/v2\/posts\/323799\/revisions"}],"predecessor-version":[{"id":323808,"href":"https:\/\/www.intoscana.it\/it\/wp-json\/wp\/v2\/posts\/323799\/revisions\/323808"}],"wp:featuredmedia":[{"embeddable":true,"href":"https:\/\/www.intoscana.it\/it\/wp-json\/wp\/v2\/media\/323806"}],"wp:attachment":[{"href":"https:\/\/www.intoscana.it\/it\/wp-json\/wp\/v2\/media?parent=323799"}],"wp:term":[{"taxonomy":"category","embeddable":true,"href":"https:\/\/www.intoscana.it\/it\/wp-json\/wp\/v2\/categories?post=323799"},{"taxonomy":"post_tag","embeddable":true,"href":"https:\/\/www.intoscana.it\/it\/wp-json\/wp\/v2\/tags?post=323799"}],"curies":[{"name":"wp","href":"https:\/\/api.w.org\/{rel}","templated":true}]}}