{"id":323800,"date":"2024-01-24T18:12:13","date_gmt":"2024-01-24T17:12:13","guid":{"rendered":"https:\/\/www.intoscana.it\/it\/?p=323800"},"modified":"2024-01-24T18:16:37","modified_gmt":"2024-01-24T17:16:37","slug":"godano-concerto-prato-neil-young","status":"publish","type":"post","link":"https:\/\/www.intoscana.it\/it\/godano-concerto-prato-neil-young\/","title":{"rendered":"Cristiano Godano in concerto a Prato omaggia Neil Young: &#8220;Amore al primo ascolto&#8221;"},"content":{"rendered":"<p>Un giorno di novembre del 2022, in<strong> provincia di Cuneo<\/strong>, nel pieno delle lavorazioni per l&#8217;undicesimo disco dei <strong>Marlene Kuntz (Karma Clima)<\/strong>,<strong> Cristiano Godano e Asso Stefana<\/strong> \u00a0scoprono di avere in comune una passione bruciante per <strong>Neil Young.<\/strong><\/p>\n<p>I due hanno l&#8217;idea di fare <strong>un piccolo concertino per le persone del luogo<\/strong> che ospitava la residenza per le lavorazioni del disco stesso, e quel concertino, riuscitissimo, fa capire ai due che si potrebbe organizzarne uno pi\u00f9 strutturato da portare in giro per l\u2019Italia.<\/p>\n<p>Nasce\u00a0cos\u00ec <strong><em>&#8220;Journey Through The Past&#8221; <\/em><\/strong>il concerto che far\u00e0 tappa al <strong>Teatro Garibaldi Milleventi di Prato gioved\u00ec 1\u00b0 febbraio.\u00a0<\/strong><\/p>\n<p><strong>Un gioiellino di raffinata intimit\u00e0,<\/strong> per una sorprendente connessione col mondo del creatore di canzoni immortali come<strong><em> Heart of gold, My my hey hey, Harvest moon, Old man, Comes a time, On the beach, Cowgirl in the sand<\/em><\/strong> e tante altre.<\/p>\n<p>Non un tributo ovviamente, ma<strong> un atto d&#8217;amore all&#8217;insegna del feeling, della dedizione all&#8217;ottima musica,<\/strong> del reciproco scambio di emozioni da offrire al pubblico.<\/p>\n<h3>Ecco la nostra intervista a Cristiano Godano<\/h3>\n<p><strong>Ciao Cristiano, la musica \u00e8 un&#8217;arte che ha il potere di aggregare infatti anche te e Asso Stefana avete dato vita a questo progetto su Neil Young perch\u00e9 entrambi avete una grande passione per questo immenso musicista americano, raccontaci come lo avete scoperto<\/strong><\/p>\n<p>Abbiamo avuto occasione di lavorare insieme alla realizzazione del nostro ultimo disco <strong>Karma Clima<\/strong> (era nel team produttivo, insieme a Taketo Gohara e Nic Fornabaio) e una sera di relax post-sessioni il discorso \u00e8 caduto sui nostri amori in musica. <strong>Neil Young<\/strong> \u00e8 sbucato subito fuori, e da l\u00ec abbiamo capito <strong>quanto l&#8217;amore per lui fosse straordinario per entrambi.<\/strong> Non ci \u00e8 voluto molto per arrivare a immaginare di mettere insieme uno spettacolo in cui divertirci a suonare alcuni fra i suoi pezzi pi\u00f9 celebri. Personalmente la mia scoperta di <strong>Neil Young<\/strong> avviene intorno ai miei 14 anni: <strong>amore al primo ascolto. Da l\u00ec non l&#8217;ho mai mollato.<\/strong><\/p>\n<p><strong>Quello che ho sempre ammirato di pi\u00f9 in Neil Young \u00e8 la capacit\u00e0 di non essere mai sceso a compromessi, nella sua vita e nella sua carriera come musicista ha sempre fatto esattamente quello che voleva, come e quando voleva. Quanto \u00e8 difficile oggi per un musicista inserito nella macchina del mercato discografico avere questa libert\u00e0?<\/strong><\/p>\n<p>Paradossalmente per un musicista, diciamo, idealista, potrebbe forse essere pi\u00f9 semplice di un tempo, perch\u00e9 <strong>al giorno d&#8217;oggi si deve dare per scontato che tutto quello che si fa non \u00e8 remunerato a prescindere<\/strong> (le piattaforme sono poco pi\u00f9 che un ladrocinio sistematizzato): a quel punto tanto vale, forse, <strong>rinunciare all&#8217;idea di guadagnare dalla propria musica<\/strong> (a meno di non puntare a fare almeno un centinaio di milioni di streaming) e fare il cazzo che ti pare. Ma \u00e8 ovviamente<strong> una dimensione eroica<\/strong>, e per le nuove generazioni (coloro che un pubblico devono ancora farselo) pu\u00f2 durare fino a che la vita con le sue bollette e i figli a carico e tutto il resto non incalza chiedendo la sua parte.<\/p>\n<p><iframe loading=\"lazy\" title=\"YouTube video player\" src=\"https:\/\/www.youtube.com\/embed\/ksh-WTOHI4w?si=BF_72XH6KsX6F2p0\" width=\"800\" height=\"500\" frameborder=\"0\" allowfullscreen=\"allowfullscreen\"><span data-mce-type=\"bookmark\" style=\"display: inline-block; width: 0px; overflow: hidden; line-height: 0;\" class=\"mce_SELRES_start\">\ufeff<\/span><\/iframe><\/p>\n<p><strong>Qual \u00e8 il messaggio pi\u00f9 importante che pu\u00f2 lasciare Neil Young alle nuove generazioni di musicisti e di ascoltatori?<\/strong><\/p>\n<p>Quello che \u00e8 emerso nella tua domanda precedente:<strong> fare sempre quello che vuoi fare,<\/strong> subordinando il volere e le aspettative del tuo pubblico a tale priorit\u00e0 (che non vuol dire snobbarlo, ma semplicemente non dargli modo di prevalere e indirizzare le proprie scelte artistiche. <strong>I Marlene sono sempre stati cos\u00ec, per inciso)<\/strong><\/p>\n<p><strong>C&#8217;\u00e8 una canzone di Neil Young a cui sei particolarmente legato e perch\u00e9?<\/strong><\/p>\n<p>Sono tantissime. Dovendone indicare una, a fatica dico<strong> Old Man da Harvest<\/strong>: semplicemente il pezzo che pi\u00f9 mi esaltava quando ero giovane.<\/p>\n<p><strong>L&#8217;ultimo disco dei Marlene Kuntz del 2022 &#8220;Karma Clima&#8221; affrontava il tema del cambiamento climatico, siete gi\u00e0 al lavoro su qualcosa di nuovo?<\/strong><\/p>\n<p>Non ancora, ma siamo tranquilli, perch\u00e9 <strong>abbiamo riscoperto e rivalutato alcuni provini che facemmo 5 anni fa:<\/strong> c&#8217;era roba fighissima, e partiremo da l\u00ec per tornare alla creativit\u00e0.<\/p>\n<figure id=\"post-323802 media-323802\" class=\"align-none\"><img decoding=\"async\" src=\"https:\/\/www.intoscana.it\/wp-content\/uploads\/godano-Asso.jpg\" alt=\"\" \/><\/figure>\n<div class=\"titleimg\"><\/div>\n","protected":false},"excerpt":{"rendered":"<p>Gioved\u00ec 1\u00b0 febbraio al teatro Garibaldi Milleventi di Prato Cristiano Godano e Alessandro Asso Stefana in &#8220;Journey Through The Past&#8221;<\/p>\n","protected":false},"author":518,"featured_media":222905,"comment_status":"open","ping_status":"open","sticky":false,"template":"","format":"standard","meta":{"_acf_changed":false,"footnotes":""},"categories":[14],"tags":[216,3138],"class_list":["post-323800","post","type-post","status-publish","format-standard","has-post-thumbnail","hentry","category-musica","tag-concerti","tag-interviste-agli-artisti"],"acf":[],"yoast_head":"<!-- This site is optimized with the Yoast SEO Premium plugin v24.2 (Yoast SEO v25.6) - https:\/\/yoast.com\/wordpress\/plugins\/seo\/ -->\n<title>Cristiano Godano in concerto a Prato omaggia Neil Young: &quot;Amore al primo ascolto&quot; - intoscana<\/title>\n<meta name=\"description\" content=\"Gioved\u00ec 1\u00b0 febbraio al teatro Garibaldi Milleventi di Prato Cristiano Godano e Alessandro Asso Stefana in &quot;Journey Through the Past&quot;\" \/>\n<meta name=\"robots\" content=\"index, follow, max-snippet:-1, max-image-preview:large, max-video-preview:-1\" \/>\n<link rel=\"canonical\" href=\"https:\/\/www.intoscana.it\/it\/godano-concerto-prato-neil-young\/\" \/>\n<meta property=\"og:locale\" content=\"it_IT\" \/>\n<meta property=\"og:type\" content=\"article\" \/>\n<meta property=\"og:title\" content=\"Cristiano Godano in concerto a Prato omaggia Neil Young: &quot;Amore al primo ascolto&quot;\" \/>\n<meta property=\"og:description\" content=\"Gioved\u00ec 1\u00b0 febbraio al teatro Garibaldi Milleventi di Prato Cristiano Godano e Alessandro Asso Stefana in &quot;Journey Through the Past&quot;\" \/>\n<meta property=\"og:url\" content=\"https:\/\/www.intoscana.it\/it\/godano-concerto-prato-neil-young\/\" \/>\n<meta property=\"og:site_name\" content=\"intoscana\" \/>\n<meta property=\"article:publisher\" content=\"https:\/\/www.facebook.com\/intoscana.it\" \/>\n<meta property=\"article:published_time\" content=\"2024-01-24T17:12:13+00:00\" \/>\n<meta property=\"article:modified_time\" content=\"2024-01-24T17:16:37+00:00\" \/>\n<meta property=\"og:image\" content=\"https:\/\/www.intoscana.it\/wp-content\/uploads\/Cristiano-Godano.jpeg\" \/>\n\t<meta property=\"og:image:width\" content=\"1200\" \/>\n\t<meta property=\"og:image:height\" content=\"774\" \/>\n\t<meta property=\"og:image:type\" content=\"image\/jpeg\" \/>\n<meta name=\"author\" content=\"Costanza Baldini\" \/>\n<meta name=\"twitter:card\" content=\"summary_large_image\" \/>\n<meta name=\"twitter:creator\" content=\"@intoscana\" \/>\n<meta name=\"twitter:site\" content=\"@intoscana\" \/>\n<meta name=\"twitter:label1\" content=\"Written by\" \/>\n\t<meta name=\"twitter:data1\" content=\"Costanza Baldini\" \/>\n\t<meta name=\"twitter:label2\" content=\"Est. reading time\" \/>\n\t<meta name=\"twitter:data2\" content=\"3 minuti\" \/>\n<script type=\"application\/ld+json\" class=\"yoast-schema-graph\">{\"@context\":\"https:\/\/schema.org\",\"@graph\":[{\"@type\":\"WebPage\",\"@id\":\"https:\/\/www.intoscana.it\/it\/godano-concerto-prato-neil-young\/\",\"url\":\"https:\/\/www.intoscana.it\/it\/godano-concerto-prato-neil-young\/\",\"name\":\"Cristiano Godano in concerto a Prato omaggia Neil Young: \\\"Amore al primo ascolto\\\" - intoscana\",\"isPartOf\":{\"@id\":\"https:\/\/www.intoscana.it\/it\/#website\"},\"primaryImageOfPage\":{\"@id\":\"https:\/\/www.intoscana.it\/it\/godano-concerto-prato-neil-young\/#primaryimage\"},\"image\":{\"@id\":\"https:\/\/www.intoscana.it\/it\/godano-concerto-prato-neil-young\/#primaryimage\"},\"thumbnailUrl\":\"https:\/\/www.intoscana.it\/wp-content\/uploads\/Cristiano-Godano.jpeg\",\"datePublished\":\"2024-01-24T17:12:13+00:00\",\"dateModified\":\"2024-01-24T17:16:37+00:00\",\"author\":{\"@id\":\"https:\/\/www.intoscana.it\/it\/#\/schema\/person\/d469f35f09739bdf00bf5dd3f0647a82\"},\"description\":\"Gioved\u00ec 1\u00b0 febbraio al teatro Garibaldi Milleventi di Prato Cristiano Godano e Alessandro Asso Stefana in \\\"Journey Through the Past\\\"\",\"breadcrumb\":{\"@id\":\"https:\/\/www.intoscana.it\/it\/godano-concerto-prato-neil-young\/#breadcrumb\"},\"inLanguage\":\"it-IT\",\"potentialAction\":[{\"@type\":\"ReadAction\",\"target\":[\"https:\/\/www.intoscana.it\/it\/godano-concerto-prato-neil-young\/\"]}]},{\"@type\":\"ImageObject\",\"inLanguage\":\"it-IT\",\"@id\":\"https:\/\/www.intoscana.it\/it\/godano-concerto-prato-neil-young\/#primaryimage\",\"url\":\"https:\/\/www.intoscana.it\/wp-content\/uploads\/Cristiano-Godano.jpeg\",\"contentUrl\":\"https:\/\/www.intoscana.it\/wp-content\/uploads\/Cristiano-Godano.jpeg\",\"width\":1200,\"height\":774},{\"@type\":\"BreadcrumbList\",\"@id\":\"https:\/\/www.intoscana.it\/it\/godano-concerto-prato-neil-young\/#breadcrumb\",\"itemListElement\":[{\"@type\":\"ListItem\",\"position\":1,\"name\":\"Home\",\"item\":\"https:\/\/www.intoscana.it\/it\/\"},{\"@type\":\"ListItem\",\"position\":2,\"name\":\"Cristiano Godano in concerto a Prato omaggia Neil Young: &#8220;Amore al primo ascolto&#8221;\"}]},{\"@type\":\"WebSite\",\"@id\":\"https:\/\/www.intoscana.it\/it\/#website\",\"url\":\"https:\/\/www.intoscana.it\/it\/\",\"name\":\"intoscana\",\"description\":\"\",\"potentialAction\":[{\"@type\":\"SearchAction\",\"target\":{\"@type\":\"EntryPoint\",\"urlTemplate\":\"https:\/\/www.intoscana.it\/it\/?s={search_term_string}\"},\"query-input\":{\"@type\":\"PropertyValueSpecification\",\"valueRequired\":true,\"valueName\":\"search_term_string\"}}],\"inLanguage\":\"it-IT\"},{\"@type\":\"Person\",\"@id\":\"https:\/\/www.intoscana.it\/it\/#\/schema\/person\/d469f35f09739bdf00bf5dd3f0647a82\",\"name\":\"Costanza Baldini\",\"url\":\"https:\/\/www.intoscana.it\/it\/author\/costanza-baldini\/\"}]}<\/script>\n<!-- \/ Yoast SEO Premium plugin. -->","yoast_head_json":{"title":"Cristiano Godano in concerto a Prato omaggia Neil Young: \"Amore al primo ascolto\" - intoscana","description":"Gioved\u00ec 1\u00b0 febbraio al teatro Garibaldi Milleventi di Prato Cristiano Godano e Alessandro Asso Stefana in \"Journey Through the Past\"","robots":{"index":"index","follow":"follow","max-snippet":"max-snippet:-1","max-image-preview":"max-image-preview:large","max-video-preview":"max-video-preview:-1"},"canonical":"https:\/\/www.intoscana.it\/it\/godano-concerto-prato-neil-young\/","og_locale":"it_IT","og_type":"article","og_title":"Cristiano Godano in concerto a Prato omaggia Neil Young: \"Amore al primo ascolto\"","og_description":"Gioved\u00ec 1\u00b0 febbraio al teatro Garibaldi Milleventi di Prato Cristiano Godano e Alessandro Asso Stefana in \"Journey Through the Past\"","og_url":"https:\/\/www.intoscana.it\/it\/godano-concerto-prato-neil-young\/","og_site_name":"intoscana","article_publisher":"https:\/\/www.facebook.com\/intoscana.it","article_published_time":"2024-01-24T17:12:13+00:00","article_modified_time":"2024-01-24T17:16:37+00:00","og_image":[{"width":1200,"height":774,"url":"https:\/\/www.intoscana.it\/wp-content\/uploads\/Cristiano-Godano.jpeg","type":"image\/jpeg"}],"author":"Costanza Baldini","twitter_card":"summary_large_image","twitter_creator":"@intoscana","twitter_site":"@intoscana","twitter_misc":{"Written by":"Costanza Baldini","Est. reading time":"3 minuti"},"schema":{"@context":"https:\/\/schema.org","@graph":[{"@type":"WebPage","@id":"https:\/\/www.intoscana.it\/it\/godano-concerto-prato-neil-young\/","url":"https:\/\/www.intoscana.it\/it\/godano-concerto-prato-neil-young\/","name":"Cristiano Godano in concerto a Prato omaggia Neil Young: \"Amore al primo ascolto\" - intoscana","isPartOf":{"@id":"https:\/\/www.intoscana.it\/it\/#website"},"primaryImageOfPage":{"@id":"https:\/\/www.intoscana.it\/it\/godano-concerto-prato-neil-young\/#primaryimage"},"image":{"@id":"https:\/\/www.intoscana.it\/it\/godano-concerto-prato-neil-young\/#primaryimage"},"thumbnailUrl":"https:\/\/www.intoscana.it\/wp-content\/uploads\/Cristiano-Godano.jpeg","datePublished":"2024-01-24T17:12:13+00:00","dateModified":"2024-01-24T17:16:37+00:00","author":{"@id":"https:\/\/www.intoscana.it\/it\/#\/schema\/person\/d469f35f09739bdf00bf5dd3f0647a82"},"description":"Gioved\u00ec 1\u00b0 febbraio al teatro Garibaldi Milleventi di Prato Cristiano Godano e Alessandro Asso Stefana in \"Journey Through the Past\"","breadcrumb":{"@id":"https:\/\/www.intoscana.it\/it\/godano-concerto-prato-neil-young\/#breadcrumb"},"inLanguage":"it-IT","potentialAction":[{"@type":"ReadAction","target":["https:\/\/www.intoscana.it\/it\/godano-concerto-prato-neil-young\/"]}]},{"@type":"ImageObject","inLanguage":"it-IT","@id":"https:\/\/www.intoscana.it\/it\/godano-concerto-prato-neil-young\/#primaryimage","url":"https:\/\/www.intoscana.it\/wp-content\/uploads\/Cristiano-Godano.jpeg","contentUrl":"https:\/\/www.intoscana.it\/wp-content\/uploads\/Cristiano-Godano.jpeg","width":1200,"height":774},{"@type":"BreadcrumbList","@id":"https:\/\/www.intoscana.it\/it\/godano-concerto-prato-neil-young\/#breadcrumb","itemListElement":[{"@type":"ListItem","position":1,"name":"Home","item":"https:\/\/www.intoscana.it\/it\/"},{"@type":"ListItem","position":2,"name":"Cristiano Godano in concerto a Prato omaggia Neil Young: &#8220;Amore al primo ascolto&#8221;"}]},{"@type":"WebSite","@id":"https:\/\/www.intoscana.it\/it\/#website","url":"https:\/\/www.intoscana.it\/it\/","name":"intoscana","description":"","potentialAction":[{"@type":"SearchAction","target":{"@type":"EntryPoint","urlTemplate":"https:\/\/www.intoscana.it\/it\/?s={search_term_string}"},"query-input":{"@type":"PropertyValueSpecification","valueRequired":true,"valueName":"search_term_string"}}],"inLanguage":"it-IT"},{"@type":"Person","@id":"https:\/\/www.intoscana.it\/it\/#\/schema\/person\/d469f35f09739bdf00bf5dd3f0647a82","name":"Costanza Baldini","url":"https:\/\/www.intoscana.it\/it\/author\/costanza-baldini\/"}]}},"_links":{"self":[{"href":"https:\/\/www.intoscana.it\/it\/wp-json\/wp\/v2\/posts\/323800","targetHints":{"allow":["GET"]}}],"collection":[{"href":"https:\/\/www.intoscana.it\/it\/wp-json\/wp\/v2\/posts"}],"about":[{"href":"https:\/\/www.intoscana.it\/it\/wp-json\/wp\/v2\/types\/post"}],"author":[{"embeddable":true,"href":"https:\/\/www.intoscana.it\/it\/wp-json\/wp\/v2\/users\/518"}],"replies":[{"embeddable":true,"href":"https:\/\/www.intoscana.it\/it\/wp-json\/wp\/v2\/comments?post=323800"}],"version-history":[{"count":7,"href":"https:\/\/www.intoscana.it\/it\/wp-json\/wp\/v2\/posts\/323800\/revisions"}],"predecessor-version":[{"id":323811,"href":"https:\/\/www.intoscana.it\/it\/wp-json\/wp\/v2\/posts\/323800\/revisions\/323811"}],"wp:featuredmedia":[{"embeddable":true,"href":"https:\/\/www.intoscana.it\/it\/wp-json\/wp\/v2\/media\/222905"}],"wp:attachment":[{"href":"https:\/\/www.intoscana.it\/it\/wp-json\/wp\/v2\/media?parent=323800"}],"wp:term":[{"taxonomy":"category","embeddable":true,"href":"https:\/\/www.intoscana.it\/it\/wp-json\/wp\/v2\/categories?post=323800"},{"taxonomy":"post_tag","embeddable":true,"href":"https:\/\/www.intoscana.it\/it\/wp-json\/wp\/v2\/tags?post=323800"}],"curies":[{"name":"wp","href":"https:\/\/api.w.org\/{rel}","templated":true}]}}