{"id":323904,"date":"2024-01-25T16:05:34","date_gmt":"2024-01-25T15:05:34","guid":{"rendered":"https:\/\/www.intoscana.it\/it\/?p=323904"},"modified":"2024-01-29T11:12:44","modified_gmt":"2024-01-29T10:12:44","slug":"il-giorno-della-memoria-il-meeting-per-gli-studenti-a-firenze-giani-il-pericolo-e-ancora-dietro-langolo","status":"publish","type":"post","link":"https:\/\/www.intoscana.it\/it\/il-giorno-della-memoria-il-meeting-per-gli-studenti-a-firenze-giani-il-pericolo-e-ancora-dietro-langolo\/","title":{"rendered":"Giorno della Memoria, il meeting per gli studenti a Firenze. Giani: &#8220;Il pericolo \u00e8 ancora dietro l&#8217;angolo&#8221;"},"content":{"rendered":"<p>Centinaia di studenti delle scuole toscane hanno partecipato questa mattina a <strong>\u201cMemoria e conoscenza: semi di pace\u201d,<\/strong> l\u2019edizione 2024 del Meeting che la Regione Toscana organizza per celebrare il <strong>Giorno della Memoria<\/strong>, il 27 gennaio, insieme alle testimonianze di chi \u00e8 stato vittima della Shoah e di tutte le persecuzioni nazifasciste, come le<strong> sorelle Andra e Tatiana Bucci,<\/strong> sopravvissute ad Auschwitz.<\/p>\n<div class=\"row has-sidebar\">\n<div id=\"column-2\" class=\"col-md-12 col-lg-9 portlet-column portlet-column-first\">\n<div class=\"rt-page__content rt-page-content--left\">\n<div class=\"rt-page__content-text\">\n<h3>Giani: &#8220;La memoria \u00e8 fondamentale&#8221;<\/h3>\n<\/div>\n<p><em>\u201cIl Giorno della Memoria \u00e8 un giorno fondamentale &#8211; <\/em>ha detto il presidente della Toscana, <strong>Eugenio Giani,<\/strong> nel suo intervento<em> -rappresenta un momento che deve entrare nella cultura, nel sentimento, nella sensibilit\u00e0 di tutti i cittadini, soprattutto dei pi\u00f9 giovani. Il far riaffiorare quello che i nazisti e i fascisti fecero uccidendo milioni di persone, ebrei e non solo, durante gli anni che portarono poi finalmente alla Liberazione nel 1945 \u00e8 qualcosa di importante\u201d.<\/em><\/p>\n<div class=\"rt-page__content-text\">\n<p><em>\u201cIl pericolo \u00e8 ancora dietro l&#8217;angolo\u201d,<\/em> ha proseguito il presidente davanti alle ragazze e ai ragazzi, che gremivano i <strong>400 posti<\/strong> del Cinema la Compagnia di Firenze e alle migliaia collegati on line, rivolgendo l\u2019attenzione all\u2019attualit\u00e0 e alla vicenda dei saluti romani ad Acca Larentia.\u201cI<em>l fatto che appare incredibile<\/em> \u2013 ha osservato Giani &#8211; <em>\u00e8 vedere adesso i simboli del nazismo e del fascismo ancora considerati e trasmessi come un culto\u201d<\/em>.<\/p>\n<p><em>\u201cEcco perch\u00e9 la memoria \u00e8 fondamentale e attuale, ed ecco perch\u00e9 il senso di partecipazione che voi ragazzi mostrate oggi \u00e8 qualcosa che deve pervadere e contagiare tutti\u201d,<\/em> ha concluso il presidente, che ha tenuto a ricordare come la Toscana da sempre si \u00e8 distinta per la <strong>cultura della memoria,<\/strong> dimostrandolo con la volont\u00e0 di allestire qui il<strong> Memoriale degli italiani ad Auschwitz<\/strong> e assicurando che in futuro verr\u00e0 riorganizzato il Treno della Memoria con gli studenti verso i campi di sterminio.<\/p>\n<h3>L&#8217;assessora Nardini: &#8220;Impegno\u00a0ancora pi\u00f9 urgente di fronte ai rigurgiti nazifascisti\u201d<\/h3>\n<p>In apertura del Meeting \u00e8 intervenuta l\u2019assessora all\u2019istruzione e alla cultura della Memoria<strong> Alessandra Nardini, <\/strong>che si \u00e8 soffermata sull\u2019importanza della memoria contro i rischi del tempo presente: &#8220;<em>Oggi l&#8217;impegno della Memoria \u00e8 ancora pi\u00f9 urgente di fronte ai <strong>rigurgiti nazifascisti,<\/strong> alle braccia tese dei saluti romani, alle adunate, alle stelle di David vicino alle case degli ebrei e alle sinagoghe&#8221;.<br \/>\n<\/em><br \/>\n<em><strong>\u201cPrimo Levi<\/strong> ci avvert\u00ec: la peste si \u00e8 spenta, ma l&#8217;infezione serpeggia &#8211;<\/em>\u00a0ha aggiunto Nardini &#8211; <em>di fronte a questi segnali, tutte e tutti noi, a partire dalle studentesse e dagli studenti, dobbiamo sentire un impegno, un dovere civile, quello di non dimenticare l&#8217;orrore della Shoah e delle altre deportazioni nazifasciste, una tragedia senza pari per dimensioni e orrore. Mantenere la Memoria significa proteggere il futuro, la nostra democrazia, i nostri valori profondi\u201d.<\/em><\/p>\n<h3>Raccontare perch\u00e9 non accada pi\u00f9<\/h3>\n<p>Al Meeting ha partecipato anche il presidente del Consiglio regionale, <strong>Antonio Mazzeo.<\/strong>\u00a0&#8220;<em>L&#8217;orrore della Shoah ha segnato la vita dell&#8217;Europa moderna e noi abbiamo la necessit\u00e0 di trasmettere ai ragazzi pi\u00f9 giovani, di raccontare la storia terribile di quegli anni perch\u00e9 non accada mai pi\u00f9.-<\/em> ha detto Mazzeo &#8211; <em>io ho partecipato all&#8217;ultimo <strong>Treno della Memoria, <\/strong>sono tornato diverso da come sono partito e vorrei che il treno potesse ripartire perch\u00e9 da quell&#8217;esperienza ogni persona, ogni ragazzo che pu\u00f2 toccare con mano gli orrori della Shoah, torna diverso&#8221;.<\/em><\/p>\n<p>Ricordare tutti insieme \u00e8 una necessit\u00e0 che ha ribadito anche<strong> Padre Bernardo Gianni, abate di San Miniato al Monte,<\/strong> nel suo intervento di fronte ai ragazzi delle scuole toscane. <em>&#8220;\u00c8 necessaria questa umilt\u00e0 della memoria<\/em> &#8211; ha detto Padre Bernardo &#8211; <em>grazie perch\u00e9 il nostro stare insieme, sperimentare trasversalit\u00e0 di amicizia nel segno di un lucido discernimento antifascista della nostra storia, pu\u00f2 dare a tutti noi un&#8217;occasione preziosa per incominciare qualcosa di nuovo e di diverso con un orizzonte ben preciso<strong>: pace, giustizia, libert\u00e0,<\/strong> reciprocit\u00e0, e possibilmente, amicizia&#8221;<\/em><\/p>\n<\/div>\n<\/div>\n<\/div>\n<\/div>\n","protected":false},"excerpt":{"rendered":"<p>Questa mattina al Cinema Teatro La Compagnia l&#8217;appuntamento organizzato dalla Regione con le scuole dedicato al 27 gennaio, anniversario dell\u2019abbattimento dei cancelli di Auschwitz<\/p>\n","protected":false},"author":525,"featured_media":323901,"comment_status":"open","ping_status":"open","sticky":false,"template":"","format":"standard","meta":{"_acf_changed":false,"footnotes":""},"categories":[494],"tags":[158,1650,151],"class_list":["post-323904","post","type-post","status-publish","format-standard","has-post-thumbnail","hentry","category-attualita","tag-eugenio-giani","tag-giorno-della-memoria","tag-regione-toscana"],"acf":[],"yoast_head":"<!-- This site is optimized with the Yoast SEO Premium plugin v24.2 (Yoast SEO v25.6) - https:\/\/yoast.com\/wordpress\/plugins\/seo\/ -->\n<title>Giorno della Memoria, il meeting per gli studenti a Firenze. Giani: &quot;Il pericolo \u00e8 ancora dietro l&#039;angolo&quot; - intoscana<\/title>\n<meta name=\"robots\" content=\"index, follow, max-snippet:-1, max-image-preview:large, max-video-preview:-1\" \/>\n<link rel=\"canonical\" href=\"https:\/\/www.intoscana.it\/it\/il-giorno-della-memoria-il-meeting-per-gli-studenti-a-firenze-giani-il-pericolo-e-ancora-dietro-langolo\/\" \/>\n<meta property=\"og:locale\" content=\"it_IT\" \/>\n<meta property=\"og:type\" content=\"article\" \/>\n<meta property=\"og:title\" content=\"Giorno della Memoria, il meeting per gli studenti a Firenze. Giani: &quot;Il pericolo \u00e8 ancora dietro l&#039;angolo&quot;\" \/>\n<meta property=\"og:description\" content=\"Questa mattina al Cinema Teatro La Compagnia l&#039;appuntamento organizzato dalla Regione con le scuole dedicato al 27 gennaio, anniversario dell\u2019abbattimento dei cancelli di Auschwitz\" \/>\n<meta property=\"og:url\" content=\"https:\/\/www.intoscana.it\/it\/il-giorno-della-memoria-il-meeting-per-gli-studenti-a-firenze-giani-il-pericolo-e-ancora-dietro-langolo\/\" \/>\n<meta property=\"og:site_name\" content=\"intoscana\" \/>\n<meta property=\"article:publisher\" content=\"https:\/\/www.facebook.com\/intoscana.it\" \/>\n<meta property=\"article:published_time\" content=\"2024-01-25T15:05:34+00:00\" \/>\n<meta property=\"article:modified_time\" content=\"2024-01-29T10:12:44+00:00\" \/>\n<meta property=\"og:image\" content=\"https:\/\/www.intoscana.it\/wp-content\/uploads\/IMG_9310-scaled.jpeg\" \/>\n\t<meta property=\"og:image:width\" content=\"2048\" \/>\n\t<meta property=\"og:image:height\" content=\"1536\" \/>\n\t<meta property=\"og:image:type\" content=\"image\/jpeg\" \/>\n<meta name=\"author\" content=\"Redazione\" \/>\n<meta name=\"twitter:card\" content=\"summary_large_image\" \/>\n<meta name=\"twitter:creator\" content=\"@intoscana\" \/>\n<meta name=\"twitter:site\" content=\"@intoscana\" \/>\n<meta name=\"twitter:label1\" content=\"Written by\" \/>\n\t<meta name=\"twitter:data1\" content=\"Redazione\" \/>\n\t<meta name=\"twitter:label2\" content=\"Est. reading time\" \/>\n\t<meta name=\"twitter:data2\" content=\"3 minuti\" \/>\n<script type=\"application\/ld+json\" class=\"yoast-schema-graph\">{\"@context\":\"https:\/\/schema.org\",\"@graph\":[{\"@type\":\"WebPage\",\"@id\":\"https:\/\/www.intoscana.it\/it\/il-giorno-della-memoria-il-meeting-per-gli-studenti-a-firenze-giani-il-pericolo-e-ancora-dietro-langolo\/\",\"url\":\"https:\/\/www.intoscana.it\/it\/il-giorno-della-memoria-il-meeting-per-gli-studenti-a-firenze-giani-il-pericolo-e-ancora-dietro-langolo\/\",\"name\":\"Giorno della Memoria, il meeting per gli studenti a Firenze. Giani: \\\"Il pericolo \u00e8 ancora dietro l'angolo\\\" - intoscana\",\"isPartOf\":{\"@id\":\"https:\/\/www.intoscana.it\/it\/#website\"},\"primaryImageOfPage\":{\"@id\":\"https:\/\/www.intoscana.it\/it\/il-giorno-della-memoria-il-meeting-per-gli-studenti-a-firenze-giani-il-pericolo-e-ancora-dietro-langolo\/#primaryimage\"},\"image\":{\"@id\":\"https:\/\/www.intoscana.it\/it\/il-giorno-della-memoria-il-meeting-per-gli-studenti-a-firenze-giani-il-pericolo-e-ancora-dietro-langolo\/#primaryimage\"},\"thumbnailUrl\":\"https:\/\/www.intoscana.it\/wp-content\/uploads\/IMG_9310-scaled.jpeg\",\"datePublished\":\"2024-01-25T15:05:34+00:00\",\"dateModified\":\"2024-01-29T10:12:44+00:00\",\"author\":{\"@id\":\"https:\/\/www.intoscana.it\/it\/#\/schema\/person\/9223810753230f20bd670fdd322661f8\"},\"breadcrumb\":{\"@id\":\"https:\/\/www.intoscana.it\/it\/il-giorno-della-memoria-il-meeting-per-gli-studenti-a-firenze-giani-il-pericolo-e-ancora-dietro-langolo\/#breadcrumb\"},\"inLanguage\":\"it-IT\",\"potentialAction\":[{\"@type\":\"ReadAction\",\"target\":[\"https:\/\/www.intoscana.it\/it\/il-giorno-della-memoria-il-meeting-per-gli-studenti-a-firenze-giani-il-pericolo-e-ancora-dietro-langolo\/\"]}]},{\"@type\":\"ImageObject\",\"inLanguage\":\"it-IT\",\"@id\":\"https:\/\/www.intoscana.it\/it\/il-giorno-della-memoria-il-meeting-per-gli-studenti-a-firenze-giani-il-pericolo-e-ancora-dietro-langolo\/#primaryimage\",\"url\":\"https:\/\/www.intoscana.it\/wp-content\/uploads\/IMG_9310-scaled.jpeg\",\"contentUrl\":\"https:\/\/www.intoscana.it\/wp-content\/uploads\/IMG_9310-scaled.jpeg\",\"width\":2048,\"height\":1536,\"caption\":\"Alessandra Nardini al Giorno della Memoria 2024\"},{\"@type\":\"BreadcrumbList\",\"@id\":\"https:\/\/www.intoscana.it\/it\/il-giorno-della-memoria-il-meeting-per-gli-studenti-a-firenze-giani-il-pericolo-e-ancora-dietro-langolo\/#breadcrumb\",\"itemListElement\":[{\"@type\":\"ListItem\",\"position\":1,\"name\":\"Home\",\"item\":\"https:\/\/www.intoscana.it\/it\/\"},{\"@type\":\"ListItem\",\"position\":2,\"name\":\"Giorno della Memoria, il meeting per gli studenti a Firenze. Giani: &#8220;Il pericolo \u00e8 ancora dietro l&#8217;angolo&#8221;\"}]},{\"@type\":\"WebSite\",\"@id\":\"https:\/\/www.intoscana.it\/it\/#website\",\"url\":\"https:\/\/www.intoscana.it\/it\/\",\"name\":\"intoscana\",\"description\":\"\",\"potentialAction\":[{\"@type\":\"SearchAction\",\"target\":{\"@type\":\"EntryPoint\",\"urlTemplate\":\"https:\/\/www.intoscana.it\/it\/?s={search_term_string}\"},\"query-input\":{\"@type\":\"PropertyValueSpecification\",\"valueRequired\":true,\"valueName\":\"search_term_string\"}}],\"inLanguage\":\"it-IT\"},{\"@type\":\"Person\",\"@id\":\"https:\/\/www.intoscana.it\/it\/#\/schema\/person\/9223810753230f20bd670fdd322661f8\",\"name\":\"Redazione\",\"url\":\"https:\/\/www.intoscana.it\/it\/author\/redazione\/\"}]}<\/script>\n<!-- \/ Yoast SEO Premium plugin. -->","yoast_head_json":{"title":"Giorno della Memoria, il meeting per gli studenti a Firenze. Giani: \"Il pericolo \u00e8 ancora dietro l'angolo\" - intoscana","robots":{"index":"index","follow":"follow","max-snippet":"max-snippet:-1","max-image-preview":"max-image-preview:large","max-video-preview":"max-video-preview:-1"},"canonical":"https:\/\/www.intoscana.it\/it\/il-giorno-della-memoria-il-meeting-per-gli-studenti-a-firenze-giani-il-pericolo-e-ancora-dietro-langolo\/","og_locale":"it_IT","og_type":"article","og_title":"Giorno della Memoria, il meeting per gli studenti a Firenze. Giani: \"Il pericolo \u00e8 ancora dietro l'angolo\"","og_description":"Questa mattina al Cinema Teatro La Compagnia l'appuntamento organizzato dalla Regione con le scuole dedicato al 27 gennaio, anniversario dell\u2019abbattimento dei cancelli di Auschwitz","og_url":"https:\/\/www.intoscana.it\/it\/il-giorno-della-memoria-il-meeting-per-gli-studenti-a-firenze-giani-il-pericolo-e-ancora-dietro-langolo\/","og_site_name":"intoscana","article_publisher":"https:\/\/www.facebook.com\/intoscana.it","article_published_time":"2024-01-25T15:05:34+00:00","article_modified_time":"2024-01-29T10:12:44+00:00","og_image":[{"width":2048,"height":1536,"url":"https:\/\/www.intoscana.it\/wp-content\/uploads\/IMG_9310-scaled.jpeg","type":"image\/jpeg"}],"author":"Redazione","twitter_card":"summary_large_image","twitter_creator":"@intoscana","twitter_site":"@intoscana","twitter_misc":{"Written by":"Redazione","Est. reading time":"3 minuti"},"schema":{"@context":"https:\/\/schema.org","@graph":[{"@type":"WebPage","@id":"https:\/\/www.intoscana.it\/it\/il-giorno-della-memoria-il-meeting-per-gli-studenti-a-firenze-giani-il-pericolo-e-ancora-dietro-langolo\/","url":"https:\/\/www.intoscana.it\/it\/il-giorno-della-memoria-il-meeting-per-gli-studenti-a-firenze-giani-il-pericolo-e-ancora-dietro-langolo\/","name":"Giorno della Memoria, il meeting per gli studenti a Firenze. Giani: \"Il pericolo \u00e8 ancora dietro l'angolo\" - intoscana","isPartOf":{"@id":"https:\/\/www.intoscana.it\/it\/#website"},"primaryImageOfPage":{"@id":"https:\/\/www.intoscana.it\/it\/il-giorno-della-memoria-il-meeting-per-gli-studenti-a-firenze-giani-il-pericolo-e-ancora-dietro-langolo\/#primaryimage"},"image":{"@id":"https:\/\/www.intoscana.it\/it\/il-giorno-della-memoria-il-meeting-per-gli-studenti-a-firenze-giani-il-pericolo-e-ancora-dietro-langolo\/#primaryimage"},"thumbnailUrl":"https:\/\/www.intoscana.it\/wp-content\/uploads\/IMG_9310-scaled.jpeg","datePublished":"2024-01-25T15:05:34+00:00","dateModified":"2024-01-29T10:12:44+00:00","author":{"@id":"https:\/\/www.intoscana.it\/it\/#\/schema\/person\/9223810753230f20bd670fdd322661f8"},"breadcrumb":{"@id":"https:\/\/www.intoscana.it\/it\/il-giorno-della-memoria-il-meeting-per-gli-studenti-a-firenze-giani-il-pericolo-e-ancora-dietro-langolo\/#breadcrumb"},"inLanguage":"it-IT","potentialAction":[{"@type":"ReadAction","target":["https:\/\/www.intoscana.it\/it\/il-giorno-della-memoria-il-meeting-per-gli-studenti-a-firenze-giani-il-pericolo-e-ancora-dietro-langolo\/"]}]},{"@type":"ImageObject","inLanguage":"it-IT","@id":"https:\/\/www.intoscana.it\/it\/il-giorno-della-memoria-il-meeting-per-gli-studenti-a-firenze-giani-il-pericolo-e-ancora-dietro-langolo\/#primaryimage","url":"https:\/\/www.intoscana.it\/wp-content\/uploads\/IMG_9310-scaled.jpeg","contentUrl":"https:\/\/www.intoscana.it\/wp-content\/uploads\/IMG_9310-scaled.jpeg","width":2048,"height":1536,"caption":"Alessandra Nardini al Giorno della Memoria 2024"},{"@type":"BreadcrumbList","@id":"https:\/\/www.intoscana.it\/it\/il-giorno-della-memoria-il-meeting-per-gli-studenti-a-firenze-giani-il-pericolo-e-ancora-dietro-langolo\/#breadcrumb","itemListElement":[{"@type":"ListItem","position":1,"name":"Home","item":"https:\/\/www.intoscana.it\/it\/"},{"@type":"ListItem","position":2,"name":"Giorno della Memoria, il meeting per gli studenti a Firenze. Giani: &#8220;Il pericolo \u00e8 ancora dietro l&#8217;angolo&#8221;"}]},{"@type":"WebSite","@id":"https:\/\/www.intoscana.it\/it\/#website","url":"https:\/\/www.intoscana.it\/it\/","name":"intoscana","description":"","potentialAction":[{"@type":"SearchAction","target":{"@type":"EntryPoint","urlTemplate":"https:\/\/www.intoscana.it\/it\/?s={search_term_string}"},"query-input":{"@type":"PropertyValueSpecification","valueRequired":true,"valueName":"search_term_string"}}],"inLanguage":"it-IT"},{"@type":"Person","@id":"https:\/\/www.intoscana.it\/it\/#\/schema\/person\/9223810753230f20bd670fdd322661f8","name":"Redazione","url":"https:\/\/www.intoscana.it\/it\/author\/redazione\/"}]}},"_links":{"self":[{"href":"https:\/\/www.intoscana.it\/it\/wp-json\/wp\/v2\/posts\/323904","targetHints":{"allow":["GET"]}}],"collection":[{"href":"https:\/\/www.intoscana.it\/it\/wp-json\/wp\/v2\/posts"}],"about":[{"href":"https:\/\/www.intoscana.it\/it\/wp-json\/wp\/v2\/types\/post"}],"author":[{"embeddable":true,"href":"https:\/\/www.intoscana.it\/it\/wp-json\/wp\/v2\/users\/525"}],"replies":[{"embeddable":true,"href":"https:\/\/www.intoscana.it\/it\/wp-json\/wp\/v2\/comments?post=323904"}],"version-history":[{"count":14,"href":"https:\/\/www.intoscana.it\/it\/wp-json\/wp\/v2\/posts\/323904\/revisions"}],"predecessor-version":[{"id":324163,"href":"https:\/\/www.intoscana.it\/it\/wp-json\/wp\/v2\/posts\/323904\/revisions\/324163"}],"wp:featuredmedia":[{"embeddable":true,"href":"https:\/\/www.intoscana.it\/it\/wp-json\/wp\/v2\/media\/323901"}],"wp:attachment":[{"href":"https:\/\/www.intoscana.it\/it\/wp-json\/wp\/v2\/media?parent=323904"}],"wp:term":[{"taxonomy":"category","embeddable":true,"href":"https:\/\/www.intoscana.it\/it\/wp-json\/wp\/v2\/categories?post=323904"},{"taxonomy":"post_tag","embeddable":true,"href":"https:\/\/www.intoscana.it\/it\/wp-json\/wp\/v2\/tags?post=323904"}],"curies":[{"name":"wp","href":"https:\/\/api.w.org\/{rel}","templated":true}]}}