{"id":323920,"date":"2024-01-25T16:46:11","date_gmt":"2024-01-25T15:46:11","guid":{"rendered":"https:\/\/www.intoscana.it\/it\/?p=323920"},"modified":"2024-02-07T14:20:00","modified_gmt":"2024-02-07T13:20:00","slug":"grosseto-la-sp-64-del-cipressino-diventa-regionale-giani-svolta-storica-per-il-territorio","status":"publish","type":"post","link":"https:\/\/www.intoscana.it\/it\/grosseto-la-sp-64-del-cipressino-diventa-regionale-giani-svolta-storica-per-il-territorio\/","title":{"rendered":"Grosseto, la Sp 64 \u201cdel Cipressino\u201d diventa regionale. Giani: \u201cSvolta storica per il territorio\u201d"},"content":{"rendered":"<p>La<strong> strada del Cipressino<\/strong> che collega il territorio dell\u2019Amiata alla Due Mari tramite lo svincolo di Paganico nord, e un tratto della Sp26 di Arcidosso passano in gestione della Regione Toscana. Un totale di <strong>31 chilometri<\/strong> che dalla Provincia di Grosseto diventano regionali.<br \/>\n\u201c<em>Questa strada ha un\u2019importanza regionale<\/em> \u2013 ha spiegato il presidente <strong>Eugenio Giani <\/strong>&#8211; , <em>\u00e8 il collegamento che dal versante dalla E78 arriva ad Arcidosso e costituisce l&#8217;asse di collegamento che vogliamo adeguare perch\u00e9 diventi pi\u00f9 veloce, pi\u00f9 sicura e avvicini l\u2019Amiata grossetana e senese a tutta la Toscana. Quando il progetto che abbiamo impostato sar\u00e0 completato, e che ha <strong>65milioni di euro supportati dal Fondo di sviluppo e coesione<\/strong>, il Cipressino cambier\u00e0 volto. Con la nostra direzione regionale, pensiamo ad un progetto complessivo in cui si allarga la strada, si risistemano i ponti e quindi l\u2019arrivo ad Arcidosso sar\u00e0 pi\u00f9 veloce e sicuro. Facciamo un servizio all\u2019Amiata, e\u00a0 ci aspettiamo altre risorse per poter sviluppare questa strada\u00a0 e in futuro poter arrivare fino alla Cassia, sul versante pi\u00f9 a est, collegando quindi le due valli\u00a0 e dare quindi all\u2019Amiata quelle infrastrutture che meritano<\/em>\u201d.<\/p>\n<p>La SP 64 del Cipressino si sviluppa interamente nel territorio della Provincia di Grosseto e funge da collegamento del territorio del Monte Amiata con la strada statale SS n. 223 \u2013 E 78 Due Mari tramite lo svincolo di Paganico Nord. Il tracciato attraversa i Comuni di Civitella Paganico, Cinigiano, Arcidosso e Castel del Piano ma assicura il collegamento con i territori limitrofi tra cui la Val d\u2019Orcia e il versante senese dell\u2019Amiata. Attraverso la rete viaria provinciale esistente, infatti, \u00e8 possibile raggiungere i Comuni di Montalcino, Castiglione d\u2019Orcia, Seggiano, Roccalbegna, Santa Fiora, Roccastrada, Campagnatico, Murlo e Monticiano.<\/p>\n<p>La strada termina nel centro abitato di Castel del Piano all\u2019interno del complesso degli insediamenti dell\u2019area amiatina che comprende appunto un bacino di sfruttamento per la produzione di energia geotermica. Nel dettaglio il passaggio alla Regione Toscana va dalla bretella di collegamento tra lo svincolo di Paganico Nord della SS223 e la SP64 in corrispondenza del km 1+225 ed il tratto della SP 64 compreso tra la Km 1+225 e la Km 27+405 in corrispondenza con il bivio di Arcidosso, per una lunghezza di 26,18 Km. Oltre a questo tratto della SP 64 \u00e8 previsto il passaggio a Regione Toscana della SP 26 dal Km 0+000 al Km 4+095 per una lunghezza di di 4,095 Km.<\/p>\n<p>Soddisfatto l\u2019assessore Stefano Baccelli che definisce questo passaggio \u201c<em>una <strong>decisione cruciale<\/strong>. Non ho memoria<\/em> \u2013 ha aggiunto &#8211; d<em>ella regionalizzazione di una strada provinciale, segno davvero forte dell\u2019attenzione che vogliamo dare a questo territorio, della condivisione con la Provincia e tutti i comuni interessati per avere una nuova strada regionale. Ci sono stati nel corso degli anni tanti progetti che abbiamo raccolto, ed ora facciamo <strong>un\u2019analisi di fattibilit\u00e0<\/strong>, una serie di sopralluoghi e verifiche per migliorare e mettere in sicurezza questa strada, le risorse ci sono\u00a0 perch\u00e9 abbiamo gi\u00e0 stanziato in bilancio 550mila euro per il primo anno e 300mila per le annualit\u00e0 2025 e 2026<\/em>\u201d.<\/p>\n<p>&nbsp;<\/p>\n","protected":false},"excerpt":{"rendered":"<p>Il passaggio alla gestione regionale permetter\u00e0 importanti investimenti sui 31 chilometri di lunghezza per potenziare e mettere in sicurezza questa strada<\/p>\n","protected":false},"author":525,"featured_media":323923,"comment_status":"open","ping_status":"open","sticky":false,"template":"","format":"standard","meta":{"_acf_changed":false,"footnotes":""},"categories":[494],"tags":[6693,158,6689,1577,4818,6642],"class_list":["post-323920","post","type-post","status-publish","format-standard","has-post-thumbnail","hentry","category-attualita","tag-cantieretoscana","tag-eugenio-giani","tag-fondo-di-sviluppo-e-coesione","tag-muoversi-in-toscana","tag-stefano-baccelli","tag-toscana-diffusa"],"acf":[],"yoast_head":"<!-- This site is optimized with the Yoast SEO Premium plugin v24.2 (Yoast SEO v25.6) - https:\/\/yoast.com\/wordpress\/plugins\/seo\/ -->\n<title>Grosseto, la Sp 64 \u201cdel Cipressino\u201d diventa regionale. Giani: \u201cSvolta storica per il territorio\u201d - intoscana<\/title>\n<meta name=\"robots\" content=\"index, follow, max-snippet:-1, max-image-preview:large, max-video-preview:-1\" \/>\n<link rel=\"canonical\" href=\"https:\/\/www.intoscana.it\/it\/grosseto-la-sp-64-del-cipressino-diventa-regionale-giani-svolta-storica-per-il-territorio\/\" \/>\n<meta property=\"og:locale\" content=\"it_IT\" \/>\n<meta property=\"og:type\" content=\"article\" \/>\n<meta property=\"og:title\" content=\"Grosseto, la Sp 64 \u201cdel Cipressino\u201d diventa regionale. Giani: \u201cSvolta storica per il territorio\u201d\" \/>\n<meta property=\"og:description\" content=\"Il passaggio alla gestione regionale permetter\u00e0 importanti investimenti sui 31 chilometri di lunghezza per potenziare e mettere in sicurezza questa strada\" \/>\n<meta property=\"og:url\" content=\"https:\/\/www.intoscana.it\/it\/grosseto-la-sp-64-del-cipressino-diventa-regionale-giani-svolta-storica-per-il-territorio\/\" \/>\n<meta property=\"og:site_name\" content=\"intoscana\" \/>\n<meta property=\"article:publisher\" content=\"https:\/\/www.facebook.com\/intoscana.it\" \/>\n<meta property=\"article:published_time\" content=\"2024-01-25T15:46:11+00:00\" \/>\n<meta property=\"article:modified_time\" content=\"2024-02-07T13:20:00+00:00\" \/>\n<meta property=\"og:image\" content=\"https:\/\/www.intoscana.it\/wp-content\/uploads\/sindaci-cipressino.jpeg\" \/>\n\t<meta property=\"og:image:width\" content=\"1600\" \/>\n\t<meta property=\"og:image:height\" content=\"932\" \/>\n\t<meta property=\"og:image:type\" content=\"image\/jpeg\" \/>\n<meta name=\"author\" content=\"Redazione\" \/>\n<meta name=\"twitter:card\" content=\"summary_large_image\" \/>\n<meta name=\"twitter:creator\" content=\"@intoscana\" \/>\n<meta name=\"twitter:site\" content=\"@intoscana\" \/>\n<meta name=\"twitter:label1\" content=\"Written by\" \/>\n\t<meta name=\"twitter:data1\" content=\"Redazione\" \/>\n\t<meta name=\"twitter:label2\" content=\"Est. reading time\" \/>\n\t<meta name=\"twitter:data2\" content=\"3 minuti\" \/>\n<script type=\"application\/ld+json\" class=\"yoast-schema-graph\">{\"@context\":\"https:\/\/schema.org\",\"@graph\":[{\"@type\":\"WebPage\",\"@id\":\"https:\/\/www.intoscana.it\/it\/grosseto-la-sp-64-del-cipressino-diventa-regionale-giani-svolta-storica-per-il-territorio\/\",\"url\":\"https:\/\/www.intoscana.it\/it\/grosseto-la-sp-64-del-cipressino-diventa-regionale-giani-svolta-storica-per-il-territorio\/\",\"name\":\"Grosseto, la Sp 64 \u201cdel Cipressino\u201d diventa regionale. Giani: \u201cSvolta storica per il territorio\u201d - intoscana\",\"isPartOf\":{\"@id\":\"https:\/\/www.intoscana.it\/it\/#website\"},\"primaryImageOfPage\":{\"@id\":\"https:\/\/www.intoscana.it\/it\/grosseto-la-sp-64-del-cipressino-diventa-regionale-giani-svolta-storica-per-il-territorio\/#primaryimage\"},\"image\":{\"@id\":\"https:\/\/www.intoscana.it\/it\/grosseto-la-sp-64-del-cipressino-diventa-regionale-giani-svolta-storica-per-il-territorio\/#primaryimage\"},\"thumbnailUrl\":\"https:\/\/www.intoscana.it\/wp-content\/uploads\/sindaci-cipressino.jpeg\",\"datePublished\":\"2024-01-25T15:46:11+00:00\",\"dateModified\":\"2024-02-07T13:20:00+00:00\",\"author\":{\"@id\":\"https:\/\/www.intoscana.it\/it\/#\/schema\/person\/9223810753230f20bd670fdd322661f8\"},\"breadcrumb\":{\"@id\":\"https:\/\/www.intoscana.it\/it\/grosseto-la-sp-64-del-cipressino-diventa-regionale-giani-svolta-storica-per-il-territorio\/#breadcrumb\"},\"inLanguage\":\"it-IT\",\"potentialAction\":[{\"@type\":\"ReadAction\",\"target\":[\"https:\/\/www.intoscana.it\/it\/grosseto-la-sp-64-del-cipressino-diventa-regionale-giani-svolta-storica-per-il-territorio\/\"]}]},{\"@type\":\"ImageObject\",\"inLanguage\":\"it-IT\",\"@id\":\"https:\/\/www.intoscana.it\/it\/grosseto-la-sp-64-del-cipressino-diventa-regionale-giani-svolta-storica-per-il-territorio\/#primaryimage\",\"url\":\"https:\/\/www.intoscana.it\/wp-content\/uploads\/sindaci-cipressino.jpeg\",\"contentUrl\":\"https:\/\/www.intoscana.it\/wp-content\/uploads\/sindaci-cipressino.jpeg\",\"width\":1600,\"height\":932},{\"@type\":\"BreadcrumbList\",\"@id\":\"https:\/\/www.intoscana.it\/it\/grosseto-la-sp-64-del-cipressino-diventa-regionale-giani-svolta-storica-per-il-territorio\/#breadcrumb\",\"itemListElement\":[{\"@type\":\"ListItem\",\"position\":1,\"name\":\"Home\",\"item\":\"https:\/\/www.intoscana.it\/it\/\"},{\"@type\":\"ListItem\",\"position\":2,\"name\":\"Grosseto, la Sp 64 \u201cdel Cipressino\u201d diventa regionale. Giani: \u201cSvolta storica per il territorio\u201d\"}]},{\"@type\":\"WebSite\",\"@id\":\"https:\/\/www.intoscana.it\/it\/#website\",\"url\":\"https:\/\/www.intoscana.it\/it\/\",\"name\":\"intoscana\",\"description\":\"\",\"potentialAction\":[{\"@type\":\"SearchAction\",\"target\":{\"@type\":\"EntryPoint\",\"urlTemplate\":\"https:\/\/www.intoscana.it\/it\/?s={search_term_string}\"},\"query-input\":{\"@type\":\"PropertyValueSpecification\",\"valueRequired\":true,\"valueName\":\"search_term_string\"}}],\"inLanguage\":\"it-IT\"},{\"@type\":\"Person\",\"@id\":\"https:\/\/www.intoscana.it\/it\/#\/schema\/person\/9223810753230f20bd670fdd322661f8\",\"name\":\"Redazione\",\"url\":\"https:\/\/www.intoscana.it\/it\/author\/redazione\/\"}]}<\/script>\n<!-- \/ Yoast SEO Premium plugin. -->","yoast_head_json":{"title":"Grosseto, la Sp 64 \u201cdel Cipressino\u201d diventa regionale. Giani: \u201cSvolta storica per il territorio\u201d - intoscana","robots":{"index":"index","follow":"follow","max-snippet":"max-snippet:-1","max-image-preview":"max-image-preview:large","max-video-preview":"max-video-preview:-1"},"canonical":"https:\/\/www.intoscana.it\/it\/grosseto-la-sp-64-del-cipressino-diventa-regionale-giani-svolta-storica-per-il-territorio\/","og_locale":"it_IT","og_type":"article","og_title":"Grosseto, la Sp 64 \u201cdel Cipressino\u201d diventa regionale. Giani: \u201cSvolta storica per il territorio\u201d","og_description":"Il passaggio alla gestione regionale permetter\u00e0 importanti investimenti sui 31 chilometri di lunghezza per potenziare e mettere in sicurezza questa strada","og_url":"https:\/\/www.intoscana.it\/it\/grosseto-la-sp-64-del-cipressino-diventa-regionale-giani-svolta-storica-per-il-territorio\/","og_site_name":"intoscana","article_publisher":"https:\/\/www.facebook.com\/intoscana.it","article_published_time":"2024-01-25T15:46:11+00:00","article_modified_time":"2024-02-07T13:20:00+00:00","og_image":[{"width":1600,"height":932,"url":"https:\/\/www.intoscana.it\/wp-content\/uploads\/sindaci-cipressino.jpeg","type":"image\/jpeg"}],"author":"Redazione","twitter_card":"summary_large_image","twitter_creator":"@intoscana","twitter_site":"@intoscana","twitter_misc":{"Written by":"Redazione","Est. reading time":"3 minuti"},"schema":{"@context":"https:\/\/schema.org","@graph":[{"@type":"WebPage","@id":"https:\/\/www.intoscana.it\/it\/grosseto-la-sp-64-del-cipressino-diventa-regionale-giani-svolta-storica-per-il-territorio\/","url":"https:\/\/www.intoscana.it\/it\/grosseto-la-sp-64-del-cipressino-diventa-regionale-giani-svolta-storica-per-il-territorio\/","name":"Grosseto, la Sp 64 \u201cdel Cipressino\u201d diventa regionale. Giani: \u201cSvolta storica per il territorio\u201d - intoscana","isPartOf":{"@id":"https:\/\/www.intoscana.it\/it\/#website"},"primaryImageOfPage":{"@id":"https:\/\/www.intoscana.it\/it\/grosseto-la-sp-64-del-cipressino-diventa-regionale-giani-svolta-storica-per-il-territorio\/#primaryimage"},"image":{"@id":"https:\/\/www.intoscana.it\/it\/grosseto-la-sp-64-del-cipressino-diventa-regionale-giani-svolta-storica-per-il-territorio\/#primaryimage"},"thumbnailUrl":"https:\/\/www.intoscana.it\/wp-content\/uploads\/sindaci-cipressino.jpeg","datePublished":"2024-01-25T15:46:11+00:00","dateModified":"2024-02-07T13:20:00+00:00","author":{"@id":"https:\/\/www.intoscana.it\/it\/#\/schema\/person\/9223810753230f20bd670fdd322661f8"},"breadcrumb":{"@id":"https:\/\/www.intoscana.it\/it\/grosseto-la-sp-64-del-cipressino-diventa-regionale-giani-svolta-storica-per-il-territorio\/#breadcrumb"},"inLanguage":"it-IT","potentialAction":[{"@type":"ReadAction","target":["https:\/\/www.intoscana.it\/it\/grosseto-la-sp-64-del-cipressino-diventa-regionale-giani-svolta-storica-per-il-territorio\/"]}]},{"@type":"ImageObject","inLanguage":"it-IT","@id":"https:\/\/www.intoscana.it\/it\/grosseto-la-sp-64-del-cipressino-diventa-regionale-giani-svolta-storica-per-il-territorio\/#primaryimage","url":"https:\/\/www.intoscana.it\/wp-content\/uploads\/sindaci-cipressino.jpeg","contentUrl":"https:\/\/www.intoscana.it\/wp-content\/uploads\/sindaci-cipressino.jpeg","width":1600,"height":932},{"@type":"BreadcrumbList","@id":"https:\/\/www.intoscana.it\/it\/grosseto-la-sp-64-del-cipressino-diventa-regionale-giani-svolta-storica-per-il-territorio\/#breadcrumb","itemListElement":[{"@type":"ListItem","position":1,"name":"Home","item":"https:\/\/www.intoscana.it\/it\/"},{"@type":"ListItem","position":2,"name":"Grosseto, la Sp 64 \u201cdel Cipressino\u201d diventa regionale. Giani: \u201cSvolta storica per il territorio\u201d"}]},{"@type":"WebSite","@id":"https:\/\/www.intoscana.it\/it\/#website","url":"https:\/\/www.intoscana.it\/it\/","name":"intoscana","description":"","potentialAction":[{"@type":"SearchAction","target":{"@type":"EntryPoint","urlTemplate":"https:\/\/www.intoscana.it\/it\/?s={search_term_string}"},"query-input":{"@type":"PropertyValueSpecification","valueRequired":true,"valueName":"search_term_string"}}],"inLanguage":"it-IT"},{"@type":"Person","@id":"https:\/\/www.intoscana.it\/it\/#\/schema\/person\/9223810753230f20bd670fdd322661f8","name":"Redazione","url":"https:\/\/www.intoscana.it\/it\/author\/redazione\/"}]}},"_links":{"self":[{"href":"https:\/\/www.intoscana.it\/it\/wp-json\/wp\/v2\/posts\/323920","targetHints":{"allow":["GET"]}}],"collection":[{"href":"https:\/\/www.intoscana.it\/it\/wp-json\/wp\/v2\/posts"}],"about":[{"href":"https:\/\/www.intoscana.it\/it\/wp-json\/wp\/v2\/types\/post"}],"author":[{"embeddable":true,"href":"https:\/\/www.intoscana.it\/it\/wp-json\/wp\/v2\/users\/525"}],"replies":[{"embeddable":true,"href":"https:\/\/www.intoscana.it\/it\/wp-json\/wp\/v2\/comments?post=323920"}],"version-history":[{"count":3,"href":"https:\/\/www.intoscana.it\/it\/wp-json\/wp\/v2\/posts\/323920\/revisions"}],"predecessor-version":[{"id":323926,"href":"https:\/\/www.intoscana.it\/it\/wp-json\/wp\/v2\/posts\/323920\/revisions\/323926"}],"wp:featuredmedia":[{"embeddable":true,"href":"https:\/\/www.intoscana.it\/it\/wp-json\/wp\/v2\/media\/323923"}],"wp:attachment":[{"href":"https:\/\/www.intoscana.it\/it\/wp-json\/wp\/v2\/media?parent=323920"}],"wp:term":[{"taxonomy":"category","embeddable":true,"href":"https:\/\/www.intoscana.it\/it\/wp-json\/wp\/v2\/categories?post=323920"},{"taxonomy":"post_tag","embeddable":true,"href":"https:\/\/www.intoscana.it\/it\/wp-json\/wp\/v2\/tags?post=323920"}],"curies":[{"name":"wp","href":"https:\/\/api.w.org\/{rel}","templated":true}]}}