{"id":324040,"date":"2024-01-27T09:41:20","date_gmt":"2024-01-27T08:41:20","guid":{"rendered":"https:\/\/www.intoscana.it\/it\/?p=324040"},"modified":"2024-01-28T12:43:50","modified_gmt":"2024-01-28T11:43:50","slug":"una-biblioteca-sempre-piu-grande-per-empoli-inaugurato-palazzo-leggenda","status":"publish","type":"post","link":"https:\/\/www.intoscana.it\/it\/una-biblioteca-sempre-piu-grande-per-empoli-inaugurato-palazzo-leggenda\/","title":{"rendered":"Una biblioteca sempre pi\u00f9 grande per Empoli: inaugurato Palazzo Leggenda"},"content":{"rendered":"<p>Taglio del nastro ieri mattina a Empoli per <strong>Palazzo Leggenda<\/strong>, l&#8217;estensione della biblioteca comunale <strong>Renato Fucini<\/strong>, per bambini e ragazzi fino a 17 anni.<\/p>\n<h3>Lo spazio pensato per bambini e ragazzi<\/h3>\n<p>La struttura ha trovato spazio nell&#8217;ex convitto infermieri dell&#8217;<strong>ex ospedale San Giuseppe<\/strong> e ha previsto anche il recupero dell&#8217;antica Torre dei Righi, parte della cinta muraria trecentesca.<\/p>\n<p>La biblioteca \u00e8 stata suddivisa in tre piani per diverse fasce d&#8217;et\u00e0. Il primo piano \u00e8 dedicato ai <strong>bambini da 0 a 6 anni,<\/strong> con spazi per la lettura, il gioco e l&#8217;ascolto. Il secondo piano \u00e8 destinato ai <strong>bambini da 7 a 12 anni<\/strong>, con aree lettura, computer e console di gioco. Il terzo piano \u00e8 per i <strong>ragazzi dai 13 ai 17 anni,<\/strong> con computer e una collezione di narrativa, manga e fumetti. &#8216;Palazzo leggenda&#8217; \u00e8 nato inoltre per diventare il presidio permanete del &#8216;Festival Leggenda&#8217;, il festival della lettura e dell&#8217;ascolto promosso dal Comune di Empoli dal 2018.<\/p>\n<h3>Il progetto di riqualificazione finanziato da Regione e Pnrr<\/h3>\n<p>Il recupero dell&#8217;ex convitto infermieri, per un costo complessivo di circa <strong>1,8 milioni di euro<\/strong>, \u00e8 parte del <strong>progetto &#8220;Hope &#8211; Home of People and Equality&#8221;<\/strong> promosso per riqualificare edifici e spazi pubblici del centro storico, <mark>cofinanziato sulla base del bando dei Progetti di Innovazione Urbana (Piu) della Regione Toscana con i fondi strutturali europei Por-Fesr 2014-2020.<\/mark><br \/>\nA completamento del progetto, sul complesso del San Giuseppe sar\u00e0 avviato un nuovo <strong>intervento di rigenerazione urbana da 6,5 milioni<\/strong> di euro finanziato con fondi <strong>Pnrr,<\/strong> che porter\u00e0 al recupero dell&#8217;intero isolato.<\/p>\n<p><em> &#8220;La Toscana \u00e8 protagonista della rigenerazione urbana che si sta inquadrando come la modalit\u00e0 di appalto pubblico pi\u00f9 moderno ed efficace che stiamo sperimentando<\/em> &#8211; ha detto il presidente della Toscana <strong>Eugenio Giani<\/strong> intervenendo all&#8217;inaugurazione &#8211; <em>risorse pubbliche che vanno in appalto perch\u00e9 si possa riqualificare un palazzo storico, costruire nuova viabilit\u00e0, restaurare un <\/em><em>edificio. Sta diventando una delle forme pi\u00f9 efficaci per vitalizzare la Toscana&#8221;.<\/em><\/p>\n<p><em>&#8220;Il progetto Hope &#8211; <\/em>ha spiegato la sindaca di Empoli, <strong>Brenda Barnini<\/strong> <em>&#8211; <\/em><em>viene da lontano, dal 2015. Abbiamo gi\u00e0 inaugurato l&#8217;immobile <\/em><em>dell&#8217;ex Sert su piazza XXIV luglio dove oggi trovano spazio la <\/em><em>Casa della Salute al piano terra e il condominio solidale ai <\/em><em>piani superiori. Abbiamo riaperto la biblioteca e da qui ad <\/em><em>alcuni mesi saremo in grado anche di aprire l&#8217;ospedale vecchio.&#8221;<\/em><\/p>\n","protected":false},"excerpt":{"rendered":"<p>Inaugurato il nuovo spazio della biblioteca Renato Fucini dedicato a bambini e ragazzi e realizzato grazie ai fondi della Regione<\/p>\n","protected":false},"author":525,"featured_media":324041,"comment_status":"open","ping_status":"open","sticky":false,"template":"","format":"standard","meta":{"_acf_changed":false,"footnotes":""},"categories":[493],"tags":[444,4904,6296,151],"class_list":["post-324040","post","type-post","status-publish","format-standard","has-post-thumbnail","hentry","category-cultura","tag-biblioteche","tag-empoli","tag-pnrr","tag-regione-toscana"],"acf":[],"yoast_head":"<!-- This site is optimized with the Yoast SEO Premium plugin v24.2 (Yoast SEO v25.6) - https:\/\/yoast.com\/wordpress\/plugins\/seo\/ -->\n<title>Una biblioteca sempre pi\u00f9 grande per Empoli: inaugurato Palazzo Leggenda - intoscana<\/title>\n<meta name=\"robots\" content=\"index, follow, max-snippet:-1, max-image-preview:large, max-video-preview:-1\" \/>\n<link rel=\"canonical\" href=\"https:\/\/www.intoscana.it\/it\/una-biblioteca-sempre-piu-grande-per-empoli-inaugurato-palazzo-leggenda\/\" \/>\n<meta property=\"og:locale\" content=\"it_IT\" \/>\n<meta property=\"og:type\" content=\"article\" \/>\n<meta property=\"og:title\" content=\"Una biblioteca sempre pi\u00f9 grande per Empoli: inaugurato Palazzo Leggenda\" \/>\n<meta property=\"og:description\" content=\"Inaugurato il nuovo spazio della biblioteca Renato Fucini dedicato a bambini e ragazzi e realizzato grazie ai fondi della Regione\" \/>\n<meta property=\"og:url\" content=\"https:\/\/www.intoscana.it\/it\/una-biblioteca-sempre-piu-grande-per-empoli-inaugurato-palazzo-leggenda\/\" \/>\n<meta property=\"og:site_name\" content=\"intoscana\" \/>\n<meta property=\"article:publisher\" content=\"https:\/\/www.facebook.com\/intoscana.it\" \/>\n<meta property=\"article:published_time\" content=\"2024-01-27T08:41:20+00:00\" \/>\n<meta property=\"article:modified_time\" content=\"2024-01-28T11:43:50+00:00\" \/>\n<meta property=\"og:image\" content=\"https:\/\/www.intoscana.it\/wp-content\/uploads\/PalazzoLeggendaInaugurazione.jpg\" \/>\n\t<meta property=\"og:image:width\" content=\"1600\" \/>\n\t<meta property=\"og:image:height\" content=\"1067\" \/>\n\t<meta property=\"og:image:type\" content=\"image\/jpeg\" \/>\n<meta name=\"author\" content=\"Redazione\" \/>\n<meta name=\"twitter:card\" content=\"summary_large_image\" \/>\n<meta name=\"twitter:creator\" content=\"@intoscana\" \/>\n<meta name=\"twitter:site\" content=\"@intoscana\" \/>\n<meta name=\"twitter:label1\" content=\"Written by\" \/>\n\t<meta name=\"twitter:data1\" content=\"Redazione\" \/>\n\t<meta name=\"twitter:label2\" content=\"Est. reading time\" \/>\n\t<meta name=\"twitter:data2\" content=\"2 minuti\" \/>\n<script type=\"application\/ld+json\" class=\"yoast-schema-graph\">{\"@context\":\"https:\/\/schema.org\",\"@graph\":[{\"@type\":\"WebPage\",\"@id\":\"https:\/\/www.intoscana.it\/it\/una-biblioteca-sempre-piu-grande-per-empoli-inaugurato-palazzo-leggenda\/\",\"url\":\"https:\/\/www.intoscana.it\/it\/una-biblioteca-sempre-piu-grande-per-empoli-inaugurato-palazzo-leggenda\/\",\"name\":\"Una biblioteca sempre pi\u00f9 grande per Empoli: inaugurato Palazzo Leggenda - intoscana\",\"isPartOf\":{\"@id\":\"https:\/\/www.intoscana.it\/it\/#website\"},\"primaryImageOfPage\":{\"@id\":\"https:\/\/www.intoscana.it\/it\/una-biblioteca-sempre-piu-grande-per-empoli-inaugurato-palazzo-leggenda\/#primaryimage\"},\"image\":{\"@id\":\"https:\/\/www.intoscana.it\/it\/una-biblioteca-sempre-piu-grande-per-empoli-inaugurato-palazzo-leggenda\/#primaryimage\"},\"thumbnailUrl\":\"https:\/\/www.intoscana.it\/wp-content\/uploads\/PalazzoLeggendaInaugurazione.jpg\",\"datePublished\":\"2024-01-27T08:41:20+00:00\",\"dateModified\":\"2024-01-28T11:43:50+00:00\",\"author\":{\"@id\":\"https:\/\/www.intoscana.it\/it\/#\/schema\/person\/9223810753230f20bd670fdd322661f8\"},\"breadcrumb\":{\"@id\":\"https:\/\/www.intoscana.it\/it\/una-biblioteca-sempre-piu-grande-per-empoli-inaugurato-palazzo-leggenda\/#breadcrumb\"},\"inLanguage\":\"it-IT\",\"potentialAction\":[{\"@type\":\"ReadAction\",\"target\":[\"https:\/\/www.intoscana.it\/it\/una-biblioteca-sempre-piu-grande-per-empoli-inaugurato-palazzo-leggenda\/\"]}]},{\"@type\":\"ImageObject\",\"inLanguage\":\"it-IT\",\"@id\":\"https:\/\/www.intoscana.it\/it\/una-biblioteca-sempre-piu-grande-per-empoli-inaugurato-palazzo-leggenda\/#primaryimage\",\"url\":\"https:\/\/www.intoscana.it\/wp-content\/uploads\/PalazzoLeggendaInaugurazione.jpg\",\"contentUrl\":\"https:\/\/www.intoscana.it\/wp-content\/uploads\/PalazzoLeggendaInaugurazione.jpg\",\"width\":1600,\"height\":1067,\"caption\":\"L'inaugurazione di Palazzo Leggenda\"},{\"@type\":\"BreadcrumbList\",\"@id\":\"https:\/\/www.intoscana.it\/it\/una-biblioteca-sempre-piu-grande-per-empoli-inaugurato-palazzo-leggenda\/#breadcrumb\",\"itemListElement\":[{\"@type\":\"ListItem\",\"position\":1,\"name\":\"Home\",\"item\":\"https:\/\/www.intoscana.it\/it\/\"},{\"@type\":\"ListItem\",\"position\":2,\"name\":\"Una biblioteca sempre pi\u00f9 grande per Empoli: inaugurato Palazzo Leggenda\"}]},{\"@type\":\"WebSite\",\"@id\":\"https:\/\/www.intoscana.it\/it\/#website\",\"url\":\"https:\/\/www.intoscana.it\/it\/\",\"name\":\"intoscana\",\"description\":\"\",\"potentialAction\":[{\"@type\":\"SearchAction\",\"target\":{\"@type\":\"EntryPoint\",\"urlTemplate\":\"https:\/\/www.intoscana.it\/it\/?s={search_term_string}\"},\"query-input\":{\"@type\":\"PropertyValueSpecification\",\"valueRequired\":true,\"valueName\":\"search_term_string\"}}],\"inLanguage\":\"it-IT\"},{\"@type\":\"Person\",\"@id\":\"https:\/\/www.intoscana.it\/it\/#\/schema\/person\/9223810753230f20bd670fdd322661f8\",\"name\":\"Redazione\",\"url\":\"https:\/\/www.intoscana.it\/it\/author\/redazione\/\"}]}<\/script>\n<!-- \/ Yoast SEO Premium plugin. -->","yoast_head_json":{"title":"Una biblioteca sempre pi\u00f9 grande per Empoli: inaugurato Palazzo Leggenda - intoscana","robots":{"index":"index","follow":"follow","max-snippet":"max-snippet:-1","max-image-preview":"max-image-preview:large","max-video-preview":"max-video-preview:-1"},"canonical":"https:\/\/www.intoscana.it\/it\/una-biblioteca-sempre-piu-grande-per-empoli-inaugurato-palazzo-leggenda\/","og_locale":"it_IT","og_type":"article","og_title":"Una biblioteca sempre pi\u00f9 grande per Empoli: inaugurato Palazzo Leggenda","og_description":"Inaugurato il nuovo spazio della biblioteca Renato Fucini dedicato a bambini e ragazzi e realizzato grazie ai fondi della Regione","og_url":"https:\/\/www.intoscana.it\/it\/una-biblioteca-sempre-piu-grande-per-empoli-inaugurato-palazzo-leggenda\/","og_site_name":"intoscana","article_publisher":"https:\/\/www.facebook.com\/intoscana.it","article_published_time":"2024-01-27T08:41:20+00:00","article_modified_time":"2024-01-28T11:43:50+00:00","og_image":[{"width":1600,"height":1067,"url":"https:\/\/www.intoscana.it\/wp-content\/uploads\/PalazzoLeggendaInaugurazione.jpg","type":"image\/jpeg"}],"author":"Redazione","twitter_card":"summary_large_image","twitter_creator":"@intoscana","twitter_site":"@intoscana","twitter_misc":{"Written by":"Redazione","Est. reading time":"2 minuti"},"schema":{"@context":"https:\/\/schema.org","@graph":[{"@type":"WebPage","@id":"https:\/\/www.intoscana.it\/it\/una-biblioteca-sempre-piu-grande-per-empoli-inaugurato-palazzo-leggenda\/","url":"https:\/\/www.intoscana.it\/it\/una-biblioteca-sempre-piu-grande-per-empoli-inaugurato-palazzo-leggenda\/","name":"Una biblioteca sempre pi\u00f9 grande per Empoli: inaugurato Palazzo Leggenda - intoscana","isPartOf":{"@id":"https:\/\/www.intoscana.it\/it\/#website"},"primaryImageOfPage":{"@id":"https:\/\/www.intoscana.it\/it\/una-biblioteca-sempre-piu-grande-per-empoli-inaugurato-palazzo-leggenda\/#primaryimage"},"image":{"@id":"https:\/\/www.intoscana.it\/it\/una-biblioteca-sempre-piu-grande-per-empoli-inaugurato-palazzo-leggenda\/#primaryimage"},"thumbnailUrl":"https:\/\/www.intoscana.it\/wp-content\/uploads\/PalazzoLeggendaInaugurazione.jpg","datePublished":"2024-01-27T08:41:20+00:00","dateModified":"2024-01-28T11:43:50+00:00","author":{"@id":"https:\/\/www.intoscana.it\/it\/#\/schema\/person\/9223810753230f20bd670fdd322661f8"},"breadcrumb":{"@id":"https:\/\/www.intoscana.it\/it\/una-biblioteca-sempre-piu-grande-per-empoli-inaugurato-palazzo-leggenda\/#breadcrumb"},"inLanguage":"it-IT","potentialAction":[{"@type":"ReadAction","target":["https:\/\/www.intoscana.it\/it\/una-biblioteca-sempre-piu-grande-per-empoli-inaugurato-palazzo-leggenda\/"]}]},{"@type":"ImageObject","inLanguage":"it-IT","@id":"https:\/\/www.intoscana.it\/it\/una-biblioteca-sempre-piu-grande-per-empoli-inaugurato-palazzo-leggenda\/#primaryimage","url":"https:\/\/www.intoscana.it\/wp-content\/uploads\/PalazzoLeggendaInaugurazione.jpg","contentUrl":"https:\/\/www.intoscana.it\/wp-content\/uploads\/PalazzoLeggendaInaugurazione.jpg","width":1600,"height":1067,"caption":"L'inaugurazione di Palazzo Leggenda"},{"@type":"BreadcrumbList","@id":"https:\/\/www.intoscana.it\/it\/una-biblioteca-sempre-piu-grande-per-empoli-inaugurato-palazzo-leggenda\/#breadcrumb","itemListElement":[{"@type":"ListItem","position":1,"name":"Home","item":"https:\/\/www.intoscana.it\/it\/"},{"@type":"ListItem","position":2,"name":"Una biblioteca sempre pi\u00f9 grande per Empoli: inaugurato Palazzo Leggenda"}]},{"@type":"WebSite","@id":"https:\/\/www.intoscana.it\/it\/#website","url":"https:\/\/www.intoscana.it\/it\/","name":"intoscana","description":"","potentialAction":[{"@type":"SearchAction","target":{"@type":"EntryPoint","urlTemplate":"https:\/\/www.intoscana.it\/it\/?s={search_term_string}"},"query-input":{"@type":"PropertyValueSpecification","valueRequired":true,"valueName":"search_term_string"}}],"inLanguage":"it-IT"},{"@type":"Person","@id":"https:\/\/www.intoscana.it\/it\/#\/schema\/person\/9223810753230f20bd670fdd322661f8","name":"Redazione","url":"https:\/\/www.intoscana.it\/it\/author\/redazione\/"}]}},"_links":{"self":[{"href":"https:\/\/www.intoscana.it\/it\/wp-json\/wp\/v2\/posts\/324040","targetHints":{"allow":["GET"]}}],"collection":[{"href":"https:\/\/www.intoscana.it\/it\/wp-json\/wp\/v2\/posts"}],"about":[{"href":"https:\/\/www.intoscana.it\/it\/wp-json\/wp\/v2\/types\/post"}],"author":[{"embeddable":true,"href":"https:\/\/www.intoscana.it\/it\/wp-json\/wp\/v2\/users\/525"}],"replies":[{"embeddable":true,"href":"https:\/\/www.intoscana.it\/it\/wp-json\/wp\/v2\/comments?post=324040"}],"version-history":[{"count":6,"href":"https:\/\/www.intoscana.it\/it\/wp-json\/wp\/v2\/posts\/324040\/revisions"}],"predecessor-version":[{"id":324047,"href":"https:\/\/www.intoscana.it\/it\/wp-json\/wp\/v2\/posts\/324040\/revisions\/324047"}],"wp:featuredmedia":[{"embeddable":true,"href":"https:\/\/www.intoscana.it\/it\/wp-json\/wp\/v2\/media\/324041"}],"wp:attachment":[{"href":"https:\/\/www.intoscana.it\/it\/wp-json\/wp\/v2\/media?parent=324040"}],"wp:term":[{"taxonomy":"category","embeddable":true,"href":"https:\/\/www.intoscana.it\/it\/wp-json\/wp\/v2\/categories?post=324040"},{"taxonomy":"post_tag","embeddable":true,"href":"https:\/\/www.intoscana.it\/it\/wp-json\/wp\/v2\/tags?post=324040"}],"curies":[{"name":"wp","href":"https:\/\/api.w.org\/{rel}","templated":true}]}}