{"id":324165,"date":"2024-01-29T12:47:33","date_gmt":"2024-01-29T11:47:33","guid":{"rendered":"https:\/\/www.intoscana.it\/it\/?p=324165"},"modified":"2024-01-29T16:24:08","modified_gmt":"2024-01-29T15:24:08","slug":"addio-a-sandra-milo-diva-con-il-cuore-toscano-intoscana-it","status":"publish","type":"post","link":"https:\/\/www.intoscana.it\/it\/addio-a-sandra-milo-diva-con-il-cuore-toscano-intoscana-it\/","title":{"rendered":"Addio a Sandra Milo, musa del cinema italiano"},"content":{"rendered":"<p>Sono ore drammatiche per il cinema italiano, nelle quali si registra la morte, avvenuta da poche ore, di una delle sue pi\u00f9 importanti interpreti: <strong>Sandra Milo. <\/strong>Nata a Tunisi, nel 1933, <strong>Sandra Milo ha sempre dichiarato di avere la Toscana nel cuore<\/strong>, avendo trascorso nella regione tutta la sua infanzia, tra Vicopisano e Viareggio, mentre la famiglia materna era originaria di Monsummano Terme.<\/p>\n<p>Bellissima e vitale, si sposa appena quindicenne con il marchese Cesare Rodighiero, dal quale avr\u00e0 un bambino che per\u00f2 morir\u00e0 dopo pochi giorni, cos\u00ec come pochissimi giorni durer\u00e0 il loro matrimonio, che sar\u00e0 annullato. Negli anni successivi, nella sua vita sentimentale saranno presenti il produttore Ergas, con il quale avr\u00e0 la figlia Deborah, attualmente giornalista televisiva, e poi Ottavio De Lollis, dalla cui unione nasceranno i figli Ciro e Azzurra.<\/p>\n<p>Il cinema italiano deve molto a <strong>Sandra Milo<\/strong>, alla sua figura di interprete apparentemente docile e ingenua, in realt\u00e0 con un carattere determinato, profondamente intelligente e generosa verso il pubblico. Il suo debutto \u00e8 nel 1953 con il film di Giorgio Bianchi, <em>Lo scocciatore (Via Padova, 46)<\/em> accanto a Peppino De Filippo, Alberto Sordi, Giulietta Masina, Lamberto Maggiorani e Virna Lisi (film per molti anni andato perduto e di recente recuperato). Ma non \u00e8 questo il film che la sua notoriet\u00e0. A dare importanza e rilevanza a <strong>Sandra Milo<\/strong> sar\u00e0 Antonio Pietrangeli il &#8220;regista che amava le donne&#8221; &#8211; come \u00e8 stato definito &#8211; con il quale reciter\u00e0 da protagonista ne<em> Lo Scapolo, Adua e le compagne, Fantasmi a Roma, La visita<\/em>. Dopo i primi successi, in particolare la sua parte ne<em> Il Generale della Rovere<\/em>, di Roberto Rossellini, film pluripremiato, le viene affidato il ruolo da protagonista, dallo stesso regista, in <em>Vanina Vanini,<\/em> che si riveler\u00e0 purtroppo essere un flop. La carriera di Sandra Milo riparte grazie al grande Federico Fellini, con il quale avr\u00e0 una liason sentimentale di ben diciassette anni.<\/p>\n<p>&#8220;Sandrocchia&#8221;, nomignolo affettivo che proprio Fellini aveva dato alla Milo, reciter\u00e0 con Fellini in <em>8 1\/2,<\/em> film con il quale vince il suo primo Nastro d&#8217;Argento come attrice non protagonista e in <em>Giulietta degli spiriti<\/em>, che le vale il suo secondo Nastro d&#8217;Argento. Sandra Milo si dedicher\u00e0 inoltre ad una carriera internazionale recitando, tra gli altri, con Claude Sautet e Claude Autan-Lara e, in seguito, alla conduzione televisiva.<\/p>\n<p>Dopo una pausa dovuta alla scelta di dedicarsi alla famiglia, nel 1983 torna sul grande schermo con il film di Renzo Arbore <em>FF.SS. &#8211; Cio\u00e8 che mi hai portato a fare sopra a Posillipo ne non mi vuoi pi\u00f9 bene?, <\/em>anno che segna il suo rientro nello showbiz e la partecipazione a nuovi importanti film e collaborazioni, tra cui quelle con Pupi Avati, Gabriele Muccino e Sergio Castellitto. Nel 2021 l&#8217;Accademia del Cinema Italiano le conferisce il David di Donatello alla Carriera. <strong>Sandra Milo<\/strong> ha avuto una carriera lunghissima, lo scorso anno ha presto parte al film del regista fiorentino Alessandro Sarti, <em><strong>Che bella storia la vita, <\/strong><\/em>presentato nella sede della Regione Toscana, alla presenza del presidente Eugenio Giani e, proprio in questi giorni, sul canale tv La 8, sta andando in onda il format <em><strong>Quelle brave ragazze,<\/strong> <\/em>che la vede protagonista insieme a Mara Maionchi e Marisa Lurito, nel quale, ancora una volta, trasmette simpatia, ironia, generosit\u00e0 e talento: proprio le caratteristiche che l&#8217;hanno fatta amare dal grande pubblico.<\/p>\n<p><iframe loading=\"lazy\" title=\"YouTube video player\" src=\"https:\/\/www.youtube.com\/embed\/ulShKdca8ZU?si=HLxdTLRSKRBPkrte\" width=\"860\" height=\"615\" frameborder=\"0\" allowfullscreen=\"allowfullscreen\"><span style=\"display: inline-block; width: 0px; overflow: hidden; line-height: 0;\" data-mce-type=\"bookmark\" class=\"mce_SELRES_start\">\ufeff<\/span><\/iframe><\/p>\n","protected":false},"excerpt":{"rendered":"<p>Attrice di film cult e pluripremiati, Sandra Milo aveva la Toscana nel cuore, avendo trascorso la sua giovinezza tra Vicopisano e Viareggio.<\/p>\n","protected":false},"author":492,"featured_media":145646,"comment_status":"open","ping_status":"open","sticky":false,"template":"","format":"standard","meta":{"_acf_changed":false,"footnotes":""},"categories":[493],"tags":[188],"class_list":["post-324165","post","type-post","status-publish","format-standard","has-post-thumbnail","hentry","category-cultura","tag-cinema"],"acf":[],"yoast_head":"<!-- This site is optimized with the Yoast SEO Premium plugin v24.2 (Yoast SEO v25.6) - https:\/\/yoast.com\/wordpress\/plugins\/seo\/ -->\n<title>Addio a Sandra Milo, musa del cinema italiano - intoscana<\/title>\n<meta name=\"description\" content=\"Si \u00e8 spenta il 29 gennaio l&#039;attrice Sandra Milo, musa del cinema italiano vissuta per molti anni in Toscana\" \/>\n<meta name=\"robots\" content=\"index, follow, max-snippet:-1, max-image-preview:large, max-video-preview:-1\" \/>\n<link rel=\"canonical\" href=\"https:\/\/www.intoscana.it\/it\/addio-a-sandra-milo-diva-con-il-cuore-toscano-intoscana-it\/\" \/>\n<meta property=\"og:locale\" content=\"it_IT\" \/>\n<meta property=\"og:type\" content=\"article\" \/>\n<meta property=\"og:title\" content=\"Addio a Sandra Milo, musa del cinema italiano\" \/>\n<meta property=\"og:description\" content=\"Si \u00e8 spenta il 29 gennaio l&#039;attrice Sandra Milo, musa del cinema italiano vissuta per molti anni in Toscana\" \/>\n<meta property=\"og:url\" content=\"https:\/\/www.intoscana.it\/it\/addio-a-sandra-milo-diva-con-il-cuore-toscano-intoscana-it\/\" \/>\n<meta property=\"og:site_name\" content=\"intoscana\" \/>\n<meta property=\"article:publisher\" content=\"https:\/\/www.facebook.com\/intoscana.it\" \/>\n<meta property=\"article:published_time\" content=\"2024-01-29T11:47:33+00:00\" \/>\n<meta property=\"article:modified_time\" content=\"2024-01-29T15:24:08+00:00\" \/>\n<meta property=\"og:image\" content=\"https:\/\/www.intoscana.it\/wp-content\/uploads\/adua_e_le_compagne_sandra_milo_cropped-1.png\" \/>\n\t<meta property=\"og:image:width\" content=\"1007\" \/>\n\t<meta property=\"og:image:height\" content=\"986\" \/>\n\t<meta property=\"og:image:type\" content=\"image\/png\" \/>\n<meta name=\"author\" content=\"Elisabetta Vagaggini\" \/>\n<meta name=\"twitter:card\" content=\"summary_large_image\" \/>\n<meta name=\"twitter:creator\" content=\"@intoscana\" \/>\n<meta name=\"twitter:site\" content=\"@intoscana\" \/>\n<meta name=\"twitter:label1\" content=\"Written by\" \/>\n\t<meta name=\"twitter:data1\" content=\"Elisabetta Vagaggini\" \/>\n\t<meta name=\"twitter:label2\" content=\"Est. reading time\" \/>\n\t<meta name=\"twitter:data2\" content=\"3 minuti\" \/>\n<script type=\"application\/ld+json\" class=\"yoast-schema-graph\">{\"@context\":\"https:\/\/schema.org\",\"@graph\":[{\"@type\":\"WebPage\",\"@id\":\"https:\/\/www.intoscana.it\/it\/addio-a-sandra-milo-diva-con-il-cuore-toscano-intoscana-it\/\",\"url\":\"https:\/\/www.intoscana.it\/it\/addio-a-sandra-milo-diva-con-il-cuore-toscano-intoscana-it\/\",\"name\":\"Addio a Sandra Milo, musa del cinema italiano - intoscana\",\"isPartOf\":{\"@id\":\"https:\/\/www.intoscana.it\/it\/#website\"},\"primaryImageOfPage\":{\"@id\":\"https:\/\/www.intoscana.it\/it\/addio-a-sandra-milo-diva-con-il-cuore-toscano-intoscana-it\/#primaryimage\"},\"image\":{\"@id\":\"https:\/\/www.intoscana.it\/it\/addio-a-sandra-milo-diva-con-il-cuore-toscano-intoscana-it\/#primaryimage\"},\"thumbnailUrl\":\"https:\/\/www.intoscana.it\/wp-content\/uploads\/adua_e_le_compagne_sandra_milo_cropped-1.png\",\"datePublished\":\"2024-01-29T11:47:33+00:00\",\"dateModified\":\"2024-01-29T15:24:08+00:00\",\"author\":{\"@id\":\"https:\/\/www.intoscana.it\/it\/#\/schema\/person\/20956e1a83baf96027b69e776f754e43\"},\"description\":\"Si \u00e8 spenta il 29 gennaio l'attrice Sandra Milo, musa del cinema italiano vissuta per molti anni in Toscana\",\"breadcrumb\":{\"@id\":\"https:\/\/www.intoscana.it\/it\/addio-a-sandra-milo-diva-con-il-cuore-toscano-intoscana-it\/#breadcrumb\"},\"inLanguage\":\"it-IT\",\"potentialAction\":[{\"@type\":\"ReadAction\",\"target\":[\"https:\/\/www.intoscana.it\/it\/addio-a-sandra-milo-diva-con-il-cuore-toscano-intoscana-it\/\"]}]},{\"@type\":\"ImageObject\",\"inLanguage\":\"it-IT\",\"@id\":\"https:\/\/www.intoscana.it\/it\/addio-a-sandra-milo-diva-con-il-cuore-toscano-intoscana-it\/#primaryimage\",\"url\":\"https:\/\/www.intoscana.it\/wp-content\/uploads\/adua_e_le_compagne_sandra_milo_cropped-1.png\",\"contentUrl\":\"https:\/\/www.intoscana.it\/wp-content\/uploads\/adua_e_le_compagne_sandra_milo_cropped-1.png\",\"width\":1007,\"height\":986,\"caption\":\"Sandra Milo\"},{\"@type\":\"BreadcrumbList\",\"@id\":\"https:\/\/www.intoscana.it\/it\/addio-a-sandra-milo-diva-con-il-cuore-toscano-intoscana-it\/#breadcrumb\",\"itemListElement\":[{\"@type\":\"ListItem\",\"position\":1,\"name\":\"Home\",\"item\":\"https:\/\/www.intoscana.it\/it\/\"},{\"@type\":\"ListItem\",\"position\":2,\"name\":\"Addio a Sandra Milo, musa del cinema italiano\"}]},{\"@type\":\"WebSite\",\"@id\":\"https:\/\/www.intoscana.it\/it\/#website\",\"url\":\"https:\/\/www.intoscana.it\/it\/\",\"name\":\"intoscana\",\"description\":\"\",\"potentialAction\":[{\"@type\":\"SearchAction\",\"target\":{\"@type\":\"EntryPoint\",\"urlTemplate\":\"https:\/\/www.intoscana.it\/it\/?s={search_term_string}\"},\"query-input\":{\"@type\":\"PropertyValueSpecification\",\"valueRequired\":true,\"valueName\":\"search_term_string\"}}],\"inLanguage\":\"it-IT\"},{\"@type\":\"Person\",\"@id\":\"https:\/\/www.intoscana.it\/it\/#\/schema\/person\/20956e1a83baf96027b69e776f754e43\",\"name\":\"Elisabetta Vagaggini\",\"url\":\"https:\/\/www.intoscana.it\/it\/author\/elisabetta-vagaggini\/\"}]}<\/script>\n<!-- \/ Yoast SEO Premium plugin. -->","yoast_head_json":{"title":"Addio a Sandra Milo, musa del cinema italiano - intoscana","description":"Si \u00e8 spenta il 29 gennaio l'attrice Sandra Milo, musa del cinema italiano vissuta per molti anni in Toscana","robots":{"index":"index","follow":"follow","max-snippet":"max-snippet:-1","max-image-preview":"max-image-preview:large","max-video-preview":"max-video-preview:-1"},"canonical":"https:\/\/www.intoscana.it\/it\/addio-a-sandra-milo-diva-con-il-cuore-toscano-intoscana-it\/","og_locale":"it_IT","og_type":"article","og_title":"Addio a Sandra Milo, musa del cinema italiano","og_description":"Si \u00e8 spenta il 29 gennaio l'attrice Sandra Milo, musa del cinema italiano vissuta per molti anni in Toscana","og_url":"https:\/\/www.intoscana.it\/it\/addio-a-sandra-milo-diva-con-il-cuore-toscano-intoscana-it\/","og_site_name":"intoscana","article_publisher":"https:\/\/www.facebook.com\/intoscana.it","article_published_time":"2024-01-29T11:47:33+00:00","article_modified_time":"2024-01-29T15:24:08+00:00","og_image":[{"width":1007,"height":986,"url":"https:\/\/www.intoscana.it\/wp-content\/uploads\/adua_e_le_compagne_sandra_milo_cropped-1.png","type":"image\/png"}],"author":"Elisabetta Vagaggini","twitter_card":"summary_large_image","twitter_creator":"@intoscana","twitter_site":"@intoscana","twitter_misc":{"Written by":"Elisabetta Vagaggini","Est. reading time":"3 minuti"},"schema":{"@context":"https:\/\/schema.org","@graph":[{"@type":"WebPage","@id":"https:\/\/www.intoscana.it\/it\/addio-a-sandra-milo-diva-con-il-cuore-toscano-intoscana-it\/","url":"https:\/\/www.intoscana.it\/it\/addio-a-sandra-milo-diva-con-il-cuore-toscano-intoscana-it\/","name":"Addio a Sandra Milo, musa del cinema italiano - intoscana","isPartOf":{"@id":"https:\/\/www.intoscana.it\/it\/#website"},"primaryImageOfPage":{"@id":"https:\/\/www.intoscana.it\/it\/addio-a-sandra-milo-diva-con-il-cuore-toscano-intoscana-it\/#primaryimage"},"image":{"@id":"https:\/\/www.intoscana.it\/it\/addio-a-sandra-milo-diva-con-il-cuore-toscano-intoscana-it\/#primaryimage"},"thumbnailUrl":"https:\/\/www.intoscana.it\/wp-content\/uploads\/adua_e_le_compagne_sandra_milo_cropped-1.png","datePublished":"2024-01-29T11:47:33+00:00","dateModified":"2024-01-29T15:24:08+00:00","author":{"@id":"https:\/\/www.intoscana.it\/it\/#\/schema\/person\/20956e1a83baf96027b69e776f754e43"},"description":"Si \u00e8 spenta il 29 gennaio l'attrice Sandra Milo, musa del cinema italiano vissuta per molti anni in Toscana","breadcrumb":{"@id":"https:\/\/www.intoscana.it\/it\/addio-a-sandra-milo-diva-con-il-cuore-toscano-intoscana-it\/#breadcrumb"},"inLanguage":"it-IT","potentialAction":[{"@type":"ReadAction","target":["https:\/\/www.intoscana.it\/it\/addio-a-sandra-milo-diva-con-il-cuore-toscano-intoscana-it\/"]}]},{"@type":"ImageObject","inLanguage":"it-IT","@id":"https:\/\/www.intoscana.it\/it\/addio-a-sandra-milo-diva-con-il-cuore-toscano-intoscana-it\/#primaryimage","url":"https:\/\/www.intoscana.it\/wp-content\/uploads\/adua_e_le_compagne_sandra_milo_cropped-1.png","contentUrl":"https:\/\/www.intoscana.it\/wp-content\/uploads\/adua_e_le_compagne_sandra_milo_cropped-1.png","width":1007,"height":986,"caption":"Sandra Milo"},{"@type":"BreadcrumbList","@id":"https:\/\/www.intoscana.it\/it\/addio-a-sandra-milo-diva-con-il-cuore-toscano-intoscana-it\/#breadcrumb","itemListElement":[{"@type":"ListItem","position":1,"name":"Home","item":"https:\/\/www.intoscana.it\/it\/"},{"@type":"ListItem","position":2,"name":"Addio a Sandra Milo, musa del cinema italiano"}]},{"@type":"WebSite","@id":"https:\/\/www.intoscana.it\/it\/#website","url":"https:\/\/www.intoscana.it\/it\/","name":"intoscana","description":"","potentialAction":[{"@type":"SearchAction","target":{"@type":"EntryPoint","urlTemplate":"https:\/\/www.intoscana.it\/it\/?s={search_term_string}"},"query-input":{"@type":"PropertyValueSpecification","valueRequired":true,"valueName":"search_term_string"}}],"inLanguage":"it-IT"},{"@type":"Person","@id":"https:\/\/www.intoscana.it\/it\/#\/schema\/person\/20956e1a83baf96027b69e776f754e43","name":"Elisabetta Vagaggini","url":"https:\/\/www.intoscana.it\/it\/author\/elisabetta-vagaggini\/"}]}},"_links":{"self":[{"href":"https:\/\/www.intoscana.it\/it\/wp-json\/wp\/v2\/posts\/324165","targetHints":{"allow":["GET"]}}],"collection":[{"href":"https:\/\/www.intoscana.it\/it\/wp-json\/wp\/v2\/posts"}],"about":[{"href":"https:\/\/www.intoscana.it\/it\/wp-json\/wp\/v2\/types\/post"}],"author":[{"embeddable":true,"href":"https:\/\/www.intoscana.it\/it\/wp-json\/wp\/v2\/users\/492"}],"replies":[{"embeddable":true,"href":"https:\/\/www.intoscana.it\/it\/wp-json\/wp\/v2\/comments?post=324165"}],"version-history":[{"count":7,"href":"https:\/\/www.intoscana.it\/it\/wp-json\/wp\/v2\/posts\/324165\/revisions"}],"predecessor-version":[{"id":324338,"href":"https:\/\/www.intoscana.it\/it\/wp-json\/wp\/v2\/posts\/324165\/revisions\/324338"}],"wp:featuredmedia":[{"embeddable":true,"href":"https:\/\/www.intoscana.it\/it\/wp-json\/wp\/v2\/media\/145646"}],"wp:attachment":[{"href":"https:\/\/www.intoscana.it\/it\/wp-json\/wp\/v2\/media?parent=324165"}],"wp:term":[{"taxonomy":"category","embeddable":true,"href":"https:\/\/www.intoscana.it\/it\/wp-json\/wp\/v2\/categories?post=324165"},{"taxonomy":"post_tag","embeddable":true,"href":"https:\/\/www.intoscana.it\/it\/wp-json\/wp\/v2\/tags?post=324165"}],"curies":[{"name":"wp","href":"https:\/\/api.w.org\/{rel}","templated":true}]}}