{"id":324198,"date":"2024-01-29T12:47:56","date_gmt":"2024-01-29T11:47:56","guid":{"rendered":"https:\/\/www.intoscana.it\/it\/?p=324198"},"modified":"2024-02-02T15:11:44","modified_gmt":"2024-02-02T14:11:44","slug":"lartista-andrew-smaldone-da-denver-a-firenze-per-riscoprire-una-vita-slow","status":"publish","type":"post","link":"https:\/\/www.intoscana.it\/it\/lartista-andrew-smaldone-da-denver-a-firenze-per-riscoprire-una-vita-slow\/","title":{"rendered":"L&#8217;artista Andrew Smaldone da Denver a Firenze per riscoprire una vita &#8220;slow&#8221;"},"content":{"rendered":"<p>L&#8217;artista <strong>Andrew Smaldone<\/strong> \u00e8 nato nel 1978 a Denver, in Colorado, USA. <strong>Ha scelto Firenze per studiare la storia dell&#8217;arte,<\/strong> poi nel 2005 ha proseguito i suoi studi presso il <strong>Central Saint Martins di Londra.<\/strong><\/p>\n<p>Ma <strong>Firenze lo ha attirato come una calamita,<\/strong> cos\u00ec, \u00e8 tornato a vivere in Toscana per respirare <strong>uno stile di vita diverso<\/strong> da quello delle grandi citt\u00e0 europee.<\/p>\n<p>Ha vinto molti \u00a0premi importanti come la <strong>Pollock Krasner Foundation Grant<\/strong> nel 2015 e sono molte le esposizioni negli <strong>Stati Uniti, in Europa e nel Regno Unito.<\/strong><\/p>\n<p>&#8220;Ho studiato a Firenze, prima di andare alla <strong>Saint Martins a Londra<\/strong>,&#8221; &#8211; ci ha raccontato Andrew &#8211; \u00a0<strong>Avevo il mito dell&#8217;Italia e dei grandi artisti del Rinascimento<\/strong>, <strong>Michelangelo e Leonardo sono cos\u00ec &#8220;giganti&#8221;<\/strong> che non sembrano neanche di questo mondo, per me \u00e8 stata un&#8217;esperienza incredibile. Sono venuto a Firenze per studiare a 20 anni, ma c&#8217;\u00e8 anche un altro motivo che mi ha portato qua.&#8221;<\/p>\n<p>&#8220;Sono un italo-americano, <strong>pi\u00f9 di cento anni fa i miei bisnonni sono partiti dall&#8217;Italia per trasferirsi negli Stati Uniti.<\/strong> All&#8217;epoca i figli non parlavano l&#8217;italiano, era un classico. Crescendo <strong>\u00e8 nato in me il desiderio di imparare l&#8217;italiano, riscoprire le mie origini<\/strong>.&#8221;<\/p>\n<p>&#8220;Nessuno nella mia famiglia \u00e8 un artista, \u00e8 stata una mia scelta a 15 anni, ero super determinato. Ho avuto l&#8217;appoggio dei miei genitori ma ho dovuto anche un po&#8217; lottare, mi sono dovuto arrangiare.<strong> Ho fatto molti lavori, negli Stati Uniti<\/strong> ho lavorato in galleria e ho fatto il corniciaio, dopo ho insegnato l&#8217;inglese, ho sempre trovato un secondo lavoro per mantenermi.&#8221;<\/p>\n<figure id=\"post-324206 media-324206\" class=\"align-none\"><img decoding=\"async\" src=\"https:\/\/www.intoscana.it\/wp-content\/uploads\/DSC0958_copy-scaled.jpeg\" alt=\"\" \/><\/figure>\n<div class=\"titleimg\"><em>Andrew Smaldone<\/em><\/div>\n<h3>La case &#8220;infestate&#8221; di Andrew Smaldone<\/h3>\n<p>Le sue sono <strong>opere misteriose,<\/strong> spesso stanze vuote in cui ci sono apparizioni, ombre, luci soffuse, come se fossero delle <strong>case &#8220;infestate&#8221; da fantasmi o sogni ipnotici.<\/strong><\/p>\n<p>Nelle sue architetture c&#8217;\u00e8 <strong>un&#8217;atmosfera di inquieta sospensione<\/strong>, luoghi che sembrano trovarsi <strong>fuori dal tempo.\u00a0<\/strong><\/p>\n<p>&#8220;Nelle mie opere c&#8217;\u00e8 un focus su l&#8217;interno, sulle architetture ma anche sulle facciate. per\u00f2 il soggetto torna sempre all&#8217;interno, un interno quasi vuoto, tra luce e ombra. Non voglio fare opere troppo chiare, non voglio cio\u00e8 che il significato salti fuori subito, mi piace che non sia chiaro. Questo \u00e8 un aspetto dell&#8217;arte che traggo dal <strong>Romanticismo.<\/strong> Nelle mie stanze non c&#8217;\u00e8 angoscia, <strong>sono spazi per meditare e pensare.&#8221;<\/strong><\/p>\n<p>Le sue opere sono visibili in via del Drago D&#8217;Oro a Firenze nella <a href=\"https:\/\/www.stanza251.com\" target=\"_blank\" rel=\"noopener\"><strong>galleria Stanza 251.<\/strong><\/a><\/p>\n<h3>L&#8217;amore per l&#8217;Italia e il suo &#8220;slow living&#8221;<\/h3>\n<p>&#8220;Mi piace molto l&#8217;Italia, qua ho conosciuto mia moglie. La cosa pi\u00f9 importante per me \u00e8 che<strong> qui a Firenze vado sempre a piedi.<\/strong> Sembra scontato, ma io ho vissuto a Washington e Londra, grandi citt\u00e0, <strong>qui a Firenze si pu\u00f2 camminare e pensare.<\/strong> A me piace pensare mentre cammino, fare progetti. Poi chiaramente<strong> amo il life style, il cibo, il vostro modo di vivere, \u00e8 molto pi\u00f9 calmo e adatto alla mia personalit\u00e0,<\/strong> non amo correre.&#8221;<\/p>\n<figure id=\"post-324203 media-324203\" class=\"align-none\"><img decoding=\"async\" src=\"https:\/\/www.intoscana.it\/wp-content\/uploads\/DSC0802-scaled.jpeg\" alt=\"\" \/><\/figure>\n<div class=\"titleimg\"><em>Andrew Smaldone<\/em><\/div>\n","protected":false},"excerpt":{"rendered":"<p>L&#8217;artista italo-americano ha scelto Firenze per studiare la storia dell&#8217;arte, sulle orme dei maestri del Rinascimento. Poi innamorato della citt\u00e0, \u00e8 tornato a vivere in Toscana<\/p>\n","protected":false},"author":518,"featured_media":324210,"comment_status":"open","ping_status":"open","sticky":false,"template":"","format":"standard","meta":{"_acf_changed":false,"footnotes":""},"categories":[493],"tags":[202,3138],"class_list":["post-324198","post","type-post","status-publish","format-standard","has-post-thumbnail","hentry","category-cultura","tag-firenze","tag-interviste-agli-artisti"],"acf":[],"yoast_head":"<!-- This site is optimized with the Yoast SEO Premium plugin v24.2 (Yoast SEO v25.6) - https:\/\/yoast.com\/wordpress\/plugins\/seo\/ -->\n<title>L&#039;artista Andrew Smaldone da Denver a Firenze per riscoprire una vita &quot;slow&quot; - intoscana<\/title>\n<meta name=\"description\" content=\"L&#039;artista ha scelto Firenze per studiare la storia dell&#039;arte, sulle orme dei nonni, innamorato della citt\u00e0 \u00e8 tornato a vivere qui\" \/>\n<meta name=\"robots\" content=\"index, follow, max-snippet:-1, max-image-preview:large, max-video-preview:-1\" \/>\n<link rel=\"canonical\" href=\"https:\/\/www.intoscana.it\/it\/lartista-andrew-smaldone-da-denver-a-firenze-per-riscoprire-una-vita-slow\/\" \/>\n<meta property=\"og:locale\" content=\"it_IT\" \/>\n<meta property=\"og:type\" content=\"article\" \/>\n<meta property=\"og:title\" content=\"L&#039;artista Andrew Smaldone da Denver a Firenze per riscoprire una vita &quot;slow&quot;\" \/>\n<meta property=\"og:description\" content=\"L&#039;artista ha scelto Firenze per studiare la storia dell&#039;arte, sulle orme dei nonni, innamorato della citt\u00e0 \u00e8 tornato a vivere qui\" \/>\n<meta property=\"og:url\" content=\"https:\/\/www.intoscana.it\/it\/lartista-andrew-smaldone-da-denver-a-firenze-per-riscoprire-una-vita-slow\/\" \/>\n<meta property=\"og:site_name\" content=\"intoscana\" \/>\n<meta property=\"article:publisher\" content=\"https:\/\/www.facebook.com\/intoscana.it\" \/>\n<meta property=\"article:published_time\" content=\"2024-01-29T11:47:56+00:00\" \/>\n<meta property=\"article:modified_time\" content=\"2024-02-02T14:11:44+00:00\" \/>\n<meta property=\"og:image\" content=\"https:\/\/www.intoscana.it\/wp-content\/uploads\/Andrew-Smaldone-2014-srisa-gallery-5-1024x683-1.jpeg\" \/>\n\t<meta property=\"og:image:width\" content=\"1024\" \/>\n\t<meta property=\"og:image:height\" content=\"683\" \/>\n\t<meta property=\"og:image:type\" content=\"image\/jpeg\" \/>\n<meta name=\"author\" content=\"Costanza Baldini\" \/>\n<meta name=\"twitter:card\" content=\"summary_large_image\" \/>\n<meta name=\"twitter:creator\" content=\"@intoscana\" \/>\n<meta name=\"twitter:site\" content=\"@intoscana\" \/>\n<meta name=\"twitter:label1\" content=\"Written by\" \/>\n\t<meta name=\"twitter:data1\" content=\"Costanza Baldini\" \/>\n\t<meta name=\"twitter:label2\" content=\"Est. reading time\" \/>\n\t<meta name=\"twitter:data2\" content=\"2 minuti\" \/>\n<script type=\"application\/ld+json\" class=\"yoast-schema-graph\">{\"@context\":\"https:\/\/schema.org\",\"@graph\":[{\"@type\":\"WebPage\",\"@id\":\"https:\/\/www.intoscana.it\/it\/lartista-andrew-smaldone-da-denver-a-firenze-per-riscoprire-una-vita-slow\/\",\"url\":\"https:\/\/www.intoscana.it\/it\/lartista-andrew-smaldone-da-denver-a-firenze-per-riscoprire-una-vita-slow\/\",\"name\":\"L'artista Andrew Smaldone da Denver a Firenze per riscoprire una vita \\\"slow\\\" - intoscana\",\"isPartOf\":{\"@id\":\"https:\/\/www.intoscana.it\/it\/#website\"},\"primaryImageOfPage\":{\"@id\":\"https:\/\/www.intoscana.it\/it\/lartista-andrew-smaldone-da-denver-a-firenze-per-riscoprire-una-vita-slow\/#primaryimage\"},\"image\":{\"@id\":\"https:\/\/www.intoscana.it\/it\/lartista-andrew-smaldone-da-denver-a-firenze-per-riscoprire-una-vita-slow\/#primaryimage\"},\"thumbnailUrl\":\"https:\/\/www.intoscana.it\/wp-content\/uploads\/Andrew-Smaldone-2014-srisa-gallery-5-1024x683-1.jpeg\",\"datePublished\":\"2024-01-29T11:47:56+00:00\",\"dateModified\":\"2024-02-02T14:11:44+00:00\",\"author\":{\"@id\":\"https:\/\/www.intoscana.it\/it\/#\/schema\/person\/d469f35f09739bdf00bf5dd3f0647a82\"},\"description\":\"L'artista ha scelto Firenze per studiare la storia dell'arte, sulle orme dei nonni, innamorato della citt\u00e0 \u00e8 tornato a vivere qui\",\"breadcrumb\":{\"@id\":\"https:\/\/www.intoscana.it\/it\/lartista-andrew-smaldone-da-denver-a-firenze-per-riscoprire-una-vita-slow\/#breadcrumb\"},\"inLanguage\":\"it-IT\",\"potentialAction\":[{\"@type\":\"ReadAction\",\"target\":[\"https:\/\/www.intoscana.it\/it\/lartista-andrew-smaldone-da-denver-a-firenze-per-riscoprire-una-vita-slow\/\"]}]},{\"@type\":\"ImageObject\",\"inLanguage\":\"it-IT\",\"@id\":\"https:\/\/www.intoscana.it\/it\/lartista-andrew-smaldone-da-denver-a-firenze-per-riscoprire-una-vita-slow\/#primaryimage\",\"url\":\"https:\/\/www.intoscana.it\/wp-content\/uploads\/Andrew-Smaldone-2014-srisa-gallery-5-1024x683-1.jpeg\",\"contentUrl\":\"https:\/\/www.intoscana.it\/wp-content\/uploads\/Andrew-Smaldone-2014-srisa-gallery-5-1024x683-1.jpeg\",\"width\":1024,\"height\":683,\"caption\":\"Andrew Smaldone\"},{\"@type\":\"BreadcrumbList\",\"@id\":\"https:\/\/www.intoscana.it\/it\/lartista-andrew-smaldone-da-denver-a-firenze-per-riscoprire-una-vita-slow\/#breadcrumb\",\"itemListElement\":[{\"@type\":\"ListItem\",\"position\":1,\"name\":\"Home\",\"item\":\"https:\/\/www.intoscana.it\/it\/\"},{\"@type\":\"ListItem\",\"position\":2,\"name\":\"L&#8217;artista Andrew Smaldone da Denver a Firenze per riscoprire una vita &#8220;slow&#8221;\"}]},{\"@type\":\"WebSite\",\"@id\":\"https:\/\/www.intoscana.it\/it\/#website\",\"url\":\"https:\/\/www.intoscana.it\/it\/\",\"name\":\"intoscana\",\"description\":\"\",\"potentialAction\":[{\"@type\":\"SearchAction\",\"target\":{\"@type\":\"EntryPoint\",\"urlTemplate\":\"https:\/\/www.intoscana.it\/it\/?s={search_term_string}\"},\"query-input\":{\"@type\":\"PropertyValueSpecification\",\"valueRequired\":true,\"valueName\":\"search_term_string\"}}],\"inLanguage\":\"it-IT\"},{\"@type\":\"Person\",\"@id\":\"https:\/\/www.intoscana.it\/it\/#\/schema\/person\/d469f35f09739bdf00bf5dd3f0647a82\",\"name\":\"Costanza Baldini\",\"url\":\"https:\/\/www.intoscana.it\/it\/author\/costanza-baldini\/\"}]}<\/script>\n<!-- \/ Yoast SEO Premium plugin. -->","yoast_head_json":{"title":"L'artista Andrew Smaldone da Denver a Firenze per riscoprire una vita \"slow\" - intoscana","description":"L'artista ha scelto Firenze per studiare la storia dell'arte, sulle orme dei nonni, innamorato della citt\u00e0 \u00e8 tornato a vivere qui","robots":{"index":"index","follow":"follow","max-snippet":"max-snippet:-1","max-image-preview":"max-image-preview:large","max-video-preview":"max-video-preview:-1"},"canonical":"https:\/\/www.intoscana.it\/it\/lartista-andrew-smaldone-da-denver-a-firenze-per-riscoprire-una-vita-slow\/","og_locale":"it_IT","og_type":"article","og_title":"L'artista Andrew Smaldone da Denver a Firenze per riscoprire una vita \"slow\"","og_description":"L'artista ha scelto Firenze per studiare la storia dell'arte, sulle orme dei nonni, innamorato della citt\u00e0 \u00e8 tornato a vivere qui","og_url":"https:\/\/www.intoscana.it\/it\/lartista-andrew-smaldone-da-denver-a-firenze-per-riscoprire-una-vita-slow\/","og_site_name":"intoscana","article_publisher":"https:\/\/www.facebook.com\/intoscana.it","article_published_time":"2024-01-29T11:47:56+00:00","article_modified_time":"2024-02-02T14:11:44+00:00","og_image":[{"width":1024,"height":683,"url":"https:\/\/www.intoscana.it\/wp-content\/uploads\/Andrew-Smaldone-2014-srisa-gallery-5-1024x683-1.jpeg","type":"image\/jpeg"}],"author":"Costanza Baldini","twitter_card":"summary_large_image","twitter_creator":"@intoscana","twitter_site":"@intoscana","twitter_misc":{"Written by":"Costanza Baldini","Est. reading time":"2 minuti"},"schema":{"@context":"https:\/\/schema.org","@graph":[{"@type":"WebPage","@id":"https:\/\/www.intoscana.it\/it\/lartista-andrew-smaldone-da-denver-a-firenze-per-riscoprire-una-vita-slow\/","url":"https:\/\/www.intoscana.it\/it\/lartista-andrew-smaldone-da-denver-a-firenze-per-riscoprire-una-vita-slow\/","name":"L'artista Andrew Smaldone da Denver a Firenze per riscoprire una vita \"slow\" - intoscana","isPartOf":{"@id":"https:\/\/www.intoscana.it\/it\/#website"},"primaryImageOfPage":{"@id":"https:\/\/www.intoscana.it\/it\/lartista-andrew-smaldone-da-denver-a-firenze-per-riscoprire-una-vita-slow\/#primaryimage"},"image":{"@id":"https:\/\/www.intoscana.it\/it\/lartista-andrew-smaldone-da-denver-a-firenze-per-riscoprire-una-vita-slow\/#primaryimage"},"thumbnailUrl":"https:\/\/www.intoscana.it\/wp-content\/uploads\/Andrew-Smaldone-2014-srisa-gallery-5-1024x683-1.jpeg","datePublished":"2024-01-29T11:47:56+00:00","dateModified":"2024-02-02T14:11:44+00:00","author":{"@id":"https:\/\/www.intoscana.it\/it\/#\/schema\/person\/d469f35f09739bdf00bf5dd3f0647a82"},"description":"L'artista ha scelto Firenze per studiare la storia dell'arte, sulle orme dei nonni, innamorato della citt\u00e0 \u00e8 tornato a vivere qui","breadcrumb":{"@id":"https:\/\/www.intoscana.it\/it\/lartista-andrew-smaldone-da-denver-a-firenze-per-riscoprire-una-vita-slow\/#breadcrumb"},"inLanguage":"it-IT","potentialAction":[{"@type":"ReadAction","target":["https:\/\/www.intoscana.it\/it\/lartista-andrew-smaldone-da-denver-a-firenze-per-riscoprire-una-vita-slow\/"]}]},{"@type":"ImageObject","inLanguage":"it-IT","@id":"https:\/\/www.intoscana.it\/it\/lartista-andrew-smaldone-da-denver-a-firenze-per-riscoprire-una-vita-slow\/#primaryimage","url":"https:\/\/www.intoscana.it\/wp-content\/uploads\/Andrew-Smaldone-2014-srisa-gallery-5-1024x683-1.jpeg","contentUrl":"https:\/\/www.intoscana.it\/wp-content\/uploads\/Andrew-Smaldone-2014-srisa-gallery-5-1024x683-1.jpeg","width":1024,"height":683,"caption":"Andrew Smaldone"},{"@type":"BreadcrumbList","@id":"https:\/\/www.intoscana.it\/it\/lartista-andrew-smaldone-da-denver-a-firenze-per-riscoprire-una-vita-slow\/#breadcrumb","itemListElement":[{"@type":"ListItem","position":1,"name":"Home","item":"https:\/\/www.intoscana.it\/it\/"},{"@type":"ListItem","position":2,"name":"L&#8217;artista Andrew Smaldone da Denver a Firenze per riscoprire una vita &#8220;slow&#8221;"}]},{"@type":"WebSite","@id":"https:\/\/www.intoscana.it\/it\/#website","url":"https:\/\/www.intoscana.it\/it\/","name":"intoscana","description":"","potentialAction":[{"@type":"SearchAction","target":{"@type":"EntryPoint","urlTemplate":"https:\/\/www.intoscana.it\/it\/?s={search_term_string}"},"query-input":{"@type":"PropertyValueSpecification","valueRequired":true,"valueName":"search_term_string"}}],"inLanguage":"it-IT"},{"@type":"Person","@id":"https:\/\/www.intoscana.it\/it\/#\/schema\/person\/d469f35f09739bdf00bf5dd3f0647a82","name":"Costanza Baldini","url":"https:\/\/www.intoscana.it\/it\/author\/costanza-baldini\/"}]}},"_links":{"self":[{"href":"https:\/\/www.intoscana.it\/it\/wp-json\/wp\/v2\/posts\/324198","targetHints":{"allow":["GET"]}}],"collection":[{"href":"https:\/\/www.intoscana.it\/it\/wp-json\/wp\/v2\/posts"}],"about":[{"href":"https:\/\/www.intoscana.it\/it\/wp-json\/wp\/v2\/types\/post"}],"author":[{"embeddable":true,"href":"https:\/\/www.intoscana.it\/it\/wp-json\/wp\/v2\/users\/518"}],"replies":[{"embeddable":true,"href":"https:\/\/www.intoscana.it\/it\/wp-json\/wp\/v2\/comments?post=324198"}],"version-history":[{"count":10,"href":"https:\/\/www.intoscana.it\/it\/wp-json\/wp\/v2\/posts\/324198\/revisions"}],"predecessor-version":[{"id":324964,"href":"https:\/\/www.intoscana.it\/it\/wp-json\/wp\/v2\/posts\/324198\/revisions\/324964"}],"wp:featuredmedia":[{"embeddable":true,"href":"https:\/\/www.intoscana.it\/it\/wp-json\/wp\/v2\/media\/324210"}],"wp:attachment":[{"href":"https:\/\/www.intoscana.it\/it\/wp-json\/wp\/v2\/media?parent=324198"}],"wp:term":[{"taxonomy":"category","embeddable":true,"href":"https:\/\/www.intoscana.it\/it\/wp-json\/wp\/v2\/categories?post=324198"},{"taxonomy":"post_tag","embeddable":true,"href":"https:\/\/www.intoscana.it\/it\/wp-json\/wp\/v2\/tags?post=324198"}],"curies":[{"name":"wp","href":"https:\/\/api.w.org\/{rel}","templated":true}]}}