{"id":324249,"date":"2024-01-29T14:00:35","date_gmt":"2024-01-29T13:00:35","guid":{"rendered":"https:\/\/www.intoscana.it\/it\/?p=324249"},"modified":"2024-01-29T15:15:43","modified_gmt":"2024-01-29T14:15:43","slug":"un-anno-da-record-per-la-galleria-dellaccademia-un-museo-sempre-piu-accessibile-e-inclusivo","status":"publish","type":"post","link":"https:\/\/www.intoscana.it\/it\/un-anno-da-record-per-la-galleria-dellaccademia-un-museo-sempre-piu-accessibile-e-inclusivo\/","title":{"rendered":"2024 da record per la Galleria dell&#8217;Accademia: un museo sempre pi\u00f9 accessibile e inclusivo"},"content":{"rendered":"<p>Un <strong>record senza precedenti<\/strong> quello segnato dalla <strong><a href=\"https:\/\/www.intoscana.it\/it\/articolo\/tribunale-firenze-diritto-immagine-david\/\" target=\"_blank\" rel=\"noopener\">Galleria dell\u2019Accademia<\/a> di Firenze<\/strong> nell&#8217;ultimo anno.<\/p>\n<p>Durante la direzione di <strong>Cecilie Hollberg<\/strong>, dal 2015 ad oggi, gli ingressi hanno avuto <strong>un incremento del 42%<\/strong>, grazie anche a diverse scelte strategiche come le<strong> aperture serali<\/strong> che si sono tenute durante i periodi estivi.<\/p>\n<p>Nel 2015 si registravano 1.415.409 visitatori, mentre <strong>al 31 dicembre 2023, il museo ne ha contati ben 2.013.974<\/strong>, un trend che \u00e8 andato ad aumentare in maniera esponenziale, nonostante lo stop dei due anni di <strong>pandemia.<\/strong><\/p>\n<p>Un anno che ha visto anche molti e<strong> numerosi cantieri aperti.<\/strong>\u00a0Per celebrare il<strong> David e i suoi 150 anni dall\u2019arrivo in Galleria<\/strong>, \u00e8 stata effettuata una pulizia approfondita del lucernario e la sua messa in sicurezza. L\u2019effetto della luce naturale, che filtra in maniera eccellente, insieme alle <strong>nuove luci a LED<\/strong>, crea nella Tribuna un\u2019atmosfera suggestiva che evidenzia, a seconda delle ore della giornata, tutti i dettagli scolpiti da Michelangelo.<\/p>\n<p><strong>Nuovo allestimento anche per la sala della collezione degli strumenti musicali<\/strong> a tastiera: oggi \u00e8 dotata di una nuova illuminazione con faretti a LED ed \u00e8 stata creata una pedana per migliorare l\u2019esposizione di queste eccellenze e nella breve chiusura della sala sono stati effettuati, in pochi giorni, controlli sullo stato degli strumenti.<\/p>\n<p>Infine i cantieri hanno interessato anche <strong>la sala di ingresso del museo e l\u2019esterno,<\/strong> dove \u00e8 attualmente in corso il <strong>restauro conservativo della facciata<\/strong> principale dell\u2019edificio di Via Ricasoli.<\/p>\n<p>Un <strong>museo sempre pi\u00f9 accessibile e inclusivo:<\/strong> <em>\u201cL\u2019arte e la cultura<\/em> &#8211; come ha sottolineato<strong> la direttrice Hollberg &#8211;<\/strong><em> svolgono un ruolo sociale oltre che educativo, emotivo e terapeutico\u201d. In linea con le ultimissime indicazioni dell\u2019<strong>ICOM, International Council of Museums,<\/strong> la Galleria dell\u2019Accademia di Firenze ha fatto propria, da subito, la nuova definizione di <strong>musei ovvero \u201caperti al pubblico, accessibili e inclusivi<\/strong>, i musei promuovono la diversit\u00e0 e la sostenibilit\u00e0\u201d, come dimostra il percorso tattile per pubblici con diversit\u00e0 visive, messo a punto gi\u00e0 con il nuovo riallestimento. Seguendo questa importante impostazione, nel 2023, \u00e8 entrata a far parte del progetto Welfare Culturale, <strong>\u201cl\u2019arte e i musei per tutti\u201d &#8211;<\/strong> grazie alla collaborazione con l\u2019<strong>Immaginario Associazione Culturale e la Fondazione Cassa di Risparmio di Firenze &#8211;<\/strong> che si pone l\u2019obiettivo di abbattere barriere fisiche e cognitive, attraverso l\u2019incontro con l\u2019arte e gli altri. Il progetto, che prosegue anche nel 2024, si articola in due differenti tipologie di visite guidate intorno ad alcune opere della Galleria: \u201c<strong>Musei Oltre Percorsi di partecipazione culturale con persone neurodiverse, persone con disabilit\u00e0 cognitive o con disagio psichico\u201d e \u201cOverArt Esperienze al museo con persone over 65<\/strong>\u201d, che contano la presenza di 180 partecipanti, suddivisi in piccoli gruppi, per circa 30 visite in totale.&#8221;<\/em><\/p>\n<figure id=\"post-263591 media-263591\" class=\"align-none\"><img decoding=\"async\" src=\"https:\/\/www.intoscana.it\/wp-content\/uploads\/34A-\u00a9luigispina-courtesy-5-Continents-Editions-1.jpg\" alt=\"\" \/><\/figure>\n<h3>Le mostre e le nuove acquisizioni<\/h3>\n<p>Il 2023 si \u00e8 aperto con la mostra<a href=\"https:\/\/www.intoscana.it\/it\/articolo\/i-bronzi-di-riace-nelle-foto-di-luigi-spina-alla-galleria-dellaccademia\/\" target=\"_blank\" rel=\"noopener\"><strong> I Bronzi di Riace<\/strong> <\/a>un percorso attraverso le <strong>fotografie di Luigi Spina<\/strong>, a cura di Carmelo Malacrino direttore del MArRC, e realizzata proprio in collaborazione con il <a href=\"https:\/\/www.museoarcheologicoreggiocalabria.it\" target=\"_blank\" rel=\"noopener\"><strong>Museo Archeologico Nazionale Reggio Calabria<\/strong> <\/a>per il cinquantesimo anno dalla scoperta di queste incredibili statue del secolo d\u2019oro dell\u2019arte greca.<\/p>\n<p>Il 27 novembre scorso, \u00e8 stata inaugurata la prima mostra monografica in Europa dedicata a<a href=\"https:\/\/www.intoscana.it\/it\/articolo\/alla-galleria-dellaccademia-la-1-mostra-monografica-dedicata-a-pier-francesco-foschi\/\" target=\"_blank\" rel=\"noopener\"><strong> Pier Francesco Foschi<\/strong> <\/a>(1502-1567) un&#8217;esposizione che raccoglie, suddivise in cinque sezioni, <strong>oltre 40 opere autografe<\/strong> provenienti da varie istituzioni e collezioni, pubbliche e private, dall\u2019Italia e dall\u2019estero, con cui \u00e8 stato possibile ricostruire la sua prolifica attivit\u00e0, comprenderne meglio la personalit\u00e0 artistica, <strong>il suo ruolo nel contesto della pittura fiorentina del Cinquecento.<\/strong><\/p>\n<p>Nuove opere sono entrate a far parte, grazie a due acquisizioni, delle collezioni del museo. La prima, <strong>un busto in marmo che ritrae<a href=\"https:\/\/www.intoscana.it\/it\/articolo\/alla-galleria-dellaccademia-di-firenze-il-busto-in-marmo-di-napoleone-bonaparte\/\" target=\"_blank\" rel=\"noopener\"> Napoleone Bonaparte,<\/a><\/strong> firmato da <strong>Lorenzo Bartolini,<\/strong> adesso esposto nella Gipsoteca.<\/p>\n<p>La seconda, il <strong><a href=\"https:\/\/www.intoscana.it\/it\/articolo\/alla-galleria-dellaccademia-di-firenze-arriva-il-prezioso-crocifisso-corsi\/\" target=\"_blank\" rel=\"noopener\">Crocifisso Corsi<\/a>,<\/strong> \u00e8 un dipinto del primo quarto del XIV secolo di un pittore fiorentino che prende il nome proprio da questa tavola, il Maestro del Crocifisso Corsi, collocato nelle sale del Duecento e Trecento. La tavola \u00e8 stata fondamentale per l\u2019identificazione del Maestro che l\u2019ha realizzata, come testimoniano gli studi prima di <strong>Richard Offner,<\/strong> nel 1931, e successivamente di <strong>Mikl\u00f3s Boskovits<\/strong>, negli anni \u201980.<\/p>\n<h3>La digitalizzazione: la Galleria dell&#8217;Accademia \u00e8 online<\/h3>\n<p>\u00c8 stata conclusa la totale<strong> digitalizzazione di tutte le opere della Galleria dell\u2019Accademia<\/strong>. Tutti gli eventi organizzati all\u2019interno della Galleria sono stati documentati e si possono vedere su <a href=\"https:\/\/www.galleriaaccademiafirenze.it\/accademia-online\/\" target=\"_blank\" rel=\"noopener\"><strong>ACCADEMIA ON LINE<\/strong><\/a>, il canale digitale che si arricchisce sempre di <strong>nuovi contenuti video,<\/strong> con format pensati per tipologie diverse di utenti, dai pi\u00f9 piccoli ai pi\u00f9 grandi, <strong>in italiano e in inglese.<\/strong><\/p>\n<p>In seguito al clamore suscitato in Florida, per aver mostrato il David in una lezione di Storia dell\u2019arte,<strong> la Galleria ha lanciato l\u2019hashtag #davidagainstignorance<\/strong>, a sostegno della<strong> preside Hope Carrasquilla,<\/strong> ma soprattutto contro l\u2019ignoranza culturale che vuole classificare pornografica la bellezza della scultura del Rinascimento.<\/p>\n<figure id=\"post-324251 media-324251\" class=\"align-none\"><img decoding=\"async\" src=\"https:\/\/www.intoscana.it\/wp-content\/uploads\/Galleria-Accademia-Firenze_Drusilla-preferisce-Venere-2.jpg\" alt=\"\" \/><\/figure>\n<h3>Il futuro della Galleria dell&#8217;Accademia<\/h3>\n<p>Moltissimi gli incontri e gli eventi organizzati dalla <strong>Galleria dell&#8217;Accademia<\/strong> per venire incontro a un pubblico sempre pi\u00f9 vasto.<\/p>\n<p>Vera <strong>punta di diamante<\/strong> \u00e8 stato a novembre l\u2019incontro con una star dello spettacolo tra le pi\u00f9 amate in assoluto,<strong> Drusilla Foer<\/strong> in <strong><em>\u201c<a href=\"https:\/\/www.intoscana.it\/it\/articolo\/drusilla-preferisce-venere-serata-evento-alla-galleria-dellaccademia\/\" target=\"_blank\" rel=\"noopener\">DRUSILLA preferisce VENERE<\/a>\u201d,<\/em><\/strong> una brillante, ironica e sagace conversazione con Cecilie Hollberg su <strong>Venere e Cupido, un dipinto del Pontormo<\/strong>, esposto in Galleria.<\/p>\n<p>Ma <strong>il 2024 non sar\u00e0 da meno,<\/strong> in \u00a0occasione della mostra dedicata a Pier Francesco Foschi<strong>, luned\u00ec 4 marzo,<\/strong> si terr\u00e0 <strong>una giornata di studi, la prima dedicata a questo artista,<\/strong> che contribuir\u00e0 a mettere a fuoco il suo percorso dagli anni giovanili alla maturit\u00e0.<\/p>\n<p>Per le celebrazioni dell\u2019<strong>ottavo centenario dalla morte di <a href=\"https:\/\/www.intoscana.it\/it\/articolo\/san-francesco-nellarte-cinque-opere-da-vedere-in-toscana\/\" target=\"_blank\" rel=\"noopener\">San Francesco,<\/a><\/strong> la Galleria dell\u2019Accademia insieme all<a href=\"https:\/\/www.santacroceopera.it\" target=\"_blank\" rel=\"noopener\"><strong>\u2019Opera di Santa Croce<\/strong><\/a> sta realizzando un nuovo progetto che consentir\u00e0 la <strong>ricostruzione virtuale dell\u2019armadio della sacrestia di Santa Croce<\/strong>, originariamente composto da 28 dipinti su tavola di <strong>Taddeo Gaddi,<\/strong> che rappresentano le Storie di San Francesco, molte delle quali conservate proprio alla Galleria.<\/p>\n<p>Nel 2024 prender\u00e0 il via una collaborazione fra la<strong> Galleria dell\u2019Accademia di Firenze, la Soprintendenza Archeologia, Belle Arti e Paesaggio<\/strong> per la citt\u00e0 metropolitana di Firenze e le province di Pistoia e Prato e la<strong> Scuola universitaria professionale della Svizzera italiana \u2013 SUPSI,<\/strong> per un progetto di ricerca scientifica sui modelli in gesso di <strong>Lorenzo Bartolini<\/strong> con indagini approfondite, attraverso scansioni, metodi e tecnologie di ultimissima generazione, mai eseguiti prima.<\/p>\n<p>Infine nuovo look per il <strong>bookshop nel 2024 che sar\u00e0 riallestito e ammodernato<\/strong>, in sintonia con l\u2019attuale percorso espositivo. Nuovo look anche per le divise del personale di sala che saranno ridisegnate dagli studenti del<a href=\"https:\/\/www.polimoda.com\/it\/\" target=\"_blank\" rel=\"noopener\"><strong> POLIMODA, The Fashion School in Florence.<\/strong><\/a><\/p>\n<figure id=\"post-272049 media-272049\" class=\"align-none\"><img decoding=\"async\" src=\"https:\/\/www.intoscana.it\/wp-content\/uploads\/Galleria-dellAccademia-di-Firenze-Gipsoteca-foto-Guido-Cozzi-005021-2.jpg\" alt=\"\" \/><\/figure>\n<div class=\"titleimg\"><em>Galleria dell\u2019Accademia di Firenze \u2013 Gipsoteca \u2013 foto Guido Cozzi\u00a0<\/em><\/div>\n","protected":false},"excerpt":{"rendered":"<p>Durante la direzione di Cecilie Hollberg, dal 2015 ad oggi, gli ingressi hanno avuto un incremento del 42%, grazie anche a diverse scelte strategiche come le aperture serali durante i periodi estivi<\/p>\n","protected":false},"author":518,"featured_media":324250,"comment_status":"open","ping_status":"open","sticky":false,"template":"","format":"standard","meta":{"_acf_changed":false,"footnotes":""},"categories":[493],"tags":[202,2525,226],"class_list":["post-324249","post","type-post","status-publish","format-standard","has-post-thumbnail","hentry","category-cultura","tag-firenze","tag-galleria-dellaccademia","tag-musei"],"acf":[],"yoast_head":"<!-- This site is optimized with the Yoast SEO Premium plugin v24.2 (Yoast SEO v25.6) - https:\/\/yoast.com\/wordpress\/plugins\/seo\/ -->\n<title>2024 da record per la Galleria dell&#039;Accademia: un museo sempre pi\u00f9 accessibile e inclusivo - intoscana<\/title>\n<meta name=\"description\" content=\"Durante la direzione di Cecilie Hollberg, dal 2015 ad oggi, gli ingressi hanno avuto un incremento del 42%, grazie anche alle aperture serali\" \/>\n<meta name=\"robots\" content=\"index, follow, max-snippet:-1, max-image-preview:large, max-video-preview:-1\" \/>\n<link rel=\"canonical\" href=\"https:\/\/www.intoscana.it\/it\/un-anno-da-record-per-la-galleria-dellaccademia-un-museo-sempre-piu-accessibile-e-inclusivo\/\" \/>\n<meta property=\"og:locale\" content=\"it_IT\" \/>\n<meta property=\"og:type\" content=\"article\" \/>\n<meta property=\"og:title\" content=\"2024 da record per la Galleria dell&#039;Accademia: un museo sempre pi\u00f9 accessibile e inclusivo\" \/>\n<meta property=\"og:description\" content=\"Durante la direzione di Cecilie Hollberg, dal 2015 ad oggi, gli ingressi hanno avuto un incremento del 42%, grazie anche alle aperture serali\" \/>\n<meta property=\"og:url\" content=\"https:\/\/www.intoscana.it\/it\/un-anno-da-record-per-la-galleria-dellaccademia-un-museo-sempre-piu-accessibile-e-inclusivo\/\" \/>\n<meta property=\"og:site_name\" content=\"intoscana\" \/>\n<meta property=\"article:publisher\" content=\"https:\/\/www.facebook.com\/intoscana.it\" \/>\n<meta property=\"article:published_time\" content=\"2024-01-29T13:00:35+00:00\" \/>\n<meta property=\"article:modified_time\" content=\"2024-01-29T14:15:43+00:00\" \/>\n<meta property=\"og:image\" content=\"https:\/\/www.intoscana.it\/wp-content\/uploads\/galleria-Accademia-Firenze_cecilie-Hollberg-con-Hope-Carrasquilla.jpg\" \/>\n\t<meta property=\"og:image:width\" content=\"1500\" \/>\n\t<meta property=\"og:image:height\" content=\"1001\" \/>\n\t<meta property=\"og:image:type\" content=\"image\/jpeg\" \/>\n<meta name=\"author\" content=\"Costanza Baldini\" \/>\n<meta name=\"twitter:card\" content=\"summary_large_image\" \/>\n<meta name=\"twitter:creator\" content=\"@intoscana\" \/>\n<meta name=\"twitter:site\" content=\"@intoscana\" \/>\n<meta name=\"twitter:label1\" content=\"Written by\" \/>\n\t<meta name=\"twitter:data1\" content=\"Costanza Baldini\" \/>\n\t<meta name=\"twitter:label2\" content=\"Est. reading time\" \/>\n\t<meta name=\"twitter:data2\" content=\"5 minuti\" \/>\n<script type=\"application\/ld+json\" class=\"yoast-schema-graph\">{\"@context\":\"https:\/\/schema.org\",\"@graph\":[{\"@type\":\"WebPage\",\"@id\":\"https:\/\/www.intoscana.it\/it\/un-anno-da-record-per-la-galleria-dellaccademia-un-museo-sempre-piu-accessibile-e-inclusivo\/\",\"url\":\"https:\/\/www.intoscana.it\/it\/un-anno-da-record-per-la-galleria-dellaccademia-un-museo-sempre-piu-accessibile-e-inclusivo\/\",\"name\":\"2024 da record per la Galleria dell'Accademia: un museo sempre pi\u00f9 accessibile e inclusivo - intoscana\",\"isPartOf\":{\"@id\":\"https:\/\/www.intoscana.it\/it\/#website\"},\"primaryImageOfPage\":{\"@id\":\"https:\/\/www.intoscana.it\/it\/un-anno-da-record-per-la-galleria-dellaccademia-un-museo-sempre-piu-accessibile-e-inclusivo\/#primaryimage\"},\"image\":{\"@id\":\"https:\/\/www.intoscana.it\/it\/un-anno-da-record-per-la-galleria-dellaccademia-un-museo-sempre-piu-accessibile-e-inclusivo\/#primaryimage\"},\"thumbnailUrl\":\"https:\/\/www.intoscana.it\/wp-content\/uploads\/galleria-Accademia-Firenze_cecilie-Hollberg-con-Hope-Carrasquilla.jpg\",\"datePublished\":\"2024-01-29T13:00:35+00:00\",\"dateModified\":\"2024-01-29T14:15:43+00:00\",\"author\":{\"@id\":\"https:\/\/www.intoscana.it\/it\/#\/schema\/person\/d469f35f09739bdf00bf5dd3f0647a82\"},\"description\":\"Durante la direzione di Cecilie Hollberg, dal 2015 ad oggi, gli ingressi hanno avuto un incremento del 42%, grazie anche alle aperture serali\",\"breadcrumb\":{\"@id\":\"https:\/\/www.intoscana.it\/it\/un-anno-da-record-per-la-galleria-dellaccademia-un-museo-sempre-piu-accessibile-e-inclusivo\/#breadcrumb\"},\"inLanguage\":\"it-IT\",\"potentialAction\":[{\"@type\":\"ReadAction\",\"target\":[\"https:\/\/www.intoscana.it\/it\/un-anno-da-record-per-la-galleria-dellaccademia-un-museo-sempre-piu-accessibile-e-inclusivo\/\"]}]},{\"@type\":\"ImageObject\",\"inLanguage\":\"it-IT\",\"@id\":\"https:\/\/www.intoscana.it\/it\/un-anno-da-record-per-la-galleria-dellaccademia-un-museo-sempre-piu-accessibile-e-inclusivo\/#primaryimage\",\"url\":\"https:\/\/www.intoscana.it\/wp-content\/uploads\/galleria-Accademia-Firenze_cecilie-Hollberg-con-Hope-Carrasquilla.jpg\",\"contentUrl\":\"https:\/\/www.intoscana.it\/wp-content\/uploads\/galleria-Accademia-Firenze_cecilie-Hollberg-con-Hope-Carrasquilla.jpg\",\"width\":1500,\"height\":1001},{\"@type\":\"BreadcrumbList\",\"@id\":\"https:\/\/www.intoscana.it\/it\/un-anno-da-record-per-la-galleria-dellaccademia-un-museo-sempre-piu-accessibile-e-inclusivo\/#breadcrumb\",\"itemListElement\":[{\"@type\":\"ListItem\",\"position\":1,\"name\":\"Home\",\"item\":\"https:\/\/www.intoscana.it\/it\/\"},{\"@type\":\"ListItem\",\"position\":2,\"name\":\"2024 da record per la Galleria dell&#8217;Accademia: un museo sempre pi\u00f9 accessibile e inclusivo\"}]},{\"@type\":\"WebSite\",\"@id\":\"https:\/\/www.intoscana.it\/it\/#website\",\"url\":\"https:\/\/www.intoscana.it\/it\/\",\"name\":\"intoscana\",\"description\":\"\",\"potentialAction\":[{\"@type\":\"SearchAction\",\"target\":{\"@type\":\"EntryPoint\",\"urlTemplate\":\"https:\/\/www.intoscana.it\/it\/?s={search_term_string}\"},\"query-input\":{\"@type\":\"PropertyValueSpecification\",\"valueRequired\":true,\"valueName\":\"search_term_string\"}}],\"inLanguage\":\"it-IT\"},{\"@type\":\"Person\",\"@id\":\"https:\/\/www.intoscana.it\/it\/#\/schema\/person\/d469f35f09739bdf00bf5dd3f0647a82\",\"name\":\"Costanza Baldini\",\"url\":\"https:\/\/www.intoscana.it\/it\/author\/costanza-baldini\/\"}]}<\/script>\n<!-- \/ Yoast SEO Premium plugin. -->","yoast_head_json":{"title":"2024 da record per la Galleria dell'Accademia: un museo sempre pi\u00f9 accessibile e inclusivo - intoscana","description":"Durante la direzione di Cecilie Hollberg, dal 2015 ad oggi, gli ingressi hanno avuto un incremento del 42%, grazie anche alle aperture serali","robots":{"index":"index","follow":"follow","max-snippet":"max-snippet:-1","max-image-preview":"max-image-preview:large","max-video-preview":"max-video-preview:-1"},"canonical":"https:\/\/www.intoscana.it\/it\/un-anno-da-record-per-la-galleria-dellaccademia-un-museo-sempre-piu-accessibile-e-inclusivo\/","og_locale":"it_IT","og_type":"article","og_title":"2024 da record per la Galleria dell'Accademia: un museo sempre pi\u00f9 accessibile e inclusivo","og_description":"Durante la direzione di Cecilie Hollberg, dal 2015 ad oggi, gli ingressi hanno avuto un incremento del 42%, grazie anche alle aperture serali","og_url":"https:\/\/www.intoscana.it\/it\/un-anno-da-record-per-la-galleria-dellaccademia-un-museo-sempre-piu-accessibile-e-inclusivo\/","og_site_name":"intoscana","article_publisher":"https:\/\/www.facebook.com\/intoscana.it","article_published_time":"2024-01-29T13:00:35+00:00","article_modified_time":"2024-01-29T14:15:43+00:00","og_image":[{"width":1500,"height":1001,"url":"https:\/\/www.intoscana.it\/wp-content\/uploads\/galleria-Accademia-Firenze_cecilie-Hollberg-con-Hope-Carrasquilla.jpg","type":"image\/jpeg"}],"author":"Costanza Baldini","twitter_card":"summary_large_image","twitter_creator":"@intoscana","twitter_site":"@intoscana","twitter_misc":{"Written by":"Costanza Baldini","Est. reading time":"5 minuti"},"schema":{"@context":"https:\/\/schema.org","@graph":[{"@type":"WebPage","@id":"https:\/\/www.intoscana.it\/it\/un-anno-da-record-per-la-galleria-dellaccademia-un-museo-sempre-piu-accessibile-e-inclusivo\/","url":"https:\/\/www.intoscana.it\/it\/un-anno-da-record-per-la-galleria-dellaccademia-un-museo-sempre-piu-accessibile-e-inclusivo\/","name":"2024 da record per la Galleria dell'Accademia: un museo sempre pi\u00f9 accessibile e inclusivo - intoscana","isPartOf":{"@id":"https:\/\/www.intoscana.it\/it\/#website"},"primaryImageOfPage":{"@id":"https:\/\/www.intoscana.it\/it\/un-anno-da-record-per-la-galleria-dellaccademia-un-museo-sempre-piu-accessibile-e-inclusivo\/#primaryimage"},"image":{"@id":"https:\/\/www.intoscana.it\/it\/un-anno-da-record-per-la-galleria-dellaccademia-un-museo-sempre-piu-accessibile-e-inclusivo\/#primaryimage"},"thumbnailUrl":"https:\/\/www.intoscana.it\/wp-content\/uploads\/galleria-Accademia-Firenze_cecilie-Hollberg-con-Hope-Carrasquilla.jpg","datePublished":"2024-01-29T13:00:35+00:00","dateModified":"2024-01-29T14:15:43+00:00","author":{"@id":"https:\/\/www.intoscana.it\/it\/#\/schema\/person\/d469f35f09739bdf00bf5dd3f0647a82"},"description":"Durante la direzione di Cecilie Hollberg, dal 2015 ad oggi, gli ingressi hanno avuto un incremento del 42%, grazie anche alle aperture serali","breadcrumb":{"@id":"https:\/\/www.intoscana.it\/it\/un-anno-da-record-per-la-galleria-dellaccademia-un-museo-sempre-piu-accessibile-e-inclusivo\/#breadcrumb"},"inLanguage":"it-IT","potentialAction":[{"@type":"ReadAction","target":["https:\/\/www.intoscana.it\/it\/un-anno-da-record-per-la-galleria-dellaccademia-un-museo-sempre-piu-accessibile-e-inclusivo\/"]}]},{"@type":"ImageObject","inLanguage":"it-IT","@id":"https:\/\/www.intoscana.it\/it\/un-anno-da-record-per-la-galleria-dellaccademia-un-museo-sempre-piu-accessibile-e-inclusivo\/#primaryimage","url":"https:\/\/www.intoscana.it\/wp-content\/uploads\/galleria-Accademia-Firenze_cecilie-Hollberg-con-Hope-Carrasquilla.jpg","contentUrl":"https:\/\/www.intoscana.it\/wp-content\/uploads\/galleria-Accademia-Firenze_cecilie-Hollberg-con-Hope-Carrasquilla.jpg","width":1500,"height":1001},{"@type":"BreadcrumbList","@id":"https:\/\/www.intoscana.it\/it\/un-anno-da-record-per-la-galleria-dellaccademia-un-museo-sempre-piu-accessibile-e-inclusivo\/#breadcrumb","itemListElement":[{"@type":"ListItem","position":1,"name":"Home","item":"https:\/\/www.intoscana.it\/it\/"},{"@type":"ListItem","position":2,"name":"2024 da record per la Galleria dell&#8217;Accademia: un museo sempre pi\u00f9 accessibile e inclusivo"}]},{"@type":"WebSite","@id":"https:\/\/www.intoscana.it\/it\/#website","url":"https:\/\/www.intoscana.it\/it\/","name":"intoscana","description":"","potentialAction":[{"@type":"SearchAction","target":{"@type":"EntryPoint","urlTemplate":"https:\/\/www.intoscana.it\/it\/?s={search_term_string}"},"query-input":{"@type":"PropertyValueSpecification","valueRequired":true,"valueName":"search_term_string"}}],"inLanguage":"it-IT"},{"@type":"Person","@id":"https:\/\/www.intoscana.it\/it\/#\/schema\/person\/d469f35f09739bdf00bf5dd3f0647a82","name":"Costanza Baldini","url":"https:\/\/www.intoscana.it\/it\/author\/costanza-baldini\/"}]}},"_links":{"self":[{"href":"https:\/\/www.intoscana.it\/it\/wp-json\/wp\/v2\/posts\/324249","targetHints":{"allow":["GET"]}}],"collection":[{"href":"https:\/\/www.intoscana.it\/it\/wp-json\/wp\/v2\/posts"}],"about":[{"href":"https:\/\/www.intoscana.it\/it\/wp-json\/wp\/v2\/types\/post"}],"author":[{"embeddable":true,"href":"https:\/\/www.intoscana.it\/it\/wp-json\/wp\/v2\/users\/518"}],"replies":[{"embeddable":true,"href":"https:\/\/www.intoscana.it\/it\/wp-json\/wp\/v2\/comments?post=324249"}],"version-history":[{"count":15,"href":"https:\/\/www.intoscana.it\/it\/wp-json\/wp\/v2\/posts\/324249\/revisions"}],"predecessor-version":[{"id":324290,"href":"https:\/\/www.intoscana.it\/it\/wp-json\/wp\/v2\/posts\/324249\/revisions\/324290"}],"wp:featuredmedia":[{"embeddable":true,"href":"https:\/\/www.intoscana.it\/it\/wp-json\/wp\/v2\/media\/324250"}],"wp:attachment":[{"href":"https:\/\/www.intoscana.it\/it\/wp-json\/wp\/v2\/media?parent=324249"}],"wp:term":[{"taxonomy":"category","embeddable":true,"href":"https:\/\/www.intoscana.it\/it\/wp-json\/wp\/v2\/categories?post=324249"},{"taxonomy":"post_tag","embeddable":true,"href":"https:\/\/www.intoscana.it\/it\/wp-json\/wp\/v2\/tags?post=324249"}],"curies":[{"name":"wp","href":"https:\/\/api.w.org\/{rel}","templated":true}]}}