{"id":324260,"date":"2024-01-29T14:19:06","date_gmt":"2024-01-29T13:19:06","guid":{"rendered":"https:\/\/www.intoscana.it\/it\/?p=324260"},"modified":"2024-01-29T14:19:06","modified_gmt":"2024-01-29T13:19:06","slug":"il-collezionista-franco-bertini-dona-quattro-opere-a-palazzo-pretorio-e-al-palazzo-comunale-di-prato","status":"publish","type":"post","link":"https:\/\/www.intoscana.it\/it\/il-collezionista-franco-bertini-dona-quattro-opere-a-palazzo-pretorio-e-al-palazzo-comunale-di-prato\/","title":{"rendered":"Il collezionista Franco Bertini dona quattro opere a Palazzo Pretorio e al Palazzo Comunale di Prato"},"content":{"rendered":"<p><strong>Quattro opere d&#8217;arte<\/strong> andranno ad impreziosire il percorso espositivo del <strong>Museo di Palazzo Pretorio e del Palazzo Comunale di Prato:<\/strong> \u00e8 il lascito del collezionista pratese<strong> Franco Bertini al Comune di Prato<\/strong>.<\/p>\n<p>Le opere appartengono ad<strong> artisti molto diversi tra loro<\/strong> per influenze artistiche e percorso di vita.<\/p>\n<p><em>&#8220;Franco Bertini \u00e8 un amico del Museo di Palazzo Pretorio ed \u00e8 un amico della citt\u00e0. Grande collezionista di arte pratese del Novecento, rinsalda con questa donazione una relazione gi\u00e0 forte e riconosciuta&#8221;<\/em> dichiara <strong>Simone Mangani, Assessore alla Cultura del Comune di Prato.<\/strong><\/p>\n<h3>Le opere donate da Franco Bertini<\/h3>\n<p><strong>La madre,<\/strong> dipinta dal pittore pratese <strong>Arrigo Del Rigo<\/strong> nel 1928, sar\u00e0 collocata all&#8217;ultimo piano del <strong>Museo di Palazzo Pretorio<\/strong>, nella sezione dedicata all&#8217;arte del Ventesimo Secolo, vicino all&#8217;Autoritratto (1926) dello stesso pittore.<\/p>\n<p>Definita dal critico Attilio Maltinti &#8220;<strong><em>un&#8217;opera che racchiude la classicit\u00e0 della tradizione toscana, e al tempo stesso la &#8220;grandezza&#8221; delle piccole cose&#8221;<\/em><\/strong>, questo olio su tavola emana una dignit\u00e0 senza retorica, priva di teatralit\u00e0, o forzatura, e rappresenta in pieno l&#8217;essenza di Del Rigo: un&#8217;anima delicata e inquieta, quella di un artista sbocciato precocemente ma anche prematuramente scomparso, a soli ventiquattro anni.<\/p>\n<p><strong>La collezione del Palazzo Comunale<\/strong> accoglier\u00e0 invece &#8211; al primo piano &#8211; l&#8217;opera di un altro artista pratese,<strong> Gino Signori<\/strong>; chiamata originariamente <strong><em>La grande solitudine,<\/em> <\/strong>(come si evince dal retro dell&#8217;opera, dove la prima denominazione \u00e8 stata cancellata con un frego nero), la tela, dipinta nel 1973, fu poi rinominata <strong><em>L&#8217;abbraccio.<\/em> <\/strong><\/p>\n<figure id=\"post-324265 media-324265\" class=\"align-none\"><img decoding=\"async\" src=\"https:\/\/www.intoscana.it\/wp-content\/uploads\/4_Thomas-Patch-da-Fra-Bartolomeo-Testa-di-San-Giuseppe-scaled.jpg\" alt=\"\" \/><\/figure>\n<div class=\"titleimg\">Thomas Patch (da Fra\u2019 Bartolomeo) \u2013 Testa di San Giuseppe<\/div>\n<p>Come tante opere di Signori, anche questa gli fu ispirata dall&#8217;esperienza della <strong>Seconda Guerra Mondiale,<\/strong> e pi\u00f9 precisamente dal periodo di internamento presso il <strong>campo di concentramento di Sandbostel,<\/strong> nei pressi di Amburgo. Fu proprio a causa degli eventi occorsi durante quel periodo che molti anni dopo, nel 1984, <strong>Gino Signori<\/strong> fu designato come<strong> Giusto tra le Nazioni dallo Yad Yashem<\/strong>, per l&#8217;eroico salvataggio di una ragazzina ebrea sottratta a morte certa e nascosta tra mille pericoli, che poi per un evento fortuito avrebbe riabbracciato molti anni dopo, nel 1964.<strong><br \/>\n<\/strong><br \/>\nMolto diverse tra loro le storie delle altre due opere donate da<strong> Franco Bertini al Comune di Prato<\/strong>: una \u00e8 un&#8217;incisione della<strong><em> Testa di San Giuseppe<\/em><\/strong>, datata 1771-72, dell&#8217;artista inglese <strong>Thomas Patch,<\/strong> che visse a Firenze gran parte della vita e realizz\u00f2 nel capoluogo fiorentino un&#8217;ampia serie di stampe e dipinti con vedute, tra cui un volume dedicato a Fra&#8217; Bartolomeo, da cui \u00e8 tratta l&#8217;incisione donata da Bertini.<\/p>\n<p>L&#8217;altra opera, realizzata nel 2022 da <strong><em>I Miradebora<\/em><\/strong> (duo di artisti composto da <strong>Massimo Biagi, in arte Miradario, e Debora Di Bella<\/strong>) \u00e8 una rielaborazione fotografica in bianco e nero denominata <strong>Dialogo Franco<\/strong>, omaggio a Bertini e alla sua passione per l&#8217;arte.<\/p>\n<figure id=\"post-324264 media-324264\" class=\"align-none\"><img decoding=\"async\" src=\"https:\/\/www.intoscana.it\/wp-content\/uploads\/3_I-Miradebora-Dialogo-Franco-scaled.jpg\" alt=\"\" \/><\/figure>\n<div class=\"titleimg\">I Miradebora \u2013 Dialogo Franco<\/div>\n<h3>Il collezionista Franco Bertini<\/h3>\n<p><strong>Franco Bertini,<\/strong> nato a Prato il 29 gennaio 1943, fin da ragazzo si \u00e8 appassionato di arte. Dopo il matrimonio, nel 1967, <strong>ha iniziato a collezionare opere di artisti di diversa provenienza<\/strong>, fino al 1991, quando ha deciso di dedicarsi esclusivamente alla collezione di <strong>opere di artisti pratesi. <\/strong><\/p>\n<p><strong>Ha organizzato circa 500 mostre,<\/strong> dal 1997, anno del suo pensionamento, ad oggi, nella provincia di Prato e Firenze.<\/p>\n<p>Nel 1999 ha organizzato una mostra della sua collezione nella <strong>cripta della chiesa di San Giorgio a Colonica<\/strong>. Nel 2009 ha donato 120 opere all&#8217;<strong>Istituto Santa Rita di Prato,<\/strong> che sono state collocate nella chiesa di Santa Chiara e in altri locali.<\/p>\n<p>Nel 2019 \u00e8 stato dedicato alla memoria di sua figlia Francesca<strong> l&#8217;affresco dell&#8217;artista Gabriella Furlani<\/strong>, dal titolo <strong><em>Angeli custodi,<\/em><\/strong> collocato presso l&#8217;Istituto santa Rita ai Cappuccini.<\/p>\n<figure id=\"post-324261 media-324261\" class=\"align-none\"><img decoding=\"async\" src=\"https:\/\/www.intoscana.it\/wp-content\/uploads\/0_Franco-Bertini-e-Labbraccio-al-Palazzo-Comunale-2-scaled.jpg\" alt=\"\" \/><\/figure>\n<div class=\"titleimg\"><em>Franco Bertini e \u201dL\u2019abbraccio\u201d al Palazzo Comunale<\/em><\/div>\n","protected":false},"excerpt":{"rendered":"<p>Quattro le opere donate dal collezionista Franco Bertini al Comune di Prato, che saranno visibili nel percorso espositivo del Museo di Palazzo Pretorio e del Palazzo Comunale<\/p>\n","protected":false},"author":525,"featured_media":324267,"comment_status":"open","ping_status":"open","sticky":false,"template":"","format":"standard","meta":{"_acf_changed":false,"footnotes":""},"categories":[493],"tags":[226,5184,259],"class_list":["post-324260","post","type-post","status-publish","format-standard","has-post-thumbnail","hentry","category-cultura","tag-musei","tag-palazzo-pretorio","tag-prato"],"acf":[],"yoast_head":"<!-- This site is optimized with the Yoast SEO Premium plugin v24.2 (Yoast SEO v25.6) - https:\/\/yoast.com\/wordpress\/plugins\/seo\/ -->\n<title>Il collezionista Franco Bertini dona quattro opere a Palazzo Pretorio e al Palazzo Comunale di Prato - intoscana<\/title>\n<meta name=\"description\" content=\"Quattro le opere donate dal collezionista Franco Bertini al Comune di Prato, che saranno visibili a Palazzo Pretorio e nel Palazzo Comunale\" \/>\n<meta name=\"robots\" content=\"index, follow, max-snippet:-1, max-image-preview:large, max-video-preview:-1\" \/>\n<link rel=\"canonical\" href=\"https:\/\/www.intoscana.it\/it\/il-collezionista-franco-bertini-dona-quattro-opere-a-palazzo-pretorio-e-al-palazzo-comunale-di-prato\/\" \/>\n<meta property=\"og:locale\" content=\"it_IT\" \/>\n<meta property=\"og:type\" content=\"article\" \/>\n<meta property=\"og:title\" content=\"Il collezionista Franco Bertini dona quattro opere a Palazzo Pretorio e al Palazzo Comunale di Prato\" \/>\n<meta property=\"og:description\" content=\"Quattro le opere donate dal collezionista Franco Bertini al Comune di Prato, che saranno visibili a Palazzo Pretorio e nel Palazzo Comunale\" \/>\n<meta property=\"og:url\" content=\"https:\/\/www.intoscana.it\/it\/il-collezionista-franco-bertini-dona-quattro-opere-a-palazzo-pretorio-e-al-palazzo-comunale-di-prato\/\" \/>\n<meta property=\"og:site_name\" content=\"intoscana\" \/>\n<meta property=\"article:publisher\" content=\"https:\/\/www.facebook.com\/intoscana.it\" \/>\n<meta property=\"article:published_time\" content=\"2024-01-29T13:19:06+00:00\" \/>\n<meta property=\"og:image\" content=\"https:\/\/www.intoscana.it\/wp-content\/uploads\/SAVE-THE-DATE-Invito-presentazione-Donazione-Bertini_29-01-2024-@Museo-di-Palazzo-Pretorio-2.jpg\" \/>\n\t<meta property=\"og:image:width\" content=\"453\" \/>\n\t<meta property=\"og:image:height\" content=\"379\" \/>\n\t<meta property=\"og:image:type\" content=\"image\/jpeg\" \/>\n<meta name=\"author\" content=\"Redazione\" \/>\n<meta name=\"twitter:card\" content=\"summary_large_image\" \/>\n<meta name=\"twitter:creator\" content=\"@intoscana\" \/>\n<meta name=\"twitter:site\" content=\"@intoscana\" \/>\n<meta name=\"twitter:label1\" content=\"Written by\" \/>\n\t<meta name=\"twitter:data1\" content=\"Redazione\" \/>\n\t<meta name=\"twitter:label2\" content=\"Est. reading time\" \/>\n\t<meta name=\"twitter:data2\" content=\"3 minuti\" \/>\n<script type=\"application\/ld+json\" class=\"yoast-schema-graph\">{\"@context\":\"https:\/\/schema.org\",\"@graph\":[{\"@type\":\"WebPage\",\"@id\":\"https:\/\/www.intoscana.it\/it\/il-collezionista-franco-bertini-dona-quattro-opere-a-palazzo-pretorio-e-al-palazzo-comunale-di-prato\/\",\"url\":\"https:\/\/www.intoscana.it\/it\/il-collezionista-franco-bertini-dona-quattro-opere-a-palazzo-pretorio-e-al-palazzo-comunale-di-prato\/\",\"name\":\"Il collezionista Franco Bertini dona quattro opere a Palazzo Pretorio e al Palazzo Comunale di Prato - intoscana\",\"isPartOf\":{\"@id\":\"https:\/\/www.intoscana.it\/it\/#website\"},\"primaryImageOfPage\":{\"@id\":\"https:\/\/www.intoscana.it\/it\/il-collezionista-franco-bertini-dona-quattro-opere-a-palazzo-pretorio-e-al-palazzo-comunale-di-prato\/#primaryimage\"},\"image\":{\"@id\":\"https:\/\/www.intoscana.it\/it\/il-collezionista-franco-bertini-dona-quattro-opere-a-palazzo-pretorio-e-al-palazzo-comunale-di-prato\/#primaryimage\"},\"thumbnailUrl\":\"https:\/\/www.intoscana.it\/wp-content\/uploads\/SAVE-THE-DATE-Invito-presentazione-Donazione-Bertini_29-01-2024-@Museo-di-Palazzo-Pretorio-2.jpg\",\"datePublished\":\"2024-01-29T13:19:06+00:00\",\"author\":{\"@id\":\"https:\/\/www.intoscana.it\/it\/#\/schema\/person\/9223810753230f20bd670fdd322661f8\"},\"description\":\"Quattro le opere donate dal collezionista Franco Bertini al Comune di Prato, che saranno visibili a Palazzo Pretorio e nel Palazzo Comunale\",\"breadcrumb\":{\"@id\":\"https:\/\/www.intoscana.it\/it\/il-collezionista-franco-bertini-dona-quattro-opere-a-palazzo-pretorio-e-al-palazzo-comunale-di-prato\/#breadcrumb\"},\"inLanguage\":\"it-IT\",\"potentialAction\":[{\"@type\":\"ReadAction\",\"target\":[\"https:\/\/www.intoscana.it\/it\/il-collezionista-franco-bertini-dona-quattro-opere-a-palazzo-pretorio-e-al-palazzo-comunale-di-prato\/\"]}]},{\"@type\":\"ImageObject\",\"inLanguage\":\"it-IT\",\"@id\":\"https:\/\/www.intoscana.it\/it\/il-collezionista-franco-bertini-dona-quattro-opere-a-palazzo-pretorio-e-al-palazzo-comunale-di-prato\/#primaryimage\",\"url\":\"https:\/\/www.intoscana.it\/wp-content\/uploads\/SAVE-THE-DATE-Invito-presentazione-Donazione-Bertini_29-01-2024-@Museo-di-Palazzo-Pretorio-2.jpg\",\"contentUrl\":\"https:\/\/www.intoscana.it\/wp-content\/uploads\/SAVE-THE-DATE-Invito-presentazione-Donazione-Bertini_29-01-2024-@Museo-di-Palazzo-Pretorio-2.jpg\",\"width\":453,\"height\":379},{\"@type\":\"BreadcrumbList\",\"@id\":\"https:\/\/www.intoscana.it\/it\/il-collezionista-franco-bertini-dona-quattro-opere-a-palazzo-pretorio-e-al-palazzo-comunale-di-prato\/#breadcrumb\",\"itemListElement\":[{\"@type\":\"ListItem\",\"position\":1,\"name\":\"Home\",\"item\":\"https:\/\/www.intoscana.it\/it\/\"},{\"@type\":\"ListItem\",\"position\":2,\"name\":\"Il collezionista Franco Bertini dona quattro opere a Palazzo Pretorio e al Palazzo Comunale di Prato\"}]},{\"@type\":\"WebSite\",\"@id\":\"https:\/\/www.intoscana.it\/it\/#website\",\"url\":\"https:\/\/www.intoscana.it\/it\/\",\"name\":\"intoscana\",\"description\":\"\",\"potentialAction\":[{\"@type\":\"SearchAction\",\"target\":{\"@type\":\"EntryPoint\",\"urlTemplate\":\"https:\/\/www.intoscana.it\/it\/?s={search_term_string}\"},\"query-input\":{\"@type\":\"PropertyValueSpecification\",\"valueRequired\":true,\"valueName\":\"search_term_string\"}}],\"inLanguage\":\"it-IT\"},{\"@type\":\"Person\",\"@id\":\"https:\/\/www.intoscana.it\/it\/#\/schema\/person\/9223810753230f20bd670fdd322661f8\",\"name\":\"Redazione\",\"url\":\"https:\/\/www.intoscana.it\/it\/author\/redazione\/\"}]}<\/script>\n<!-- \/ Yoast SEO Premium plugin. -->","yoast_head_json":{"title":"Il collezionista Franco Bertini dona quattro opere a Palazzo Pretorio e al Palazzo Comunale di Prato - intoscana","description":"Quattro le opere donate dal collezionista Franco Bertini al Comune di Prato, che saranno visibili a Palazzo Pretorio e nel Palazzo Comunale","robots":{"index":"index","follow":"follow","max-snippet":"max-snippet:-1","max-image-preview":"max-image-preview:large","max-video-preview":"max-video-preview:-1"},"canonical":"https:\/\/www.intoscana.it\/it\/il-collezionista-franco-bertini-dona-quattro-opere-a-palazzo-pretorio-e-al-palazzo-comunale-di-prato\/","og_locale":"it_IT","og_type":"article","og_title":"Il collezionista Franco Bertini dona quattro opere a Palazzo Pretorio e al Palazzo Comunale di Prato","og_description":"Quattro le opere donate dal collezionista Franco Bertini al Comune di Prato, che saranno visibili a Palazzo Pretorio e nel Palazzo Comunale","og_url":"https:\/\/www.intoscana.it\/it\/il-collezionista-franco-bertini-dona-quattro-opere-a-palazzo-pretorio-e-al-palazzo-comunale-di-prato\/","og_site_name":"intoscana","article_publisher":"https:\/\/www.facebook.com\/intoscana.it","article_published_time":"2024-01-29T13:19:06+00:00","og_image":[{"width":453,"height":379,"url":"https:\/\/www.intoscana.it\/wp-content\/uploads\/SAVE-THE-DATE-Invito-presentazione-Donazione-Bertini_29-01-2024-@Museo-di-Palazzo-Pretorio-2.jpg","type":"image\/jpeg"}],"author":"Redazione","twitter_card":"summary_large_image","twitter_creator":"@intoscana","twitter_site":"@intoscana","twitter_misc":{"Written by":"Redazione","Est. reading time":"3 minuti"},"schema":{"@context":"https:\/\/schema.org","@graph":[{"@type":"WebPage","@id":"https:\/\/www.intoscana.it\/it\/il-collezionista-franco-bertini-dona-quattro-opere-a-palazzo-pretorio-e-al-palazzo-comunale-di-prato\/","url":"https:\/\/www.intoscana.it\/it\/il-collezionista-franco-bertini-dona-quattro-opere-a-palazzo-pretorio-e-al-palazzo-comunale-di-prato\/","name":"Il collezionista Franco Bertini dona quattro opere a Palazzo Pretorio e al Palazzo Comunale di Prato - intoscana","isPartOf":{"@id":"https:\/\/www.intoscana.it\/it\/#website"},"primaryImageOfPage":{"@id":"https:\/\/www.intoscana.it\/it\/il-collezionista-franco-bertini-dona-quattro-opere-a-palazzo-pretorio-e-al-palazzo-comunale-di-prato\/#primaryimage"},"image":{"@id":"https:\/\/www.intoscana.it\/it\/il-collezionista-franco-bertini-dona-quattro-opere-a-palazzo-pretorio-e-al-palazzo-comunale-di-prato\/#primaryimage"},"thumbnailUrl":"https:\/\/www.intoscana.it\/wp-content\/uploads\/SAVE-THE-DATE-Invito-presentazione-Donazione-Bertini_29-01-2024-@Museo-di-Palazzo-Pretorio-2.jpg","datePublished":"2024-01-29T13:19:06+00:00","author":{"@id":"https:\/\/www.intoscana.it\/it\/#\/schema\/person\/9223810753230f20bd670fdd322661f8"},"description":"Quattro le opere donate dal collezionista Franco Bertini al Comune di Prato, che saranno visibili a Palazzo Pretorio e nel Palazzo Comunale","breadcrumb":{"@id":"https:\/\/www.intoscana.it\/it\/il-collezionista-franco-bertini-dona-quattro-opere-a-palazzo-pretorio-e-al-palazzo-comunale-di-prato\/#breadcrumb"},"inLanguage":"it-IT","potentialAction":[{"@type":"ReadAction","target":["https:\/\/www.intoscana.it\/it\/il-collezionista-franco-bertini-dona-quattro-opere-a-palazzo-pretorio-e-al-palazzo-comunale-di-prato\/"]}]},{"@type":"ImageObject","inLanguage":"it-IT","@id":"https:\/\/www.intoscana.it\/it\/il-collezionista-franco-bertini-dona-quattro-opere-a-palazzo-pretorio-e-al-palazzo-comunale-di-prato\/#primaryimage","url":"https:\/\/www.intoscana.it\/wp-content\/uploads\/SAVE-THE-DATE-Invito-presentazione-Donazione-Bertini_29-01-2024-@Museo-di-Palazzo-Pretorio-2.jpg","contentUrl":"https:\/\/www.intoscana.it\/wp-content\/uploads\/SAVE-THE-DATE-Invito-presentazione-Donazione-Bertini_29-01-2024-@Museo-di-Palazzo-Pretorio-2.jpg","width":453,"height":379},{"@type":"BreadcrumbList","@id":"https:\/\/www.intoscana.it\/it\/il-collezionista-franco-bertini-dona-quattro-opere-a-palazzo-pretorio-e-al-palazzo-comunale-di-prato\/#breadcrumb","itemListElement":[{"@type":"ListItem","position":1,"name":"Home","item":"https:\/\/www.intoscana.it\/it\/"},{"@type":"ListItem","position":2,"name":"Il collezionista Franco Bertini dona quattro opere a Palazzo Pretorio e al Palazzo Comunale di Prato"}]},{"@type":"WebSite","@id":"https:\/\/www.intoscana.it\/it\/#website","url":"https:\/\/www.intoscana.it\/it\/","name":"intoscana","description":"","potentialAction":[{"@type":"SearchAction","target":{"@type":"EntryPoint","urlTemplate":"https:\/\/www.intoscana.it\/it\/?s={search_term_string}"},"query-input":{"@type":"PropertyValueSpecification","valueRequired":true,"valueName":"search_term_string"}}],"inLanguage":"it-IT"},{"@type":"Person","@id":"https:\/\/www.intoscana.it\/it\/#\/schema\/person\/9223810753230f20bd670fdd322661f8","name":"Redazione","url":"https:\/\/www.intoscana.it\/it\/author\/redazione\/"}]}},"_links":{"self":[{"href":"https:\/\/www.intoscana.it\/it\/wp-json\/wp\/v2\/posts\/324260","targetHints":{"allow":["GET"]}}],"collection":[{"href":"https:\/\/www.intoscana.it\/it\/wp-json\/wp\/v2\/posts"}],"about":[{"href":"https:\/\/www.intoscana.it\/it\/wp-json\/wp\/v2\/types\/post"}],"author":[{"embeddable":true,"href":"https:\/\/www.intoscana.it\/it\/wp-json\/wp\/v2\/users\/525"}],"replies":[{"embeddable":true,"href":"https:\/\/www.intoscana.it\/it\/wp-json\/wp\/v2\/comments?post=324260"}],"version-history":[{"count":5,"href":"https:\/\/www.intoscana.it\/it\/wp-json\/wp\/v2\/posts\/324260\/revisions"}],"predecessor-version":[{"id":324271,"href":"https:\/\/www.intoscana.it\/it\/wp-json\/wp\/v2\/posts\/324260\/revisions\/324271"}],"wp:featuredmedia":[{"embeddable":true,"href":"https:\/\/www.intoscana.it\/it\/wp-json\/wp\/v2\/media\/324267"}],"wp:attachment":[{"href":"https:\/\/www.intoscana.it\/it\/wp-json\/wp\/v2\/media?parent=324260"}],"wp:term":[{"taxonomy":"category","embeddable":true,"href":"https:\/\/www.intoscana.it\/it\/wp-json\/wp\/v2\/categories?post=324260"},{"taxonomy":"post_tag","embeddable":true,"href":"https:\/\/www.intoscana.it\/it\/wp-json\/wp\/v2\/tags?post=324260"}],"curies":[{"name":"wp","href":"https:\/\/api.w.org\/{rel}","templated":true}]}}