{"id":324393,"date":"2024-01-30T11:16:11","date_gmt":"2024-01-30T10:16:11","guid":{"rendered":"https:\/\/www.intoscana.it\/it\/?p=324393"},"modified":"2024-01-31T09:15:52","modified_gmt":"2024-01-31T08:15:52","slug":"fiorentina-stadio-franchi-prossima-stagione","status":"publish","type":"post","link":"https:\/\/www.intoscana.it\/it\/fiorentina-stadio-franchi-prossima-stagione\/","title":{"rendered":"Nardella: la Fiorentina giocher\u00e0 al Franchi la prossima stagione"},"content":{"rendered":"<p>La <strong>Fiorentina<\/strong> potr\u00e0 restare a giocare allo<strong> stadio Franchi<\/strong> per tutta la stagione <strong>2024\/25<\/strong> <a href=\"https:\/\/www.intoscana.it\/it\/articolo\/firenze-riqualificazione-dello-stadio-franchi-al-via-la-gara-lavori-da-gennaio-2024\/\" target=\"_blank\" rel=\"noopener\">anche con i lavori in corso<\/a> nell&#8217;impianto. L&#8217;annuncio \u00e8 stato dato oggi dal sindaco di Firenze Dario Nardella.<\/p>\n<div class=\"widget-audio-article\">\n<h3>Garantita una capienza fino a 22mila posti<\/h3>\n<div class=\"bck-box-audio is--close\">\n<div class=\"box-audio__header\">\n<p><em>&#8220;Abbiamo raggiunto questa soluzione dopo un mese molto complesso di<strong> lavoro paziente<\/strong>, silenzioso e attento con i progettisti del nuovo stadio, lo s<strong>tudio internazionale Arup, <\/strong>con le ditte che hanno vinto la gara di appalto, Sac e Cobar e con i nostri uffici tecnici<\/em> &#8211; ha spiegato Nardella &#8211; <em>possiamo garantire una capienza che pu\u00f2 arrivare fino a <strong>22mila posti<\/strong>, siamo ben oltre il numero degli abbonati&#8221;. <\/em><\/p>\n<p><em>&#8220;Abbiamo accelerato su questa soluzione una volta che abbiamo provato tutte le altre diverse opzioni &#8211; <\/em>ha aggiunto il sindaco<em> &#8211; anche dopo la <strong>riunione in prefettura<\/strong>, ringrazio la prefetta che si \u00e8 adoperata per darci qualunque tipo di supporto. Questa soluzione \u00e8 la migliore per tutti. <mark>Abbiamo cambiato l&#8217;organizzazione dei lavori, senza modificare i tempi previsti<\/mark> dalle norme sui fondi Pnc. Le ditte vincenti hanno fatto un&#8217;offerta riducendo di tre<\/em><br \/>\n<em>mesi i tempi di lavorazione&#8221;.<\/em><\/p>\n<h3>Al via i lavori al Franchi, Fiorentina soddisfatta<\/h3>\n<p><em>&#8220;Stamani ho subito chiamato il <strong>direttore generale della Fiorentina Joe Barone<\/strong>, l&#8217;ho informato delle<\/em><br \/>\n<em>novit\u00e0 e lui \u00e8 rimasto soddisfatto. Mi ha detto &#8216;Siamo contenti&#8217;. Poi ridefiniremo gli aspetti tecnici. Non cerchiamo <\/em><em>rivincite, facciamo il bene di Firenze: siamo come Sinner e non ci arrendiamo, eravamo sotto di due set e adesso siamo al quinto&#8221;<\/em> ha aggiunto Nardella,<\/p>\n<p>I lavori al Franchi inizieranno dalla <strong>curva Fiesole:<\/strong> la prossima settimana si partir\u00e0 dalla demolizione del tabellone e tra fine febbraio e fine marzo partir\u00e0 il restauro della curva Ferrovia.<br \/>\nQuanto ai<strong> 55 milioni mancanti<\/strong> per il restyling completo dello stadio\u00a0<em>&#8220;ci stiamo lavorando, ogni cosa a suo tempo. Stiamo valutando una soluzione che pu\u00f2 includere anche l&#8217;intervento del governo&#8221;<\/em> ha detto Nardella.<\/p>\n<h3>L&#8217;opzione Padovani per il 2025\/26<\/h3>\n<p>Intanto si lavora anche per sistemare il <strong>Padovani, lo stadio del rugby<\/strong> che potrebbe diventare quello temporaneo per la Fiorentina per la stagione ancora successiva, ovvero<strong> 2025\/2026.<\/strong><br \/>\nI lavori andranno ad aumentare la capienza del Padovani fino a <strong>18mila posti.<\/strong> <em>&#8220;Oggi le ditte presenteranno le offerte al Rup. Lo stadio di rugby sar\u00e0 pronto per inizio 2025 e i lavori del Padovani cominceranno ad inizio aprile, se si ritiene di usarlo per la serie A di calcio si pu\u00f2 portare la capienza a 18mila posti&#8221;<\/em> ha aggiunto Nardella.<\/p>\n<p>Per rendere il Padovani uno stadio in grado di poter ospitare la serie A servir\u00e0 un<strong> extra investimento di 5 milioni<\/strong> (oltre ai 10 milioni gi\u00e0 previsti da Palazzo Vecchio) e su questo, ha chiarito Nardella, <em>&#8220;abbiamo contatti con soggetti privati esperti di sponsorizzazione e pubblicit\u00e0. Si pu\u00f2 prevedere la copertura di una parte rilevante con la pubblicit\u00e0 sui cantieri e con il naming del Padovani. Abbiamo pi\u00f9 di un anno per vedere tutto&#8221;.<\/em><\/p>\n<\/div>\n<\/div>\n<\/div>\n","protected":false},"excerpt":{"rendered":"<p>Nel corso del 2024\/25 lo stadio rester\u00e0 aperto con una capienza di 22mila posti anche con i lavori in corso, nel frattempo verr\u00e0 sistemato il Padovani dove la squadra potrebbe giocare la stagione successiva 2025\/26<\/p>\n","protected":false},"author":525,"featured_media":165848,"comment_status":"open","ping_status":"open","sticky":false,"template":"","format":"standard","meta":{"_acf_changed":false,"footnotes":""},"categories":[494],"tags":[290,199,202,5403],"class_list":["post-324393","post","type-post","status-publish","format-standard","has-post-thumbnail","hentry","category-attualita","tag-calcio","tag-fiorentina","tag-firenze","tag-stadio-artemio-franchi"],"acf":[],"yoast_head":"<!-- This site is optimized with the Yoast SEO Premium plugin v24.2 (Yoast SEO v25.6) - https:\/\/yoast.com\/wordpress\/plugins\/seo\/ -->\n<title>Nardella: la Fiorentina giocher\u00e0 al Franchi la prossima stagione<\/title>\n<meta name=\"description\" content=\"Il sindaco di Firenze ha annunciato che la Fiorentina rester\u00e0 a giocare allo stadio Franchi anche per il 2024-25, con i lavori in corso.\" \/>\n<meta name=\"robots\" content=\"index, follow, max-snippet:-1, max-image-preview:large, max-video-preview:-1\" \/>\n<link rel=\"canonical\" href=\"https:\/\/www.intoscana.it\/it\/fiorentina-stadio-franchi-prossima-stagione\/\" \/>\n<meta property=\"og:locale\" content=\"it_IT\" \/>\n<meta property=\"og:type\" content=\"article\" \/>\n<meta property=\"og:title\" content=\"Nardella: la Fiorentina giocher\u00e0 al Franchi la prossima stagione\" \/>\n<meta property=\"og:description\" content=\"Il sindaco di Firenze ha annunciato che la Fiorentina rester\u00e0 a giocare allo stadio Franchi anche per il 2024-25, con i lavori in corso.\" \/>\n<meta property=\"og:url\" content=\"https:\/\/www.intoscana.it\/it\/fiorentina-stadio-franchi-prossima-stagione\/\" \/>\n<meta property=\"og:site_name\" content=\"intoscana\" \/>\n<meta property=\"article:publisher\" content=\"https:\/\/www.facebook.com\/intoscana.it\" \/>\n<meta property=\"article:published_time\" content=\"2024-01-30T10:16:11+00:00\" \/>\n<meta property=\"article:modified_time\" content=\"2024-01-31T08:15:52+00:00\" \/>\n<meta property=\"og:image\" content=\"https:\/\/www.intoscana.it\/wp-content\/uploads\/Stadio-Artemio-Franchi_2-scaled.jpg\" \/>\n\t<meta property=\"og:image:width\" content=\"2048\" \/>\n\t<meta property=\"og:image:height\" content=\"1357\" \/>\n\t<meta property=\"og:image:type\" content=\"image\/jpeg\" \/>\n<meta name=\"author\" content=\"Redazione\" \/>\n<meta name=\"twitter:card\" content=\"summary_large_image\" \/>\n<meta name=\"twitter:creator\" content=\"@intoscana\" \/>\n<meta name=\"twitter:site\" content=\"@intoscana\" \/>\n<meta name=\"twitter:label1\" content=\"Written by\" \/>\n\t<meta name=\"twitter:data1\" content=\"Redazione\" \/>\n\t<meta name=\"twitter:label2\" content=\"Est. reading time\" \/>\n\t<meta name=\"twitter:data2\" content=\"2 minuti\" \/>\n<script type=\"application\/ld+json\" class=\"yoast-schema-graph\">{\"@context\":\"https:\/\/schema.org\",\"@graph\":[{\"@type\":\"WebPage\",\"@id\":\"https:\/\/www.intoscana.it\/it\/fiorentina-stadio-franchi-prossima-stagione\/\",\"url\":\"https:\/\/www.intoscana.it\/it\/fiorentina-stadio-franchi-prossima-stagione\/\",\"name\":\"Nardella: la Fiorentina giocher\u00e0 al Franchi la prossima stagione\",\"isPartOf\":{\"@id\":\"https:\/\/www.intoscana.it\/it\/#website\"},\"primaryImageOfPage\":{\"@id\":\"https:\/\/www.intoscana.it\/it\/fiorentina-stadio-franchi-prossima-stagione\/#primaryimage\"},\"image\":{\"@id\":\"https:\/\/www.intoscana.it\/it\/fiorentina-stadio-franchi-prossima-stagione\/#primaryimage\"},\"thumbnailUrl\":\"https:\/\/www.intoscana.it\/wp-content\/uploads\/Stadio-Artemio-Franchi_2-scaled.jpg\",\"datePublished\":\"2024-01-30T10:16:11+00:00\",\"dateModified\":\"2024-01-31T08:15:52+00:00\",\"author\":{\"@id\":\"https:\/\/www.intoscana.it\/it\/#\/schema\/person\/9223810753230f20bd670fdd322661f8\"},\"description\":\"Il sindaco di Firenze ha annunciato che la Fiorentina rester\u00e0 a giocare allo stadio Franchi anche per il 2024-25, con i lavori in corso.\",\"breadcrumb\":{\"@id\":\"https:\/\/www.intoscana.it\/it\/fiorentina-stadio-franchi-prossima-stagione\/#breadcrumb\"},\"inLanguage\":\"it-IT\",\"potentialAction\":[{\"@type\":\"ReadAction\",\"target\":[\"https:\/\/www.intoscana.it\/it\/fiorentina-stadio-franchi-prossima-stagione\/\"]}]},{\"@type\":\"ImageObject\",\"inLanguage\":\"it-IT\",\"@id\":\"https:\/\/www.intoscana.it\/it\/fiorentina-stadio-franchi-prossima-stagione\/#primaryimage\",\"url\":\"https:\/\/www.intoscana.it\/wp-content\/uploads\/Stadio-Artemio-Franchi_2-scaled.jpg\",\"contentUrl\":\"https:\/\/www.intoscana.it\/wp-content\/uploads\/Stadio-Artemio-Franchi_2-scaled.jpg\",\"width\":2048,\"height\":1357,\"caption\":\"Stadio Artemio Franchi, Firenze\"},{\"@type\":\"BreadcrumbList\",\"@id\":\"https:\/\/www.intoscana.it\/it\/fiorentina-stadio-franchi-prossima-stagione\/#breadcrumb\",\"itemListElement\":[{\"@type\":\"ListItem\",\"position\":1,\"name\":\"Home\",\"item\":\"https:\/\/www.intoscana.it\/it\/\"},{\"@type\":\"ListItem\",\"position\":2,\"name\":\"Nardella: la Fiorentina giocher\u00e0 al Franchi la prossima stagione\"}]},{\"@type\":\"WebSite\",\"@id\":\"https:\/\/www.intoscana.it\/it\/#website\",\"url\":\"https:\/\/www.intoscana.it\/it\/\",\"name\":\"intoscana\",\"description\":\"\",\"potentialAction\":[{\"@type\":\"SearchAction\",\"target\":{\"@type\":\"EntryPoint\",\"urlTemplate\":\"https:\/\/www.intoscana.it\/it\/?s={search_term_string}\"},\"query-input\":{\"@type\":\"PropertyValueSpecification\",\"valueRequired\":true,\"valueName\":\"search_term_string\"}}],\"inLanguage\":\"it-IT\"},{\"@type\":\"Person\",\"@id\":\"https:\/\/www.intoscana.it\/it\/#\/schema\/person\/9223810753230f20bd670fdd322661f8\",\"name\":\"Redazione\",\"url\":\"https:\/\/www.intoscana.it\/it\/author\/redazione\/\"}]}<\/script>\n<!-- \/ Yoast SEO Premium plugin. -->","yoast_head_json":{"title":"Nardella: la Fiorentina giocher\u00e0 al Franchi la prossima stagione","description":"Il sindaco di Firenze ha annunciato che la Fiorentina rester\u00e0 a giocare allo stadio Franchi anche per il 2024-25, con i lavori in corso.","robots":{"index":"index","follow":"follow","max-snippet":"max-snippet:-1","max-image-preview":"max-image-preview:large","max-video-preview":"max-video-preview:-1"},"canonical":"https:\/\/www.intoscana.it\/it\/fiorentina-stadio-franchi-prossima-stagione\/","og_locale":"it_IT","og_type":"article","og_title":"Nardella: la Fiorentina giocher\u00e0 al Franchi la prossima stagione","og_description":"Il sindaco di Firenze ha annunciato che la Fiorentina rester\u00e0 a giocare allo stadio Franchi anche per il 2024-25, con i lavori in corso.","og_url":"https:\/\/www.intoscana.it\/it\/fiorentina-stadio-franchi-prossima-stagione\/","og_site_name":"intoscana","article_publisher":"https:\/\/www.facebook.com\/intoscana.it","article_published_time":"2024-01-30T10:16:11+00:00","article_modified_time":"2024-01-31T08:15:52+00:00","og_image":[{"width":2048,"height":1357,"url":"https:\/\/www.intoscana.it\/wp-content\/uploads\/Stadio-Artemio-Franchi_2-scaled.jpg","type":"image\/jpeg"}],"author":"Redazione","twitter_card":"summary_large_image","twitter_creator":"@intoscana","twitter_site":"@intoscana","twitter_misc":{"Written by":"Redazione","Est. reading time":"2 minuti"},"schema":{"@context":"https:\/\/schema.org","@graph":[{"@type":"WebPage","@id":"https:\/\/www.intoscana.it\/it\/fiorentina-stadio-franchi-prossima-stagione\/","url":"https:\/\/www.intoscana.it\/it\/fiorentina-stadio-franchi-prossima-stagione\/","name":"Nardella: la Fiorentina giocher\u00e0 al Franchi la prossima stagione","isPartOf":{"@id":"https:\/\/www.intoscana.it\/it\/#website"},"primaryImageOfPage":{"@id":"https:\/\/www.intoscana.it\/it\/fiorentina-stadio-franchi-prossima-stagione\/#primaryimage"},"image":{"@id":"https:\/\/www.intoscana.it\/it\/fiorentina-stadio-franchi-prossima-stagione\/#primaryimage"},"thumbnailUrl":"https:\/\/www.intoscana.it\/wp-content\/uploads\/Stadio-Artemio-Franchi_2-scaled.jpg","datePublished":"2024-01-30T10:16:11+00:00","dateModified":"2024-01-31T08:15:52+00:00","author":{"@id":"https:\/\/www.intoscana.it\/it\/#\/schema\/person\/9223810753230f20bd670fdd322661f8"},"description":"Il sindaco di Firenze ha annunciato che la Fiorentina rester\u00e0 a giocare allo stadio Franchi anche per il 2024-25, con i lavori in corso.","breadcrumb":{"@id":"https:\/\/www.intoscana.it\/it\/fiorentina-stadio-franchi-prossima-stagione\/#breadcrumb"},"inLanguage":"it-IT","potentialAction":[{"@type":"ReadAction","target":["https:\/\/www.intoscana.it\/it\/fiorentina-stadio-franchi-prossima-stagione\/"]}]},{"@type":"ImageObject","inLanguage":"it-IT","@id":"https:\/\/www.intoscana.it\/it\/fiorentina-stadio-franchi-prossima-stagione\/#primaryimage","url":"https:\/\/www.intoscana.it\/wp-content\/uploads\/Stadio-Artemio-Franchi_2-scaled.jpg","contentUrl":"https:\/\/www.intoscana.it\/wp-content\/uploads\/Stadio-Artemio-Franchi_2-scaled.jpg","width":2048,"height":1357,"caption":"Stadio Artemio Franchi, Firenze"},{"@type":"BreadcrumbList","@id":"https:\/\/www.intoscana.it\/it\/fiorentina-stadio-franchi-prossima-stagione\/#breadcrumb","itemListElement":[{"@type":"ListItem","position":1,"name":"Home","item":"https:\/\/www.intoscana.it\/it\/"},{"@type":"ListItem","position":2,"name":"Nardella: la Fiorentina giocher\u00e0 al Franchi la prossima stagione"}]},{"@type":"WebSite","@id":"https:\/\/www.intoscana.it\/it\/#website","url":"https:\/\/www.intoscana.it\/it\/","name":"intoscana","description":"","potentialAction":[{"@type":"SearchAction","target":{"@type":"EntryPoint","urlTemplate":"https:\/\/www.intoscana.it\/it\/?s={search_term_string}"},"query-input":{"@type":"PropertyValueSpecification","valueRequired":true,"valueName":"search_term_string"}}],"inLanguage":"it-IT"},{"@type":"Person","@id":"https:\/\/www.intoscana.it\/it\/#\/schema\/person\/9223810753230f20bd670fdd322661f8","name":"Redazione","url":"https:\/\/www.intoscana.it\/it\/author\/redazione\/"}]}},"_links":{"self":[{"href":"https:\/\/www.intoscana.it\/it\/wp-json\/wp\/v2\/posts\/324393","targetHints":{"allow":["GET"]}}],"collection":[{"href":"https:\/\/www.intoscana.it\/it\/wp-json\/wp\/v2\/posts"}],"about":[{"href":"https:\/\/www.intoscana.it\/it\/wp-json\/wp\/v2\/types\/post"}],"author":[{"embeddable":true,"href":"https:\/\/www.intoscana.it\/it\/wp-json\/wp\/v2\/users\/525"}],"replies":[{"embeddable":true,"href":"https:\/\/www.intoscana.it\/it\/wp-json\/wp\/v2\/comments?post=324393"}],"version-history":[{"count":16,"href":"https:\/\/www.intoscana.it\/it\/wp-json\/wp\/v2\/posts\/324393\/revisions"}],"predecessor-version":[{"id":324535,"href":"https:\/\/www.intoscana.it\/it\/wp-json\/wp\/v2\/posts\/324393\/revisions\/324535"}],"wp:featuredmedia":[{"embeddable":true,"href":"https:\/\/www.intoscana.it\/it\/wp-json\/wp\/v2\/media\/165848"}],"wp:attachment":[{"href":"https:\/\/www.intoscana.it\/it\/wp-json\/wp\/v2\/media?parent=324393"}],"wp:term":[{"taxonomy":"category","embeddable":true,"href":"https:\/\/www.intoscana.it\/it\/wp-json\/wp\/v2\/categories?post=324393"},{"taxonomy":"post_tag","embeddable":true,"href":"https:\/\/www.intoscana.it\/it\/wp-json\/wp\/v2\/tags?post=324393"}],"curies":[{"name":"wp","href":"https:\/\/api.w.org\/{rel}","templated":true}]}}