{"id":324416,"date":"2024-01-30T15:18:32","date_gmt":"2024-01-30T14:18:32","guid":{"rendered":"https:\/\/www.intoscana.it\/it\/?p=324416"},"modified":"2024-01-30T16:47:54","modified_gmt":"2024-01-30T15:47:54","slug":"i-dieci-comuni-della-valdichiana-senese-candidati-a-capitale-italiana-della-cultura-2026","status":"publish","type":"post","link":"https:\/\/www.intoscana.it\/it\/i-dieci-comuni-della-valdichiana-senese-candidati-a-capitale-italiana-della-cultura-2026\/","title":{"rendered":"Valdichiana senese, 10 Comuni candidati a Capitale Italiana della Cultura 2026"},"content":{"rendered":"<p>L&#8217;<a href=\"https:\/\/www.unionecomuni.valdichiana.si.it\" target=\"_blank\" rel=\"noopener\"><strong>Unione dei Comuni della Valdichiana Senese<\/strong><\/a> \u00e8 stata ammessa tra i finalisti per diventare<strong> Capitale Italiana della Cultura 2026.<\/strong> Il progetto sar\u00e0 valutato il<strong> 4 e 5 marzo<\/strong> prossimi dal <strong>Ministero della Cultura.\u00a0<\/strong><\/p>\n<p><strong>Uno risultato<\/strong> possibile grazie al lavoro di squadra di <strong>Cetona, Chianciano Terme, Chiusi, Montepulciano, Pienza, San Casciano dei Bagni, Sarteano, Sinalunga, Torrita di Siena e Trequanda.<\/strong><\/p>\n<p><strong>Agnese Carletti, presidente dell&#8217;Unione dei Comuni Valdichiana Senese<\/strong> ha espresso l&#8217;entusiasmo delle dieci municipalit\u00e0: <em>&#8220;Questo traguardo \u00e8 davvero significativo perch\u00e9 certifica la capacit\u00e0 di cooperazione tra dieci enti e dieci comunit\u00e0 anche sul tema della cultura; lavorare insieme, per un territorio cos\u00ec vasto ed eterogeneo \u00e8 molto impegnativo, ma in questi anni istituzioni e cittadini si sono convinti di quanto sia importante muoversi in rete, anche collaborando con soggetti nazionali e internazionali; siamo grati al direttore di candidatura Filippo Del Corno, al Comitato Promotore, al Comitato Scientifico e all&#8217;unit\u00e0 operativa coordinata dalla Fondazione Cantiere Internazionale d&#8217;Arte per la qualit\u00e0 del lavoro fatto fin qui: ora siamo ancora pi\u00f9 determinati e fiduciosi per affrontare la valutazione finale.&#8221;<\/em><\/p>\n<p>Traino per la candidatura la straordinaria scoperta dei bronzi durante gli scavi nel <a href=\"https:\/\/www.intoscana.it\/it\/articolo\/san-casciano-dei-bagni-il-21-agosto-ripartono-gli-scavi-al-santuario-ritrovato\/\" target=\"_blank\" rel=\"noopener\"><strong>Santuario ritrovato di San Casciano dei Bagni<\/strong> <\/a>che sono stati esposti al <strong>Quirinale<\/strong> in una grande mostra voluta dal <strong>presidente Sergio Mattarella. <\/strong>San Casciano dei Bagni nei prossimi mesi diventer\u00e0 <a href=\"https:\/\/www.intoscana.it\/it\/articolo\/san-casciano-dei-bagni-diventera-laboratorio-permanente-di-ricerca-3-milioni-per-un-sede-universitaria-internazionale\/\" target=\"_blank\" rel=\"noopener\"><strong>un laboratorio di ricerca internazionale<\/strong><\/a> che ospiter\u00e0 studenti e professori da tutto il mondo.<\/p>\n<figure id=\"post-256794 media-256794\" class=\"align-none\"><img decoding=\"async\" src=\"https:\/\/www.intoscana.it\/wp-content\/uploads\/101352663-c90487cd-daa0-4ca3-9b1b-4d00cb442b50.jpg\" alt=\"\" \/><\/figure>\n<div class=\"titleimg\"><em>Il ritrovamento dei bronzi a San Casciano dei Bagni<\/em><\/div>\n<p>Unica finalista tra le autorevoli candidature toscane,<strong> l&#8217;Unione dei Comuni Valdichiana Senese<\/strong> ha ricevuto i rallegramenti e il sostegno del <strong>presidente della Regione Toscana Eugenio Giani <\/strong>che ha promesso <strong>un milione di euro<\/strong> <strong>dalla Regione<\/strong> in caso di vittoria.<\/p>\n<p><em>\u201cSe la Valdichiana senese sar\u00e0 citt\u00e0 della cultura italiana 2026<strong> la Regione Toscana investir\u00e0 un milione di euro per la sua valorizzazione<\/strong> e per presentare al meglio la sua ricca e variegata offerta\u201d<\/em> ha detto durante la presentazione della notizia che vede la Valdichiana tra le dieci finaliste<strong> il presidente Eugenio Giani<\/strong> accompagnato dai dieci sindaci dei Comuni interessati.<\/p>\n<p><em>\u201cSicuramente ha influito lo straordinario ritrovamento archeologico, la scoperta del secolo a San Casciano dei Bagni \u2013 <\/em><strong>ha proseguito il presidente <\/strong><em>&#8211; che ha creato una grande attenzione sul territorio che a questo punto, con le ultime 24 statue in bronzo si \u00e8 corredato di una rosa di richiami storici culturali unici e magnifici: da quelli che rimandano a Chiusi al re etrusco Porsenna che sconfisse i Romani, alle terme, agli scontri medievali che sono avvenuti a Montepulciano, citt\u00e0 del Poliziano, a Torrita, borgo medievale che si pu\u00f2 gloriare nella toponomastica della parola \u201cSiena\u201d, a Pienza, citt\u00e0 ideale del Rinascimento, passando per Cetona, borgo ricercato in tutta Italia e all\u2019estero, fino a Sinalunga dove si sta ristrutturando il Palazzo Pretorio e Sarteano, il cui profilo \u00e8 dominato dalla mole del Castello quattrocentesco che si staglia sul Monte Cetona. Tutti punti di riferimento preziosi, elementi straordinari tali da far meritare a pieno titolo alla Valdichiana senese questa candidatura\u201d.<\/em><\/p>\n<p>La procedura di selezione si completer\u00e0 il <strong>4 e il 5 marzo 2024<\/strong> quando al <strong>Ministero della Cultura<\/strong> saranno ricevute per le audizioni le <strong>delegazioni delle dieci finaliste<\/strong>, vale a dire Agnone (Isernia), Alba (Cuneo), Gaeta (Latina), L&#8217;Aquila, Latina, Lucera (Foggia), Maratea (Potenza), Rimini, Treviso, oltre a Unione dei Comuni Valdichiana Senese (Siena).<\/p>\n<figure id=\"post-324457 media-324457\" class=\"align-none\"><img decoding=\"async\" src=\"https:\/\/www.intoscana.it\/wp-content\/uploads\/IMG_9392.jpg\" alt=\"\" \/><\/figure>\n","protected":false},"excerpt":{"rendered":"<p>Un risultato reso possibile grazie al lavoro di squadra di Cetona, Chianciano Terme, Chiusi, Montepulciano, Pienza, San Casciano dei Bagni, Sarteano, Sinalunga, Torrita di Siena e Trequanda. La Regione Toscana promette un milione di euro in caso di vittoria<\/p>\n","protected":false},"author":518,"featured_media":324458,"comment_status":"open","ping_status":"open","sticky":false,"template":"","format":"standard","meta":{"_acf_changed":false,"footnotes":""},"categories":[493],"tags":[5598,151,4541],"class_list":["post-324416","post","type-post","status-publish","format-standard","has-post-thumbnail","hentry","category-cultura","tag-capitale-cultura","tag-regione-toscana","tag-valdichiana"],"acf":[],"yoast_head":"<!-- This site is optimized with the Yoast SEO Premium plugin v24.2 (Yoast SEO v25.6) - https:\/\/yoast.com\/wordpress\/plugins\/seo\/ -->\n<title>Valdichiana senese, 10 Comuni candidati a Capitale Italiana della Cultura 2026 - intoscana<\/title>\n<meta name=\"description\" content=\"I dieci comuni della Valdichiana senese candidati a Capitale Italiana della Cultura 2026, 1 milione dalal Regione Toscana in caso di vittoria\" \/>\n<meta name=\"robots\" content=\"index, follow, max-snippet:-1, max-image-preview:large, max-video-preview:-1\" \/>\n<link rel=\"canonical\" href=\"https:\/\/www.intoscana.it\/it\/i-dieci-comuni-della-valdichiana-senese-candidati-a-capitale-italiana-della-cultura-2026\/\" \/>\n<meta property=\"og:locale\" content=\"it_IT\" \/>\n<meta property=\"og:type\" content=\"article\" \/>\n<meta property=\"og:title\" content=\"Valdichiana senese, 10 Comuni candidati a Capitale Italiana della Cultura 2026\" \/>\n<meta property=\"og:description\" content=\"I dieci comuni della Valdichiana senese candidati a Capitale Italiana della Cultura 2026, 1 milione dalal Regione Toscana in caso di vittoria\" \/>\n<meta property=\"og:url\" content=\"https:\/\/www.intoscana.it\/it\/i-dieci-comuni-della-valdichiana-senese-candidati-a-capitale-italiana-della-cultura-2026\/\" \/>\n<meta property=\"og:site_name\" content=\"intoscana\" \/>\n<meta property=\"article:publisher\" content=\"https:\/\/www.facebook.com\/intoscana.it\" \/>\n<meta property=\"article:published_time\" content=\"2024-01-30T14:18:32+00:00\" \/>\n<meta property=\"article:modified_time\" content=\"2024-01-30T15:47:54+00:00\" \/>\n<meta property=\"og:image\" content=\"https:\/\/www.intoscana.it\/wp-content\/uploads\/IMG_9391.jpg\" \/>\n\t<meta property=\"og:image:width\" content=\"1170\" \/>\n\t<meta property=\"og:image:height\" content=\"775\" \/>\n\t<meta property=\"og:image:type\" content=\"image\/jpeg\" \/>\n<meta name=\"author\" content=\"Costanza Baldini\" \/>\n<meta name=\"twitter:card\" content=\"summary_large_image\" \/>\n<meta name=\"twitter:creator\" content=\"@intoscana\" \/>\n<meta name=\"twitter:site\" content=\"@intoscana\" \/>\n<meta name=\"twitter:label1\" content=\"Written by\" \/>\n\t<meta name=\"twitter:data1\" content=\"Costanza Baldini\" \/>\n\t<meta name=\"twitter:label2\" content=\"Est. reading time\" \/>\n\t<meta name=\"twitter:data2\" content=\"3 minuti\" \/>\n<script type=\"application\/ld+json\" class=\"yoast-schema-graph\">{\"@context\":\"https:\/\/schema.org\",\"@graph\":[{\"@type\":\"WebPage\",\"@id\":\"https:\/\/www.intoscana.it\/it\/i-dieci-comuni-della-valdichiana-senese-candidati-a-capitale-italiana-della-cultura-2026\/\",\"url\":\"https:\/\/www.intoscana.it\/it\/i-dieci-comuni-della-valdichiana-senese-candidati-a-capitale-italiana-della-cultura-2026\/\",\"name\":\"Valdichiana senese, 10 Comuni candidati a Capitale Italiana della Cultura 2026 - intoscana\",\"isPartOf\":{\"@id\":\"https:\/\/www.intoscana.it\/it\/#website\"},\"primaryImageOfPage\":{\"@id\":\"https:\/\/www.intoscana.it\/it\/i-dieci-comuni-della-valdichiana-senese-candidati-a-capitale-italiana-della-cultura-2026\/#primaryimage\"},\"image\":{\"@id\":\"https:\/\/www.intoscana.it\/it\/i-dieci-comuni-della-valdichiana-senese-candidati-a-capitale-italiana-della-cultura-2026\/#primaryimage\"},\"thumbnailUrl\":\"https:\/\/www.intoscana.it\/wp-content\/uploads\/IMG_9391.jpg\",\"datePublished\":\"2024-01-30T14:18:32+00:00\",\"dateModified\":\"2024-01-30T15:47:54+00:00\",\"author\":{\"@id\":\"https:\/\/www.intoscana.it\/it\/#\/schema\/person\/d469f35f09739bdf00bf5dd3f0647a82\"},\"description\":\"I dieci comuni della Valdichiana senese candidati a Capitale Italiana della Cultura 2026, 1 milione dalal Regione Toscana in caso di vittoria\",\"breadcrumb\":{\"@id\":\"https:\/\/www.intoscana.it\/it\/i-dieci-comuni-della-valdichiana-senese-candidati-a-capitale-italiana-della-cultura-2026\/#breadcrumb\"},\"inLanguage\":\"it-IT\",\"potentialAction\":[{\"@type\":\"ReadAction\",\"target\":[\"https:\/\/www.intoscana.it\/it\/i-dieci-comuni-della-valdichiana-senese-candidati-a-capitale-italiana-della-cultura-2026\/\"]}]},{\"@type\":\"ImageObject\",\"inLanguage\":\"it-IT\",\"@id\":\"https:\/\/www.intoscana.it\/it\/i-dieci-comuni-della-valdichiana-senese-candidati-a-capitale-italiana-della-cultura-2026\/#primaryimage\",\"url\":\"https:\/\/www.intoscana.it\/wp-content\/uploads\/IMG_9391.jpg\",\"contentUrl\":\"https:\/\/www.intoscana.it\/wp-content\/uploads\/IMG_9391.jpg\",\"width\":1170,\"height\":775,\"caption\":\"Unione Comuni Valdichiana\"},{\"@type\":\"BreadcrumbList\",\"@id\":\"https:\/\/www.intoscana.it\/it\/i-dieci-comuni-della-valdichiana-senese-candidati-a-capitale-italiana-della-cultura-2026\/#breadcrumb\",\"itemListElement\":[{\"@type\":\"ListItem\",\"position\":1,\"name\":\"Home\",\"item\":\"https:\/\/www.intoscana.it\/it\/\"},{\"@type\":\"ListItem\",\"position\":2,\"name\":\"Valdichiana senese, 10 Comuni candidati a Capitale Italiana della Cultura 2026\"}]},{\"@type\":\"WebSite\",\"@id\":\"https:\/\/www.intoscana.it\/it\/#website\",\"url\":\"https:\/\/www.intoscana.it\/it\/\",\"name\":\"intoscana\",\"description\":\"\",\"potentialAction\":[{\"@type\":\"SearchAction\",\"target\":{\"@type\":\"EntryPoint\",\"urlTemplate\":\"https:\/\/www.intoscana.it\/it\/?s={search_term_string}\"},\"query-input\":{\"@type\":\"PropertyValueSpecification\",\"valueRequired\":true,\"valueName\":\"search_term_string\"}}],\"inLanguage\":\"it-IT\"},{\"@type\":\"Person\",\"@id\":\"https:\/\/www.intoscana.it\/it\/#\/schema\/person\/d469f35f09739bdf00bf5dd3f0647a82\",\"name\":\"Costanza Baldini\",\"url\":\"https:\/\/www.intoscana.it\/it\/author\/costanza-baldini\/\"}]}<\/script>\n<!-- \/ Yoast SEO Premium plugin. -->","yoast_head_json":{"title":"Valdichiana senese, 10 Comuni candidati a Capitale Italiana della Cultura 2026 - intoscana","description":"I dieci comuni della Valdichiana senese candidati a Capitale Italiana della Cultura 2026, 1 milione dalal Regione Toscana in caso di vittoria","robots":{"index":"index","follow":"follow","max-snippet":"max-snippet:-1","max-image-preview":"max-image-preview:large","max-video-preview":"max-video-preview:-1"},"canonical":"https:\/\/www.intoscana.it\/it\/i-dieci-comuni-della-valdichiana-senese-candidati-a-capitale-italiana-della-cultura-2026\/","og_locale":"it_IT","og_type":"article","og_title":"Valdichiana senese, 10 Comuni candidati a Capitale Italiana della Cultura 2026","og_description":"I dieci comuni della Valdichiana senese candidati a Capitale Italiana della Cultura 2026, 1 milione dalal Regione Toscana in caso di vittoria","og_url":"https:\/\/www.intoscana.it\/it\/i-dieci-comuni-della-valdichiana-senese-candidati-a-capitale-italiana-della-cultura-2026\/","og_site_name":"intoscana","article_publisher":"https:\/\/www.facebook.com\/intoscana.it","article_published_time":"2024-01-30T14:18:32+00:00","article_modified_time":"2024-01-30T15:47:54+00:00","og_image":[{"width":1170,"height":775,"url":"https:\/\/www.intoscana.it\/wp-content\/uploads\/IMG_9391.jpg","type":"image\/jpeg"}],"author":"Costanza Baldini","twitter_card":"summary_large_image","twitter_creator":"@intoscana","twitter_site":"@intoscana","twitter_misc":{"Written by":"Costanza Baldini","Est. reading time":"3 minuti"},"schema":{"@context":"https:\/\/schema.org","@graph":[{"@type":"WebPage","@id":"https:\/\/www.intoscana.it\/it\/i-dieci-comuni-della-valdichiana-senese-candidati-a-capitale-italiana-della-cultura-2026\/","url":"https:\/\/www.intoscana.it\/it\/i-dieci-comuni-della-valdichiana-senese-candidati-a-capitale-italiana-della-cultura-2026\/","name":"Valdichiana senese, 10 Comuni candidati a Capitale Italiana della Cultura 2026 - intoscana","isPartOf":{"@id":"https:\/\/www.intoscana.it\/it\/#website"},"primaryImageOfPage":{"@id":"https:\/\/www.intoscana.it\/it\/i-dieci-comuni-della-valdichiana-senese-candidati-a-capitale-italiana-della-cultura-2026\/#primaryimage"},"image":{"@id":"https:\/\/www.intoscana.it\/it\/i-dieci-comuni-della-valdichiana-senese-candidati-a-capitale-italiana-della-cultura-2026\/#primaryimage"},"thumbnailUrl":"https:\/\/www.intoscana.it\/wp-content\/uploads\/IMG_9391.jpg","datePublished":"2024-01-30T14:18:32+00:00","dateModified":"2024-01-30T15:47:54+00:00","author":{"@id":"https:\/\/www.intoscana.it\/it\/#\/schema\/person\/d469f35f09739bdf00bf5dd3f0647a82"},"description":"I dieci comuni della Valdichiana senese candidati a Capitale Italiana della Cultura 2026, 1 milione dalal Regione Toscana in caso di vittoria","breadcrumb":{"@id":"https:\/\/www.intoscana.it\/it\/i-dieci-comuni-della-valdichiana-senese-candidati-a-capitale-italiana-della-cultura-2026\/#breadcrumb"},"inLanguage":"it-IT","potentialAction":[{"@type":"ReadAction","target":["https:\/\/www.intoscana.it\/it\/i-dieci-comuni-della-valdichiana-senese-candidati-a-capitale-italiana-della-cultura-2026\/"]}]},{"@type":"ImageObject","inLanguage":"it-IT","@id":"https:\/\/www.intoscana.it\/it\/i-dieci-comuni-della-valdichiana-senese-candidati-a-capitale-italiana-della-cultura-2026\/#primaryimage","url":"https:\/\/www.intoscana.it\/wp-content\/uploads\/IMG_9391.jpg","contentUrl":"https:\/\/www.intoscana.it\/wp-content\/uploads\/IMG_9391.jpg","width":1170,"height":775,"caption":"Unione Comuni Valdichiana"},{"@type":"BreadcrumbList","@id":"https:\/\/www.intoscana.it\/it\/i-dieci-comuni-della-valdichiana-senese-candidati-a-capitale-italiana-della-cultura-2026\/#breadcrumb","itemListElement":[{"@type":"ListItem","position":1,"name":"Home","item":"https:\/\/www.intoscana.it\/it\/"},{"@type":"ListItem","position":2,"name":"Valdichiana senese, 10 Comuni candidati a Capitale Italiana della Cultura 2026"}]},{"@type":"WebSite","@id":"https:\/\/www.intoscana.it\/it\/#website","url":"https:\/\/www.intoscana.it\/it\/","name":"intoscana","description":"","potentialAction":[{"@type":"SearchAction","target":{"@type":"EntryPoint","urlTemplate":"https:\/\/www.intoscana.it\/it\/?s={search_term_string}"},"query-input":{"@type":"PropertyValueSpecification","valueRequired":true,"valueName":"search_term_string"}}],"inLanguage":"it-IT"},{"@type":"Person","@id":"https:\/\/www.intoscana.it\/it\/#\/schema\/person\/d469f35f09739bdf00bf5dd3f0647a82","name":"Costanza Baldini","url":"https:\/\/www.intoscana.it\/it\/author\/costanza-baldini\/"}]}},"_links":{"self":[{"href":"https:\/\/www.intoscana.it\/it\/wp-json\/wp\/v2\/posts\/324416","targetHints":{"allow":["GET"]}}],"collection":[{"href":"https:\/\/www.intoscana.it\/it\/wp-json\/wp\/v2\/posts"}],"about":[{"href":"https:\/\/www.intoscana.it\/it\/wp-json\/wp\/v2\/types\/post"}],"author":[{"embeddable":true,"href":"https:\/\/www.intoscana.it\/it\/wp-json\/wp\/v2\/users\/518"}],"replies":[{"embeddable":true,"href":"https:\/\/www.intoscana.it\/it\/wp-json\/wp\/v2\/comments?post=324416"}],"version-history":[{"count":14,"href":"https:\/\/www.intoscana.it\/it\/wp-json\/wp\/v2\/posts\/324416\/revisions"}],"predecessor-version":[{"id":324499,"href":"https:\/\/www.intoscana.it\/it\/wp-json\/wp\/v2\/posts\/324416\/revisions\/324499"}],"wp:featuredmedia":[{"embeddable":true,"href":"https:\/\/www.intoscana.it\/it\/wp-json\/wp\/v2\/media\/324458"}],"wp:attachment":[{"href":"https:\/\/www.intoscana.it\/it\/wp-json\/wp\/v2\/media?parent=324416"}],"wp:term":[{"taxonomy":"category","embeddable":true,"href":"https:\/\/www.intoscana.it\/it\/wp-json\/wp\/v2\/categories?post=324416"},{"taxonomy":"post_tag","embeddable":true,"href":"https:\/\/www.intoscana.it\/it\/wp-json\/wp\/v2\/tags?post=324416"}],"curies":[{"name":"wp","href":"https:\/\/api.w.org\/{rel}","templated":true}]}}