{"id":324466,"date":"2024-01-30T16:29:42","date_gmt":"2024-01-30T15:29:42","guid":{"rendered":"https:\/\/www.intoscana.it\/it\/?p=324466"},"modified":"2024-02-06T17:56:56","modified_gmt":"2024-02-06T16:56:56","slug":"la-toscana-a-casa-sanremo-passerella-per-lunione-montana-del-mugello","status":"publish","type":"post","link":"https:\/\/www.intoscana.it\/it\/la-toscana-a-casa-sanremo-passerella-per-lunione-montana-del-mugello\/","title":{"rendered":"Il Mugello a Casa Sanremo: passerella per i prodotti tipici"},"content":{"rendered":"<p>A <strong>Casa Sanremo<\/strong> sbarca il Mugello dopo il successo ottenuto a met\u00e0 ottobre alla <em>\u201cSettimana Europea\u00a0delle\u00a0Regioni e\u00a0delle Citt\u00e0\u201d<\/em> a Bruxelles. L&#8217;unione montana dei comuni \u00e8 presente al Festival della canzone italiana nella giornata di <strong>marted\u00ec 6 febbraio<\/strong>, quindi per l&#8217;apertura della manifestazione. Presenti sulla Riviera dei Fiori il presidente del Consiglio regionale <strong>Antonio Mazzeo<\/strong> e il vice presidente <strong>Stefano Scaramelli<\/strong>.<\/p>\n<p>Le <strong>eccellenze del territorio<\/strong> sono protagoniste con <mark>un menu ad hoc a base di tortelli mugellani, battute di manzo, crostini e pecora in umido<\/mark> per non dimenticare gli alluvionati del 2 novembre. Un&#8217;occasione per promuovere al meglio il territorio mugellano alla platea di Sanremo.<\/p>\n<h3>Il Mugello sbarca a Sanremo<\/h3>\n<p>L&#8217;iniziativa \u00e8 stata voluta dall\u2019Unione montana dei comuni del Mugello e resa possibile grazie al coinvolgimento del <strong>Consiglio Regionale<\/strong>, di <strong>Vetrina Toscana<\/strong>, di <strong>Siaf<\/strong>, della <strong>Camera di Commercio<\/strong> e di <strong>PromoFirenze<\/strong>. Nel padiglione di <strong>Casa Sanremo<\/strong> il Mugello si presenta con i prodotti tipici di questa terra sempre pi\u00f9 amata dai turisti.<\/p>\n<p>I piatti della tradizione sono proposti dallo chef <strong>Cristian Borchi<\/strong>, con il supporto dei collaboratori <strong>Alessio Pratolini e Matteo Cafarelli<\/strong>. Non solo ricette mugellane ma anche un omaggio ai comuni della Piana fiorentina colpiti dalle devastanti alluvioni di novembre. In menu un piatto caratteristico: <strong>la pecora in umido<\/strong>. Un modo per ricordare che ancora ci sono famiglie e aziende in difficolt\u00e0 e che Regione e territori limitrofi sono al loro fianco.<\/p>\n<figure id=\"post-324507 media-324507\" class=\"align-none\"><img decoding=\"async\" src=\"https:\/\/www.intoscana.it\/wp-content\/uploads\/mugello-casa-sanremo.jpeg\" alt=\"\" \/><\/figure>\n<div class=\"titleimg\">La delegazione mugellana a Casa Sanremo<\/div>\n<h3>Mazzeo: prodotti ed eccellenze del Mugello<\/h3>\n<p>&#8220;<em>L\u2019Unione montana dei comuni del Mugello porta a Casa Sanremo prodotti tipici ed eccellenze garantendo una promozione territoriale nel corso della kermesse canora pi\u00f9 attesa dell\u2019anno. La grande vetrina del Festival ospita per la prima volta un territorio toscano. Proviamo a raccontare storia, cultura, buon cibo, e anche solidariet\u00e0, sostenendo l\u2019iniziativa per tenere alta l\u2019attenzione su quanto accaduto nella Piana fiorentina. Cooking Show, interviste televisive, spazi promozionali, per far conoscere l\u2019ambito turistico<\/em>&#8221; ha sottolineato il presidente del Consiglio Regionale <strong>Antonio Mazzeo<\/strong>.<\/p>\n<p>A promuovere il Mugello a Sanremo anche tre influencer: <strong>Elisa Zanetti<\/strong>, blogger e content creator dal 2012, che sui suoi canali social si occupa di lifestyle a 360\u00b0: fashion, beauty &amp; food; <strong>Lorenzo Gagliano<\/strong>, Food Advisor, che da una semplice pagina Instagram ha creato una community di amanti del cibo; <strong>Elisa Cresci<\/strong>, influencer fiorentina con la passione per il buon gusto e per la moda.<\/p>\n<figure id=\"post-324484 media-324484\" class=\"align-none\"><img decoding=\"async\" src=\"https:\/\/www.intoscana.it\/wp-content\/uploads\/LUnione-dei-comuni-del-Mugello-a-Casa-Sanremo-scaled.jpg\" alt=\"\" \/><\/figure>\n<div class=\"titleimg\">L\u2019Unione montana dei comuni del Mugello a Casa Sanremo<\/div>\n<h3>Bassilichi: una migliore promozione del Mugello<\/h3>\n<p>\u201c<em>La promozione della cultura locale e lo stimolo allo sviluppo economico rappresentano uno degli obiettivi della Camera di Commercio<\/em> \u2013 afferma Presidente della Camera di Commercio di Firenze, <strong>Leonardo Bassilichi-<\/strong>.<em> Iniziative come queste possono contribuire efficacemente a promuovere una migliore comprensione di un&#8217;area ricca di opportunit\u00e0 turistiche, gastronomiche e imprenditoriali, sostenendo nel contempo il tessuto produttivo maggiormente danneggiato dai drammatici eventi alluvionali degli ultimi mesi\u201d.<\/em><\/p>\n<h3>Una vetrina di livello internazionale<\/h3>\n<p>L&#8217;unione montana dei comuni del Mugello ha spiegato le ragioni della trasferta. \u201c<em>\u00c8 una vetrina di livello internazionale, facciamo conoscere le nostre specialit\u00e0 e vedere che i nostri territori nell\u2019area metropolitana fiorentina sono uniti. Non andiamo in ordine sparso, ma come elementi di un sistema<\/em> \u2013 ha ricordato il sindaco di Scarperia e San Piero, <strong>Federico Ignesti<\/strong>\u00a0\u2013. <em>Ci sono i tortelli mugellani, che caratterizzano un po\u2019 tutti gli elementi del nostro agroalimentare, e le nostre carni allevate, con battute di carne da degustare, ma il nostro proporci come Mugello vuole tenere alta l\u2019attenzione su quello che \u00e8 accaduto, sia nel Mugello che nella Piana e per questa ragione abbiamo accolto la pecora in umido di Campi Bisenzio\u201d<\/em>.<\/p>\n<figure id=\"post-324512 media-324512\" class=\"align-none\"><img decoding=\"async\" src=\"https:\/\/www.intoscana.it\/wp-content\/uploads\/I-tortelli-mugellani.jpg\" alt=\"\" \/><\/figure>\n<div class=\"titleimg\">I tortelli mugellani<\/div>\n<p>\u201c<em>Marted\u00ec 6 febbraio gestiamo il ristorante di Casa Sanremo. Per noi \u00e8 una grande occasione di promozione territoriale<\/em> \u2013 spiega il sindaco di Dicomano e presidente dell\u2019Unione montana dei Comuni del Mugello,\u00a0<strong>Stefano Passiatore<\/strong>\u00a0\u2013. <em>Proponiamo piatti tipici: l\u2019occasione di parlare anche delle bellezze del nostro territorio. Non solo l\u2019aspetto enogastronomico, ma la cultura, il buon vivere e la natura che circonda ogni abitato del Mugello\u201d<\/em><\/p>\n<h3>L&#8217;accoglienza di Casa Sanremo al Mugello<\/h3>\n<p><strong>Casa Sanremo<\/strong> \u00e8 nata nel 2008 e negli anni si \u00e8 confermata un hub per tutti i giornalisti, gli artisti, gli addetti ai lavori che ogni anno confluiscono digitalmente nella cittadina ligure per il Festival della Canzone Italiana.<\/p>\n<p>&#8220;<em>Siamo felici di avere con noi, per la prima volta fra i territori, anche la Regione Toscana. Grazie a questa occasione <\/em>\u2013 afferma il direttore marketing e commerciale di Casa Sanremo <strong>Umberto Labozzetta<\/strong> \u2013, <em>i nostri ospiti possono apprezzare un menu ricco e caratteristico. Casa Sanremo \u00e8 riconosciuta da tutti gli addetti ai lavori come importante punto di riferimento per il mondo dello spettacolo, della cultura e del turismo, e non solo durante i giorni del Festival della Canzone italiana. Quest\u2019anno \u00e8 alla sua XVII edizione e si presenta in una veste rinnovata. L&#8217;attenzione di tutti i media \u00e8 sempre pi\u00f9 alta ed il pubblico sempre pi\u00f9 numeroso ed eterogeneo<\/em>&#8220;.<\/p>\n","protected":false},"excerpt":{"rendered":"<p>L&#8217;unione montana dei comuni promuove il territorio insieme a Vetrina Toscana tra itinerari slow e assaggi di tortelli. In menu un piatto a base di pecora in umido per ricordare gli alluvionati<\/p>\n","protected":false},"author":554,"featured_media":325647,"comment_status":"open","ping_status":"open","sticky":false,"template":"","format":"standard","meta":{"_acf_changed":false,"footnotes":""},"categories":[8],"tags":[375,146],"class_list":["post-324466","post","type-post","status-publish","format-standard","has-post-thumbnail","hentry","category-enogastronomia","tag-mugello","tag-vetrina-toscana"],"acf":[],"yoast_head":"<!-- This site is optimized with the Yoast SEO Premium plugin v24.2 (Yoast SEO v25.6) - https:\/\/yoast.com\/wordpress\/plugins\/seo\/ -->\n<title>La Toscana a Casa Sanremo con l&#039;Unione montana del Mugello - intoscana<\/title>\n<meta name=\"description\" content=\"L&#039;unione montana dei comuni promuove il territorio insieme a Vetrina Toscana. In menu pecora in umido per ricordare gli alluvionati\" \/>\n<meta name=\"robots\" content=\"index, follow, max-snippet:-1, max-image-preview:large, max-video-preview:-1\" \/>\n<link rel=\"canonical\" href=\"https:\/\/www.intoscana.it\/it\/la-toscana-a-casa-sanremo-passerella-per-lunione-montana-del-mugello\/\" \/>\n<meta property=\"og:locale\" content=\"it_IT\" \/>\n<meta property=\"og:type\" content=\"article\" \/>\n<meta property=\"og:title\" content=\"Il Mugello a Casa Sanremo: passerella per i prodotti tipici\" \/>\n<meta property=\"og:description\" content=\"L&#039;unione montana dei comuni promuove il territorio insieme a Vetrina Toscana. In menu pecora in umido per ricordare gli alluvionati\" \/>\n<meta property=\"og:url\" content=\"https:\/\/www.intoscana.it\/it\/la-toscana-a-casa-sanremo-passerella-per-lunione-montana-del-mugello\/\" \/>\n<meta property=\"og:site_name\" content=\"intoscana\" \/>\n<meta property=\"article:publisher\" content=\"https:\/\/www.facebook.com\/intoscana.it\" \/>\n<meta property=\"article:published_time\" content=\"2024-01-30T15:29:42+00:00\" \/>\n<meta property=\"article:modified_time\" content=\"2024-02-06T16:56:56+00:00\" \/>\n<meta property=\"og:image\" content=\"https:\/\/www.intoscana.it\/wp-content\/uploads\/WhatsApp-Image-2024-02-06-at-17.37.59-1.jpeg\" \/>\n\t<meta property=\"og:image:width\" content=\"1179\" \/>\n\t<meta property=\"og:image:height\" content=\"767\" \/>\n\t<meta property=\"og:image:type\" content=\"image\/jpeg\" \/>\n<meta name=\"author\" content=\"Raffaella Galamini\" \/>\n<meta name=\"twitter:card\" content=\"summary_large_image\" \/>\n<meta name=\"twitter:creator\" content=\"@orio\" \/>\n<meta name=\"twitter:site\" content=\"@intoscana\" \/>\n<meta name=\"twitter:label1\" content=\"Written by\" \/>\n\t<meta name=\"twitter:data1\" content=\"Raffaella Galamini\" \/>\n\t<meta name=\"twitter:label2\" content=\"Est. reading time\" \/>\n\t<meta name=\"twitter:data2\" content=\"6 minuti\" \/>\n<script type=\"application\/ld+json\" class=\"yoast-schema-graph\">{\"@context\":\"https:\/\/schema.org\",\"@graph\":[{\"@type\":\"WebPage\",\"@id\":\"https:\/\/www.intoscana.it\/it\/la-toscana-a-casa-sanremo-passerella-per-lunione-montana-del-mugello\/\",\"url\":\"https:\/\/www.intoscana.it\/it\/la-toscana-a-casa-sanremo-passerella-per-lunione-montana-del-mugello\/\",\"name\":\"La Toscana a Casa Sanremo con l'Unione montana del Mugello - intoscana\",\"isPartOf\":{\"@id\":\"https:\/\/www.intoscana.it\/it\/#website\"},\"primaryImageOfPage\":{\"@id\":\"https:\/\/www.intoscana.it\/it\/la-toscana-a-casa-sanremo-passerella-per-lunione-montana-del-mugello\/#primaryimage\"},\"image\":{\"@id\":\"https:\/\/www.intoscana.it\/it\/la-toscana-a-casa-sanremo-passerella-per-lunione-montana-del-mugello\/#primaryimage\"},\"thumbnailUrl\":\"https:\/\/www.intoscana.it\/wp-content\/uploads\/WhatsApp-Image-2024-02-06-at-17.37.59-1.jpeg\",\"datePublished\":\"2024-01-30T15:29:42+00:00\",\"dateModified\":\"2024-02-06T16:56:56+00:00\",\"author\":{\"@id\":\"https:\/\/www.intoscana.it\/it\/#\/schema\/person\/9eb9daa846a49fe51af39a73d9d1986b\"},\"description\":\"L'unione montana dei comuni promuove il territorio insieme a Vetrina Toscana. In menu pecora in umido per ricordare gli alluvionati\",\"breadcrumb\":{\"@id\":\"https:\/\/www.intoscana.it\/it\/la-toscana-a-casa-sanremo-passerella-per-lunione-montana-del-mugello\/#breadcrumb\"},\"inLanguage\":\"it-IT\",\"potentialAction\":[{\"@type\":\"ReadAction\",\"target\":[\"https:\/\/www.intoscana.it\/it\/la-toscana-a-casa-sanremo-passerella-per-lunione-montana-del-mugello\/\"]}]},{\"@type\":\"ImageObject\",\"inLanguage\":\"it-IT\",\"@id\":\"https:\/\/www.intoscana.it\/it\/la-toscana-a-casa-sanremo-passerella-per-lunione-montana-del-mugello\/#primaryimage\",\"url\":\"https:\/\/www.intoscana.it\/wp-content\/uploads\/WhatsApp-Image-2024-02-06-at-17.37.59-1.jpeg\",\"contentUrl\":\"https:\/\/www.intoscana.it\/wp-content\/uploads\/WhatsApp-Image-2024-02-06-at-17.37.59-1.jpeg\",\"width\":1179,\"height\":767},{\"@type\":\"BreadcrumbList\",\"@id\":\"https:\/\/www.intoscana.it\/it\/la-toscana-a-casa-sanremo-passerella-per-lunione-montana-del-mugello\/#breadcrumb\",\"itemListElement\":[{\"@type\":\"ListItem\",\"position\":1,\"name\":\"Home\",\"item\":\"https:\/\/www.intoscana.it\/it\/\"},{\"@type\":\"ListItem\",\"position\":2,\"name\":\"Il Mugello a Casa Sanremo: passerella per i prodotti tipici\"}]},{\"@type\":\"WebSite\",\"@id\":\"https:\/\/www.intoscana.it\/it\/#website\",\"url\":\"https:\/\/www.intoscana.it\/it\/\",\"name\":\"intoscana\",\"description\":\"\",\"potentialAction\":[{\"@type\":\"SearchAction\",\"target\":{\"@type\":\"EntryPoint\",\"urlTemplate\":\"https:\/\/www.intoscana.it\/it\/?s={search_term_string}\"},\"query-input\":{\"@type\":\"PropertyValueSpecification\",\"valueRequired\":true,\"valueName\":\"search_term_string\"}}],\"inLanguage\":\"it-IT\"},{\"@type\":\"Person\",\"@id\":\"https:\/\/www.intoscana.it\/it\/#\/schema\/person\/9eb9daa846a49fe51af39a73d9d1986b\",\"name\":\"Raffaella Galamini\",\"sameAs\":[\"https:\/\/x.com\/orio\"],\"url\":\"https:\/\/www.intoscana.it\/it\/author\/r-galamini\/\"}]}<\/script>\n<!-- \/ Yoast SEO Premium plugin. -->","yoast_head_json":{"title":"La Toscana a Casa Sanremo con l'Unione montana del Mugello - intoscana","description":"L'unione montana dei comuni promuove il territorio insieme a Vetrina Toscana. In menu pecora in umido per ricordare gli alluvionati","robots":{"index":"index","follow":"follow","max-snippet":"max-snippet:-1","max-image-preview":"max-image-preview:large","max-video-preview":"max-video-preview:-1"},"canonical":"https:\/\/www.intoscana.it\/it\/la-toscana-a-casa-sanremo-passerella-per-lunione-montana-del-mugello\/","og_locale":"it_IT","og_type":"article","og_title":"Il Mugello a Casa Sanremo: passerella per i prodotti tipici","og_description":"L'unione montana dei comuni promuove il territorio insieme a Vetrina Toscana. In menu pecora in umido per ricordare gli alluvionati","og_url":"https:\/\/www.intoscana.it\/it\/la-toscana-a-casa-sanremo-passerella-per-lunione-montana-del-mugello\/","og_site_name":"intoscana","article_publisher":"https:\/\/www.facebook.com\/intoscana.it","article_published_time":"2024-01-30T15:29:42+00:00","article_modified_time":"2024-02-06T16:56:56+00:00","og_image":[{"width":1179,"height":767,"url":"https:\/\/www.intoscana.it\/wp-content\/uploads\/WhatsApp-Image-2024-02-06-at-17.37.59-1.jpeg","type":"image\/jpeg"}],"author":"Raffaella Galamini","twitter_card":"summary_large_image","twitter_creator":"@orio","twitter_site":"@intoscana","twitter_misc":{"Written by":"Raffaella Galamini","Est. reading time":"6 minuti"},"schema":{"@context":"https:\/\/schema.org","@graph":[{"@type":"WebPage","@id":"https:\/\/www.intoscana.it\/it\/la-toscana-a-casa-sanremo-passerella-per-lunione-montana-del-mugello\/","url":"https:\/\/www.intoscana.it\/it\/la-toscana-a-casa-sanremo-passerella-per-lunione-montana-del-mugello\/","name":"La Toscana a Casa Sanremo con l'Unione montana del Mugello - intoscana","isPartOf":{"@id":"https:\/\/www.intoscana.it\/it\/#website"},"primaryImageOfPage":{"@id":"https:\/\/www.intoscana.it\/it\/la-toscana-a-casa-sanremo-passerella-per-lunione-montana-del-mugello\/#primaryimage"},"image":{"@id":"https:\/\/www.intoscana.it\/it\/la-toscana-a-casa-sanremo-passerella-per-lunione-montana-del-mugello\/#primaryimage"},"thumbnailUrl":"https:\/\/www.intoscana.it\/wp-content\/uploads\/WhatsApp-Image-2024-02-06-at-17.37.59-1.jpeg","datePublished":"2024-01-30T15:29:42+00:00","dateModified":"2024-02-06T16:56:56+00:00","author":{"@id":"https:\/\/www.intoscana.it\/it\/#\/schema\/person\/9eb9daa846a49fe51af39a73d9d1986b"},"description":"L'unione montana dei comuni promuove il territorio insieme a Vetrina Toscana. In menu pecora in umido per ricordare gli alluvionati","breadcrumb":{"@id":"https:\/\/www.intoscana.it\/it\/la-toscana-a-casa-sanremo-passerella-per-lunione-montana-del-mugello\/#breadcrumb"},"inLanguage":"it-IT","potentialAction":[{"@type":"ReadAction","target":["https:\/\/www.intoscana.it\/it\/la-toscana-a-casa-sanremo-passerella-per-lunione-montana-del-mugello\/"]}]},{"@type":"ImageObject","inLanguage":"it-IT","@id":"https:\/\/www.intoscana.it\/it\/la-toscana-a-casa-sanremo-passerella-per-lunione-montana-del-mugello\/#primaryimage","url":"https:\/\/www.intoscana.it\/wp-content\/uploads\/WhatsApp-Image-2024-02-06-at-17.37.59-1.jpeg","contentUrl":"https:\/\/www.intoscana.it\/wp-content\/uploads\/WhatsApp-Image-2024-02-06-at-17.37.59-1.jpeg","width":1179,"height":767},{"@type":"BreadcrumbList","@id":"https:\/\/www.intoscana.it\/it\/la-toscana-a-casa-sanremo-passerella-per-lunione-montana-del-mugello\/#breadcrumb","itemListElement":[{"@type":"ListItem","position":1,"name":"Home","item":"https:\/\/www.intoscana.it\/it\/"},{"@type":"ListItem","position":2,"name":"Il Mugello a Casa Sanremo: passerella per i prodotti tipici"}]},{"@type":"WebSite","@id":"https:\/\/www.intoscana.it\/it\/#website","url":"https:\/\/www.intoscana.it\/it\/","name":"intoscana","description":"","potentialAction":[{"@type":"SearchAction","target":{"@type":"EntryPoint","urlTemplate":"https:\/\/www.intoscana.it\/it\/?s={search_term_string}"},"query-input":{"@type":"PropertyValueSpecification","valueRequired":true,"valueName":"search_term_string"}}],"inLanguage":"it-IT"},{"@type":"Person","@id":"https:\/\/www.intoscana.it\/it\/#\/schema\/person\/9eb9daa846a49fe51af39a73d9d1986b","name":"Raffaella Galamini","sameAs":["https:\/\/x.com\/orio"],"url":"https:\/\/www.intoscana.it\/it\/author\/r-galamini\/"}]}},"_links":{"self":[{"href":"https:\/\/www.intoscana.it\/it\/wp-json\/wp\/v2\/posts\/324466","targetHints":{"allow":["GET"]}}],"collection":[{"href":"https:\/\/www.intoscana.it\/it\/wp-json\/wp\/v2\/posts"}],"about":[{"href":"https:\/\/www.intoscana.it\/it\/wp-json\/wp\/v2\/types\/post"}],"author":[{"embeddable":true,"href":"https:\/\/www.intoscana.it\/it\/wp-json\/wp\/v2\/users\/554"}],"replies":[{"embeddable":true,"href":"https:\/\/www.intoscana.it\/it\/wp-json\/wp\/v2\/comments?post=324466"}],"version-history":[{"count":16,"href":"https:\/\/www.intoscana.it\/it\/wp-json\/wp\/v2\/posts\/324466\/revisions"}],"predecessor-version":[{"id":325649,"href":"https:\/\/www.intoscana.it\/it\/wp-json\/wp\/v2\/posts\/324466\/revisions\/325649"}],"wp:featuredmedia":[{"embeddable":true,"href":"https:\/\/www.intoscana.it\/it\/wp-json\/wp\/v2\/media\/325647"}],"wp:attachment":[{"href":"https:\/\/www.intoscana.it\/it\/wp-json\/wp\/v2\/media?parent=324466"}],"wp:term":[{"taxonomy":"category","embeddable":true,"href":"https:\/\/www.intoscana.it\/it\/wp-json\/wp\/v2\/categories?post=324466"},{"taxonomy":"post_tag","embeddable":true,"href":"https:\/\/www.intoscana.it\/it\/wp-json\/wp\/v2\/tags?post=324466"}],"curies":[{"name":"wp","href":"https:\/\/api.w.org\/{rel}","templated":true}]}}