{"id":324467,"date":"2024-02-12T15:58:26","date_gmt":"2024-02-12T14:58:26","guid":{"rendered":"https:\/\/www.intoscana.it\/it\/?p=324467"},"modified":"2024-02-12T16:55:11","modified_gmt":"2024-02-12T15:55:11","slug":"gala-del-cuore-a-villa-castelletti-per-le-famiglie-colpite-dallalluvione","status":"publish","type":"post","link":"https:\/\/www.intoscana.it\/it\/gala-del-cuore-a-villa-castelletti-per-le-famiglie-colpite-dallalluvione\/","title":{"rendered":"Gal\u00e0 del Cuore: a Villa Castelletti a Signa una serata per le famiglie colpite dall&#8217;alluvione"},"content":{"rendered":"<div dir=\"auto\">\n<div dir=\"auto\">\n<div dir=\"auto\">\n<div dir=\"auto\">\n<div dir=\"auto\">\n<div dir=\"auto\">\n<div dir=\"auto\">\n<div dir=\"auto\">\n<div dir=\"auto\">\n<div dir=\"auto\">\n<p>Appuntamento marted\u00ec 20 febbraio a<strong> Villa Castelletti a Signa<\/strong> per il <strong>Gal\u00e0 del Cuore,<\/strong> una serata di intrattenimento e spettacolo per raccogliere fondi per sostenere le famiglie alluvionate a seguito degli eventi straordinari del 2 novembre. L\u2019evento, organizzato dalla onlus <strong>\u2018Olimpiadi del cuore\u2019 di Paolo Brosio <\/strong>sar\u00e0 arricchito da eccellenze della gastronomia e rappresentanti del mondo dello spettacolo e dell&#8217;intrattenimento.<\/p>\n<p>L\u2019iniziativa, che vede il patrocinio della Regione Toscana, del Comune di Campi Bisenzio, della Misericordia di Campi Bisenzio, delle Misericordie dell\u2019area fiorentina e della Nazionale italiana cantanti, \u00e8 stata presentata questa mattina a Palazzo Strozzi Sacrati a Firenze. <mark><em>\u201cRingrazio Brosio e le Olimpidi del Cuore per questo atto di solidariet\u00e0 verso tutte le persone che sono state colpite dall\u2019alluvione<\/em>, <em>il nostro pensiero \u00e8 sempre rivolto a loro ed alle otto vittime di quei terribili eventi<\/em> <\/mark>\u2013 ha detto il presidente della Regione e Commissario straordinario per l&#8217;alluvione <strong>Eugenio Giani<\/strong> &#8211; <em>ricordo che la Toscana ha avuto otto lutti, danni per oltre 2 miliardi di euro e che ha bisogno di circa un miliardo per mettere davvero in sicurezza i corsi dei fiumi: non possiamo dimenticare tutto questo e non possiamo ignorare il fatto che se non interveniamo questi tragici eventi potrebbero ripetersi. Vedendo le vesti gialle e azzurre dei volontari della Misericordia non posso non sottolineare il ruolo fondamentale svolto dal volontariato, una realt\u00e0 che da grande la nostra Regione, ma oltre all\u2019impegno della societ\u00e0 civile, della Regione e delle istituzioni locali, serve il supporto dello Stato, perch\u00e9 si possa davvero intervenire, sia a supporto di chi \u00e8 stato danneggiato che sui territori, perch\u00e9 una tragedia simile non si ripeta\u201d.<\/em><\/p>\n<\/div>\n<p><em><strong>\u201cRiempiamo tutti i tavoli nel nome della solidariet\u00e0<\/strong><\/em> \u2013 ha aggiunto <strong>Paolo Brosio<\/strong> &#8211;<em> il volontariato in questa come in altre drammatiche vicende italiane ha svolto un ruolo encomiabile e fondamentale. Per il gal\u00e0 evento di villa Castelletti abbiamo previsto un programma vario che soddisfa tutti i gusti: buona cucina, musica di grandissimo livello, comicit\u00e0 contribuiranno a far divertire un pubblico che ci auguriamo il pi\u00f9 ampio possibile. La nostra gente alluvionata che ha perso tutto ha bisogno di aiuti concreti e noi siamo qui per dare a loro una grande mano con il sostegno di Regione Toscana e Misericordia che svolgono un ruolo fondamentale&#8221;<\/em><\/p>\n<p>Presente alla conferenza stampa anche la vicepresidente della Regione ed assessora regionale all\u2019agricoltura <strong>Stefania Saccardi,<\/strong> che ha ricordato come anche il mondo agricolo sia stato colpito dagli eventi alluvionali e come il volontariato abbia giocato un ruolo essenziale, sia nella gestione immediata della criticit\u00e0, che nella raccolta di fondi di solidariet\u00e0 per venire incontro alle esigenze materiali ed affettive delle persone colpite. Infine <strong>Cristina Manetti<\/strong>, capo di Gabinetto del presidente Giani, ha ricordato il lavoro costante della Regione per gestire l\u2019emergenza, ma anche la necessit\u00e0 di non lasciar spegnere i riflettori su quanto successo, per non rischiare che le famiglie e le imprese danneggiate vengano dimenticate e restino senza sostegno.<\/p>\n<div dir=\"auto\">\n<h3>Il programma della serata di beneficenza<\/h3>\n<p>La serata prevede una cena-spettacolo alla presenza dello <strong>chef Giuseppe Mancino<\/strong>, direttore delle cucine del 5 stelle lusso Grand Hotel Principe di Piemonte di Viareggio, insieme a lui i cuochi del catering di Firenze Guido Guidi. Lo staff sar\u00e0 assistito da docenti e studenti degli istituti alberghieri Buontalenti e Saffi di Firenze.<br \/>\nPer l&#8217;occasione <strong>Villa Castelletti sar\u00e0 completamente illuminata di azzurro<\/strong> con una installazione di Marco Nereo Rotelli e verranno proiettati i versi che Mario Luzi don\u00f2 allo stesso Rotelli in occasione della 49ma Biennale d&#8217;arte di Venezia &#8216;Platea dell&#8217;Umanit\u00e0&#8217;.<\/p>\n<p>Tra gli ospiti anche <strong>Mogol<\/strong> che, come ha spiegato Brosio,<em> &#8220;salir\u00e0 sul palco del Salone delle feste per parlare del suo ultimo libro e poi aprir\u00e0 il &#8216;libro dei ricordi&#8217; con Lucio Battisti. Sar\u00e0 un momento bellissimo ed emozionante&#8221;. <\/em>Battisti sar\u00e0 il protagonista del concerto che poi seguir\u00e0, con<strong> Pago e la sua band. <\/strong>Saranno presenti anche <strong>l\u2019attrice Valeria Marini,<\/strong> madrina della serata, l&#8217;Orchestra da Camera di Firenze, la pianista <strong>Giulia Mazzoni,<\/strong> gli inviati di &#8220;Striscia la notizia&#8221; e alcuni comici.<\/p>\n<p><em>&#8220;\u00c8 una grande occasione per aiutare la popolazione toscana e campigiana<\/em> &#8211; ha aggiunto il sindaco di Campi Bisenzio <strong>And<\/strong><strong>rea Tagliaferri<\/strong> &#8211; <em>voglio ringraziare l&#8217;associazione Olimpiadi del Cuore e le Misericordie, ma soprattutto Paolo Brosio che \u00e8 venuto qui subito dopo l&#8217;alluvione e non \u00e8 mai andato via&#8221;.\u00a0<\/em><\/p>\n<\/div>\n<\/div>\n<\/div>\n<\/div>\n<\/div>\n<\/div>\n<\/div>\n<\/div>\n<\/div>\n<\/div>\n","protected":false},"excerpt":{"rendered":"<p>Il 20 febbraio una serata di solidariet\u00e0 organizzata dall&#8217;associazione di Paolo Brosio, con la cena di beneficenza e musica dal vivo: tra gli ospiti Mogol, Pago, Valeria Marini e Giulia Mazzoni<\/p>\n","protected":false},"author":525,"featured_media":326479,"comment_status":"open","ping_status":"open","sticky":false,"template":"","format":"standard","meta":{"_acf_changed":false,"footnotes":""},"categories":[494],"tags":[214,6451,356],"class_list":["post-324467","post","type-post","status-publish","format-standard","has-post-thumbnail","hentry","category-attualita","tag-alluvione","tag-campi-bisenzio","tag-solidarieta"],"acf":[],"yoast_head":"<!-- This site is optimized with the Yoast SEO Premium plugin v24.2 (Yoast SEO v25.6) - https:\/\/yoast.com\/wordpress\/plugins\/seo\/ -->\n<title>Gal\u00e0 del Cuore: a Villa Castelletti a Signa una serata per le famiglie colpite dall&#039;alluvione - intoscana<\/title>\n<meta name=\"robots\" content=\"index, follow, max-snippet:-1, max-image-preview:large, max-video-preview:-1\" \/>\n<link rel=\"canonical\" href=\"https:\/\/www.intoscana.it\/it\/gala-del-cuore-a-villa-castelletti-per-le-famiglie-colpite-dallalluvione\/\" \/>\n<meta property=\"og:locale\" content=\"it_IT\" \/>\n<meta property=\"og:type\" content=\"article\" \/>\n<meta property=\"og:title\" content=\"Gal\u00e0 del Cuore: a Villa Castelletti a Signa una serata per le famiglie colpite dall&#039;alluvione\" \/>\n<meta property=\"og:description\" content=\"Il 20 febbraio una serata di solidariet\u00e0 organizzata dall&#039;associazione di Paolo Brosio, con la cena di beneficenza e musica dal vivo: tra gli ospiti Mogol, Pago, Valeria Marini e Giulia Mazzoni\" \/>\n<meta property=\"og:url\" content=\"https:\/\/www.intoscana.it\/it\/gala-del-cuore-a-villa-castelletti-per-le-famiglie-colpite-dallalluvione\/\" \/>\n<meta property=\"og:site_name\" content=\"intoscana\" \/>\n<meta property=\"article:publisher\" content=\"https:\/\/www.facebook.com\/intoscana.it\" \/>\n<meta property=\"article:published_time\" content=\"2024-02-12T14:58:26+00:00\" \/>\n<meta property=\"article:modified_time\" content=\"2024-02-12T15:55:11+00:00\" \/>\n<meta property=\"og:image\" content=\"https:\/\/www.intoscana.it\/wp-content\/uploads\/gala-del-cuore.jpeg\" \/>\n\t<meta property=\"og:image:width\" content=\"1600\" \/>\n\t<meta property=\"og:image:height\" content=\"1200\" \/>\n\t<meta property=\"og:image:type\" content=\"image\/jpeg\" \/>\n<meta name=\"author\" content=\"Redazione\" \/>\n<meta name=\"twitter:card\" content=\"summary_large_image\" \/>\n<meta name=\"twitter:creator\" content=\"@intoscana\" \/>\n<meta name=\"twitter:site\" content=\"@intoscana\" \/>\n<meta name=\"twitter:label1\" content=\"Written by\" \/>\n\t<meta name=\"twitter:data1\" content=\"Redazione\" \/>\n\t<meta name=\"twitter:label2\" content=\"Est. reading time\" \/>\n\t<meta name=\"twitter:data2\" content=\"4 minuti\" \/>\n<script type=\"application\/ld+json\" class=\"yoast-schema-graph\">{\"@context\":\"https:\/\/schema.org\",\"@graph\":[{\"@type\":\"WebPage\",\"@id\":\"https:\/\/www.intoscana.it\/it\/gala-del-cuore-a-villa-castelletti-per-le-famiglie-colpite-dallalluvione\/\",\"url\":\"https:\/\/www.intoscana.it\/it\/gala-del-cuore-a-villa-castelletti-per-le-famiglie-colpite-dallalluvione\/\",\"name\":\"Gal\u00e0 del Cuore: a Villa Castelletti a Signa una serata per le famiglie colpite dall'alluvione - intoscana\",\"isPartOf\":{\"@id\":\"https:\/\/www.intoscana.it\/it\/#website\"},\"primaryImageOfPage\":{\"@id\":\"https:\/\/www.intoscana.it\/it\/gala-del-cuore-a-villa-castelletti-per-le-famiglie-colpite-dallalluvione\/#primaryimage\"},\"image\":{\"@id\":\"https:\/\/www.intoscana.it\/it\/gala-del-cuore-a-villa-castelletti-per-le-famiglie-colpite-dallalluvione\/#primaryimage\"},\"thumbnailUrl\":\"https:\/\/www.intoscana.it\/wp-content\/uploads\/gala-del-cuore.jpeg\",\"datePublished\":\"2024-02-12T14:58:26+00:00\",\"dateModified\":\"2024-02-12T15:55:11+00:00\",\"author\":{\"@id\":\"https:\/\/www.intoscana.it\/it\/#\/schema\/person\/9223810753230f20bd670fdd322661f8\"},\"breadcrumb\":{\"@id\":\"https:\/\/www.intoscana.it\/it\/gala-del-cuore-a-villa-castelletti-per-le-famiglie-colpite-dallalluvione\/#breadcrumb\"},\"inLanguage\":\"it-IT\",\"potentialAction\":[{\"@type\":\"ReadAction\",\"target\":[\"https:\/\/www.intoscana.it\/it\/gala-del-cuore-a-villa-castelletti-per-le-famiglie-colpite-dallalluvione\/\"]}]},{\"@type\":\"ImageObject\",\"inLanguage\":\"it-IT\",\"@id\":\"https:\/\/www.intoscana.it\/it\/gala-del-cuore-a-villa-castelletti-per-le-famiglie-colpite-dallalluvione\/#primaryimage\",\"url\":\"https:\/\/www.intoscana.it\/wp-content\/uploads\/gala-del-cuore.jpeg\",\"contentUrl\":\"https:\/\/www.intoscana.it\/wp-content\/uploads\/gala-del-cuore.jpeg\",\"width\":1600,\"height\":1200,\"caption\":\"La presentazione del Gal\u00e0 del cuore\"},{\"@type\":\"BreadcrumbList\",\"@id\":\"https:\/\/www.intoscana.it\/it\/gala-del-cuore-a-villa-castelletti-per-le-famiglie-colpite-dallalluvione\/#breadcrumb\",\"itemListElement\":[{\"@type\":\"ListItem\",\"position\":1,\"name\":\"Home\",\"item\":\"https:\/\/www.intoscana.it\/it\/\"},{\"@type\":\"ListItem\",\"position\":2,\"name\":\"Gal\u00e0 del Cuore: a Villa Castelletti a Signa una serata per le famiglie colpite dall&#8217;alluvione\"}]},{\"@type\":\"WebSite\",\"@id\":\"https:\/\/www.intoscana.it\/it\/#website\",\"url\":\"https:\/\/www.intoscana.it\/it\/\",\"name\":\"intoscana\",\"description\":\"\",\"potentialAction\":[{\"@type\":\"SearchAction\",\"target\":{\"@type\":\"EntryPoint\",\"urlTemplate\":\"https:\/\/www.intoscana.it\/it\/?s={search_term_string}\"},\"query-input\":{\"@type\":\"PropertyValueSpecification\",\"valueRequired\":true,\"valueName\":\"search_term_string\"}}],\"inLanguage\":\"it-IT\"},{\"@type\":\"Person\",\"@id\":\"https:\/\/www.intoscana.it\/it\/#\/schema\/person\/9223810753230f20bd670fdd322661f8\",\"name\":\"Redazione\",\"url\":\"https:\/\/www.intoscana.it\/it\/author\/redazione\/\"}]}<\/script>\n<!-- \/ Yoast SEO Premium plugin. -->","yoast_head_json":{"title":"Gal\u00e0 del Cuore: a Villa Castelletti a Signa una serata per le famiglie colpite dall'alluvione - intoscana","robots":{"index":"index","follow":"follow","max-snippet":"max-snippet:-1","max-image-preview":"max-image-preview:large","max-video-preview":"max-video-preview:-1"},"canonical":"https:\/\/www.intoscana.it\/it\/gala-del-cuore-a-villa-castelletti-per-le-famiglie-colpite-dallalluvione\/","og_locale":"it_IT","og_type":"article","og_title":"Gal\u00e0 del Cuore: a Villa Castelletti a Signa una serata per le famiglie colpite dall'alluvione","og_description":"Il 20 febbraio una serata di solidariet\u00e0 organizzata dall'associazione di Paolo Brosio, con la cena di beneficenza e musica dal vivo: tra gli ospiti Mogol, Pago, Valeria Marini e Giulia Mazzoni","og_url":"https:\/\/www.intoscana.it\/it\/gala-del-cuore-a-villa-castelletti-per-le-famiglie-colpite-dallalluvione\/","og_site_name":"intoscana","article_publisher":"https:\/\/www.facebook.com\/intoscana.it","article_published_time":"2024-02-12T14:58:26+00:00","article_modified_time":"2024-02-12T15:55:11+00:00","og_image":[{"width":1600,"height":1200,"url":"https:\/\/www.intoscana.it\/wp-content\/uploads\/gala-del-cuore.jpeg","type":"image\/jpeg"}],"author":"Redazione","twitter_card":"summary_large_image","twitter_creator":"@intoscana","twitter_site":"@intoscana","twitter_misc":{"Written by":"Redazione","Est. reading time":"4 minuti"},"schema":{"@context":"https:\/\/schema.org","@graph":[{"@type":"WebPage","@id":"https:\/\/www.intoscana.it\/it\/gala-del-cuore-a-villa-castelletti-per-le-famiglie-colpite-dallalluvione\/","url":"https:\/\/www.intoscana.it\/it\/gala-del-cuore-a-villa-castelletti-per-le-famiglie-colpite-dallalluvione\/","name":"Gal\u00e0 del Cuore: a Villa Castelletti a Signa una serata per le famiglie colpite dall'alluvione - intoscana","isPartOf":{"@id":"https:\/\/www.intoscana.it\/it\/#website"},"primaryImageOfPage":{"@id":"https:\/\/www.intoscana.it\/it\/gala-del-cuore-a-villa-castelletti-per-le-famiglie-colpite-dallalluvione\/#primaryimage"},"image":{"@id":"https:\/\/www.intoscana.it\/it\/gala-del-cuore-a-villa-castelletti-per-le-famiglie-colpite-dallalluvione\/#primaryimage"},"thumbnailUrl":"https:\/\/www.intoscana.it\/wp-content\/uploads\/gala-del-cuore.jpeg","datePublished":"2024-02-12T14:58:26+00:00","dateModified":"2024-02-12T15:55:11+00:00","author":{"@id":"https:\/\/www.intoscana.it\/it\/#\/schema\/person\/9223810753230f20bd670fdd322661f8"},"breadcrumb":{"@id":"https:\/\/www.intoscana.it\/it\/gala-del-cuore-a-villa-castelletti-per-le-famiglie-colpite-dallalluvione\/#breadcrumb"},"inLanguage":"it-IT","potentialAction":[{"@type":"ReadAction","target":["https:\/\/www.intoscana.it\/it\/gala-del-cuore-a-villa-castelletti-per-le-famiglie-colpite-dallalluvione\/"]}]},{"@type":"ImageObject","inLanguage":"it-IT","@id":"https:\/\/www.intoscana.it\/it\/gala-del-cuore-a-villa-castelletti-per-le-famiglie-colpite-dallalluvione\/#primaryimage","url":"https:\/\/www.intoscana.it\/wp-content\/uploads\/gala-del-cuore.jpeg","contentUrl":"https:\/\/www.intoscana.it\/wp-content\/uploads\/gala-del-cuore.jpeg","width":1600,"height":1200,"caption":"La presentazione del Gal\u00e0 del cuore"},{"@type":"BreadcrumbList","@id":"https:\/\/www.intoscana.it\/it\/gala-del-cuore-a-villa-castelletti-per-le-famiglie-colpite-dallalluvione\/#breadcrumb","itemListElement":[{"@type":"ListItem","position":1,"name":"Home","item":"https:\/\/www.intoscana.it\/it\/"},{"@type":"ListItem","position":2,"name":"Gal\u00e0 del Cuore: a Villa Castelletti a Signa una serata per le famiglie colpite dall&#8217;alluvione"}]},{"@type":"WebSite","@id":"https:\/\/www.intoscana.it\/it\/#website","url":"https:\/\/www.intoscana.it\/it\/","name":"intoscana","description":"","potentialAction":[{"@type":"SearchAction","target":{"@type":"EntryPoint","urlTemplate":"https:\/\/www.intoscana.it\/it\/?s={search_term_string}"},"query-input":{"@type":"PropertyValueSpecification","valueRequired":true,"valueName":"search_term_string"}}],"inLanguage":"it-IT"},{"@type":"Person","@id":"https:\/\/www.intoscana.it\/it\/#\/schema\/person\/9223810753230f20bd670fdd322661f8","name":"Redazione","url":"https:\/\/www.intoscana.it\/it\/author\/redazione\/"}]}},"_links":{"self":[{"href":"https:\/\/www.intoscana.it\/it\/wp-json\/wp\/v2\/posts\/324467","targetHints":{"allow":["GET"]}}],"collection":[{"href":"https:\/\/www.intoscana.it\/it\/wp-json\/wp\/v2\/posts"}],"about":[{"href":"https:\/\/www.intoscana.it\/it\/wp-json\/wp\/v2\/types\/post"}],"author":[{"embeddable":true,"href":"https:\/\/www.intoscana.it\/it\/wp-json\/wp\/v2\/users\/525"}],"replies":[{"embeddable":true,"href":"https:\/\/www.intoscana.it\/it\/wp-json\/wp\/v2\/comments?post=324467"}],"version-history":[{"count":14,"href":"https:\/\/www.intoscana.it\/it\/wp-json\/wp\/v2\/posts\/324467\/revisions"}],"predecessor-version":[{"id":324508,"href":"https:\/\/www.intoscana.it\/it\/wp-json\/wp\/v2\/posts\/324467\/revisions\/324508"}],"wp:featuredmedia":[{"embeddable":true,"href":"https:\/\/www.intoscana.it\/it\/wp-json\/wp\/v2\/media\/326479"}],"wp:attachment":[{"href":"https:\/\/www.intoscana.it\/it\/wp-json\/wp\/v2\/media?parent=324467"}],"wp:term":[{"taxonomy":"category","embeddable":true,"href":"https:\/\/www.intoscana.it\/it\/wp-json\/wp\/v2\/categories?post=324467"},{"taxonomy":"post_tag","embeddable":true,"href":"https:\/\/www.intoscana.it\/it\/wp-json\/wp\/v2\/tags?post=324467"}],"curies":[{"name":"wp","href":"https:\/\/api.w.org\/{rel}","templated":true}]}}