{"id":324635,"date":"2024-01-31T15:31:43","date_gmt":"2024-01-31T14:31:43","guid":{"rendered":"https:\/\/www.intoscana.it\/it\/?p=324635"},"modified":"2024-02-02T16:41:35","modified_gmt":"2024-02-02T15:41:35","slug":"giorno-della-memoria-la-seduta-solenne-del-consiglio-regionale-della-toscana-al-memoriale-di-auschwitz","status":"publish","type":"post","link":"https:\/\/www.intoscana.it\/it\/giorno-della-memoria-la-seduta-solenne-del-consiglio-regionale-della-toscana-al-memoriale-di-auschwitz\/","title":{"rendered":"Il Consiglio regionale riunito al Memoriale di Auschwitz, Mazzeo: &#8220;Rendiamoci amplificatori di memoria&#8221;"},"content":{"rendered":"<p>In occasione del <strong>Giorno della memoria<\/strong> il <strong>Consiglio regionale della Toscana<\/strong> ha scelto un luogo simbolo in cui svolgere la seduta solenne: il <a href=\"https:\/\/www.intoscana.it\/it\/articolo\/il-25-luglio-riapre-a-firenze-il-memoriale-italiano-di-auschwitz-rinnovato-e-arricchito-di-testimonianze\/\" target=\"_blank\" rel=\"noopener\"><strong>Memoriale italiano di Auschwitz<\/strong><\/a>, in via Giannotti a Firenze.<\/p>\n<p>Ha aperto la seduta il <strong>presidente del Consiglio regionale Antonio Mazzeo<\/strong>, rivolgendo\u00a0un saluto particolare a uno dei presenti: <strong>Renzo Montini, classe 1928,<\/strong> fiorentino del quartiere di San Frediano,<strong> sopravvissuto ai campi di sterminio di Mauthausen ed Ebensee<\/strong>. Montini, prendendo la parola, ha raccontato l\u2019inferno che ha vissuto da quando, ragazzino di 15 anni, fu prelevato insieme a tanti altri dalla <strong>banda Carit\u00e0<\/strong> e spedito a Mauthausen e successivamente ad Ebensee, riuscendo miracolosamente a sopravvivere e a tornare, ridotto a uno scheletro di 40 chili, a casa.<\/p>\n<p><strong>Il presidente Mazzeo,<\/strong> nel suo intervento, ha ribadito a pi\u00f9 riprese come <em>\u201cil nostro compito \u00e8 renderci \u2018amplificatori\u2019 di memoria, e fare memoria \u00e8 gridare \u2018mai pi\u00f9\u2019\u201d. \u201cLa Shoah non \u00e8 stata un destino \u2013 <\/em>ha osservato &#8211;<em>. \u00c8 stata una scelta, una terribile scelta, che non pu\u00f2 assolvere chi l\u2019ha compiuta. Quando, il 27 gennaio 1945, le truppe sovietiche entrarono nel campo di Auschwitz, trovarono la pi\u00f9 imponente e sciagurata macchina di morte mai costruita nella storia dell\u2019umanit\u00e0. Nel cuore dell\u2019Europa si era aperta una voragine che aveva inghiottito secoli di civilt\u00e0, di diritti, di conquiste, di cultura. Una delirante ideologia basata su inconcepibili teorie di superiorit\u00e0 razziale aveva cancellato, in poco tempo, i valori antichi di solidariet\u00e0, convivenza, tolleranza e perfino i pi\u00f9 basilari sentimenti umani: quelli della piet\u00e0 e della compassione.\u201d <\/em>La<strong> giornata della Memoria, che si celebra il 27 gennaio in tutto il mondo,<\/strong> ha proseguito Mazzeo<em>, \u201cnon ci impone solamente di ricordare i milioni di morti, i lutti e le sofferenze di tante vittime innocenti, tra cui molti italiane. Ci invita a prevenire e combattere, oggi e nel futuro, ogni germe di razzismo, antisemitismo, discriminazione e intolleranza. A partire dai banchi di scuola\u201d.<br \/>\n<\/em><br \/>\n<em>\u201cIeri<\/em> <strong>&#8211; ha concluso Antonio Mazzeo &#8211;<\/strong> <em>abbiamo approvato una legge attraverso cui sostenere le iniziative che saranno promosse per la celebrazione dell\u201980esimo anniversario della Liberazione della gran parte del territorio toscano, e per la commemorazione delle vittime delle stragi nazifasciste. Un\u2019occasione ulteriore per confermare e rafforzare quelli che, da sempre, sono i valori fondanti del nostro paese e della nostra Toscana: giustizia, solidariet\u00e0, libert\u00e0, dignit\u00e0. Perch\u00e9 la libert\u00e0 \u00e8 come un fiore, che deve essere costantemente annaffiato per crescere\u201d.<\/em><\/p>\n<figure id=\"post-324649 media-324649\" class=\"align-none\"><img decoding=\"async\" src=\"https:\/\/www.intoscana.it\/wp-content\/uploads\/Giornata-della-Memoria-2024-seduta-solenne-ph-Ilaria-Costanzo-0222-scaled.jpg\" alt=\"\" \/><\/figure>\n<div class=\"titleimg\">Giornata della Memoria 2024 seduta solenne, foto di Ilaria Costanzo<\/div>\n<p>Per dare un nuovo senso alla Memoria, oggi, accanto alle parole, i riflettori si sono accesi anche sul luogo, sul <strong>Memoriale italiano di Auschwitz<\/strong> dove si \u00e8 svolta la seduta solenne, luogo tornato fruibile al pubblico e trasformato nel <strong>Memoriale delle Deportazioni, come sottolineato dal <\/strong>presidente della Regione Toscana, <b>Eugenio Giani<\/b>: <em>\u201cLa riapertura di questo nuovo polo culturale della Memoria, di respiro internazionale, avvenuta in occasione di una data emblematica per la storia del nostro paese,\u00a0<strong>marted\u00ec 25 luglio<\/strong>, 80esimo anniversario dalla caduta del regime fascista, ci invita a rendere partecipi le giovani generazioni, per trasmettere loro il senso della partecipazione degli italiani, dei nostri toscani, in una regione che conta 200 eccidi e 4500 innocenti uccisi, in una terra che non ha esitato a dare il proprio tributo di sangue alla Resistenza\u201d.<\/em><\/p>\n<p>In questo percorso di educazione alla memoria e di impegno costante delle istituzioni, il presidente ha voluto ringraziare <b>Ugo Caffaz<\/b>, che ide\u00f2 il <b>Treno della Memoria<\/b>, e un toscano doc, <b>Gino Bartali<\/b>, che grazie al suo coraggio e alla canna della bicicletta salv\u00f2 800 ebrei. \u201c<em>Quando i giornali pubblicarono questa notizia \u2013 ha raccontato Giani \u2013 venne fuori tutto il disappunto di Bartali: \u2018Il bene quando si fa non si deve dire, bastava lo sapesse solo nostro Signore\u2019\u201d. \u201cAccanto a Bartali, scomparso nel giugno del 2000 a pochi passi da questo luogo, sta proprio bene il Memoriale \u2013 ha affermato con forza il presidente. \u2013 Su questo strumento essenziale la Regione ha investito 2milioni e 500mila euro, e proprio da questo luogo intendiamo continuare il nostro impegno, a partire dalle viste delle scolaresche e alla ripresa dei viaggi del Treno della Memoria\u201d. \u201cMi auguro che questo nostro Memoriale sia megafono per diffondere la conoscenza \u2013 ha concluso \u2013 per trasmettere il senso vero della Memoria\u201d. <\/em><\/p>\n<p>Il presidente ha anche annunciato che <strong>da gennaio 2025 ripartir\u00e0 il Treno della memoria<\/strong> che porter\u00e0 gli studenti e le studentesse della Toscana a<strong> visitare i luoghi dell&#8217;Olocausto.\u00a0<\/strong><\/p>\n<p>Il <strong>Rabbino capo di Firenze, Gadi Piperno,<\/strong> ha spiegato che \u201c<em>uno dei motivi per cui gli ebrei sono riusciti a conservare la propria identit\u00e0 dopo la diaspora \u00e8 la celebrazione di Pesach, serata in cui raccontiamo la nostra storia e la storia dell\u2019uscita dall\u2019Egitto mettendo al centro i bambini e rendendoli protagonisti\u201d. \u201cL\u2019identit\u00e0 \u00e8 fatta di storie che vanno trasmesse, analizzate e studiate \u2013 ha concluso \u2013 e il 27 gennaio \u00e8 una data che parla della storia dell\u2019Italia. Purtroppo abbiamo assistito a una serie di tentativi di svilire e strumentalizzare la nostra storia di italiani\u201d.<\/em><\/p>\n<p>Su come celebrare oggi il <strong>Giorno della Memoria<\/strong>, <strong>Gabriele Nissim<\/strong>, presidente della <strong>Fondazione Gariwo, la foresta dei Giusti,<\/strong> organizzazione no profit che svolge la sua attivit\u00e0 a livello internazionale, ha detto che occorre concentrarsi su concetti nuovi e, per fare chiarezza, ha messo nero su bianco il significato di alcune parole.<u><\/u><u><\/u><\/p>\n<p><em>\u201cLa shoah \u00e8 il genocidio universale che si proponeva di eliminare gli ebrei da qualsiasi parte della terra\u201d; e durante la seconda guerra mondiale, con Hitler che si present\u00f2 come vittima degli ebrei, \u201cl\u2019antisemitismo divenne pi\u00f9 importante della vittoria militare\u201d. Secondo il relatore, questa \u201ccostruzione fantastica porta alla distorsione della memoria\u201d, ovvero a dimenticare i reali artefici, e in Italia a non dare il nome ai carnefici e a chi decise le leggi razziali. In tale contesto va inserito il concetto di \u201cgenocidio, come distruzione di un genere, con l\u2019intenzionalit\u00e0 di un gruppo politico di annientare un popolo o parte di esso\u201d. <\/em><strong>Ed eccoci allora a quella parola capace di fare la differenza:<\/strong><em> \u201cGiusti. I giusti sono coloro che si oppongono al genocidio, all\u2019antisemitismo e all\u2019indifferenza, trasmettendo l\u2019idea di responsabilit\u00e0 del singolo\u201d. In sintesi: \u201cquando si commettono crimini contro l\u2019umanit\u00e0, una persona \u00e8 responsabile in qualsiasi situazione\u201d. E tradotto ai giorni nostri: si \u00e8 responsabili in Ucraina, nel conflitto scatenato da Hamas, nei conflitti mediorientali o in quelli africani. Da qui l\u2019urgenza di una nuova politica della Memoria, che introduca il concetto di responsabilit\u00e0 dell\u2019individuo: \u201cVa insegnato il messaggio etico della responsabilit\u00e0 \u2013 ha sottolineato Nissim \u2013 educando a riconoscere sul nascere tutti i segni del male, per evitare il male estremo\u201d. E se in ogni circostanza ogni persona pu\u00f2 fare la differenza, occorre anche non trasformare la politica in caccia permanente al nemico, occorre \u201cdiventare guardiani di fronte a ogni fenomeno di antisemitismo, essere solidali con chi lotta per la libert\u00e0, guardare a tutto ci\u00f2 che accade nel mondo e valorizzare il concetto di Giusti, perch\u00e9 anche il bene pu\u00f2 essere contagioso. I giovani devono diventare fan dei giusti \u2013 ha concluso, \u2013 chi accende la scintilla del bene rompe l\u2019indifferenza\u201d.<\/em><u><\/u><u><\/u><\/p>\n<figure id=\"post-324648 media-324648\" class=\"align-none\"><img decoding=\"async\" src=\"https:\/\/www.intoscana.it\/wp-content\/uploads\/Giornata-della-Memoria-2024-seduta-solenne-ph-Ilaria-Costanzo-0079-scaled.jpg\" alt=\"\" \/><\/figure>\n<div class=\"titleimg\"><\/div>\n<p>&nbsp;<\/p>\n<p><u><\/u>\u00a0<u><\/u><\/p>\n<p>&nbsp;<\/p>\n<p>&nbsp;<\/p>\n","protected":false},"excerpt":{"rendered":"<p>Mercoled\u00ec 31 gennaio si \u00e8 tenuta la seduta solenne del Consiglio regionale della Toscana dedicata a ricordare la tragedia dell&#8217;Olocausto. Il presidente Eugenio Giani ha annunciato che da gennaio 2025 ripartir\u00e0 il Treno della Memoria<\/p>\n","protected":false},"author":525,"featured_media":324638,"comment_status":"open","ping_status":"open","sticky":false,"template":"","format":"standard","meta":{"_acf_changed":false,"footnotes":""},"categories":[494],"tags":[4753,1650,151],"class_list":["post-324635","post","type-post","status-publish","format-standard","has-post-thumbnail","hentry","category-attualita","tag-consiglio-regionale-della-toscana","tag-giorno-della-memoria","tag-regione-toscana"],"acf":[],"yoast_head":"<!-- This site is optimized with the Yoast SEO Premium plugin v24.2 (Yoast SEO v25.6) - https:\/\/yoast.com\/wordpress\/plugins\/seo\/ -->\n<title>Il Consiglio regionale riunito al Memoriale di Auschwitz, Mazzeo: &quot;Rendiamoci amplificatori di memoria&quot; - intoscana<\/title>\n<meta name=\"description\" content=\"Mercoled\u00ec 31 gennaio si \u00e8 tenuta la seduta solenne del Consiglio regionale della Toscana dedicata a ricordare la tragedia dell&#039;Olocausto\" \/>\n<meta name=\"robots\" content=\"index, follow, max-snippet:-1, max-image-preview:large, max-video-preview:-1\" \/>\n<link rel=\"canonical\" href=\"https:\/\/www.intoscana.it\/it\/giorno-della-memoria-la-seduta-solenne-del-consiglio-regionale-della-toscana-al-memoriale-di-auschwitz\/\" \/>\n<meta property=\"og:locale\" content=\"it_IT\" \/>\n<meta property=\"og:type\" content=\"article\" \/>\n<meta property=\"og:title\" content=\"Il Consiglio regionale riunito al Memoriale di Auschwitz, Mazzeo: &quot;Rendiamoci amplificatori di memoria&quot;\" \/>\n<meta property=\"og:description\" content=\"Mercoled\u00ec 31 gennaio si \u00e8 tenuta la seduta solenne del Consiglio regionale della Toscana dedicata a ricordare la tragedia dell&#039;Olocausto\" \/>\n<meta property=\"og:url\" content=\"https:\/\/www.intoscana.it\/it\/giorno-della-memoria-la-seduta-solenne-del-consiglio-regionale-della-toscana-al-memoriale-di-auschwitz\/\" \/>\n<meta property=\"og:site_name\" content=\"intoscana\" \/>\n<meta property=\"article:publisher\" content=\"https:\/\/www.facebook.com\/intoscana.it\" \/>\n<meta property=\"article:published_time\" content=\"2024-01-31T14:31:43+00:00\" \/>\n<meta property=\"article:modified_time\" content=\"2024-02-02T15:41:35+00:00\" \/>\n<meta property=\"og:image\" content=\"https:\/\/www.intoscana.it\/wp-content\/uploads\/Giornata-della-Memoria-2024-seduta-solenne-ph-Ilaria-Costanzo-COPERTINA-1-scaled.jpg\" \/>\n\t<meta property=\"og:image:width\" content=\"2048\" \/>\n\t<meta property=\"og:image:height\" content=\"1366\" \/>\n\t<meta property=\"og:image:type\" content=\"image\/jpeg\" \/>\n<meta name=\"author\" content=\"Redazione\" \/>\n<meta name=\"twitter:card\" content=\"summary_large_image\" \/>\n<meta name=\"twitter:creator\" content=\"@intoscana\" \/>\n<meta name=\"twitter:site\" content=\"@intoscana\" \/>\n<meta name=\"twitter:label1\" content=\"Written by\" \/>\n\t<meta name=\"twitter:data1\" content=\"Redazione\" \/>\n\t<meta name=\"twitter:label2\" content=\"Est. reading time\" \/>\n\t<meta name=\"twitter:data2\" content=\"7 minuti\" \/>\n<script type=\"application\/ld+json\" class=\"yoast-schema-graph\">{\"@context\":\"https:\/\/schema.org\",\"@graph\":[{\"@type\":\"WebPage\",\"@id\":\"https:\/\/www.intoscana.it\/it\/giorno-della-memoria-la-seduta-solenne-del-consiglio-regionale-della-toscana-al-memoriale-di-auschwitz\/\",\"url\":\"https:\/\/www.intoscana.it\/it\/giorno-della-memoria-la-seduta-solenne-del-consiglio-regionale-della-toscana-al-memoriale-di-auschwitz\/\",\"name\":\"Il Consiglio regionale riunito al Memoriale di Auschwitz, Mazzeo: \\\"Rendiamoci amplificatori di memoria\\\" - intoscana\",\"isPartOf\":{\"@id\":\"https:\/\/www.intoscana.it\/it\/#website\"},\"primaryImageOfPage\":{\"@id\":\"https:\/\/www.intoscana.it\/it\/giorno-della-memoria-la-seduta-solenne-del-consiglio-regionale-della-toscana-al-memoriale-di-auschwitz\/#primaryimage\"},\"image\":{\"@id\":\"https:\/\/www.intoscana.it\/it\/giorno-della-memoria-la-seduta-solenne-del-consiglio-regionale-della-toscana-al-memoriale-di-auschwitz\/#primaryimage\"},\"thumbnailUrl\":\"https:\/\/www.intoscana.it\/wp-content\/uploads\/Giornata-della-Memoria-2024-seduta-solenne-ph-Ilaria-Costanzo-COPERTINA-1-scaled.jpg\",\"datePublished\":\"2024-01-31T14:31:43+00:00\",\"dateModified\":\"2024-02-02T15:41:35+00:00\",\"author\":{\"@id\":\"https:\/\/www.intoscana.it\/it\/#\/schema\/person\/9223810753230f20bd670fdd322661f8\"},\"description\":\"Mercoled\u00ec 31 gennaio si \u00e8 tenuta la seduta solenne del Consiglio regionale della Toscana dedicata a ricordare la tragedia dell'Olocausto\",\"breadcrumb\":{\"@id\":\"https:\/\/www.intoscana.it\/it\/giorno-della-memoria-la-seduta-solenne-del-consiglio-regionale-della-toscana-al-memoriale-di-auschwitz\/#breadcrumb\"},\"inLanguage\":\"it-IT\",\"potentialAction\":[{\"@type\":\"ReadAction\",\"target\":[\"https:\/\/www.intoscana.it\/it\/giorno-della-memoria-la-seduta-solenne-del-consiglio-regionale-della-toscana-al-memoriale-di-auschwitz\/\"]}]},{\"@type\":\"ImageObject\",\"inLanguage\":\"it-IT\",\"@id\":\"https:\/\/www.intoscana.it\/it\/giorno-della-memoria-la-seduta-solenne-del-consiglio-regionale-della-toscana-al-memoriale-di-auschwitz\/#primaryimage\",\"url\":\"https:\/\/www.intoscana.it\/wp-content\/uploads\/Giornata-della-Memoria-2024-seduta-solenne-ph-Ilaria-Costanzo-COPERTINA-1-scaled.jpg\",\"contentUrl\":\"https:\/\/www.intoscana.it\/wp-content\/uploads\/Giornata-della-Memoria-2024-seduta-solenne-ph-Ilaria-Costanzo-COPERTINA-1-scaled.jpg\",\"width\":2048,\"height\":1366},{\"@type\":\"BreadcrumbList\",\"@id\":\"https:\/\/www.intoscana.it\/it\/giorno-della-memoria-la-seduta-solenne-del-consiglio-regionale-della-toscana-al-memoriale-di-auschwitz\/#breadcrumb\",\"itemListElement\":[{\"@type\":\"ListItem\",\"position\":1,\"name\":\"Home\",\"item\":\"https:\/\/www.intoscana.it\/it\/\"},{\"@type\":\"ListItem\",\"position\":2,\"name\":\"Il Consiglio regionale riunito al Memoriale di Auschwitz, Mazzeo: &#8220;Rendiamoci amplificatori di memoria&#8221;\"}]},{\"@type\":\"WebSite\",\"@id\":\"https:\/\/www.intoscana.it\/it\/#website\",\"url\":\"https:\/\/www.intoscana.it\/it\/\",\"name\":\"intoscana\",\"description\":\"\",\"potentialAction\":[{\"@type\":\"SearchAction\",\"target\":{\"@type\":\"EntryPoint\",\"urlTemplate\":\"https:\/\/www.intoscana.it\/it\/?s={search_term_string}\"},\"query-input\":{\"@type\":\"PropertyValueSpecification\",\"valueRequired\":true,\"valueName\":\"search_term_string\"}}],\"inLanguage\":\"it-IT\"},{\"@type\":\"Person\",\"@id\":\"https:\/\/www.intoscana.it\/it\/#\/schema\/person\/9223810753230f20bd670fdd322661f8\",\"name\":\"Redazione\",\"url\":\"https:\/\/www.intoscana.it\/it\/author\/redazione\/\"}]}<\/script>\n<!-- \/ Yoast SEO Premium plugin. -->","yoast_head_json":{"title":"Il Consiglio regionale riunito al Memoriale di Auschwitz, Mazzeo: \"Rendiamoci amplificatori di memoria\" - intoscana","description":"Mercoled\u00ec 31 gennaio si \u00e8 tenuta la seduta solenne del Consiglio regionale della Toscana dedicata a ricordare la tragedia dell'Olocausto","robots":{"index":"index","follow":"follow","max-snippet":"max-snippet:-1","max-image-preview":"max-image-preview:large","max-video-preview":"max-video-preview:-1"},"canonical":"https:\/\/www.intoscana.it\/it\/giorno-della-memoria-la-seduta-solenne-del-consiglio-regionale-della-toscana-al-memoriale-di-auschwitz\/","og_locale":"it_IT","og_type":"article","og_title":"Il Consiglio regionale riunito al Memoriale di Auschwitz, Mazzeo: \"Rendiamoci amplificatori di memoria\"","og_description":"Mercoled\u00ec 31 gennaio si \u00e8 tenuta la seduta solenne del Consiglio regionale della Toscana dedicata a ricordare la tragedia dell'Olocausto","og_url":"https:\/\/www.intoscana.it\/it\/giorno-della-memoria-la-seduta-solenne-del-consiglio-regionale-della-toscana-al-memoriale-di-auschwitz\/","og_site_name":"intoscana","article_publisher":"https:\/\/www.facebook.com\/intoscana.it","article_published_time":"2024-01-31T14:31:43+00:00","article_modified_time":"2024-02-02T15:41:35+00:00","og_image":[{"width":2048,"height":1366,"url":"https:\/\/www.intoscana.it\/wp-content\/uploads\/Giornata-della-Memoria-2024-seduta-solenne-ph-Ilaria-Costanzo-COPERTINA-1-scaled.jpg","type":"image\/jpeg"}],"author":"Redazione","twitter_card":"summary_large_image","twitter_creator":"@intoscana","twitter_site":"@intoscana","twitter_misc":{"Written by":"Redazione","Est. reading time":"7 minuti"},"schema":{"@context":"https:\/\/schema.org","@graph":[{"@type":"WebPage","@id":"https:\/\/www.intoscana.it\/it\/giorno-della-memoria-la-seduta-solenne-del-consiglio-regionale-della-toscana-al-memoriale-di-auschwitz\/","url":"https:\/\/www.intoscana.it\/it\/giorno-della-memoria-la-seduta-solenne-del-consiglio-regionale-della-toscana-al-memoriale-di-auschwitz\/","name":"Il Consiglio regionale riunito al Memoriale di Auschwitz, Mazzeo: \"Rendiamoci amplificatori di memoria\" - intoscana","isPartOf":{"@id":"https:\/\/www.intoscana.it\/it\/#website"},"primaryImageOfPage":{"@id":"https:\/\/www.intoscana.it\/it\/giorno-della-memoria-la-seduta-solenne-del-consiglio-regionale-della-toscana-al-memoriale-di-auschwitz\/#primaryimage"},"image":{"@id":"https:\/\/www.intoscana.it\/it\/giorno-della-memoria-la-seduta-solenne-del-consiglio-regionale-della-toscana-al-memoriale-di-auschwitz\/#primaryimage"},"thumbnailUrl":"https:\/\/www.intoscana.it\/wp-content\/uploads\/Giornata-della-Memoria-2024-seduta-solenne-ph-Ilaria-Costanzo-COPERTINA-1-scaled.jpg","datePublished":"2024-01-31T14:31:43+00:00","dateModified":"2024-02-02T15:41:35+00:00","author":{"@id":"https:\/\/www.intoscana.it\/it\/#\/schema\/person\/9223810753230f20bd670fdd322661f8"},"description":"Mercoled\u00ec 31 gennaio si \u00e8 tenuta la seduta solenne del Consiglio regionale della Toscana dedicata a ricordare la tragedia dell'Olocausto","breadcrumb":{"@id":"https:\/\/www.intoscana.it\/it\/giorno-della-memoria-la-seduta-solenne-del-consiglio-regionale-della-toscana-al-memoriale-di-auschwitz\/#breadcrumb"},"inLanguage":"it-IT","potentialAction":[{"@type":"ReadAction","target":["https:\/\/www.intoscana.it\/it\/giorno-della-memoria-la-seduta-solenne-del-consiglio-regionale-della-toscana-al-memoriale-di-auschwitz\/"]}]},{"@type":"ImageObject","inLanguage":"it-IT","@id":"https:\/\/www.intoscana.it\/it\/giorno-della-memoria-la-seduta-solenne-del-consiglio-regionale-della-toscana-al-memoriale-di-auschwitz\/#primaryimage","url":"https:\/\/www.intoscana.it\/wp-content\/uploads\/Giornata-della-Memoria-2024-seduta-solenne-ph-Ilaria-Costanzo-COPERTINA-1-scaled.jpg","contentUrl":"https:\/\/www.intoscana.it\/wp-content\/uploads\/Giornata-della-Memoria-2024-seduta-solenne-ph-Ilaria-Costanzo-COPERTINA-1-scaled.jpg","width":2048,"height":1366},{"@type":"BreadcrumbList","@id":"https:\/\/www.intoscana.it\/it\/giorno-della-memoria-la-seduta-solenne-del-consiglio-regionale-della-toscana-al-memoriale-di-auschwitz\/#breadcrumb","itemListElement":[{"@type":"ListItem","position":1,"name":"Home","item":"https:\/\/www.intoscana.it\/it\/"},{"@type":"ListItem","position":2,"name":"Il Consiglio regionale riunito al Memoriale di Auschwitz, Mazzeo: &#8220;Rendiamoci amplificatori di memoria&#8221;"}]},{"@type":"WebSite","@id":"https:\/\/www.intoscana.it\/it\/#website","url":"https:\/\/www.intoscana.it\/it\/","name":"intoscana","description":"","potentialAction":[{"@type":"SearchAction","target":{"@type":"EntryPoint","urlTemplate":"https:\/\/www.intoscana.it\/it\/?s={search_term_string}"},"query-input":{"@type":"PropertyValueSpecification","valueRequired":true,"valueName":"search_term_string"}}],"inLanguage":"it-IT"},{"@type":"Person","@id":"https:\/\/www.intoscana.it\/it\/#\/schema\/person\/9223810753230f20bd670fdd322661f8","name":"Redazione","url":"https:\/\/www.intoscana.it\/it\/author\/redazione\/"}]}},"_links":{"self":[{"href":"https:\/\/www.intoscana.it\/it\/wp-json\/wp\/v2\/posts\/324635","targetHints":{"allow":["GET"]}}],"collection":[{"href":"https:\/\/www.intoscana.it\/it\/wp-json\/wp\/v2\/posts"}],"about":[{"href":"https:\/\/www.intoscana.it\/it\/wp-json\/wp\/v2\/types\/post"}],"author":[{"embeddable":true,"href":"https:\/\/www.intoscana.it\/it\/wp-json\/wp\/v2\/users\/525"}],"replies":[{"embeddable":true,"href":"https:\/\/www.intoscana.it\/it\/wp-json\/wp\/v2\/comments?post=324635"}],"version-history":[{"count":18,"href":"https:\/\/www.intoscana.it\/it\/wp-json\/wp\/v2\/posts\/324635\/revisions"}],"predecessor-version":[{"id":325012,"href":"https:\/\/www.intoscana.it\/it\/wp-json\/wp\/v2\/posts\/324635\/revisions\/325012"}],"wp:featuredmedia":[{"embeddable":true,"href":"https:\/\/www.intoscana.it\/it\/wp-json\/wp\/v2\/media\/324638"}],"wp:attachment":[{"href":"https:\/\/www.intoscana.it\/it\/wp-json\/wp\/v2\/media?parent=324635"}],"wp:term":[{"taxonomy":"category","embeddable":true,"href":"https:\/\/www.intoscana.it\/it\/wp-json\/wp\/v2\/categories?post=324635"},{"taxonomy":"post_tag","embeddable":true,"href":"https:\/\/www.intoscana.it\/it\/wp-json\/wp\/v2\/tags?post=324635"}],"curies":[{"name":"wp","href":"https:\/\/api.w.org\/{rel}","templated":true}]}}