{"id":324858,"date":"2024-02-02T09:45:10","date_gmt":"2024-02-02T08:45:10","guid":{"rendered":"https:\/\/www.intoscana.it\/it\/?p=324858"},"modified":"2024-02-02T15:08:41","modified_gmt":"2024-02-02T14:08:41","slug":"barbel-reinhard-la-fotografa-curatrice-e-insegnante-tedesca-con-il-cuore-a-pistoia","status":"publish","type":"post","link":"https:\/\/www.intoscana.it\/it\/barbel-reinhard-la-fotografa-curatrice-e-insegnante-tedesca-con-il-cuore-a-pistoia\/","title":{"rendered":"B\u00e4rbel Reinhard la fotografa, curatrice e insegnante tedesca con il cuore in Toscana"},"content":{"rendered":"<p><strong>B\u00e4rbel Reinhard \u00e8 nata a Stoccarda<\/strong> in Germania.<\/p>\n<p>Dopo la laurea in storia dell&#8217;arte, sociologia e letteratura tedesca moderna alla <strong>Humboldt-Universit\u00e4t di Berlino<\/strong>, ha deciso di trasferirsi a <strong>Firenze<\/strong> dove ha frequentato la prestigiosa <a href=\"https:\/\/studiomarangoni.it\" target=\"_blank\" rel=\"noopener\"><strong>Fondazione Studio Marangoni<\/strong> <\/a>\u00a0e conseguito il diploma professionale triennale e dove attualmente insegna.<\/p>\n<p>Il suo lavoro \u00e8 stato esposto in <strong>varie mostre in Italia e all&#8217;estero<\/strong>, come al <strong>Mese Europeo della Fotografia<\/strong> di Lussemburgo, alla galleria <strong>Metronom di Modena<\/strong> e alla<a href=\"https:\/\/www.nyu.edu\/florence.html\" target=\"_blank\" rel=\"noopener\"><strong> New York University di Firenze.<\/strong><\/a><\/p>\n<p>Oltre alla ricerca personale, lavora come<strong> fotografa freelance, insegnante e curatrice<\/strong>. Ha curato diverse mostre e pubblicazioni, come <strong>NOI, American Voyage e <em>C&#8217;era Togliatti<\/em><\/strong> di Mario Carnicelli.<\/p>\n<p>Nel 2023 \u00e8 entrata a far parte del programma <a href=\"https:\/\/www.futures-photography.com\" target=\"_blank\" rel=\"noopener\"><strong>Futures Photography<\/strong><\/a> selezionato da <strong>Der Greif.<\/strong><\/p>\n<p>&#8220;La mia scelta di venire a vivere in Toscana non \u00e8 legata allo studio della fotografia, &#8211; <strong>ci ha raccontato B\u00e4rbel &#8211; <\/strong>per motivi personali ho dediso di trasferirmi a Firenze, poi arrivata qua ho scoperto la <a href=\"https:\/\/www.intoscana.it\/it\/articolo\/note-di-lavoro-otto-fotografi-alla-fondazione-studio-marangoni-raccontano-la-toscana\/\" target=\"_blank\" rel=\"noopener\"><strong>Fondazione Studio Marangoni<\/strong> <\/a>che era gi\u00e0 famosa e riconosciuta a livello internazionale. Ma devo ammettere che la mia \u00e8 stata soprattutto una scelta di vita. Il mio ragazzo \u00e8 italiano, <strong>mi sono trasferita per amore<\/strong>&#8220;.<\/p>\n<p>&#8220;Nella scuola fiorentina mi sono trovata molto bene, nella mia classe c&#8217;erano altri studenti stranieri, la scuola \u00e8 stata fondata da un americano quindi c&#8217;\u00e8 un clima aperto. Mi sono trovata a mio agio anche perch\u00e8 <strong>avevo fatto un Erasmus qualche anno prima<\/strong> a Firenze quindi conoscevo gi\u00e0 un po&#8217; la lingua e la citt\u00e0. Rispetto a Pistoia dove vivo adesso <strong>Firenze \u00e8 una citt\u00e0 internazionale&#8221;<\/strong><\/p>\n<figure id=\"post-324860 media-324860\" class=\"align-none\"><img decoding=\"async\" src=\"https:\/\/www.intoscana.it\/wp-content\/uploads\/l6a0003-copy-38bc98.jpg\" alt=\"\" \/><\/figure>\n<div class=\"titleimg\"><em>B\u00e4rbel Reinhard<\/em><\/div>\n<h3>I collage e assemblage di B\u00e4rbel Reinhard<\/h3>\n<p><a href=\"https:\/\/www.baerbelreinhard.com\" target=\"_blank\" rel=\"noopener\"><strong>B\u00e4rbel Reinhard <\/strong><\/a>combina tecniche diverse nelle sue opere giocando sui limiti del mezzo espressivo,<strong> unendo fotografia, collage, assemblage.<\/strong><\/p>\n<p><strong>&#8220;Mi \u00e8 sempre piaciuto allargare i confini della fotografia,<\/strong> fin da subito ho abbinato <strong>tecniche alternative,<\/strong> prima in camera oscura, poi costruendo macchine fotografiche senza obiettivo per <strong>uscire dall&#8217;idea dello scatto<\/strong> immediato. Poi <strong>ho pensato di allargare questo concetto anche allo spazio,<\/strong> fare qualcosa che diventasse tridimensionale. Ho fatto un primo passo con <strong>foto-sculture oppure dei piccoli teatrini<\/strong> sempre tridimensionali, per poi alla fine tornare alla fotografia classica. Al momento nella mia ricerca personale creo sculture attraverso diverse immagini sia mie, sia acquisite, poi <strong>le rifotografo e le riporto nella bidimensionalit\u00e0.\u00a0<\/strong><\/p>\n<p>Le sue opere sono visibili in via del Drago d&#8217;Oro a Firenze nella galleria<a href=\"https:\/\/www.stanza251.com\/artisti\/reinhard\" target=\"_blank\" rel=\"noopener\"><strong> Stanza251.<\/strong><\/a><\/p>\n<h3>L&#8217;irresistibile umorismo dei toscani<\/h3>\n<p>&#8220;Della Toscana amo tantissimo il paesaggio, mi ispira molto, perch\u00e9 sono molto legata alla natura. \u00a0Ho fatto tantissimi lavori legati alla natura. Mi piace che <strong>in cos\u00ec pochi chilometri quadrati in Toscana ci sia una veriet\u00e0 pazzesca dalla montagna al mare, \u00e8 tutto molto condensato <\/strong>rispetto al paesaggio tedesco. Per esempio mi affascinano le <strong><a href=\"https:\/\/www.intoscana.it\/it\/articolo\/valdarno-bike-road\/\" target=\"_blank\" rel=\"noopener\">balze del Valdarno<\/a><\/strong>.&#8221;<\/p>\n<p>&#8220;Adoro anche<strong> l&#8217;umorismo toscano,<\/strong> mi ci \u00e8 voluto un po&#8217; per capirlo, perch\u00e9 \u00e8 un po&#8217; autocompiacente. Ma <strong>prendendoli bene coi toscani ci si diverte tantissimo.&#8221;<\/strong><\/p>\n<figure id=\"post-324866 media-324866\" class=\"align-none\"><img decoding=\"async\" src=\"https:\/\/www.intoscana.it\/wp-content\/uploads\/reinhard-baerbel-againstillerraticsperhaps-9-8a01aa.jpg\" alt=\"\" \/><\/figure>\n<div class=\"titleimg\"><em>B\u00e4rbel Reinhard<\/em><\/div>\n","protected":false},"excerpt":{"rendered":"<p>La storia di B\u00e4rbel Reinhard dalla Germania a Firenze per amore e per frequentare la prestigiosa Fondazione Studio Marangoni, scuola di livello internazionale che accoglie studenti da ogni parte del mondo<\/p>\n","protected":false},"author":518,"featured_media":324865,"comment_status":"open","ping_status":"open","sticky":false,"template":"","format":"standard","meta":{"_acf_changed":false,"footnotes":""},"categories":[493],"tags":[227,3138,215],"class_list":["post-324858","post","type-post","status-publish","format-standard","has-post-thumbnail","hentry","category-cultura","tag-arte-contemporanea","tag-interviste-agli-artisti","tag-pistoia"],"acf":[],"yoast_head":"<!-- This site is optimized with the Yoast SEO Premium plugin v24.2 (Yoast SEO v25.6) - https:\/\/yoast.com\/wordpress\/plugins\/seo\/ -->\n<title>B\u00e4rbel Reinhard la fotografa, curatrice e insegnante tedesca con il cuore in Toscana - intoscana<\/title>\n<meta name=\"description\" content=\"La storia di B\u00e4rbel Reinhard dalla Germania a Firenze per amore e per frequentare la prestigiosa Fondazione Studio Marangoni\" \/>\n<meta name=\"robots\" content=\"index, follow, max-snippet:-1, max-image-preview:large, max-video-preview:-1\" \/>\n<link rel=\"canonical\" href=\"https:\/\/www.intoscana.it\/it\/barbel-reinhard-la-fotografa-curatrice-e-insegnante-tedesca-con-il-cuore-a-pistoia\/\" \/>\n<meta property=\"og:locale\" content=\"it_IT\" \/>\n<meta property=\"og:type\" content=\"article\" \/>\n<meta property=\"og:title\" content=\"B\u00e4rbel Reinhard la fotografa, curatrice e insegnante tedesca con il cuore in Toscana\" \/>\n<meta property=\"og:description\" content=\"La storia di B\u00e4rbel Reinhard dalla Germania a Firenze per amore e per frequentare la prestigiosa Fondazione Studio Marangoni\" \/>\n<meta property=\"og:url\" content=\"https:\/\/www.intoscana.it\/it\/barbel-reinhard-la-fotografa-curatrice-e-insegnante-tedesca-con-il-cuore-a-pistoia\/\" \/>\n<meta property=\"og:site_name\" content=\"intoscana\" \/>\n<meta property=\"article:publisher\" content=\"https:\/\/www.facebook.com\/intoscana.it\" \/>\n<meta property=\"article:published_time\" content=\"2024-02-02T08:45:10+00:00\" \/>\n<meta property=\"article:modified_time\" content=\"2024-02-02T14:08:41+00:00\" \/>\n<meta property=\"og:image\" content=\"https:\/\/www.intoscana.it\/wp-content\/uploads\/Reinhard_Barbel_03-copy-e1706863549325.jpg\" \/>\n\t<meta property=\"og:image:width\" content=\"1327\" \/>\n\t<meta property=\"og:image:height\" content=\"887\" \/>\n\t<meta property=\"og:image:type\" content=\"image\/jpeg\" \/>\n<meta name=\"author\" content=\"Costanza Baldini\" \/>\n<meta name=\"twitter:card\" content=\"summary_large_image\" \/>\n<meta name=\"twitter:creator\" content=\"@intoscana\" \/>\n<meta name=\"twitter:site\" content=\"@intoscana\" \/>\n<meta name=\"twitter:label1\" content=\"Written by\" \/>\n\t<meta name=\"twitter:data1\" content=\"Costanza Baldini\" \/>\n\t<meta name=\"twitter:label2\" content=\"Est. reading time\" \/>\n\t<meta name=\"twitter:data2\" content=\"2 minuti\" \/>\n<script type=\"application\/ld+json\" class=\"yoast-schema-graph\">{\"@context\":\"https:\/\/schema.org\",\"@graph\":[{\"@type\":\"WebPage\",\"@id\":\"https:\/\/www.intoscana.it\/it\/barbel-reinhard-la-fotografa-curatrice-e-insegnante-tedesca-con-il-cuore-a-pistoia\/\",\"url\":\"https:\/\/www.intoscana.it\/it\/barbel-reinhard-la-fotografa-curatrice-e-insegnante-tedesca-con-il-cuore-a-pistoia\/\",\"name\":\"B\u00e4rbel Reinhard la fotografa, curatrice e insegnante tedesca con il cuore in Toscana - intoscana\",\"isPartOf\":{\"@id\":\"https:\/\/www.intoscana.it\/it\/#website\"},\"primaryImageOfPage\":{\"@id\":\"https:\/\/www.intoscana.it\/it\/barbel-reinhard-la-fotografa-curatrice-e-insegnante-tedesca-con-il-cuore-a-pistoia\/#primaryimage\"},\"image\":{\"@id\":\"https:\/\/www.intoscana.it\/it\/barbel-reinhard-la-fotografa-curatrice-e-insegnante-tedesca-con-il-cuore-a-pistoia\/#primaryimage\"},\"thumbnailUrl\":\"https:\/\/www.intoscana.it\/wp-content\/uploads\/Reinhard_Barbel_03-copy-e1706863549325.jpg\",\"datePublished\":\"2024-02-02T08:45:10+00:00\",\"dateModified\":\"2024-02-02T14:08:41+00:00\",\"author\":{\"@id\":\"https:\/\/www.intoscana.it\/it\/#\/schema\/person\/d469f35f09739bdf00bf5dd3f0647a82\"},\"description\":\"La storia di B\u00e4rbel Reinhard dalla Germania a Firenze per amore e per frequentare la prestigiosa Fondazione Studio Marangoni\",\"breadcrumb\":{\"@id\":\"https:\/\/www.intoscana.it\/it\/barbel-reinhard-la-fotografa-curatrice-e-insegnante-tedesca-con-il-cuore-a-pistoia\/#breadcrumb\"},\"inLanguage\":\"it-IT\",\"potentialAction\":[{\"@type\":\"ReadAction\",\"target\":[\"https:\/\/www.intoscana.it\/it\/barbel-reinhard-la-fotografa-curatrice-e-insegnante-tedesca-con-il-cuore-a-pistoia\/\"]}]},{\"@type\":\"ImageObject\",\"inLanguage\":\"it-IT\",\"@id\":\"https:\/\/www.intoscana.it\/it\/barbel-reinhard-la-fotografa-curatrice-e-insegnante-tedesca-con-il-cuore-a-pistoia\/#primaryimage\",\"url\":\"https:\/\/www.intoscana.it\/wp-content\/uploads\/Reinhard_Barbel_03-copy-e1706863549325.jpg\",\"contentUrl\":\"https:\/\/www.intoscana.it\/wp-content\/uploads\/Reinhard_Barbel_03-copy-e1706863549325.jpg\",\"width\":1327,\"height\":887,\"caption\":\"B\u00e4rbel Reinhard\"},{\"@type\":\"BreadcrumbList\",\"@id\":\"https:\/\/www.intoscana.it\/it\/barbel-reinhard-la-fotografa-curatrice-e-insegnante-tedesca-con-il-cuore-a-pistoia\/#breadcrumb\",\"itemListElement\":[{\"@type\":\"ListItem\",\"position\":1,\"name\":\"Home\",\"item\":\"https:\/\/www.intoscana.it\/it\/\"},{\"@type\":\"ListItem\",\"position\":2,\"name\":\"B\u00e4rbel Reinhard la fotografa, curatrice e insegnante tedesca con il cuore in Toscana\"}]},{\"@type\":\"WebSite\",\"@id\":\"https:\/\/www.intoscana.it\/it\/#website\",\"url\":\"https:\/\/www.intoscana.it\/it\/\",\"name\":\"intoscana\",\"description\":\"\",\"potentialAction\":[{\"@type\":\"SearchAction\",\"target\":{\"@type\":\"EntryPoint\",\"urlTemplate\":\"https:\/\/www.intoscana.it\/it\/?s={search_term_string}\"},\"query-input\":{\"@type\":\"PropertyValueSpecification\",\"valueRequired\":true,\"valueName\":\"search_term_string\"}}],\"inLanguage\":\"it-IT\"},{\"@type\":\"Person\",\"@id\":\"https:\/\/www.intoscana.it\/it\/#\/schema\/person\/d469f35f09739bdf00bf5dd3f0647a82\",\"name\":\"Costanza Baldini\",\"url\":\"https:\/\/www.intoscana.it\/it\/author\/costanza-baldini\/\"}]}<\/script>\n<!-- \/ Yoast SEO Premium plugin. -->","yoast_head_json":{"title":"B\u00e4rbel Reinhard la fotografa, curatrice e insegnante tedesca con il cuore in Toscana - intoscana","description":"La storia di B\u00e4rbel Reinhard dalla Germania a Firenze per amore e per frequentare la prestigiosa Fondazione Studio Marangoni","robots":{"index":"index","follow":"follow","max-snippet":"max-snippet:-1","max-image-preview":"max-image-preview:large","max-video-preview":"max-video-preview:-1"},"canonical":"https:\/\/www.intoscana.it\/it\/barbel-reinhard-la-fotografa-curatrice-e-insegnante-tedesca-con-il-cuore-a-pistoia\/","og_locale":"it_IT","og_type":"article","og_title":"B\u00e4rbel Reinhard la fotografa, curatrice e insegnante tedesca con il cuore in Toscana","og_description":"La storia di B\u00e4rbel Reinhard dalla Germania a Firenze per amore e per frequentare la prestigiosa Fondazione Studio Marangoni","og_url":"https:\/\/www.intoscana.it\/it\/barbel-reinhard-la-fotografa-curatrice-e-insegnante-tedesca-con-il-cuore-a-pistoia\/","og_site_name":"intoscana","article_publisher":"https:\/\/www.facebook.com\/intoscana.it","article_published_time":"2024-02-02T08:45:10+00:00","article_modified_time":"2024-02-02T14:08:41+00:00","og_image":[{"width":1327,"height":887,"url":"https:\/\/www.intoscana.it\/wp-content\/uploads\/Reinhard_Barbel_03-copy-e1706863549325.jpg","type":"image\/jpeg"}],"author":"Costanza Baldini","twitter_card":"summary_large_image","twitter_creator":"@intoscana","twitter_site":"@intoscana","twitter_misc":{"Written by":"Costanza Baldini","Est. reading time":"2 minuti"},"schema":{"@context":"https:\/\/schema.org","@graph":[{"@type":"WebPage","@id":"https:\/\/www.intoscana.it\/it\/barbel-reinhard-la-fotografa-curatrice-e-insegnante-tedesca-con-il-cuore-a-pistoia\/","url":"https:\/\/www.intoscana.it\/it\/barbel-reinhard-la-fotografa-curatrice-e-insegnante-tedesca-con-il-cuore-a-pistoia\/","name":"B\u00e4rbel Reinhard la fotografa, curatrice e insegnante tedesca con il cuore in Toscana - intoscana","isPartOf":{"@id":"https:\/\/www.intoscana.it\/it\/#website"},"primaryImageOfPage":{"@id":"https:\/\/www.intoscana.it\/it\/barbel-reinhard-la-fotografa-curatrice-e-insegnante-tedesca-con-il-cuore-a-pistoia\/#primaryimage"},"image":{"@id":"https:\/\/www.intoscana.it\/it\/barbel-reinhard-la-fotografa-curatrice-e-insegnante-tedesca-con-il-cuore-a-pistoia\/#primaryimage"},"thumbnailUrl":"https:\/\/www.intoscana.it\/wp-content\/uploads\/Reinhard_Barbel_03-copy-e1706863549325.jpg","datePublished":"2024-02-02T08:45:10+00:00","dateModified":"2024-02-02T14:08:41+00:00","author":{"@id":"https:\/\/www.intoscana.it\/it\/#\/schema\/person\/d469f35f09739bdf00bf5dd3f0647a82"},"description":"La storia di B\u00e4rbel Reinhard dalla Germania a Firenze per amore e per frequentare la prestigiosa Fondazione Studio Marangoni","breadcrumb":{"@id":"https:\/\/www.intoscana.it\/it\/barbel-reinhard-la-fotografa-curatrice-e-insegnante-tedesca-con-il-cuore-a-pistoia\/#breadcrumb"},"inLanguage":"it-IT","potentialAction":[{"@type":"ReadAction","target":["https:\/\/www.intoscana.it\/it\/barbel-reinhard-la-fotografa-curatrice-e-insegnante-tedesca-con-il-cuore-a-pistoia\/"]}]},{"@type":"ImageObject","inLanguage":"it-IT","@id":"https:\/\/www.intoscana.it\/it\/barbel-reinhard-la-fotografa-curatrice-e-insegnante-tedesca-con-il-cuore-a-pistoia\/#primaryimage","url":"https:\/\/www.intoscana.it\/wp-content\/uploads\/Reinhard_Barbel_03-copy-e1706863549325.jpg","contentUrl":"https:\/\/www.intoscana.it\/wp-content\/uploads\/Reinhard_Barbel_03-copy-e1706863549325.jpg","width":1327,"height":887,"caption":"B\u00e4rbel Reinhard"},{"@type":"BreadcrumbList","@id":"https:\/\/www.intoscana.it\/it\/barbel-reinhard-la-fotografa-curatrice-e-insegnante-tedesca-con-il-cuore-a-pistoia\/#breadcrumb","itemListElement":[{"@type":"ListItem","position":1,"name":"Home","item":"https:\/\/www.intoscana.it\/it\/"},{"@type":"ListItem","position":2,"name":"B\u00e4rbel Reinhard la fotografa, curatrice e insegnante tedesca con il cuore in Toscana"}]},{"@type":"WebSite","@id":"https:\/\/www.intoscana.it\/it\/#website","url":"https:\/\/www.intoscana.it\/it\/","name":"intoscana","description":"","potentialAction":[{"@type":"SearchAction","target":{"@type":"EntryPoint","urlTemplate":"https:\/\/www.intoscana.it\/it\/?s={search_term_string}"},"query-input":{"@type":"PropertyValueSpecification","valueRequired":true,"valueName":"search_term_string"}}],"inLanguage":"it-IT"},{"@type":"Person","@id":"https:\/\/www.intoscana.it\/it\/#\/schema\/person\/d469f35f09739bdf00bf5dd3f0647a82","name":"Costanza Baldini","url":"https:\/\/www.intoscana.it\/it\/author\/costanza-baldini\/"}]}},"_links":{"self":[{"href":"https:\/\/www.intoscana.it\/it\/wp-json\/wp\/v2\/posts\/324858","targetHints":{"allow":["GET"]}}],"collection":[{"href":"https:\/\/www.intoscana.it\/it\/wp-json\/wp\/v2\/posts"}],"about":[{"href":"https:\/\/www.intoscana.it\/it\/wp-json\/wp\/v2\/types\/post"}],"author":[{"embeddable":true,"href":"https:\/\/www.intoscana.it\/it\/wp-json\/wp\/v2\/users\/518"}],"replies":[{"embeddable":true,"href":"https:\/\/www.intoscana.it\/it\/wp-json\/wp\/v2\/comments?post=324858"}],"version-history":[{"count":20,"href":"https:\/\/www.intoscana.it\/it\/wp-json\/wp\/v2\/posts\/324858\/revisions"}],"predecessor-version":[{"id":324963,"href":"https:\/\/www.intoscana.it\/it\/wp-json\/wp\/v2\/posts\/324858\/revisions\/324963"}],"wp:featuredmedia":[{"embeddable":true,"href":"https:\/\/www.intoscana.it\/it\/wp-json\/wp\/v2\/media\/324865"}],"wp:attachment":[{"href":"https:\/\/www.intoscana.it\/it\/wp-json\/wp\/v2\/media?parent=324858"}],"wp:term":[{"taxonomy":"category","embeddable":true,"href":"https:\/\/www.intoscana.it\/it\/wp-json\/wp\/v2\/categories?post=324858"},{"taxonomy":"post_tag","embeddable":true,"href":"https:\/\/www.intoscana.it\/it\/wp-json\/wp\/v2\/tags?post=324858"}],"curies":[{"name":"wp","href":"https:\/\/api.w.org\/{rel}","templated":true}]}}