{"id":324996,"date":"2024-02-02T16:35:45","date_gmt":"2024-02-02T15:35:45","guid":{"rendered":"https:\/\/www.intoscana.it\/it\/?p=324996"},"modified":"2024-02-04T18:35:51","modified_gmt":"2024-02-04T17:35:51","slug":"toscana-digitale-la-fibra-ottica-e-arrivata-pure-a-serravalle-pistoiese","status":"publish","type":"post","link":"https:\/\/www.intoscana.it\/it\/toscana-digitale-la-fibra-ottica-e-arrivata-pure-a-serravalle-pistoiese\/","title":{"rendered":"Toscana Digitale, la fibra ottica \u00e8 arrivata pure a Serravalle Pistoiese"},"content":{"rendered":"<p>Si riduce il divario digitale in Toscana: i piccoli comuni della provincia di Pistoia potranno accedere a un servizio che permetter\u00e0 loro di navigare in banda ultra larga. <strong>Open Fiber<\/strong> ha realizzato infatti, nelle cosiddette \u201c<em>aree bianche<\/em>\u201d, oggetto dei tre bandi Infratel, con il contributo della Regione Toscana, <strong>una rete infrastrutturale.<\/strong><\/p>\n<p>A <strong>Serravalle Pistoiese<\/strong> Open Fiber ha realizzato una nuova rete di <strong>oltre 26 chilometri<\/strong> di lunghezza che vede al momento <strong>563 unit\u00e0 immobiliari<\/strong> collegabili nelle zone di <strong>Castellina, Ponte di Serravalle, Case sparse e Ville<\/strong>. Il servizio gi\u00e0 disponibile per i cittadini e l\u2019infrastruttura rimarr\u00e0 di propriet\u00e0 pubblica, gestita in concessione da <strong>Open Fiber<\/strong> per 20 anni.<\/p>\n<h3>Ciuoffo: un passo in avanti per il Pistoiese<\/h3>\n<p>\u201c<em>\u00c8\u00a0in corso<\/em> \u2013 spiega l\u2019assessore regionale alla digitalizzazione, <strong>Stefano Ciuoffo<\/strong> \u2013 <em>un grande e capillare lavoro di infrastrutturazione digitale che riguarda numerosissimi comuni toscani, in grande maggioranza situati nelle cosiddette aree bianche, quelle in cui non \u00e8 presente un&#8217;infrastruttura per la\u00a0banda ultra larga\u00a0e nessun operatore ha mostrato interesse a investire. Adesso dobbiamo quindi parlare di ex aree bianche, oggi finalmente adeguatamente connesse al pari dei centri maggiori. E, anche nel caso di Serravalle, si tratta di una buona notizia che fa compiere al territorio un sicuro progresso, fornisce ai cittadini un motivo in pi\u00f9 per rimanere e alle imprese un impulso allo sviluppo delle loro attivit\u00e0\u201d.<\/em><\/p>\n<h3>Gorbi: un&#8217;opportunit\u00e0 di crescita per le aziende<\/h3>\n<p>\u201c<em>L&#8217;impegno della Regione \u00e8 stato molto apprezzato dalla nostra amministrazione<\/em> &#8211; ha sottolineato <strong>Federico Gorbi<\/strong>, vicesindaco ed assessore alla transizione digitale ed informatica del Comune di Serravalle &#8211; <em>poich\u00e9 ci aiuta a proiettare verso il futuro il nostro territorio, a fornire opportunit\u00e0 di crescita alle aziende e a rendere pi\u00f9 efficace il servizio di banda ultra larga per tanti cittadini\u201d.<\/em><\/p>\n","protected":false},"excerpt":{"rendered":"<p>Sono 563 le unit\u00e0 immobiliari cablate in banda ultralarga. La soddisfazione dell\u2019assessore regionale Ciuoffo e del vice sindaco Gorbi<\/p>\n","protected":false},"author":525,"featured_media":325003,"comment_status":"open","ping_status":"open","sticky":false,"template":"","format":"standard","meta":{"_acf_changed":false,"footnotes":""},"categories":[475],"tags":[6184,5145,1639],"class_list":["post-324996","post","type-post","status-publish","format-standard","has-post-thumbnail","hentry","category-innovazione","tag-banda-ultralarga","tag-stefano-ciuoffo","tag-toscana-digitale"],"acf":[],"yoast_head":"<!-- This site is optimized with the Yoast SEO Premium plugin v24.2 (Yoast SEO v25.6) - https:\/\/yoast.com\/wordpress\/plugins\/seo\/ -->\n<title>Toscana Digitale, la fibra ottica \u00e8 arrivata pure a Serravalle Pistoiese - intoscana<\/title>\n<meta name=\"description\" content=\"Sono 563 le unit\u00e0 immobiliari cablate in banda ultralarga. La soddisfazione dell\u2019assessore regionale Ciuoffo e del vice sindaco Gorbi\" \/>\n<meta name=\"robots\" content=\"index, follow, max-snippet:-1, max-image-preview:large, max-video-preview:-1\" \/>\n<link rel=\"canonical\" href=\"https:\/\/www.intoscana.it\/it\/toscana-digitale-la-fibra-ottica-e-arrivata-pure-a-serravalle-pistoiese\/\" \/>\n<meta property=\"og:locale\" content=\"it_IT\" \/>\n<meta property=\"og:type\" content=\"article\" \/>\n<meta property=\"og:title\" content=\"Toscana Digitale, la fibra ottica \u00e8 arrivata pure a Serravalle Pistoiese\" \/>\n<meta property=\"og:description\" content=\"Sono 563 le unit\u00e0 immobiliari cablate in banda ultralarga. La soddisfazione dell\u2019assessore regionale Ciuoffo e del vice sindaco Gorbi\" \/>\n<meta property=\"og:url\" content=\"https:\/\/www.intoscana.it\/it\/toscana-digitale-la-fibra-ottica-e-arrivata-pure-a-serravalle-pistoiese\/\" \/>\n<meta property=\"og:site_name\" content=\"intoscana\" \/>\n<meta property=\"article:publisher\" content=\"https:\/\/www.facebook.com\/intoscana.it\" \/>\n<meta property=\"article:published_time\" content=\"2024-02-02T15:35:45+00:00\" \/>\n<meta property=\"article:modified_time\" content=\"2024-02-04T17:35:51+00:00\" \/>\n<meta property=\"og:image\" content=\"https:\/\/www.intoscana.it\/wp-content\/uploads\/La-banda-ultralarga.jpeg\" \/>\n\t<meta property=\"og:image:width\" content=\"1536\" \/>\n\t<meta property=\"og:image:height\" content=\"1025\" \/>\n\t<meta property=\"og:image:type\" content=\"image\/jpeg\" \/>\n<meta name=\"author\" content=\"Redazione\" \/>\n<meta name=\"twitter:card\" content=\"summary_large_image\" \/>\n<meta name=\"twitter:creator\" content=\"@intoscana\" \/>\n<meta name=\"twitter:site\" content=\"@intoscana\" \/>\n<meta name=\"twitter:label1\" content=\"Written by\" \/>\n\t<meta name=\"twitter:data1\" content=\"Redazione\" \/>\n\t<meta name=\"twitter:label2\" content=\"Est. reading time\" \/>\n\t<meta name=\"twitter:data2\" content=\"2 minuti\" \/>\n<script type=\"application\/ld+json\" class=\"yoast-schema-graph\">{\"@context\":\"https:\/\/schema.org\",\"@graph\":[{\"@type\":\"WebPage\",\"@id\":\"https:\/\/www.intoscana.it\/it\/toscana-digitale-la-fibra-ottica-e-arrivata-pure-a-serravalle-pistoiese\/\",\"url\":\"https:\/\/www.intoscana.it\/it\/toscana-digitale-la-fibra-ottica-e-arrivata-pure-a-serravalle-pistoiese\/\",\"name\":\"Toscana Digitale, la fibra ottica \u00e8 arrivata pure a Serravalle Pistoiese - intoscana\",\"isPartOf\":{\"@id\":\"https:\/\/www.intoscana.it\/it\/#website\"},\"primaryImageOfPage\":{\"@id\":\"https:\/\/www.intoscana.it\/it\/toscana-digitale-la-fibra-ottica-e-arrivata-pure-a-serravalle-pistoiese\/#primaryimage\"},\"image\":{\"@id\":\"https:\/\/www.intoscana.it\/it\/toscana-digitale-la-fibra-ottica-e-arrivata-pure-a-serravalle-pistoiese\/#primaryimage\"},\"thumbnailUrl\":\"https:\/\/www.intoscana.it\/wp-content\/uploads\/La-banda-ultralarga.jpeg\",\"datePublished\":\"2024-02-02T15:35:45+00:00\",\"dateModified\":\"2024-02-04T17:35:51+00:00\",\"author\":{\"@id\":\"https:\/\/www.intoscana.it\/it\/#\/schema\/person\/9223810753230f20bd670fdd322661f8\"},\"description\":\"Sono 563 le unit\u00e0 immobiliari cablate in banda ultralarga. La soddisfazione dell\u2019assessore regionale Ciuoffo e del vice sindaco Gorbi\",\"breadcrumb\":{\"@id\":\"https:\/\/www.intoscana.it\/it\/toscana-digitale-la-fibra-ottica-e-arrivata-pure-a-serravalle-pistoiese\/#breadcrumb\"},\"inLanguage\":\"it-IT\",\"potentialAction\":[{\"@type\":\"ReadAction\",\"target\":[\"https:\/\/www.intoscana.it\/it\/toscana-digitale-la-fibra-ottica-e-arrivata-pure-a-serravalle-pistoiese\/\"]}]},{\"@type\":\"ImageObject\",\"inLanguage\":\"it-IT\",\"@id\":\"https:\/\/www.intoscana.it\/it\/toscana-digitale-la-fibra-ottica-e-arrivata-pure-a-serravalle-pistoiese\/#primaryimage\",\"url\":\"https:\/\/www.intoscana.it\/wp-content\/uploads\/La-banda-ultralarga.jpeg\",\"contentUrl\":\"https:\/\/www.intoscana.it\/wp-content\/uploads\/La-banda-ultralarga.jpeg\",\"width\":1536,\"height\":1025},{\"@type\":\"BreadcrumbList\",\"@id\":\"https:\/\/www.intoscana.it\/it\/toscana-digitale-la-fibra-ottica-e-arrivata-pure-a-serravalle-pistoiese\/#breadcrumb\",\"itemListElement\":[{\"@type\":\"ListItem\",\"position\":1,\"name\":\"Home\",\"item\":\"https:\/\/www.intoscana.it\/it\/\"},{\"@type\":\"ListItem\",\"position\":2,\"name\":\"Toscana Digitale, la fibra ottica \u00e8 arrivata pure a Serravalle Pistoiese\"}]},{\"@type\":\"WebSite\",\"@id\":\"https:\/\/www.intoscana.it\/it\/#website\",\"url\":\"https:\/\/www.intoscana.it\/it\/\",\"name\":\"intoscana\",\"description\":\"\",\"potentialAction\":[{\"@type\":\"SearchAction\",\"target\":{\"@type\":\"EntryPoint\",\"urlTemplate\":\"https:\/\/www.intoscana.it\/it\/?s={search_term_string}\"},\"query-input\":{\"@type\":\"PropertyValueSpecification\",\"valueRequired\":true,\"valueName\":\"search_term_string\"}}],\"inLanguage\":\"it-IT\"},{\"@type\":\"Person\",\"@id\":\"https:\/\/www.intoscana.it\/it\/#\/schema\/person\/9223810753230f20bd670fdd322661f8\",\"name\":\"Redazione\",\"url\":\"https:\/\/www.intoscana.it\/it\/author\/redazione\/\"}]}<\/script>\n<!-- \/ Yoast SEO Premium plugin. -->","yoast_head_json":{"title":"Toscana Digitale, la fibra ottica \u00e8 arrivata pure a Serravalle Pistoiese - intoscana","description":"Sono 563 le unit\u00e0 immobiliari cablate in banda ultralarga. La soddisfazione dell\u2019assessore regionale Ciuoffo e del vice sindaco Gorbi","robots":{"index":"index","follow":"follow","max-snippet":"max-snippet:-1","max-image-preview":"max-image-preview:large","max-video-preview":"max-video-preview:-1"},"canonical":"https:\/\/www.intoscana.it\/it\/toscana-digitale-la-fibra-ottica-e-arrivata-pure-a-serravalle-pistoiese\/","og_locale":"it_IT","og_type":"article","og_title":"Toscana Digitale, la fibra ottica \u00e8 arrivata pure a Serravalle Pistoiese","og_description":"Sono 563 le unit\u00e0 immobiliari cablate in banda ultralarga. La soddisfazione dell\u2019assessore regionale Ciuoffo e del vice sindaco Gorbi","og_url":"https:\/\/www.intoscana.it\/it\/toscana-digitale-la-fibra-ottica-e-arrivata-pure-a-serravalle-pistoiese\/","og_site_name":"intoscana","article_publisher":"https:\/\/www.facebook.com\/intoscana.it","article_published_time":"2024-02-02T15:35:45+00:00","article_modified_time":"2024-02-04T17:35:51+00:00","og_image":[{"width":1536,"height":1025,"url":"https:\/\/www.intoscana.it\/wp-content\/uploads\/La-banda-ultralarga.jpeg","type":"image\/jpeg"}],"author":"Redazione","twitter_card":"summary_large_image","twitter_creator":"@intoscana","twitter_site":"@intoscana","twitter_misc":{"Written by":"Redazione","Est. reading time":"2 minuti"},"schema":{"@context":"https:\/\/schema.org","@graph":[{"@type":"WebPage","@id":"https:\/\/www.intoscana.it\/it\/toscana-digitale-la-fibra-ottica-e-arrivata-pure-a-serravalle-pistoiese\/","url":"https:\/\/www.intoscana.it\/it\/toscana-digitale-la-fibra-ottica-e-arrivata-pure-a-serravalle-pistoiese\/","name":"Toscana Digitale, la fibra ottica \u00e8 arrivata pure a Serravalle Pistoiese - intoscana","isPartOf":{"@id":"https:\/\/www.intoscana.it\/it\/#website"},"primaryImageOfPage":{"@id":"https:\/\/www.intoscana.it\/it\/toscana-digitale-la-fibra-ottica-e-arrivata-pure-a-serravalle-pistoiese\/#primaryimage"},"image":{"@id":"https:\/\/www.intoscana.it\/it\/toscana-digitale-la-fibra-ottica-e-arrivata-pure-a-serravalle-pistoiese\/#primaryimage"},"thumbnailUrl":"https:\/\/www.intoscana.it\/wp-content\/uploads\/La-banda-ultralarga.jpeg","datePublished":"2024-02-02T15:35:45+00:00","dateModified":"2024-02-04T17:35:51+00:00","author":{"@id":"https:\/\/www.intoscana.it\/it\/#\/schema\/person\/9223810753230f20bd670fdd322661f8"},"description":"Sono 563 le unit\u00e0 immobiliari cablate in banda ultralarga. La soddisfazione dell\u2019assessore regionale Ciuoffo e del vice sindaco Gorbi","breadcrumb":{"@id":"https:\/\/www.intoscana.it\/it\/toscana-digitale-la-fibra-ottica-e-arrivata-pure-a-serravalle-pistoiese\/#breadcrumb"},"inLanguage":"it-IT","potentialAction":[{"@type":"ReadAction","target":["https:\/\/www.intoscana.it\/it\/toscana-digitale-la-fibra-ottica-e-arrivata-pure-a-serravalle-pistoiese\/"]}]},{"@type":"ImageObject","inLanguage":"it-IT","@id":"https:\/\/www.intoscana.it\/it\/toscana-digitale-la-fibra-ottica-e-arrivata-pure-a-serravalle-pistoiese\/#primaryimage","url":"https:\/\/www.intoscana.it\/wp-content\/uploads\/La-banda-ultralarga.jpeg","contentUrl":"https:\/\/www.intoscana.it\/wp-content\/uploads\/La-banda-ultralarga.jpeg","width":1536,"height":1025},{"@type":"BreadcrumbList","@id":"https:\/\/www.intoscana.it\/it\/toscana-digitale-la-fibra-ottica-e-arrivata-pure-a-serravalle-pistoiese\/#breadcrumb","itemListElement":[{"@type":"ListItem","position":1,"name":"Home","item":"https:\/\/www.intoscana.it\/it\/"},{"@type":"ListItem","position":2,"name":"Toscana Digitale, la fibra ottica \u00e8 arrivata pure a Serravalle Pistoiese"}]},{"@type":"WebSite","@id":"https:\/\/www.intoscana.it\/it\/#website","url":"https:\/\/www.intoscana.it\/it\/","name":"intoscana","description":"","potentialAction":[{"@type":"SearchAction","target":{"@type":"EntryPoint","urlTemplate":"https:\/\/www.intoscana.it\/it\/?s={search_term_string}"},"query-input":{"@type":"PropertyValueSpecification","valueRequired":true,"valueName":"search_term_string"}}],"inLanguage":"it-IT"},{"@type":"Person","@id":"https:\/\/www.intoscana.it\/it\/#\/schema\/person\/9223810753230f20bd670fdd322661f8","name":"Redazione","url":"https:\/\/www.intoscana.it\/it\/author\/redazione\/"}]}},"_links":{"self":[{"href":"https:\/\/www.intoscana.it\/it\/wp-json\/wp\/v2\/posts\/324996","targetHints":{"allow":["GET"]}}],"collection":[{"href":"https:\/\/www.intoscana.it\/it\/wp-json\/wp\/v2\/posts"}],"about":[{"href":"https:\/\/www.intoscana.it\/it\/wp-json\/wp\/v2\/types\/post"}],"author":[{"embeddable":true,"href":"https:\/\/www.intoscana.it\/it\/wp-json\/wp\/v2\/users\/525"}],"replies":[{"embeddable":true,"href":"https:\/\/www.intoscana.it\/it\/wp-json\/wp\/v2\/comments?post=324996"}],"version-history":[{"count":6,"href":"https:\/\/www.intoscana.it\/it\/wp-json\/wp\/v2\/posts\/324996\/revisions"}],"predecessor-version":[{"id":325005,"href":"https:\/\/www.intoscana.it\/it\/wp-json\/wp\/v2\/posts\/324996\/revisions\/325005"}],"wp:featuredmedia":[{"embeddable":true,"href":"https:\/\/www.intoscana.it\/it\/wp-json\/wp\/v2\/media\/325003"}],"wp:attachment":[{"href":"https:\/\/www.intoscana.it\/it\/wp-json\/wp\/v2\/media?parent=324996"}],"wp:term":[{"taxonomy":"category","embeddable":true,"href":"https:\/\/www.intoscana.it\/it\/wp-json\/wp\/v2\/categories?post=324996"},{"taxonomy":"post_tag","embeddable":true,"href":"https:\/\/www.intoscana.it\/it\/wp-json\/wp\/v2\/tags?post=324996"}],"curies":[{"name":"wp","href":"https:\/\/api.w.org\/{rel}","templated":true}]}}