{"id":325081,"date":"2024-02-03T13:32:54","date_gmt":"2024-02-03T12:32:54","guid":{"rendered":"https:\/\/www.intoscana.it\/it\/?p=325081"},"modified":"2024-02-03T13:34:19","modified_gmt":"2024-02-03T12:34:19","slug":"al-murate-art-district-la-nuova-installazione-di-sadi-che-da-voce-alle-vittime-del-fascismo","status":"publish","type":"post","link":"https:\/\/www.intoscana.it\/it\/al-murate-art-district-la-nuova-installazione-di-sadi-che-da-voce-alle-vittime-del-fascismo\/","title":{"rendered":"Alle Murate la nuova installazione di SADI che d\u00e0 voce alle vittime del fascismo"},"content":{"rendered":"<p>Al <a href=\"https:\/\/www.murateartdistrict.it\" target=\"_blank\" rel=\"noopener\"><strong>MAD, Murate Art District di Firenze<\/strong> <\/a>\u00e8 stata inaugurata <strong><em>&#8220;Agor\u00e0&#8221;<\/em><\/strong> l\u2019<strong>installazione sonora site-specific<\/strong> del <strong>sound artist SADI<\/strong>\u00a0che sar\u00e0 la nuova installazione permanente negli spazi del <strong>carcere duro.<\/strong><\/p>\n<p>L\u2019installazione, a cura di <strong>Veronica Caciolli e Valentina Gensini<\/strong> realizzata in collaborazione con <strong>BHMF Black History Month Florence<\/strong>, vede l\u2019artista concentrarsi sull\u2019arco temporale che intercorre <strong>tra gli anni Venti e gli anni Settanta<\/strong> del Novecento.<\/p>\n<p>Dall\u2019analisi di questo periodo emergono i nomi di una corposa serie di antifascisti noti come <strong>Gaetano Salvemini<\/strong> (storico e politico, 1873-1957), <strong>Hans Purrmann<\/strong> (pittore, 1880-1966), <strong>Aldo Capitini<\/strong> (filosofo e politico, 1899-1968)<strong>, Carlo Levi<\/strong> (scrittore e pittore, 1902-1975), <strong>Alessandro Sinigaglia<\/strong> (partigiano, 1902-1944), oltre a una medesima ma articolata minoranza resistente, dissidente e perseguitata costituita da afrodiscendenti, ebrei e omosessuali.<\/p>\n<p><strong><em>Agor\u00e0<\/em><\/strong>, sviluppata nel corso dei <strong>quattro mesi di residenza<\/strong>, \u00e8 un\u2019<strong>installazione spazializzata del suono<\/strong> che intende far risuonare i pensieri, gli orientamenti, le filosofie e le lotte sedate delle suddette numerose figure che ci hanno consegnato la loro idea di mondo e che, grazie alle loro testimonianze, oggi ereditiamo.<\/p>\n<p><strong>Il carcere duro,<\/strong> da spazio di negazione (di libert\u00e0, di azione, di parola e di comunicazione), si trasforma nel suo opposto, una <strong><em>Agor\u00e0<\/em><\/strong>: <strong>la piazza al centro dell\u2019antica polis greca, luogo di democrazia<\/strong> per antonomasia, di incontri religiosi, politici, commerciali e sociali.<\/p>\n<figure id=\"post-325064 media-325064\" class=\"align-none\"><img decoding=\"async\" src=\"https:\/\/www.intoscana.it\/wp-content\/uploads\/Il-carcere-duro-delle-Murate_Foto-courtesy-MAD-Murate-Art-District-scaled.jpg\" alt=\"\" \/><\/figure>\n<p><em>\u201cSiamo veramente felici di presentare il lavoro vincitore delle Residenze d\u2019artista di MAD \u2013 <\/em><strong>ha spiegato Valentina Gensini, direttrice artistica di MAD e co-curatrice dell\u2019installazione <\/strong><em>&#8211; una installazione sonora site specific che il sound artist SADI ha voluto dedicare alle memorie del carcere duro delle Murate recuperando storie dimenticate di figure importanti della resistenza e vittime del razzismo fascista come afro-discendenti, rom, sinti, omosessuali e intellettuali. Sono grata a Veronica Caciolli che lo ha affiancato nelle complesse ricerche documentarie inedite condotte in particolare presso l\u2019Archivio di Stato di Firenze, che restituiscono un nuovo brano di storia delle Murate\u201d.<\/em><\/p>\n<p><em>\u201cIl carcere duro \u00e8 sempre stato per me un posto di grande ispirazione per la sua storia \u2013 <\/em><strong>ha dichiarato SADI &#8211;<\/strong><em>. Attratto dal vilipendio sociale che gravava nel contesto socio-politico italiano in cui le libert\u00e0 di espressione, di pensiero, di identit\u00e0 di genere e origine sono state ammutite, escluse e detenute nel penitenziario delle Murate di Firenze, \u00e8 stato necessario identificare il tema su cui concentrarsi per poi attivarmi in ricerche storiche e archivistiche. Una residenza che mi ha introdotto a riflessioni profonde da cui creare qualcosa che valorizzasse trasformazione, bellezza e cultura. Grazie alle tante collaborazioni con ricercatori, artisti e archivisti, tutto \u00e8 arrivato come se da quelle porte aperte arrivasse un\u2019anima pronta per essere liberata. Questo lavoro \u00e8 dedicato ai tanti nomi che hanno vissuto in quelle mura e che spero oggi possano invitare studenti e persone interessate a scoprirne le storie. Una commemorazione nel ricordo, per sfamare la libert\u00e0 di tutti nell\u2019oggi\u201d.<\/em><\/p>\n<p>Il progetto &#8211; che proseguir\u00e0 con <strong>un&#8217;azione performativa in programma il 27 marzo alle 18<\/strong> presso il Museo di Antropologia e Etnologia di Firenze &#8211; \u00e8 stato sviluppato attraverso <strong>una ricerca sulle memorie orali,<\/strong> ottenute in particolare grazie alla collaborazione di <strong>Valeria Muledda<\/strong> (artista), <strong>Corrado Marcetti<\/strong> (gi\u00e0 direttore della Fondazione Michelucci di Firenze) e su fonti scritte, ricevute da: l\u2019<strong>Archivio di Stato di Firenze, l\u2019Istituto Storico Toscano della Resistenza e dell&#8217;Et\u00e0 contemporanea, Villa Romana,<\/strong> le ricercatrici <strong>Pamela Giorgi e Elena Gonnelli<\/strong>, e l\u2019archivio raccolto da MAD negli ultimi dieci anni.<\/p>\n<h3>SADI<\/h3>\n<p><strong>Sam Barreto Cardoso Bertoldi in arte Sadi<\/strong> \u00e8 un musicista sound-artist che condivide il suo lavoro dal 2007. Nasce come percussionista e polistrumentista.<\/p>\n<p>Nel periodo tra il 2007 e il 2012 ha collaborato come turnista con diverse etichette discografiche italiane ed europee, <strong>spaziando dal pop, rock e jazz alla musica elettronica sperimentale.<\/strong> Compone<strong> musica sperimentale\/ambientale e glitch<\/strong> per installazioni di arte contemporanea e performance di danza sfruttando il sistema surround della diffusione del suono.<\/p>\n<p><strong>La sua ispirazione \u00e8 la natura<\/strong> e crea i suoi progetti artistici e concettuali, sia contemporanei che astratti, invitandoli a immergersi in un mondo di sogni surreali, sperimentando errori tecnologici, trame di suoni ambientali e interpolazioni di ritmi interrotti.<\/p>\n<p><strong>Ricercatore della percezione sonora del sistema cognitivo-emozionale<\/strong> ed eco-sistemico dei condizionamenti. Impegnato attivamente nella composizione di colonne sonore per spettacoli e produzioni di danza contemporanea, teatro contemporaneo, installazioni d&#8217;arte in musei e gallerie d&#8217;arte e collabora con artisti della scena musicale nazionale e internazionale sia per l&#8217;esecuzione dal vivo che per l&#8217;arrangiamento discografico.<\/p>\n<figure id=\"post-325066 media-325066\" class=\"align-none\"><img decoding=\"async\" src=\"https:\/\/www.intoscana.it\/wp-content\/uploads\/Un-ritratto-del-sound-artist-Sadi_Foto-di-Nicolo-Taglia-scaled.jpeg\" alt=\"\" \/><\/figure>\n<div class=\"titleimg\">Un ritratto del sound artist Sadi, foto di Nicol\u00f2 Taglia<\/div>\n","protected":false},"excerpt":{"rendered":"<p>Al MAD, Murate Art District di Firenze \u00e8 stata inaugurata &#8220;Agor\u00e0&#8221; l\u2019installazione sonora site-specific del sound artist SADI che sar\u00e0 la nuova installazione permanente negli spazi del carcere duro<\/p>\n","protected":false},"author":525,"featured_media":325065,"comment_status":"open","ping_status":"open","sticky":false,"template":"","format":"standard","meta":{"_acf_changed":false,"footnotes":""},"categories":[493],"tags":[227,202,222],"class_list":["post-325081","post","type-post","status-publish","format-standard","has-post-thumbnail","hentry","category-cultura","tag-arte-contemporanea","tag-firenze","tag-mostre"],"acf":[],"yoast_head":"<!-- This site is optimized with the Yoast SEO Premium plugin v24.2 (Yoast SEO v25.6) - https:\/\/yoast.com\/wordpress\/plugins\/seo\/ -->\n<title>Alle Murate la nuova installazione di SADI che d\u00e0 voce alle vittime del fascismo - intoscana<\/title>\n<meta name=\"description\" content=\"Al MAD, Murate Art District di Firenze \u00e8 stata inaugurata &quot;Agor\u00e0&quot; l\u2019installazione sonora site-specific del sound artist SADI\" \/>\n<meta name=\"robots\" content=\"index, follow, max-snippet:-1, max-image-preview:large, max-video-preview:-1\" \/>\n<link rel=\"canonical\" href=\"https:\/\/www.intoscana.it\/it\/al-murate-art-district-la-nuova-installazione-di-sadi-che-da-voce-alle-vittime-del-fascismo\/\" \/>\n<meta property=\"og:locale\" content=\"it_IT\" \/>\n<meta property=\"og:type\" content=\"article\" \/>\n<meta property=\"og:title\" content=\"Alle Murate la nuova installazione di SADI che d\u00e0 voce alle vittime del fascismo\" \/>\n<meta property=\"og:description\" content=\"Al MAD, Murate Art District di Firenze \u00e8 stata inaugurata &quot;Agor\u00e0&quot; l\u2019installazione sonora site-specific del sound artist SADI\" \/>\n<meta property=\"og:url\" content=\"https:\/\/www.intoscana.it\/it\/al-murate-art-district-la-nuova-installazione-di-sadi-che-da-voce-alle-vittime-del-fascismo\/\" \/>\n<meta property=\"og:site_name\" content=\"intoscana\" \/>\n<meta property=\"article:publisher\" content=\"https:\/\/www.facebook.com\/intoscana.it\" \/>\n<meta property=\"article:published_time\" content=\"2024-02-03T12:32:54+00:00\" \/>\n<meta property=\"article:modified_time\" content=\"2024-02-03T12:34:19+00:00\" \/>\n<meta property=\"og:image\" content=\"https:\/\/www.intoscana.it\/wp-content\/uploads\/MAD-Murate-Art-District_Carcere-duro-web-1.jpg\" \/>\n\t<meta property=\"og:image:width\" content=\"1200\" \/>\n\t<meta property=\"og:image:height\" content=\"799\" \/>\n\t<meta property=\"og:image:type\" content=\"image\/jpeg\" \/>\n<meta name=\"author\" content=\"Redazione\" \/>\n<meta name=\"twitter:card\" content=\"summary_large_image\" \/>\n<meta name=\"twitter:creator\" content=\"@intoscana\" \/>\n<meta name=\"twitter:site\" content=\"@intoscana\" \/>\n<meta name=\"twitter:label1\" content=\"Written by\" \/>\n\t<meta name=\"twitter:data1\" content=\"Redazione\" \/>\n\t<meta name=\"twitter:label2\" content=\"Est. reading time\" \/>\n\t<meta name=\"twitter:data2\" content=\"5 minuti\" \/>\n<script type=\"application\/ld+json\" class=\"yoast-schema-graph\">{\"@context\":\"https:\/\/schema.org\",\"@graph\":[{\"@type\":\"WebPage\",\"@id\":\"https:\/\/www.intoscana.it\/it\/al-murate-art-district-la-nuova-installazione-di-sadi-che-da-voce-alle-vittime-del-fascismo\/\",\"url\":\"https:\/\/www.intoscana.it\/it\/al-murate-art-district-la-nuova-installazione-di-sadi-che-da-voce-alle-vittime-del-fascismo\/\",\"name\":\"Alle Murate la nuova installazione di SADI che d\u00e0 voce alle vittime del fascismo - intoscana\",\"isPartOf\":{\"@id\":\"https:\/\/www.intoscana.it\/it\/#website\"},\"primaryImageOfPage\":{\"@id\":\"https:\/\/www.intoscana.it\/it\/al-murate-art-district-la-nuova-installazione-di-sadi-che-da-voce-alle-vittime-del-fascismo\/#primaryimage\"},\"image\":{\"@id\":\"https:\/\/www.intoscana.it\/it\/al-murate-art-district-la-nuova-installazione-di-sadi-che-da-voce-alle-vittime-del-fascismo\/#primaryimage\"},\"thumbnailUrl\":\"https:\/\/www.intoscana.it\/wp-content\/uploads\/MAD-Murate-Art-District_Carcere-duro-web-1.jpg\",\"datePublished\":\"2024-02-03T12:32:54+00:00\",\"dateModified\":\"2024-02-03T12:34:19+00:00\",\"author\":{\"@id\":\"https:\/\/www.intoscana.it\/it\/#\/schema\/person\/9223810753230f20bd670fdd322661f8\"},\"description\":\"Al MAD, Murate Art District di Firenze \u00e8 stata inaugurata \\\"Agor\u00e0\\\" l\u2019installazione sonora site-specific del sound artist SADI\",\"breadcrumb\":{\"@id\":\"https:\/\/www.intoscana.it\/it\/al-murate-art-district-la-nuova-installazione-di-sadi-che-da-voce-alle-vittime-del-fascismo\/#breadcrumb\"},\"inLanguage\":\"it-IT\",\"potentialAction\":[{\"@type\":\"ReadAction\",\"target\":[\"https:\/\/www.intoscana.it\/it\/al-murate-art-district-la-nuova-installazione-di-sadi-che-da-voce-alle-vittime-del-fascismo\/\"]}]},{\"@type\":\"ImageObject\",\"inLanguage\":\"it-IT\",\"@id\":\"https:\/\/www.intoscana.it\/it\/al-murate-art-district-la-nuova-installazione-di-sadi-che-da-voce-alle-vittime-del-fascismo\/#primaryimage\",\"url\":\"https:\/\/www.intoscana.it\/wp-content\/uploads\/MAD-Murate-Art-District_Carcere-duro-web-1.jpg\",\"contentUrl\":\"https:\/\/www.intoscana.it\/wp-content\/uploads\/MAD-Murate-Art-District_Carcere-duro-web-1.jpg\",\"width\":1200,\"height\":799},{\"@type\":\"BreadcrumbList\",\"@id\":\"https:\/\/www.intoscana.it\/it\/al-murate-art-district-la-nuova-installazione-di-sadi-che-da-voce-alle-vittime-del-fascismo\/#breadcrumb\",\"itemListElement\":[{\"@type\":\"ListItem\",\"position\":1,\"name\":\"Home\",\"item\":\"https:\/\/www.intoscana.it\/it\/\"},{\"@type\":\"ListItem\",\"position\":2,\"name\":\"Alle Murate la nuova installazione di SADI che d\u00e0 voce alle vittime del fascismo\"}]},{\"@type\":\"WebSite\",\"@id\":\"https:\/\/www.intoscana.it\/it\/#website\",\"url\":\"https:\/\/www.intoscana.it\/it\/\",\"name\":\"intoscana\",\"description\":\"\",\"potentialAction\":[{\"@type\":\"SearchAction\",\"target\":{\"@type\":\"EntryPoint\",\"urlTemplate\":\"https:\/\/www.intoscana.it\/it\/?s={search_term_string}\"},\"query-input\":{\"@type\":\"PropertyValueSpecification\",\"valueRequired\":true,\"valueName\":\"search_term_string\"}}],\"inLanguage\":\"it-IT\"},{\"@type\":\"Person\",\"@id\":\"https:\/\/www.intoscana.it\/it\/#\/schema\/person\/9223810753230f20bd670fdd322661f8\",\"name\":\"Redazione\",\"url\":\"https:\/\/www.intoscana.it\/it\/author\/redazione\/\"}]}<\/script>\n<!-- \/ Yoast SEO Premium plugin. -->","yoast_head_json":{"title":"Alle Murate la nuova installazione di SADI che d\u00e0 voce alle vittime del fascismo - intoscana","description":"Al MAD, Murate Art District di Firenze \u00e8 stata inaugurata \"Agor\u00e0\" l\u2019installazione sonora site-specific del sound artist SADI","robots":{"index":"index","follow":"follow","max-snippet":"max-snippet:-1","max-image-preview":"max-image-preview:large","max-video-preview":"max-video-preview:-1"},"canonical":"https:\/\/www.intoscana.it\/it\/al-murate-art-district-la-nuova-installazione-di-sadi-che-da-voce-alle-vittime-del-fascismo\/","og_locale":"it_IT","og_type":"article","og_title":"Alle Murate la nuova installazione di SADI che d\u00e0 voce alle vittime del fascismo","og_description":"Al MAD, Murate Art District di Firenze \u00e8 stata inaugurata \"Agor\u00e0\" l\u2019installazione sonora site-specific del sound artist SADI","og_url":"https:\/\/www.intoscana.it\/it\/al-murate-art-district-la-nuova-installazione-di-sadi-che-da-voce-alle-vittime-del-fascismo\/","og_site_name":"intoscana","article_publisher":"https:\/\/www.facebook.com\/intoscana.it","article_published_time":"2024-02-03T12:32:54+00:00","article_modified_time":"2024-02-03T12:34:19+00:00","og_image":[{"width":1200,"height":799,"url":"https:\/\/www.intoscana.it\/wp-content\/uploads\/MAD-Murate-Art-District_Carcere-duro-web-1.jpg","type":"image\/jpeg"}],"author":"Redazione","twitter_card":"summary_large_image","twitter_creator":"@intoscana","twitter_site":"@intoscana","twitter_misc":{"Written by":"Redazione","Est. reading time":"5 minuti"},"schema":{"@context":"https:\/\/schema.org","@graph":[{"@type":"WebPage","@id":"https:\/\/www.intoscana.it\/it\/al-murate-art-district-la-nuova-installazione-di-sadi-che-da-voce-alle-vittime-del-fascismo\/","url":"https:\/\/www.intoscana.it\/it\/al-murate-art-district-la-nuova-installazione-di-sadi-che-da-voce-alle-vittime-del-fascismo\/","name":"Alle Murate la nuova installazione di SADI che d\u00e0 voce alle vittime del fascismo - intoscana","isPartOf":{"@id":"https:\/\/www.intoscana.it\/it\/#website"},"primaryImageOfPage":{"@id":"https:\/\/www.intoscana.it\/it\/al-murate-art-district-la-nuova-installazione-di-sadi-che-da-voce-alle-vittime-del-fascismo\/#primaryimage"},"image":{"@id":"https:\/\/www.intoscana.it\/it\/al-murate-art-district-la-nuova-installazione-di-sadi-che-da-voce-alle-vittime-del-fascismo\/#primaryimage"},"thumbnailUrl":"https:\/\/www.intoscana.it\/wp-content\/uploads\/MAD-Murate-Art-District_Carcere-duro-web-1.jpg","datePublished":"2024-02-03T12:32:54+00:00","dateModified":"2024-02-03T12:34:19+00:00","author":{"@id":"https:\/\/www.intoscana.it\/it\/#\/schema\/person\/9223810753230f20bd670fdd322661f8"},"description":"Al MAD, Murate Art District di Firenze \u00e8 stata inaugurata \"Agor\u00e0\" l\u2019installazione sonora site-specific del sound artist SADI","breadcrumb":{"@id":"https:\/\/www.intoscana.it\/it\/al-murate-art-district-la-nuova-installazione-di-sadi-che-da-voce-alle-vittime-del-fascismo\/#breadcrumb"},"inLanguage":"it-IT","potentialAction":[{"@type":"ReadAction","target":["https:\/\/www.intoscana.it\/it\/al-murate-art-district-la-nuova-installazione-di-sadi-che-da-voce-alle-vittime-del-fascismo\/"]}]},{"@type":"ImageObject","inLanguage":"it-IT","@id":"https:\/\/www.intoscana.it\/it\/al-murate-art-district-la-nuova-installazione-di-sadi-che-da-voce-alle-vittime-del-fascismo\/#primaryimage","url":"https:\/\/www.intoscana.it\/wp-content\/uploads\/MAD-Murate-Art-District_Carcere-duro-web-1.jpg","contentUrl":"https:\/\/www.intoscana.it\/wp-content\/uploads\/MAD-Murate-Art-District_Carcere-duro-web-1.jpg","width":1200,"height":799},{"@type":"BreadcrumbList","@id":"https:\/\/www.intoscana.it\/it\/al-murate-art-district-la-nuova-installazione-di-sadi-che-da-voce-alle-vittime-del-fascismo\/#breadcrumb","itemListElement":[{"@type":"ListItem","position":1,"name":"Home","item":"https:\/\/www.intoscana.it\/it\/"},{"@type":"ListItem","position":2,"name":"Alle Murate la nuova installazione di SADI che d\u00e0 voce alle vittime del fascismo"}]},{"@type":"WebSite","@id":"https:\/\/www.intoscana.it\/it\/#website","url":"https:\/\/www.intoscana.it\/it\/","name":"intoscana","description":"","potentialAction":[{"@type":"SearchAction","target":{"@type":"EntryPoint","urlTemplate":"https:\/\/www.intoscana.it\/it\/?s={search_term_string}"},"query-input":{"@type":"PropertyValueSpecification","valueRequired":true,"valueName":"search_term_string"}}],"inLanguage":"it-IT"},{"@type":"Person","@id":"https:\/\/www.intoscana.it\/it\/#\/schema\/person\/9223810753230f20bd670fdd322661f8","name":"Redazione","url":"https:\/\/www.intoscana.it\/it\/author\/redazione\/"}]}},"_links":{"self":[{"href":"https:\/\/www.intoscana.it\/it\/wp-json\/wp\/v2\/posts\/325081","targetHints":{"allow":["GET"]}}],"collection":[{"href":"https:\/\/www.intoscana.it\/it\/wp-json\/wp\/v2\/posts"}],"about":[{"href":"https:\/\/www.intoscana.it\/it\/wp-json\/wp\/v2\/types\/post"}],"author":[{"embeddable":true,"href":"https:\/\/www.intoscana.it\/it\/wp-json\/wp\/v2\/users\/525"}],"replies":[{"embeddable":true,"href":"https:\/\/www.intoscana.it\/it\/wp-json\/wp\/v2\/comments?post=325081"}],"version-history":[{"count":7,"href":"https:\/\/www.intoscana.it\/it\/wp-json\/wp\/v2\/posts\/325081\/revisions"}],"predecessor-version":[{"id":325088,"href":"https:\/\/www.intoscana.it\/it\/wp-json\/wp\/v2\/posts\/325081\/revisions\/325088"}],"wp:featuredmedia":[{"embeddable":true,"href":"https:\/\/www.intoscana.it\/it\/wp-json\/wp\/v2\/media\/325065"}],"wp:attachment":[{"href":"https:\/\/www.intoscana.it\/it\/wp-json\/wp\/v2\/media?parent=325081"}],"wp:term":[{"taxonomy":"category","embeddable":true,"href":"https:\/\/www.intoscana.it\/it\/wp-json\/wp\/v2\/categories?post=325081"},{"taxonomy":"post_tag","embeddable":true,"href":"https:\/\/www.intoscana.it\/it\/wp-json\/wp\/v2\/tags?post=325081"}],"curies":[{"name":"wp","href":"https:\/\/api.w.org\/{rel}","templated":true}]}}