{"id":325143,"date":"2024-02-05T09:27:44","date_gmt":"2024-02-05T08:27:44","guid":{"rendered":"https:\/\/www.intoscana.it\/it\/?p=325143"},"modified":"2024-02-05T15:41:27","modified_gmt":"2024-02-05T14:41:27","slug":"e-morto-kurt-hamrin-goleador-svedese-della-fiorentina-giani-perdiamo-una-leggenda","status":"publish","type":"post","link":"https:\/\/www.intoscana.it\/it\/e-morto-kurt-hamrin-goleador-svedese-della-fiorentina-giani-perdiamo-una-leggenda\/","title":{"rendered":"\u00c8 morto Kurt Hamrin goleador svedese della Fiorentina, Giani: &#8220;Perdiamo una leggenda&#8221;"},"content":{"rendered":"<p><strong>L&#8217;ex calciatore Kurt Hamrin<\/strong>, attaccante svedese e <strong>goleador assoluto della Fiorentina,<\/strong> \u00e8 scomparso <strong>domenica 4 febbraio all&#8217;et\u00e0 di 89 anni<\/strong>.<\/p>\n<p>Lo ha annunciato la societ\u00e0 viola, che attraverso le parole del <strong>presidente Commisso<\/strong> e di tutto il club che &#8220;<em>si unisce al dolore della famiglia e dell&#8217;intero mondo del calcio per la scomparsa di Kurt Hamrin, leggenda del calcio e della Fiorentina, di cui detiene il record di gol segnati in maglia viola&#8221;.<\/em><\/p>\n<p><strong>Arrivato in Italia nel 1956,<\/strong> Hamrin ha raggiunto Firenze dopo <strong>un anno alla Juve e un prestito al Padova<\/strong>, ha giocato alla <strong>Fiorentina<\/strong> dal &#8217;58 &#8211; anno nel quale prese parte al Mondiale con la sua nazionale &#8211; al &#8217;67<strong>, segnando 151 gol,<\/strong> e col <strong>Milan<\/strong> dal &#8217;67 al &#8217;69.<\/p>\n<p>Con<strong> 191 reti in Serie A,<\/strong> \u00e8 il nono miglior marcatore del campionato italiano con <strong>una media gol pari a 0,48 per partita<\/strong>. Con 400 presenze nella massima divisione, <strong>\u00e8 il settimo calciatore non italiano con pi\u00f9 partite disputate.<\/strong> Nonostante sia annoverato tra i goleador pi\u00f9 prolifici, in Italia non vinse mai il titolo di capocannoniere, riconoscimento invece ottenuto nella nativa<strong> Svezia.<\/strong><\/p>\n<p>Fu inoltre <strong>membro della nazionale del suo Paese<\/strong>, con la quale prese parte al <strong>campionato del mondo 1958<\/strong> organizzato proprio nello Stato scandinavo, raggiungendo la finale.<\/p>\n<p>Per la<strong> leggerezza del suo tocco e la rapidit\u00e0 del suo passo, <\/strong>fu ribattezzato<em><strong> &#8220;faina&#8221;<\/strong> <\/em>dal Paron Nereo Rocco, poi divenne<strong><em> &#8220;uccellino&#8221;<\/em>.<\/strong><\/p>\n<p><em>&#8220;Con Hamrin perdiamo una vera e propria leggenda, un mito, della Fiorentina, la cui maglia ha vestito per quasi dieci anni conquistando il record di gol segnati in viola, ma anche della storia del calcio in assoluto&#8221;. <\/em><strong>Ha detto il presidente della Regione Toscana Eugenio Giani, esprimendo il suo cordoglio e quello della giunta per la scomparsa<\/strong><em> &#8220;Non c&#8217;\u00e8 tifoso della mia generazione &#8211; <\/em><strong>ricorda il presidente <\/strong><em>&#8211; che non si sia emozionato vendendolo volare in campo, non c&#8217;\u00e8 ragazzino che non abbia fantasticato cercando di emularne le gesta. L&#8217;uccellino, come era stato soprannominato, oggi \u00e8 volato via per davvero, ma il suo ricordo rester\u00e0 eterno. Firenze e la Toscana perdono uno dei cittadini pi\u00f9 amati, perch\u00e8 lui, non fiorentino e non toscano, aveva scelto Firenze e la Toscana per continuare la sua vita, nel quartiere di Coverciano, non lontano dai quei campi che per lui sono stati non tanto un lavoro quanto una ragione di vita. Ciao Kurt, non ti dimenticheremo&#8221;.<\/em><\/p>\n<figure id=\"post-325145 media-325145\" class=\"align-none\"><img decoding=\"async\" src=\"https:\/\/www.intoscana.it\/wp-content\/uploads\/424928800_932182678520570_1503117424815014785_n.jpg\" alt=\"\" \/><\/figure>\n<div class=\"titleimg\">Kurt Hamrin<\/div>\n<p><em>&#8220;Ci ha lasciato una leggenda&#8221;.<\/em><strong> Ha scritto sui instagram il sindaco di Firenze Dario Nardella,<\/strong><em>\u00a0&#8220;Kurt Hamrin ha scelto Firenze come una casa e ha trasformato il campo in un palcoscenico di emozioni indimenticabili &#8211; ha ripreso Nardella -. &#8216;Uccellino&#8217; volava alto, portando con se&#8217; tutta la passione della nostra citta&#8217;. Addio Kurt&#8221;.<\/em><\/p>\n<p><strong>Nicola Armentano,<\/strong> consigliere della Citt\u00e0 Metropolitana di Firenze delegato alla Sanit\u00e0 e allo Sport ha raccontato: &#8220;<em>Ho iniziato a fare il <strong>medico sportivo alla Scuola di calcio Valcareggi nel 1990<\/strong>. Di quegli anni conservo bellissimi ricordi, come quello di Hamrin: un grande istruttore, sorridente e garbato, di una semplicit\u00e0 e cortesia infinite. Ho ancora una foto con Hamrin, Valcareggi e Costagliola, che esprime serenit\u00e0 e fiducia. A loro mi rivolgevo per avere consigli con grande rispetto e soggezione e ho sempre riscontrato grande disponibilit\u00e0 insieme a quella voglia di poter dare agli altri il proprio sapere&#8221;<\/em>. Per il consigliere: <em>&#8220;Si percepiva in Hamrin il desiderio di mettere a disposizione degli altri la propria esperienza. Hamrin \u00e8 stato un grande esempio di uomo dello sport&#8221;.<\/em><\/p>\n<h3>Rivedi l&#8217;intervista realizzata nel 2011 da Simona Bellocci<\/h3>\n<p><iframe loading=\"lazy\" title=\"YouTube video player\" src=\"https:\/\/www.youtube.com\/embed\/hujT32Vux1s?si=T6zhUa4-UGPNsc2U\" width=\"800\" height=\"500\" frameborder=\"0\" allowfullscreen=\"allowfullscreen\"><span data-mce-type=\"bookmark\" style=\"display: inline-block; width: 0px; overflow: hidden; line-height: 0;\" class=\"mce_SELRES_start\">\ufeff<\/span><\/iframe><\/p>\n","protected":false},"excerpt":{"rendered":"<p>L&#8217;ex attaccante svedese e goleador assoluto della Fiorentina \u00e8 scomparso a Firenze all&#8217;et\u00e0 di 89 anni. <a href=\"https:\/\/www.intoscana.it\/it\/dettaglio-video\/kurt-hamrin-luccellino-del-calcio-intervista-allo-storico-goleador-della-fiorentina\/\"><strong><span style=\"text-decoration: underline;\">La nostra video-intervista all'&#8221;uccellino&#8221; del calcio<\/span><\/strong><\/a><\/p>\n","protected":false},"author":525,"featured_media":325144,"comment_status":"open","ping_status":"open","sticky":false,"template":"","format":"standard","meta":{"_acf_changed":false,"footnotes":""},"categories":[4],"tags":[290,199,202],"class_list":["post-325143","post","type-post","status-publish","format-standard","has-post-thumbnail","hentry","category-storie","tag-calcio","tag-fiorentina","tag-firenze"],"acf":[],"yoast_head":"<!-- This site is optimized with the Yoast SEO Premium plugin v24.2 (Yoast SEO v25.6) - https:\/\/yoast.com\/wordpress\/plugins\/seo\/ -->\n<title>\u00c8 morto Kurt Hamrin goleador svedese della Fiorentina, Giani: &quot;Perdiamo una leggenda&quot; - intoscana<\/title>\n<meta name=\"description\" content=\"L&#039;ex attaccante svedese e goleador assoluto della Fiorentina \u00e8 scomparso domenica 4 febbraio a Firenze all&#039;et\u00e0 di 89 anni\" \/>\n<meta name=\"robots\" content=\"index, follow, max-snippet:-1, max-image-preview:large, max-video-preview:-1\" \/>\n<link rel=\"canonical\" href=\"https:\/\/www.intoscana.it\/it\/e-morto-kurt-hamrin-goleador-svedese-della-fiorentina-giani-perdiamo-una-leggenda\/\" \/>\n<meta property=\"og:locale\" content=\"it_IT\" \/>\n<meta property=\"og:type\" content=\"article\" \/>\n<meta property=\"og:title\" content=\"\u00c8 morto Kurt Hamrin goleador svedese della Fiorentina, Giani: &quot;Perdiamo una leggenda&quot;\" \/>\n<meta property=\"og:description\" content=\"L&#039;ex attaccante svedese e goleador assoluto della Fiorentina \u00e8 scomparso domenica 4 febbraio a Firenze all&#039;et\u00e0 di 89 anni\" \/>\n<meta property=\"og:url\" content=\"https:\/\/www.intoscana.it\/it\/e-morto-kurt-hamrin-goleador-svedese-della-fiorentina-giani-perdiamo-una-leggenda\/\" \/>\n<meta property=\"og:site_name\" content=\"intoscana\" \/>\n<meta property=\"article:publisher\" content=\"https:\/\/www.facebook.com\/intoscana.it\" \/>\n<meta property=\"article:published_time\" content=\"2024-02-05T08:27:44+00:00\" \/>\n<meta property=\"article:modified_time\" content=\"2024-02-05T14:41:27+00:00\" \/>\n<meta property=\"og:image\" content=\"https:\/\/www.intoscana.it\/wp-content\/uploads\/20240204_1707060637-136.jpeg\" \/>\n\t<meta property=\"og:image:width\" content=\"1000\" \/>\n\t<meta property=\"og:image:height\" content=\"800\" \/>\n\t<meta property=\"og:image:type\" content=\"image\/jpeg\" \/>\n<meta name=\"author\" content=\"Redazione\" \/>\n<meta name=\"twitter:card\" content=\"summary_large_image\" \/>\n<meta name=\"twitter:creator\" content=\"@intoscana\" \/>\n<meta name=\"twitter:site\" content=\"@intoscana\" \/>\n<meta name=\"twitter:label1\" content=\"Written by\" \/>\n\t<meta name=\"twitter:data1\" content=\"Redazione\" \/>\n\t<meta name=\"twitter:label2\" content=\"Est. reading time\" \/>\n\t<meta name=\"twitter:data2\" content=\"4 minuti\" \/>\n<script type=\"application\/ld+json\" class=\"yoast-schema-graph\">{\"@context\":\"https:\/\/schema.org\",\"@graph\":[{\"@type\":\"WebPage\",\"@id\":\"https:\/\/www.intoscana.it\/it\/e-morto-kurt-hamrin-goleador-svedese-della-fiorentina-giani-perdiamo-una-leggenda\/\",\"url\":\"https:\/\/www.intoscana.it\/it\/e-morto-kurt-hamrin-goleador-svedese-della-fiorentina-giani-perdiamo-una-leggenda\/\",\"name\":\"\u00c8 morto Kurt Hamrin goleador svedese della Fiorentina, Giani: \\\"Perdiamo una leggenda\\\" - intoscana\",\"isPartOf\":{\"@id\":\"https:\/\/www.intoscana.it\/it\/#website\"},\"primaryImageOfPage\":{\"@id\":\"https:\/\/www.intoscana.it\/it\/e-morto-kurt-hamrin-goleador-svedese-della-fiorentina-giani-perdiamo-una-leggenda\/#primaryimage\"},\"image\":{\"@id\":\"https:\/\/www.intoscana.it\/it\/e-morto-kurt-hamrin-goleador-svedese-della-fiorentina-giani-perdiamo-una-leggenda\/#primaryimage\"},\"thumbnailUrl\":\"https:\/\/www.intoscana.it\/wp-content\/uploads\/20240204_1707060637-136.jpeg\",\"datePublished\":\"2024-02-05T08:27:44+00:00\",\"dateModified\":\"2024-02-05T14:41:27+00:00\",\"author\":{\"@id\":\"https:\/\/www.intoscana.it\/it\/#\/schema\/person\/9223810753230f20bd670fdd322661f8\"},\"description\":\"L'ex attaccante svedese e goleador assoluto della Fiorentina \u00e8 scomparso domenica 4 febbraio a Firenze all'et\u00e0 di 89 anni\",\"breadcrumb\":{\"@id\":\"https:\/\/www.intoscana.it\/it\/e-morto-kurt-hamrin-goleador-svedese-della-fiorentina-giani-perdiamo-una-leggenda\/#breadcrumb\"},\"inLanguage\":\"it-IT\",\"potentialAction\":[{\"@type\":\"ReadAction\",\"target\":[\"https:\/\/www.intoscana.it\/it\/e-morto-kurt-hamrin-goleador-svedese-della-fiorentina-giani-perdiamo-una-leggenda\/\"]}]},{\"@type\":\"ImageObject\",\"inLanguage\":\"it-IT\",\"@id\":\"https:\/\/www.intoscana.it\/it\/e-morto-kurt-hamrin-goleador-svedese-della-fiorentina-giani-perdiamo-una-leggenda\/#primaryimage\",\"url\":\"https:\/\/www.intoscana.it\/wp-content\/uploads\/20240204_1707060637-136.jpeg\",\"contentUrl\":\"https:\/\/www.intoscana.it\/wp-content\/uploads\/20240204_1707060637-136.jpeg\",\"width\":1000,\"height\":800,\"caption\":\"Kurt Hamrin\"},{\"@type\":\"BreadcrumbList\",\"@id\":\"https:\/\/www.intoscana.it\/it\/e-morto-kurt-hamrin-goleador-svedese-della-fiorentina-giani-perdiamo-una-leggenda\/#breadcrumb\",\"itemListElement\":[{\"@type\":\"ListItem\",\"position\":1,\"name\":\"Home\",\"item\":\"https:\/\/www.intoscana.it\/it\/\"},{\"@type\":\"ListItem\",\"position\":2,\"name\":\"\u00c8 morto Kurt Hamrin goleador svedese della Fiorentina, Giani: &#8220;Perdiamo una leggenda&#8221;\"}]},{\"@type\":\"WebSite\",\"@id\":\"https:\/\/www.intoscana.it\/it\/#website\",\"url\":\"https:\/\/www.intoscana.it\/it\/\",\"name\":\"intoscana\",\"description\":\"\",\"potentialAction\":[{\"@type\":\"SearchAction\",\"target\":{\"@type\":\"EntryPoint\",\"urlTemplate\":\"https:\/\/www.intoscana.it\/it\/?s={search_term_string}\"},\"query-input\":{\"@type\":\"PropertyValueSpecification\",\"valueRequired\":true,\"valueName\":\"search_term_string\"}}],\"inLanguage\":\"it-IT\"},{\"@type\":\"Person\",\"@id\":\"https:\/\/www.intoscana.it\/it\/#\/schema\/person\/9223810753230f20bd670fdd322661f8\",\"name\":\"Redazione\",\"url\":\"https:\/\/www.intoscana.it\/it\/author\/redazione\/\"}]}<\/script>\n<!-- \/ Yoast SEO Premium plugin. -->","yoast_head_json":{"title":"\u00c8 morto Kurt Hamrin goleador svedese della Fiorentina, Giani: \"Perdiamo una leggenda\" - intoscana","description":"L'ex attaccante svedese e goleador assoluto della Fiorentina \u00e8 scomparso domenica 4 febbraio a Firenze all'et\u00e0 di 89 anni","robots":{"index":"index","follow":"follow","max-snippet":"max-snippet:-1","max-image-preview":"max-image-preview:large","max-video-preview":"max-video-preview:-1"},"canonical":"https:\/\/www.intoscana.it\/it\/e-morto-kurt-hamrin-goleador-svedese-della-fiorentina-giani-perdiamo-una-leggenda\/","og_locale":"it_IT","og_type":"article","og_title":"\u00c8 morto Kurt Hamrin goleador svedese della Fiorentina, Giani: \"Perdiamo una leggenda\"","og_description":"L'ex attaccante svedese e goleador assoluto della Fiorentina \u00e8 scomparso domenica 4 febbraio a Firenze all'et\u00e0 di 89 anni","og_url":"https:\/\/www.intoscana.it\/it\/e-morto-kurt-hamrin-goleador-svedese-della-fiorentina-giani-perdiamo-una-leggenda\/","og_site_name":"intoscana","article_publisher":"https:\/\/www.facebook.com\/intoscana.it","article_published_time":"2024-02-05T08:27:44+00:00","article_modified_time":"2024-02-05T14:41:27+00:00","og_image":[{"width":1000,"height":800,"url":"https:\/\/www.intoscana.it\/wp-content\/uploads\/20240204_1707060637-136.jpeg","type":"image\/jpeg"}],"author":"Redazione","twitter_card":"summary_large_image","twitter_creator":"@intoscana","twitter_site":"@intoscana","twitter_misc":{"Written by":"Redazione","Est. reading time":"4 minuti"},"schema":{"@context":"https:\/\/schema.org","@graph":[{"@type":"WebPage","@id":"https:\/\/www.intoscana.it\/it\/e-morto-kurt-hamrin-goleador-svedese-della-fiorentina-giani-perdiamo-una-leggenda\/","url":"https:\/\/www.intoscana.it\/it\/e-morto-kurt-hamrin-goleador-svedese-della-fiorentina-giani-perdiamo-una-leggenda\/","name":"\u00c8 morto Kurt Hamrin goleador svedese della Fiorentina, Giani: \"Perdiamo una leggenda\" - intoscana","isPartOf":{"@id":"https:\/\/www.intoscana.it\/it\/#website"},"primaryImageOfPage":{"@id":"https:\/\/www.intoscana.it\/it\/e-morto-kurt-hamrin-goleador-svedese-della-fiorentina-giani-perdiamo-una-leggenda\/#primaryimage"},"image":{"@id":"https:\/\/www.intoscana.it\/it\/e-morto-kurt-hamrin-goleador-svedese-della-fiorentina-giani-perdiamo-una-leggenda\/#primaryimage"},"thumbnailUrl":"https:\/\/www.intoscana.it\/wp-content\/uploads\/20240204_1707060637-136.jpeg","datePublished":"2024-02-05T08:27:44+00:00","dateModified":"2024-02-05T14:41:27+00:00","author":{"@id":"https:\/\/www.intoscana.it\/it\/#\/schema\/person\/9223810753230f20bd670fdd322661f8"},"description":"L'ex attaccante svedese e goleador assoluto della Fiorentina \u00e8 scomparso domenica 4 febbraio a Firenze all'et\u00e0 di 89 anni","breadcrumb":{"@id":"https:\/\/www.intoscana.it\/it\/e-morto-kurt-hamrin-goleador-svedese-della-fiorentina-giani-perdiamo-una-leggenda\/#breadcrumb"},"inLanguage":"it-IT","potentialAction":[{"@type":"ReadAction","target":["https:\/\/www.intoscana.it\/it\/e-morto-kurt-hamrin-goleador-svedese-della-fiorentina-giani-perdiamo-una-leggenda\/"]}]},{"@type":"ImageObject","inLanguage":"it-IT","@id":"https:\/\/www.intoscana.it\/it\/e-morto-kurt-hamrin-goleador-svedese-della-fiorentina-giani-perdiamo-una-leggenda\/#primaryimage","url":"https:\/\/www.intoscana.it\/wp-content\/uploads\/20240204_1707060637-136.jpeg","contentUrl":"https:\/\/www.intoscana.it\/wp-content\/uploads\/20240204_1707060637-136.jpeg","width":1000,"height":800,"caption":"Kurt Hamrin"},{"@type":"BreadcrumbList","@id":"https:\/\/www.intoscana.it\/it\/e-morto-kurt-hamrin-goleador-svedese-della-fiorentina-giani-perdiamo-una-leggenda\/#breadcrumb","itemListElement":[{"@type":"ListItem","position":1,"name":"Home","item":"https:\/\/www.intoscana.it\/it\/"},{"@type":"ListItem","position":2,"name":"\u00c8 morto Kurt Hamrin goleador svedese della Fiorentina, Giani: &#8220;Perdiamo una leggenda&#8221;"}]},{"@type":"WebSite","@id":"https:\/\/www.intoscana.it\/it\/#website","url":"https:\/\/www.intoscana.it\/it\/","name":"intoscana","description":"","potentialAction":[{"@type":"SearchAction","target":{"@type":"EntryPoint","urlTemplate":"https:\/\/www.intoscana.it\/it\/?s={search_term_string}"},"query-input":{"@type":"PropertyValueSpecification","valueRequired":true,"valueName":"search_term_string"}}],"inLanguage":"it-IT"},{"@type":"Person","@id":"https:\/\/www.intoscana.it\/it\/#\/schema\/person\/9223810753230f20bd670fdd322661f8","name":"Redazione","url":"https:\/\/www.intoscana.it\/it\/author\/redazione\/"}]}},"_links":{"self":[{"href":"https:\/\/www.intoscana.it\/it\/wp-json\/wp\/v2\/posts\/325143","targetHints":{"allow":["GET"]}}],"collection":[{"href":"https:\/\/www.intoscana.it\/it\/wp-json\/wp\/v2\/posts"}],"about":[{"href":"https:\/\/www.intoscana.it\/it\/wp-json\/wp\/v2\/types\/post"}],"author":[{"embeddable":true,"href":"https:\/\/www.intoscana.it\/it\/wp-json\/wp\/v2\/users\/525"}],"replies":[{"embeddable":true,"href":"https:\/\/www.intoscana.it\/it\/wp-json\/wp\/v2\/comments?post=325143"}],"version-history":[{"count":10,"href":"https:\/\/www.intoscana.it\/it\/wp-json\/wp\/v2\/posts\/325143\/revisions"}],"predecessor-version":[{"id":325358,"href":"https:\/\/www.intoscana.it\/it\/wp-json\/wp\/v2\/posts\/325143\/revisions\/325358"}],"wp:featuredmedia":[{"embeddable":true,"href":"https:\/\/www.intoscana.it\/it\/wp-json\/wp\/v2\/media\/325144"}],"wp:attachment":[{"href":"https:\/\/www.intoscana.it\/it\/wp-json\/wp\/v2\/media?parent=325143"}],"wp:term":[{"taxonomy":"category","embeddable":true,"href":"https:\/\/www.intoscana.it\/it\/wp-json\/wp\/v2\/categories?post=325143"},{"taxonomy":"post_tag","embeddable":true,"href":"https:\/\/www.intoscana.it\/it\/wp-json\/wp\/v2\/tags?post=325143"}],"curies":[{"name":"wp","href":"https:\/\/api.w.org\/{rel}","templated":true}]}}