{"id":325153,"date":"2024-02-05T09:46:21","date_gmt":"2024-02-05T08:46:21","guid":{"rendered":"https:\/\/www.intoscana.it\/it\/?p=325153"},"modified":"2024-02-05T13:08:12","modified_gmt":"2024-02-05T12:08:12","slug":"e-morto-a-firenze-antonio-paolucci-tra-i-massimi-esperti-italiani-di-storia-dellarte","status":"publish","type":"post","link":"https:\/\/www.intoscana.it\/it\/e-morto-a-firenze-antonio-paolucci-tra-i-massimi-esperti-italiani-di-storia-dellarte\/","title":{"rendered":"\u00c8 morto a Firenze Antonio Paolucci tra i massimi esperti italiani di storia dell&#8217;arte"},"content":{"rendered":"<p>\u00c8 morto a Firenze <strong>Antonio Paolucci, ex sovrintendente del polo museale Firenze,<\/strong> ex <strong>ministro per i Beni culturali<\/strong> durante il governo Dini e anche <strong>direttore dei Musei Vaticani<\/strong>.<\/p>\n<p>Tra i pi\u00f9 stimati storici ed esperti d&#8217;arte italiani, <strong>Paolucci era originario di Rimini,<\/strong> dove era nato il 19 settembre 1939:<strong> allievo di Roberto Longhi,<\/strong> era entrato nell&#8217;amministrazione dei beni culturali nel 1969.<\/p>\n<p>\u00c8 scomparso nel tardo pomeriggio di <strong>domenica 4 febbraio a Firenze<\/strong> dove viveva e dove si terranno i funerali, aveva iniziato la sua carriera vincendo il concorso come ispettore delle Belle arti all&#8217;interno della <strong>Soprintendenza ai beni artistici e storici di Firenze nel 1969<\/strong>. Nel corso della sua carriera \u00e8 stato anche<strong> soprintendente, a Venezia, Verona, Mantova<\/strong>, e direttore dell&#8217;<strong>Opificio delle Pietre dure a Firenze.<\/strong><\/p>\n<p>Nel 1988 \u00e8 stato nominato <strong>soprintendente ai beni artistici e storici di Firenze, Prato e Pistoia,<\/strong> ruolo che lo ha portato ad occuparsi, nel 1993, dei danni al patrimonio artistico provocati dall<strong>&#8216;attentato dei Georgofili alla Galleria degli Uffizi.<\/strong><\/p>\n<p>Dal 1955 al 1966 \u00e8 stato <strong>ministro per i beni culturali<\/strong> nel governo di Lamberto Dini. Con l&#8217;istituzione dei poli speciali, nel 2002 <strong>Paolucci viene nominato soprintendente del Polo museale fiorentino<\/strong> e nel 2004 diviene anche <strong>direttore regionale per i beni storici, artistici e paesaggistici della Toscana<\/strong>. Incarichi lasciati, per raggiunti limiti di et\u00e0, al compimento del suo 67esimo compleanno, nel 2006.<\/p>\n<p>Paolucci nel 1997,<strong> dopo il terremoto in Umbria e nelle Marche<\/strong>, fu anche nominato <strong>commissario straordinario per il restauro della basilica di San Francesco ad Assisi<\/strong> gravemente colpita dal sisma.<\/p>\n<h3>La &#8220;lezione&#8221; di Paolucci sull&#8217;altare argenteo del Duomo di Pistoia<\/h3>\n<p><iframe loading=\"lazy\" title=\"YouTube video player\" src=\"https:\/\/www.youtube.com\/embed\/9WhS41jLDtE?si=JvEzCbt4bGD97OgL\" width=\"800\" height=\"500\" frameborder=\"0\" allowfullscreen=\"allowfullscreen\"><\/iframe><\/p>\n<h3>Il cordoglio delle autorit\u00e0<\/h3>\n<p><strong>Il ministro della Cultura Gennaro Sangiuliano<\/strong> ha dichiarato: <em>&#8220;Con la scomparsa di <strong>Antonio Paolucci,<\/strong> l&#8217;Italia perde un uomo di cultura appassionato e rigoroso, un instancabile studioso che ha dedicato la sua vita alla tutela, alla promozione e alla valorizzazione del nostro patrimonio artistico e culturale. Alla famiglia e ai suoi cari le pi\u00f9 sentite condoglianze&#8221;.\u00a0<\/em><\/p>\n<p><strong>Il presidente della Regione Toscana Eugenio Giani<\/strong> ha scritto: <em>&#8220;Profondo cordoglio per la scomparsa di<strong> Antonio Paolucci,<\/strong> una figura di spicco nel mondo dell&#8217;arte e della cultura italiana. <strong>Firenze e l&#8217;Italia perdono un grande custode del suo patrimonio culturale<\/strong>. Le sue esperienze, tra cui la direzione dei Musei Vaticani e della Galleria degli Uffizi, Ministro dei Beni Culturali, rimarranno un segno indelebile nella storia. Le sue preziose contribuzioni rimarranno un faro per le generazioni future, sicuramente per me che ho avuto il piacere di condividerne l&#8217;amicizia. Le mie pi\u00f9 sentite condoglianze alla famiglia e agli amici. &#8220;<\/em><\/p>\n<p><em>&#8220;La scomparsa di <strong>Antonio Paolucci<\/strong> crea un grande vuoto nel mondo della cultura. Profondissimo conoscitore della storia dell&#8217;arte, museologo di fama mondiale, colpiva per la cristallina chiarezza del suo pensiero&#8221;<\/em> ha dichiarato<strong> Eike Schmidt, ex direttore delle Gallerie degli Uffizi<\/strong> di Firenze, ora alla guida del Museo e Real Bosco di Capodimonte a Napoli \u00a0<em>&#8220;Era questa la chiave della sua capacit\u00e0 di comunicare a tutti pensieri altissimi e concetti complessi, rendendoli accessibili &#8211; aggiunge Schmidt -. E della grande umanit\u00e0 con cui ha saputo guidare e ispirare i colleghi nel loro lavoro, me incluso. \u00c8 stato per me un onore poter sempre contare sui suoi consigli e sul suo esempio&#8221;.<\/em><\/p>\n<p><em>&#8220;Stanotte ci ha lasciato un uomo di Stato ed uno dei pi\u00f9 significativi studiosi italiani degli ultimi decenni, con doti di eloquio e scrittura impareggiabili e un naturale talento nel diffondere il sapere. Non solo: <strong>Antonio Paolucci<\/strong> possedeva la capacit\u00e0 di governare l&#8217;arte e il suo mondo, di soprintendere ai suoi delicatissimi equilibri. Da ministro e a capo dei Beni Culturali fiorentini \u00e8 stato la guida, per tanti anni, del sistema della tutela, dunque la sua scomparsa \u00e8 una perdita incolmabile. Le Gallerie degli Uffizi, che annoverano numerosi dipendenti cresciuti alla sua ombra, si stringono alla famiglia nel cordoglio. In suo onore<strong>, l&#8217;Auditorium del museo dove tante volte ha incantato le persone con le sue parole, porter\u00e0 il suo nome<\/strong>, mentre la sua eredit\u00e0 intellettuale sar\u00e0 di scientifica ispirazione&#8221;.<\/em> Cos\u00ec il nuovo <strong>direttore delle Gallerie degli Uffizi Simone Verde<\/strong> sulla scomparsa di Antonio Paolucci.<\/p>\n<p><em>&#8220;Sono profondamente addolorato per la scomparsa di <strong>Antonio Paolucci,<\/strong> studioso e storico di primissimo piano, uomo delle istituzioni, intellettuale raffinato. Firenze perde una delle sue figure pi\u00f9 autorevoli&#8221; <\/em>ha commentato il<strong> sindaco di Firenze Dario Nardella,<\/strong>\u00a0<em> &#8220;Paolucci nel ruolo di Ministro nel governo Dini ha dato lustro a Firenze e all&#8217;Italia. Ha guidato egregiamente il Polo museale fiorentino e da soprintendente ha fatto parte della giuria internazionale che ha assegnato a Isozaki il progetto di uscita degli Uffizi. Fino a quando \u00e8 stato possibile Paolucci non ha mai fatto mancare la sua voce, anche critica, sulle principali vicende culturali italiane. Una voce sempre riconoscibile, lucida, mai banale, che ora ci mancher\u00e0&#8221;. &#8220;Alla famiglia giungano le condoglianze dell&#8217;intera amministrazione e mie personali&#8221;.<\/em><\/p>\n<p><em>&#8220;Personalmente <strong>Antonio Paolucci<\/strong> <strong>\u00e8 stato il mio pi\u00f9 importante maestro,<\/strong> la figura che mi ha preceduto come soprintendente del Polo museale fiorentino dopo una carriera gi\u00e0 lunghissima nel mondo della storia dell&#8217;arte. Da ministro per i Beni culturali \u00e8 stato decisivo ed ha lasciato un&#8217;impronta profonda: ha introdotto una visione nuova e molto aggiornata della fruizione dei beni culturali ed ha sempre sostenuto l&#8217;importanza dell&#8217;idea del museo diffuso&#8221;.<\/em><strong> Cos\u00ec la storica dell&#8217;arte, Cristina Acidini, oggi presidente dell&#8217;Accademia delle arti del disegno di Firenze, ricorda Antonio Paolucci,<\/strong><em> &#8220;Era un grande appassionato di arte &#8211; ha aggiunto &#8211; dagli oggetti pi\u00f9 umili ai grandi capolavori. Ha svolto tutti i suoi ruoli con grande passione e immensa competenza&#8221;. <\/em><\/p>\n<p><strong>Acidini \u00e8 stata il successore di Paolucci alla guida del Polo museale fiorentino<\/strong> quando nel 2006 lui lasci\u00f2 l&#8217;incarico per raggiunti limiti di et\u00e0.<em> &#8220;Quando sono arrivata al polo fiorentino &#8211; racconta Acidini &#8211; ho trovato una strutturale gi\u00e0 pienamente operativa, fu introdotto un concetto molto funzionale perch\u00e9 l&#8217;unit\u00e0 del sistema museale consentiva un grande equilibrio, permetteva di governarlo come una grande famiglia. Paolucci ha sempre avuto una visione lucida ed efficace del patrimonio artistico e culturale&#8221;. Tra i suoi pi\u00f9 grandi risultati come ministro dei Beni Culturali del governo di Lamberto Dini , Acidini ricorda &#8220;quando riusc\u00ec a far acquisire l&#8217;eredit\u00e0 dell&#8217;antiquario Stefano Bardini che era in abbandono totale. Paolucci riusc\u00ec a sbloccare questa questione &#8211;<\/em><strong> ricorda Acidini<\/strong><em> &#8211; e fu un&#8217;acquisizione importantissima, fu una sua grande vittoria&#8221;.<\/em><\/p>\n","protected":false},"excerpt":{"rendered":"<p>Paolucci \u00e8 stato nella sua carriera sovrintendente del polo museale Firenze, ministro per i Beni culturali durante il governo Dini, direttore dei Musei Vaticani e dell&#8217;Opificio delle Pietre Dure a Firenze<\/p>\n","protected":false},"author":525,"featured_media":325155,"comment_status":"open","ping_status":"open","sticky":false,"template":"","format":"standard","meta":{"_acf_changed":false,"footnotes":""},"categories":[493],"tags":[174,202,215],"class_list":["post-325153","post","type-post","status-publish","format-standard","has-post-thumbnail","hentry","category-cultura","tag-arte","tag-firenze","tag-pistoia"],"acf":[],"yoast_head":"<!-- This site is optimized with the Yoast SEO Premium plugin v24.2 (Yoast SEO v25.6) - https:\/\/yoast.com\/wordpress\/plugins\/seo\/ -->\n<title>\u00c8 morto a Firenze Antonio Paolucci tra i massimi esperti italiani di storia dell&#039;arte - intoscana<\/title>\n<meta name=\"description\" content=\"Paolucci \u00e8 stato sovrintendente del polo museale Firenze, ministro per i Beni culturali, direttore dei Musei Vaticani e dell&#039;Opificio\" \/>\n<meta name=\"robots\" content=\"index, follow, max-snippet:-1, max-image-preview:large, max-video-preview:-1\" \/>\n<link rel=\"canonical\" href=\"https:\/\/www.intoscana.it\/it\/e-morto-a-firenze-antonio-paolucci-tra-i-massimi-esperti-italiani-di-storia-dellarte\/\" \/>\n<meta property=\"og:locale\" content=\"it_IT\" \/>\n<meta property=\"og:type\" content=\"article\" \/>\n<meta property=\"og:title\" content=\"\u00c8 morto a Firenze Antonio Paolucci tra i massimi esperti italiani di storia dell&#039;arte\" \/>\n<meta property=\"og:description\" content=\"Paolucci \u00e8 stato sovrintendente del polo museale Firenze, ministro per i Beni culturali, direttore dei Musei Vaticani e dell&#039;Opificio\" \/>\n<meta property=\"og:url\" content=\"https:\/\/www.intoscana.it\/it\/e-morto-a-firenze-antonio-paolucci-tra-i-massimi-esperti-italiani-di-storia-dellarte\/\" \/>\n<meta property=\"og:site_name\" content=\"intoscana\" \/>\n<meta property=\"article:publisher\" content=\"https:\/\/www.facebook.com\/intoscana.it\" \/>\n<meta property=\"article:published_time\" content=\"2024-02-05T08:46:21+00:00\" \/>\n<meta property=\"article:modified_time\" content=\"2024-02-05T12:08:12+00:00\" \/>\n<meta property=\"og:image\" content=\"https:\/\/www.intoscana.it\/wp-content\/uploads\/PAOLUCCI-1707119315362.jpg-morto_antonio_paolucci__tra_i_massimi_storici_dell_arte.jpg\" \/>\n\t<meta property=\"og:image:width\" content=\"1200\" \/>\n\t<meta property=\"og:image:height\" content=\"720\" \/>\n\t<meta property=\"og:image:type\" content=\"image\/jpeg\" \/>\n<meta name=\"author\" content=\"Redazione\" \/>\n<meta name=\"twitter:card\" content=\"summary_large_image\" \/>\n<meta name=\"twitter:creator\" content=\"@intoscana\" \/>\n<meta name=\"twitter:site\" content=\"@intoscana\" \/>\n<meta name=\"twitter:label1\" content=\"Written by\" \/>\n\t<meta name=\"twitter:data1\" content=\"Redazione\" \/>\n\t<meta name=\"twitter:label2\" content=\"Est. reading time\" \/>\n\t<meta name=\"twitter:data2\" content=\"6 minuti\" \/>\n<script type=\"application\/ld+json\" class=\"yoast-schema-graph\">{\"@context\":\"https:\/\/schema.org\",\"@graph\":[{\"@type\":\"WebPage\",\"@id\":\"https:\/\/www.intoscana.it\/it\/e-morto-a-firenze-antonio-paolucci-tra-i-massimi-esperti-italiani-di-storia-dellarte\/\",\"url\":\"https:\/\/www.intoscana.it\/it\/e-morto-a-firenze-antonio-paolucci-tra-i-massimi-esperti-italiani-di-storia-dellarte\/\",\"name\":\"\u00c8 morto a Firenze Antonio Paolucci tra i massimi esperti italiani di storia dell'arte - intoscana\",\"isPartOf\":{\"@id\":\"https:\/\/www.intoscana.it\/it\/#website\"},\"primaryImageOfPage\":{\"@id\":\"https:\/\/www.intoscana.it\/it\/e-morto-a-firenze-antonio-paolucci-tra-i-massimi-esperti-italiani-di-storia-dellarte\/#primaryimage\"},\"image\":{\"@id\":\"https:\/\/www.intoscana.it\/it\/e-morto-a-firenze-antonio-paolucci-tra-i-massimi-esperti-italiani-di-storia-dellarte\/#primaryimage\"},\"thumbnailUrl\":\"https:\/\/www.intoscana.it\/wp-content\/uploads\/PAOLUCCI-1707119315362.jpg-morto_antonio_paolucci__tra_i_massimi_storici_dell_arte.jpg\",\"datePublished\":\"2024-02-05T08:46:21+00:00\",\"dateModified\":\"2024-02-05T12:08:12+00:00\",\"author\":{\"@id\":\"https:\/\/www.intoscana.it\/it\/#\/schema\/person\/9223810753230f20bd670fdd322661f8\"},\"description\":\"Paolucci \u00e8 stato sovrintendente del polo museale Firenze, ministro per i Beni culturali, direttore dei Musei Vaticani e dell'Opificio\",\"breadcrumb\":{\"@id\":\"https:\/\/www.intoscana.it\/it\/e-morto-a-firenze-antonio-paolucci-tra-i-massimi-esperti-italiani-di-storia-dellarte\/#breadcrumb\"},\"inLanguage\":\"it-IT\",\"potentialAction\":[{\"@type\":\"ReadAction\",\"target\":[\"https:\/\/www.intoscana.it\/it\/e-morto-a-firenze-antonio-paolucci-tra-i-massimi-esperti-italiani-di-storia-dellarte\/\"]}]},{\"@type\":\"ImageObject\",\"inLanguage\":\"it-IT\",\"@id\":\"https:\/\/www.intoscana.it\/it\/e-morto-a-firenze-antonio-paolucci-tra-i-massimi-esperti-italiani-di-storia-dellarte\/#primaryimage\",\"url\":\"https:\/\/www.intoscana.it\/wp-content\/uploads\/PAOLUCCI-1707119315362.jpg-morto_antonio_paolucci__tra_i_massimi_storici_dell_arte.jpg\",\"contentUrl\":\"https:\/\/www.intoscana.it\/wp-content\/uploads\/PAOLUCCI-1707119315362.jpg-morto_antonio_paolucci__tra_i_massimi_storici_dell_arte.jpg\",\"width\":1200,\"height\":720,\"caption\":\"Antonio Paolucci\"},{\"@type\":\"BreadcrumbList\",\"@id\":\"https:\/\/www.intoscana.it\/it\/e-morto-a-firenze-antonio-paolucci-tra-i-massimi-esperti-italiani-di-storia-dellarte\/#breadcrumb\",\"itemListElement\":[{\"@type\":\"ListItem\",\"position\":1,\"name\":\"Home\",\"item\":\"https:\/\/www.intoscana.it\/it\/\"},{\"@type\":\"ListItem\",\"position\":2,\"name\":\"\u00c8 morto a Firenze Antonio Paolucci tra i massimi esperti italiani di storia dell&#8217;arte\"}]},{\"@type\":\"WebSite\",\"@id\":\"https:\/\/www.intoscana.it\/it\/#website\",\"url\":\"https:\/\/www.intoscana.it\/it\/\",\"name\":\"intoscana\",\"description\":\"\",\"potentialAction\":[{\"@type\":\"SearchAction\",\"target\":{\"@type\":\"EntryPoint\",\"urlTemplate\":\"https:\/\/www.intoscana.it\/it\/?s={search_term_string}\"},\"query-input\":{\"@type\":\"PropertyValueSpecification\",\"valueRequired\":true,\"valueName\":\"search_term_string\"}}],\"inLanguage\":\"it-IT\"},{\"@type\":\"Person\",\"@id\":\"https:\/\/www.intoscana.it\/it\/#\/schema\/person\/9223810753230f20bd670fdd322661f8\",\"name\":\"Redazione\",\"url\":\"https:\/\/www.intoscana.it\/it\/author\/redazione\/\"}]}<\/script>\n<!-- \/ Yoast SEO Premium plugin. -->","yoast_head_json":{"title":"\u00c8 morto a Firenze Antonio Paolucci tra i massimi esperti italiani di storia dell'arte - intoscana","description":"Paolucci \u00e8 stato sovrintendente del polo museale Firenze, ministro per i Beni culturali, direttore dei Musei Vaticani e dell'Opificio","robots":{"index":"index","follow":"follow","max-snippet":"max-snippet:-1","max-image-preview":"max-image-preview:large","max-video-preview":"max-video-preview:-1"},"canonical":"https:\/\/www.intoscana.it\/it\/e-morto-a-firenze-antonio-paolucci-tra-i-massimi-esperti-italiani-di-storia-dellarte\/","og_locale":"it_IT","og_type":"article","og_title":"\u00c8 morto a Firenze Antonio Paolucci tra i massimi esperti italiani di storia dell'arte","og_description":"Paolucci \u00e8 stato sovrintendente del polo museale Firenze, ministro per i Beni culturali, direttore dei Musei Vaticani e dell'Opificio","og_url":"https:\/\/www.intoscana.it\/it\/e-morto-a-firenze-antonio-paolucci-tra-i-massimi-esperti-italiani-di-storia-dellarte\/","og_site_name":"intoscana","article_publisher":"https:\/\/www.facebook.com\/intoscana.it","article_published_time":"2024-02-05T08:46:21+00:00","article_modified_time":"2024-02-05T12:08:12+00:00","og_image":[{"width":1200,"height":720,"url":"https:\/\/www.intoscana.it\/wp-content\/uploads\/PAOLUCCI-1707119315362.jpg-morto_antonio_paolucci__tra_i_massimi_storici_dell_arte.jpg","type":"image\/jpeg"}],"author":"Redazione","twitter_card":"summary_large_image","twitter_creator":"@intoscana","twitter_site":"@intoscana","twitter_misc":{"Written by":"Redazione","Est. reading time":"6 minuti"},"schema":{"@context":"https:\/\/schema.org","@graph":[{"@type":"WebPage","@id":"https:\/\/www.intoscana.it\/it\/e-morto-a-firenze-antonio-paolucci-tra-i-massimi-esperti-italiani-di-storia-dellarte\/","url":"https:\/\/www.intoscana.it\/it\/e-morto-a-firenze-antonio-paolucci-tra-i-massimi-esperti-italiani-di-storia-dellarte\/","name":"\u00c8 morto a Firenze Antonio Paolucci tra i massimi esperti italiani di storia dell'arte - intoscana","isPartOf":{"@id":"https:\/\/www.intoscana.it\/it\/#website"},"primaryImageOfPage":{"@id":"https:\/\/www.intoscana.it\/it\/e-morto-a-firenze-antonio-paolucci-tra-i-massimi-esperti-italiani-di-storia-dellarte\/#primaryimage"},"image":{"@id":"https:\/\/www.intoscana.it\/it\/e-morto-a-firenze-antonio-paolucci-tra-i-massimi-esperti-italiani-di-storia-dellarte\/#primaryimage"},"thumbnailUrl":"https:\/\/www.intoscana.it\/wp-content\/uploads\/PAOLUCCI-1707119315362.jpg-morto_antonio_paolucci__tra_i_massimi_storici_dell_arte.jpg","datePublished":"2024-02-05T08:46:21+00:00","dateModified":"2024-02-05T12:08:12+00:00","author":{"@id":"https:\/\/www.intoscana.it\/it\/#\/schema\/person\/9223810753230f20bd670fdd322661f8"},"description":"Paolucci \u00e8 stato sovrintendente del polo museale Firenze, ministro per i Beni culturali, direttore dei Musei Vaticani e dell'Opificio","breadcrumb":{"@id":"https:\/\/www.intoscana.it\/it\/e-morto-a-firenze-antonio-paolucci-tra-i-massimi-esperti-italiani-di-storia-dellarte\/#breadcrumb"},"inLanguage":"it-IT","potentialAction":[{"@type":"ReadAction","target":["https:\/\/www.intoscana.it\/it\/e-morto-a-firenze-antonio-paolucci-tra-i-massimi-esperti-italiani-di-storia-dellarte\/"]}]},{"@type":"ImageObject","inLanguage":"it-IT","@id":"https:\/\/www.intoscana.it\/it\/e-morto-a-firenze-antonio-paolucci-tra-i-massimi-esperti-italiani-di-storia-dellarte\/#primaryimage","url":"https:\/\/www.intoscana.it\/wp-content\/uploads\/PAOLUCCI-1707119315362.jpg-morto_antonio_paolucci__tra_i_massimi_storici_dell_arte.jpg","contentUrl":"https:\/\/www.intoscana.it\/wp-content\/uploads\/PAOLUCCI-1707119315362.jpg-morto_antonio_paolucci__tra_i_massimi_storici_dell_arte.jpg","width":1200,"height":720,"caption":"Antonio Paolucci"},{"@type":"BreadcrumbList","@id":"https:\/\/www.intoscana.it\/it\/e-morto-a-firenze-antonio-paolucci-tra-i-massimi-esperti-italiani-di-storia-dellarte\/#breadcrumb","itemListElement":[{"@type":"ListItem","position":1,"name":"Home","item":"https:\/\/www.intoscana.it\/it\/"},{"@type":"ListItem","position":2,"name":"\u00c8 morto a Firenze Antonio Paolucci tra i massimi esperti italiani di storia dell&#8217;arte"}]},{"@type":"WebSite","@id":"https:\/\/www.intoscana.it\/it\/#website","url":"https:\/\/www.intoscana.it\/it\/","name":"intoscana","description":"","potentialAction":[{"@type":"SearchAction","target":{"@type":"EntryPoint","urlTemplate":"https:\/\/www.intoscana.it\/it\/?s={search_term_string}"},"query-input":{"@type":"PropertyValueSpecification","valueRequired":true,"valueName":"search_term_string"}}],"inLanguage":"it-IT"},{"@type":"Person","@id":"https:\/\/www.intoscana.it\/it\/#\/schema\/person\/9223810753230f20bd670fdd322661f8","name":"Redazione","url":"https:\/\/www.intoscana.it\/it\/author\/redazione\/"}]}},"_links":{"self":[{"href":"https:\/\/www.intoscana.it\/it\/wp-json\/wp\/v2\/posts\/325153","targetHints":{"allow":["GET"]}}],"collection":[{"href":"https:\/\/www.intoscana.it\/it\/wp-json\/wp\/v2\/posts"}],"about":[{"href":"https:\/\/www.intoscana.it\/it\/wp-json\/wp\/v2\/types\/post"}],"author":[{"embeddable":true,"href":"https:\/\/www.intoscana.it\/it\/wp-json\/wp\/v2\/users\/525"}],"replies":[{"embeddable":true,"href":"https:\/\/www.intoscana.it\/it\/wp-json\/wp\/v2\/comments?post=325153"}],"version-history":[{"count":9,"href":"https:\/\/www.intoscana.it\/it\/wp-json\/wp\/v2\/posts\/325153\/revisions"}],"predecessor-version":[{"id":325212,"href":"https:\/\/www.intoscana.it\/it\/wp-json\/wp\/v2\/posts\/325153\/revisions\/325212"}],"wp:featuredmedia":[{"embeddable":true,"href":"https:\/\/www.intoscana.it\/it\/wp-json\/wp\/v2\/media\/325155"}],"wp:attachment":[{"href":"https:\/\/www.intoscana.it\/it\/wp-json\/wp\/v2\/media?parent=325153"}],"wp:term":[{"taxonomy":"category","embeddable":true,"href":"https:\/\/www.intoscana.it\/it\/wp-json\/wp\/v2\/categories?post=325153"},{"taxonomy":"post_tag","embeddable":true,"href":"https:\/\/www.intoscana.it\/it\/wp-json\/wp\/v2\/tags?post=325153"}],"curies":[{"name":"wp","href":"https:\/\/api.w.org\/{rel}","templated":true}]}}