{"id":325210,"date":"2024-02-05T12:07:05","date_gmt":"2024-02-05T11:07:05","guid":{"rendered":"https:\/\/www.intoscana.it\/it\/?p=325210"},"modified":"2024-02-05T12:10:55","modified_gmt":"2024-02-05T11:10:55","slug":"sammontana-forno-d-asolo-fusione","status":"publish","type":"post","link":"https:\/\/www.intoscana.it\/it\/sammontana-forno-d-asolo-fusione\/","title":{"rendered":"Sammontana e Forno d&#8217;Asolo si uniscono: nasce un polo dolciario da 1 miliardo di euro"},"content":{"rendered":"<p>Un polo dolciario da quasi un <strong>miliardo di euro di fatturato<\/strong>, con stabilimenti produttivi in Italia, negli Stati Uniti e in Francia, e oltre <strong>2.500 dipendenti<\/strong>, nasce oggi dalla <mark>fusione tra Sammontana, la storica azienda di gelato di Empoli, e Forno d&#8217;Asolo,<\/mark> gruppo veneto di prodotti dolci da forno.<\/p>\n<h3>La famiglia Bagnoli alla guida del nuovo gruppo che guarda all&#8217;estero<\/h3>\n<p>La famiglia Bagnoli, alla guida d<strong>i Sammontana da due generazioni<\/strong>, Frozen Investments Srl, societ\u00e0 di investimento di Investindustrial VIII, gestita in modo indipendente, e il senior management deterranno il 100% del nuovo gruppo, con il controllo operativo che resta nelle mani della famiglia e Investindustrial che guider\u00e0 l&#8217;<strong>espansione internazionale.<\/strong><\/p>\n<p>Sar\u00e0 infatti una partnership che guarda ai <strong>mercati esteri,<\/strong> dove la storica esperienza della famiglia Bagnoli nel settore del gelato e della pasticceria surgelata si unir\u00e0 con il potenziale di crescita di Forno d&#8217;Asolo e la capacit\u00e0 di Investindustrial di globalizzare con successo aziende manifatturiere italiane di alta qualit\u00e0. Il nuovo gruppo si muover\u00e0 su pi\u00f9 fronti, essendo partner di rilievo per i principali bar, ristoranti, hotel, rivenditori alimentari e aziende di catering per i prodotti surgelati di <strong>pasticceria, dessert e gelato.<\/strong><\/p>\n<div class=\"focuson\"><a href=\"https:\/\/www.intoscana.it\/it\/dettaglio-video\/la-storia-del-gelato-parla-toscano-visita-alla-sammontana-il-presidente-giani-fiore-allocchiello-della-toscana\/\"><img decoding=\"async\" class=\"lazy\" src=\"https:\/\/www.intoscana.it\/wp-content\/uploads\/a2f15fea60529d00075919199ddd3943.jpg\" style=\"\">\n                <div class=\"cat\">Alla scoperta di Sammontana a Empoli<\/div>\n                <h4>L'azienda leader nell'industria del gelato<\/h4><\/a>\n              <\/div>\n<p>Leonardo Bagnoli, Ceo di Sammontana, sar\u00e0 nominato presidente, mentre Alessandro Angelon, Ceo di Forno d&#8217;Asolo, diventer\u00e0 Ceo del nuovo gruppo. Marco Bagnoli diventer\u00e0 presidente di Sammontana Spa.<br \/>\n<em>&#8220;Siamo estremamente lieti di aver trovato un partner come Investindustrial con una visione industriale condivisa e un comprovato track record di investimenti di successo in imprese familiari<\/em> &#8211; spiega il neopresidente del gruppo, <strong>Leonardo Bagnoli<\/strong> &#8211; <em>Investindustrial ha dimostrato chiaramente la sua capacit\u00e0 di <\/em><mark><em>far crescere aziende con sede in Italia a livello internazionale e in modo sostenibile, mantenendo rispetto per la loro cultura e tradizione<\/em>.<\/mark> <em>Non vediamo l&#8217;ora che ripetano questo successo in partnership con noi&#8221;.<\/em><\/p>\n<p><em>&#8220;Sia Sammontana che Forno d&#8217;Asolo sono aziende di grande successo con management eccellenti e un buon track record in materia di sostenibilit\u00e0<\/em> &#8211; aggiunge Andrea Bonomi, presidente<br \/>\ndell&#8217;Industrial Advisory Board di Investindustrial &#8211;<em> entrambe le societ\u00e0 hanno una solida piattaforma grazie alla quale la famiglia Bagnoli e Investindustrial potranno perseguire una strategia di buy and build per internazionalizzare ulteriormente il gruppo risultante dalla loro unione, specialmente nel <strong>mercato statunitense<\/strong>&#8220;.<\/em><\/p>\n<h3>Sammontana: l&#8217;eccellenza toscana del gelato italiano<\/h3>\n<p>Un&#8217;operazione importante per Sammontana, l&#8217;azienda fondata a <strong>Empoli nel 1946<\/strong> che \u00e8 un centro di eccellenza per l&#8217;industria della pasticceria surgelata e ha fatto la storia del gelato italiano. <mark>Oggi \u00e8 un&#8217;impresa chevale 500 milioni di fatturato all&#8217;anno e conta oltre mille dipendenti, con tre siti produttivi in tutta Italia <\/mark>e un polo logistico d&#8217;avanguardia a Montelupo, in provincia di Firenze, e naturalmente la sede a Empoli.<br \/>\nL&#8217;azienda include marchi come il <strong>gelato Sammontana<\/strong>, la pasticceria surgelata <strong>Tre Marie, <\/strong><span class=\"text--highlight-orange\">Il Pasticcere, Mongelo e Bon Chef,<\/span> che vengono principalmente venduti a hotel, ristoranti, bar, societ\u00e0 di catering, supermercati e gelaterie.<\/p>\n<p><strong>Forno d&#8217;Asolo<\/strong> invece, fondato nel 1985 a Treviso, \u00e8 un produttore e distributore di prodotti surgelati di alta qualit\u00e0, tra cui pasticceria dolciaria e salata da forno. L&#8217;azienda vende i suoi prodotti, tra cui i noti marchi Forno d&#8217;Asolo e Bindi, principalmente a bar, ristoranti, hotel e societ\u00e0 di catering, con oltre<strong> 70mila clienti in 40 paesi<\/strong> in tutto il mondo.<em><br \/>\n&#8220;Siamo entusiasti di collaborare con la famiglia Bagnoli e Investindustrial<\/em> &#8211; commenta <strong>Alessandro Angelon, ceo di Forno d&#8217;Asolo<\/strong> &#8211;<em> insieme abbiamo individuato il significativo potenziale di crescita del nuovo gruppo, dato sia dai marchi e dai prodotti altamente riconoscibili di Sammontana e Forno d&#8217;Asolo, sia dall&#8217;opportunit\u00e0 di espansione geografica&#8221;.<\/em><\/p>\n","protected":false},"excerpt":{"rendered":"<p>Al via la partnership per fusione tra lo storico marchio di gelati (e non solo) di Empoli, guidato dalla famiglia Bagnoli, e il gruppo veneto di prodotti dolci da forno<\/p>\n","protected":false},"author":502,"featured_media":188984,"comment_status":"open","ping_status":"open","sticky":false,"template":"","format":"standard","meta":{"_acf_changed":false,"footnotes":""},"categories":[9],"tags":[194,211,6178],"class_list":["post-325210","post","type-post","status-publish","format-standard","has-post-thumbnail","hentry","category-made-in-toscana","tag-aziende","tag-economia","tag-sammontana"],"acf":[],"yoast_head":"<!-- This site is optimized with the Yoast SEO Premium plugin v24.2 (Yoast SEO v25.6) - https:\/\/yoast.com\/wordpress\/plugins\/seo\/ -->\n<title>Sammontana e Forno d&#039;Asolo si uniscono: nasce un polo dolciario da 1 miliardo di euro - intoscana<\/title>\n<meta name=\"robots\" content=\"index, follow, max-snippet:-1, max-image-preview:large, max-video-preview:-1\" \/>\n<link rel=\"canonical\" href=\"https:\/\/www.intoscana.it\/it\/sammontana-forno-d-asolo-fusione\/\" \/>\n<meta property=\"og:locale\" content=\"it_IT\" \/>\n<meta property=\"og:type\" content=\"article\" \/>\n<meta property=\"og:title\" content=\"Sammontana e Forno d&#039;Asolo si uniscono: nasce un polo dolciario da 1 miliardo di euro\" \/>\n<meta property=\"og:description\" content=\"Al via la partnership per fusione tra lo storico marchio di gelati (e non solo) di Empoli, guidato dalla famiglia Bagnoli, e il gruppo veneto di prodotti dolci da forno\" \/>\n<meta property=\"og:url\" content=\"https:\/\/www.intoscana.it\/it\/sammontana-forno-d-asolo-fusione\/\" \/>\n<meta property=\"og:site_name\" content=\"intoscana\" \/>\n<meta property=\"article:publisher\" content=\"https:\/\/www.facebook.com\/intoscana.it\" \/>\n<meta property=\"article:published_time\" content=\"2024-02-05T11:07:05+00:00\" \/>\n<meta property=\"article:modified_time\" content=\"2024-02-05T11:10:55+00:00\" \/>\n<meta property=\"og:image\" content=\"https:\/\/www.intoscana.it\/wp-content\/uploads\/Gelato-Sammontana.jpeg\" \/>\n\t<meta property=\"og:image:width\" content=\"1772\" \/>\n\t<meta property=\"og:image:height\" content=\"1772\" \/>\n\t<meta property=\"og:image:type\" content=\"image\/jpeg\" \/>\n<meta name=\"author\" content=\"Ilaria Giannini\" \/>\n<meta name=\"twitter:card\" content=\"summary_large_image\" \/>\n<meta name=\"twitter:creator\" content=\"@i.giannini@fst.it\" \/>\n<meta name=\"twitter:site\" content=\"@intoscana\" \/>\n<meta name=\"twitter:label1\" content=\"Written by\" \/>\n\t<meta name=\"twitter:data1\" content=\"Ilaria Giannini\" \/>\n\t<meta name=\"twitter:label2\" content=\"Est. reading time\" \/>\n\t<meta name=\"twitter:data2\" content=\"4 minuti\" \/>\n<script type=\"application\/ld+json\" class=\"yoast-schema-graph\">{\"@context\":\"https:\/\/schema.org\",\"@graph\":[{\"@type\":\"WebPage\",\"@id\":\"https:\/\/www.intoscana.it\/it\/sammontana-forno-d-asolo-fusione\/\",\"url\":\"https:\/\/www.intoscana.it\/it\/sammontana-forno-d-asolo-fusione\/\",\"name\":\"Sammontana e Forno d'Asolo si uniscono: nasce un polo dolciario da 1 miliardo di euro - intoscana\",\"isPartOf\":{\"@id\":\"https:\/\/www.intoscana.it\/it\/#website\"},\"primaryImageOfPage\":{\"@id\":\"https:\/\/www.intoscana.it\/it\/sammontana-forno-d-asolo-fusione\/#primaryimage\"},\"image\":{\"@id\":\"https:\/\/www.intoscana.it\/it\/sammontana-forno-d-asolo-fusione\/#primaryimage\"},\"thumbnailUrl\":\"https:\/\/www.intoscana.it\/wp-content\/uploads\/Gelato-Sammontana.jpeg\",\"datePublished\":\"2024-02-05T11:07:05+00:00\",\"dateModified\":\"2024-02-05T11:10:55+00:00\",\"author\":{\"@id\":\"https:\/\/www.intoscana.it\/it\/#\/schema\/person\/de95e1ed2c1c8c30a6922bbba3a90185\"},\"breadcrumb\":{\"@id\":\"https:\/\/www.intoscana.it\/it\/sammontana-forno-d-asolo-fusione\/#breadcrumb\"},\"inLanguage\":\"it-IT\",\"potentialAction\":[{\"@type\":\"ReadAction\",\"target\":[\"https:\/\/www.intoscana.it\/it\/sammontana-forno-d-asolo-fusione\/\"]}]},{\"@type\":\"ImageObject\",\"inLanguage\":\"it-IT\",\"@id\":\"https:\/\/www.intoscana.it\/it\/sammontana-forno-d-asolo-fusione\/#primaryimage\",\"url\":\"https:\/\/www.intoscana.it\/wp-content\/uploads\/Gelato-Sammontana.jpeg\",\"contentUrl\":\"https:\/\/www.intoscana.it\/wp-content\/uploads\/Gelato-Sammontana.jpeg\",\"width\":1772,\"height\":1772,\"caption\":\"Gelato Sammontana\"},{\"@type\":\"BreadcrumbList\",\"@id\":\"https:\/\/www.intoscana.it\/it\/sammontana-forno-d-asolo-fusione\/#breadcrumb\",\"itemListElement\":[{\"@type\":\"ListItem\",\"position\":1,\"name\":\"Home\",\"item\":\"https:\/\/www.intoscana.it\/it\/\"},{\"@type\":\"ListItem\",\"position\":2,\"name\":\"Sammontana e Forno d&#8217;Asolo si uniscono: nasce un polo dolciario da 1 miliardo di euro\"}]},{\"@type\":\"WebSite\",\"@id\":\"https:\/\/www.intoscana.it\/it\/#website\",\"url\":\"https:\/\/www.intoscana.it\/it\/\",\"name\":\"intoscana\",\"description\":\"\",\"potentialAction\":[{\"@type\":\"SearchAction\",\"target\":{\"@type\":\"EntryPoint\",\"urlTemplate\":\"https:\/\/www.intoscana.it\/it\/?s={search_term_string}\"},\"query-input\":{\"@type\":\"PropertyValueSpecification\",\"valueRequired\":true,\"valueName\":\"search_term_string\"}}],\"inLanguage\":\"it-IT\"},{\"@type\":\"Person\",\"@id\":\"https:\/\/www.intoscana.it\/it\/#\/schema\/person\/de95e1ed2c1c8c30a6922bbba3a90185\",\"name\":\"Ilaria Giannini\",\"sameAs\":[\"https:\/\/x.com\/i.giannini@fst.it\"],\"url\":\"https:\/\/www.intoscana.it\/it\/author\/ilaria-giannini\/\"}]}<\/script>\n<!-- \/ Yoast SEO Premium plugin. -->","yoast_head_json":{"title":"Sammontana e Forno d'Asolo si uniscono: nasce un polo dolciario da 1 miliardo di euro - intoscana","robots":{"index":"index","follow":"follow","max-snippet":"max-snippet:-1","max-image-preview":"max-image-preview:large","max-video-preview":"max-video-preview:-1"},"canonical":"https:\/\/www.intoscana.it\/it\/sammontana-forno-d-asolo-fusione\/","og_locale":"it_IT","og_type":"article","og_title":"Sammontana e Forno d'Asolo si uniscono: nasce un polo dolciario da 1 miliardo di euro","og_description":"Al via la partnership per fusione tra lo storico marchio di gelati (e non solo) di Empoli, guidato dalla famiglia Bagnoli, e il gruppo veneto di prodotti dolci da forno","og_url":"https:\/\/www.intoscana.it\/it\/sammontana-forno-d-asolo-fusione\/","og_site_name":"intoscana","article_publisher":"https:\/\/www.facebook.com\/intoscana.it","article_published_time":"2024-02-05T11:07:05+00:00","article_modified_time":"2024-02-05T11:10:55+00:00","og_image":[{"width":1772,"height":1772,"url":"https:\/\/www.intoscana.it\/wp-content\/uploads\/Gelato-Sammontana.jpeg","type":"image\/jpeg"}],"author":"Ilaria Giannini","twitter_card":"summary_large_image","twitter_creator":"@i.giannini@fst.it","twitter_site":"@intoscana","twitter_misc":{"Written by":"Ilaria Giannini","Est. reading time":"4 minuti"},"schema":{"@context":"https:\/\/schema.org","@graph":[{"@type":"WebPage","@id":"https:\/\/www.intoscana.it\/it\/sammontana-forno-d-asolo-fusione\/","url":"https:\/\/www.intoscana.it\/it\/sammontana-forno-d-asolo-fusione\/","name":"Sammontana e Forno d'Asolo si uniscono: nasce un polo dolciario da 1 miliardo di euro - intoscana","isPartOf":{"@id":"https:\/\/www.intoscana.it\/it\/#website"},"primaryImageOfPage":{"@id":"https:\/\/www.intoscana.it\/it\/sammontana-forno-d-asolo-fusione\/#primaryimage"},"image":{"@id":"https:\/\/www.intoscana.it\/it\/sammontana-forno-d-asolo-fusione\/#primaryimage"},"thumbnailUrl":"https:\/\/www.intoscana.it\/wp-content\/uploads\/Gelato-Sammontana.jpeg","datePublished":"2024-02-05T11:07:05+00:00","dateModified":"2024-02-05T11:10:55+00:00","author":{"@id":"https:\/\/www.intoscana.it\/it\/#\/schema\/person\/de95e1ed2c1c8c30a6922bbba3a90185"},"breadcrumb":{"@id":"https:\/\/www.intoscana.it\/it\/sammontana-forno-d-asolo-fusione\/#breadcrumb"},"inLanguage":"it-IT","potentialAction":[{"@type":"ReadAction","target":["https:\/\/www.intoscana.it\/it\/sammontana-forno-d-asolo-fusione\/"]}]},{"@type":"ImageObject","inLanguage":"it-IT","@id":"https:\/\/www.intoscana.it\/it\/sammontana-forno-d-asolo-fusione\/#primaryimage","url":"https:\/\/www.intoscana.it\/wp-content\/uploads\/Gelato-Sammontana.jpeg","contentUrl":"https:\/\/www.intoscana.it\/wp-content\/uploads\/Gelato-Sammontana.jpeg","width":1772,"height":1772,"caption":"Gelato Sammontana"},{"@type":"BreadcrumbList","@id":"https:\/\/www.intoscana.it\/it\/sammontana-forno-d-asolo-fusione\/#breadcrumb","itemListElement":[{"@type":"ListItem","position":1,"name":"Home","item":"https:\/\/www.intoscana.it\/it\/"},{"@type":"ListItem","position":2,"name":"Sammontana e Forno d&#8217;Asolo si uniscono: nasce un polo dolciario da 1 miliardo di euro"}]},{"@type":"WebSite","@id":"https:\/\/www.intoscana.it\/it\/#website","url":"https:\/\/www.intoscana.it\/it\/","name":"intoscana","description":"","potentialAction":[{"@type":"SearchAction","target":{"@type":"EntryPoint","urlTemplate":"https:\/\/www.intoscana.it\/it\/?s={search_term_string}"},"query-input":{"@type":"PropertyValueSpecification","valueRequired":true,"valueName":"search_term_string"}}],"inLanguage":"it-IT"},{"@type":"Person","@id":"https:\/\/www.intoscana.it\/it\/#\/schema\/person\/de95e1ed2c1c8c30a6922bbba3a90185","name":"Ilaria Giannini","sameAs":["https:\/\/x.com\/i.giannini@fst.it"],"url":"https:\/\/www.intoscana.it\/it\/author\/ilaria-giannini\/"}]}},"_links":{"self":[{"href":"https:\/\/www.intoscana.it\/it\/wp-json\/wp\/v2\/posts\/325210","targetHints":{"allow":["GET"]}}],"collection":[{"href":"https:\/\/www.intoscana.it\/it\/wp-json\/wp\/v2\/posts"}],"about":[{"href":"https:\/\/www.intoscana.it\/it\/wp-json\/wp\/v2\/types\/post"}],"author":[{"embeddable":true,"href":"https:\/\/www.intoscana.it\/it\/wp-json\/wp\/v2\/users\/502"}],"replies":[{"embeddable":true,"href":"https:\/\/www.intoscana.it\/it\/wp-json\/wp\/v2\/comments?post=325210"}],"version-history":[{"count":15,"href":"https:\/\/www.intoscana.it\/it\/wp-json\/wp\/v2\/posts\/325210\/revisions"}],"predecessor-version":[{"id":325250,"href":"https:\/\/www.intoscana.it\/it\/wp-json\/wp\/v2\/posts\/325210\/revisions\/325250"}],"wp:featuredmedia":[{"embeddable":true,"href":"https:\/\/www.intoscana.it\/it\/wp-json\/wp\/v2\/media\/188984"}],"wp:attachment":[{"href":"https:\/\/www.intoscana.it\/it\/wp-json\/wp\/v2\/media?parent=325210"}],"wp:term":[{"taxonomy":"category","embeddable":true,"href":"https:\/\/www.intoscana.it\/it\/wp-json\/wp\/v2\/categories?post=325210"},{"taxonomy":"post_tag","embeddable":true,"href":"https:\/\/www.intoscana.it\/it\/wp-json\/wp\/v2\/tags?post=325210"}],"curies":[{"name":"wp","href":"https:\/\/api.w.org\/{rel}","templated":true}]}}