{"id":325316,"date":"2024-02-05T14:58:53","date_gmt":"2024-02-05T13:58:53","guid":{"rendered":"https:\/\/www.intoscana.it\/it\/?p=325316"},"modified":"2025-07-25T12:59:28","modified_gmt":"2025-07-25T10:59:28","slug":"fa-tappa-a-porcari-giovanisi-in-tour-lassessore-baccelli-incontra-gli-studenti-del-benedetti","status":"publish","type":"post","link":"https:\/\/www.intoscana.it\/it\/fa-tappa-a-porcari-giovanisi-in-tour-lassessore-baccelli-incontra-gli-studenti-del-benedetti\/","title":{"rendered":"Fa tappa a Porcari &#8220;Giovanis\u00ec in Tour&#8221;, l&#8217;assessore Baccelli incontra gli studenti del \u201cBenedetti\u201d"},"content":{"rendered":"<p>Il viaggio di <strong>Giovanis\u00ec in tour<\/strong> ha fatto tappa luned\u00ec 5 febbraio all\u2019<strong>Istituto tecnico economico e tecnologico chimico \u201cBenedetti\u201d di Porcari<\/strong> (Lu). Assieme al camper del progetto regionale per l\u2019autonomia dei giovani, c\u2019era <strong>l&#8217;assessore alle infrastrutture e ai trasporti Stefano Baccelli.<\/strong><\/p>\n<p>\u00c8 stata una mattina di confronto con<strong> oltre 200 ragazze e ragazzi delle classi seconde, terze, quarte e quinte<\/strong> dell\u2019istituto. Al centro degli incontri, come avviene in ogni tappa del tour, tutte le opportunit\u00e0 che la Regione offre ai giovani toscani per il loro futuro attraverso<strong> Giovanis\u00ec,<\/strong> dallo<strong> studio, al lavoro, alla formazione,<\/strong> fino alla promozione della<strong> cittadinanza attiva.<\/strong><\/p>\n<p>La tappa \u00e8 stata anche l\u2019occasione per parlare del<strong> contributo dei pi\u00f9 giovani sulla rigenerazione urbana delle citt\u00e0<\/strong> e dei territori. L\u2019assessore Baccelli si \u00e8 infatti soffermato anche su <strong><em>\u201cRigenerazione Urbana: percorsi partecipativi in 19 Comuni toscani\u201d,<\/em> <\/strong>progetto di coinvolgimento partecipativo della cittadinanza, finanziato con circa 650.000 euro dell&#8217;FSE+ e inserito nel progetto <strong>Giovanis\u00ec,<\/strong> nell&#8217;ambito del quale sono stati realizzati <strong>oltre 90 incontri partecipativi conclusi a gennaio 2024.<\/strong><\/p>\n<p><em>\u201cE&#8217; stato un confronto molto costruttivo e stimolante&#8221;, <\/em><strong>ha detto al termine della tappa l\u2019assessore Baccelli, sottolineando inoltre che:<\/strong><em> \u201cFar conoscere ai ragazzi le opportunit\u00e0 che hanno a disposizione e come la Regione li supporta nel loro percorso verso l&#8217;autonomia \u00e8 fondamentale. \u00c8 stato importante anche ascoltare suggerimenti e osservazioni sul trasporto pubblico, servizio cruciale per contribuire a costruire una societ\u00e0 pi\u00f9 sostenibile. Infine \u2013<\/em><strong> ha concluso l\u2019assessore <\/strong><em>\u2013 ho rivolto loro l\u2019invito a portare il proprio prezioso contributo nelle numerose occasioni che la Regione mette a disposizione sul piano della partecipazione, tra le quali spiccano le iniziative dedicate alla condivisione dei progetti di rigenerazione urbana\u201d.<\/em><\/p>\n<p>Il camper di <strong>Giovanis\u00ec<\/strong> viaggia all\u2019insegna dello slogan che gi\u00e0 lo ha caratterizzato nel lungo lo scorso anno scolastico: <strong><em>\u201cIn viaggio per il tuo presente\u201d<\/em><\/strong>. In ogni tappa vengono raccontate le esperienze di chi ha gi\u00e0 beneficiato delle opportunit\u00e0 di<strong> Giovanis\u00ec<\/strong> e l\u2019interazione fra i ragazzi e le ragazze presenti \u00e8 stimolata anche attraverso strumenti innovativi e multimediali come Mentimeter,<strong> un\u2019app di sondaggistica che d\u00e0 la possibilit\u00e0 di avere feedback in tempo reale<\/strong> e di permettere ai giovani di esprimere la propria percezione del presente oltre che realizzare quali sono bisogni e aspettative dei propri coetanei.<\/p>\n<p><strong>\u201cGiovanis\u00ec in tour\u201d<\/strong> \u00e8 organizzato dalla <strong>Presidenza della Regione Toscana e Giovanis\u00ec<\/strong> ed \u00e8 finanziato dalla <strong>Presidenza del Consiglio dei Ministri<\/strong> (Dipartimento per le Politiche Giovanili e il Servizio civile universale).<\/p>\n","protected":false},"excerpt":{"rendered":"<p>Il viaggio di Giovanis\u00ec in tour ha fatto tappa luned\u00ec 5 febbraio all\u2019Istituto tecnico economico e tecnologico chimico \u201cBenedetti\u201d di Porcari (Lu). Assieme al camper del progetto regionale per l\u2019autonomia dei giovani<\/p>\n","protected":false},"author":525,"featured_media":325321,"comment_status":"open","ping_status":"open","sticky":false,"template":"","format":"standard","meta":{"_acf_changed":false,"footnotes":""},"categories":[494],"tags":[244,151,4818],"class_list":["post-325316","post","type-post","status-publish","format-standard","has-post-thumbnail","hentry","category-attualita","tag-giovanisi","tag-regione-toscana","tag-stefano-baccelli"],"acf":[],"yoast_head":"<!-- This site is optimized with the Yoast SEO Premium plugin v24.2 (Yoast SEO v25.6) - https:\/\/yoast.com\/wordpress\/plugins\/seo\/ -->\n<title>Fa tappa a Porcari &quot;Giovanis\u00ec in Tour&quot;, l&#039;assessore Baccelli incontra gli studenti del \u201cBenedetti\u201d - intoscana<\/title>\n<meta name=\"description\" content=\"Il viaggio di Giovanis\u00ec in tour ha fatto tappa luned\u00ec 5 febbraio all\u2019Istituto tecnico economico e tecnologico chimico \u201cBenedetti\u201d di Porcari\" \/>\n<meta name=\"robots\" content=\"index, follow, max-snippet:-1, max-image-preview:large, max-video-preview:-1\" \/>\n<link rel=\"canonical\" href=\"https:\/\/www.intoscana.it\/it\/fa-tappa-a-porcari-giovanisi-in-tour-lassessore-baccelli-incontra-gli-studenti-del-benedetti\/\" \/>\n<meta property=\"og:locale\" content=\"it_IT\" \/>\n<meta property=\"og:type\" content=\"article\" \/>\n<meta property=\"og:title\" content=\"Fa tappa a Porcari &quot;Giovanis\u00ec in Tour&quot;, l&#039;assessore Baccelli incontra gli studenti del \u201cBenedetti\u201d\" \/>\n<meta property=\"og:description\" content=\"Il viaggio di Giovanis\u00ec in tour ha fatto tappa luned\u00ec 5 febbraio all\u2019Istituto tecnico economico e tecnologico chimico \u201cBenedetti\u201d di Porcari\" \/>\n<meta property=\"og:url\" content=\"https:\/\/www.intoscana.it\/it\/fa-tappa-a-porcari-giovanisi-in-tour-lassessore-baccelli-incontra-gli-studenti-del-benedetti\/\" \/>\n<meta property=\"og:site_name\" content=\"intoscana\" \/>\n<meta property=\"article:publisher\" content=\"https:\/\/www.facebook.com\/intoscana.it\" \/>\n<meta property=\"article:published_time\" content=\"2024-02-05T13:58:53+00:00\" \/>\n<meta property=\"article:modified_time\" content=\"2025-07-25T10:59:28+00:00\" \/>\n<meta property=\"og:image\" content=\"https:\/\/www.intoscana.it\/wp-content\/uploads\/giovanisi-tour-porcari-5-febbraio-2023.jpeg\" \/>\n\t<meta property=\"og:image:width\" content=\"1020\" \/>\n\t<meta property=\"og:image:height\" content=\"733\" \/>\n\t<meta property=\"og:image:type\" content=\"image\/jpeg\" \/>\n<meta name=\"author\" content=\"Redazione\" \/>\n<meta name=\"twitter:card\" content=\"summary_large_image\" \/>\n<meta name=\"twitter:creator\" content=\"@intoscana\" \/>\n<meta name=\"twitter:site\" content=\"@intoscana\" \/>\n<meta name=\"twitter:label1\" content=\"Written by\" \/>\n\t<meta name=\"twitter:data1\" content=\"Redazione\" \/>\n\t<meta name=\"twitter:label2\" content=\"Est. reading time\" \/>\n\t<meta name=\"twitter:data2\" content=\"3 minuti\" \/>\n<script type=\"application\/ld+json\" class=\"yoast-schema-graph\">{\"@context\":\"https:\/\/schema.org\",\"@graph\":[{\"@type\":\"WebPage\",\"@id\":\"https:\/\/www.intoscana.it\/it\/fa-tappa-a-porcari-giovanisi-in-tour-lassessore-baccelli-incontra-gli-studenti-del-benedetti\/\",\"url\":\"https:\/\/www.intoscana.it\/it\/fa-tappa-a-porcari-giovanisi-in-tour-lassessore-baccelli-incontra-gli-studenti-del-benedetti\/\",\"name\":\"Fa tappa a Porcari \\\"Giovanis\u00ec in Tour\\\", l'assessore Baccelli incontra gli studenti del \u201cBenedetti\u201d - intoscana\",\"isPartOf\":{\"@id\":\"https:\/\/www.intoscana.it\/it\/#website\"},\"primaryImageOfPage\":{\"@id\":\"https:\/\/www.intoscana.it\/it\/fa-tappa-a-porcari-giovanisi-in-tour-lassessore-baccelli-incontra-gli-studenti-del-benedetti\/#primaryimage\"},\"image\":{\"@id\":\"https:\/\/www.intoscana.it\/it\/fa-tappa-a-porcari-giovanisi-in-tour-lassessore-baccelli-incontra-gli-studenti-del-benedetti\/#primaryimage\"},\"thumbnailUrl\":\"https:\/\/www.intoscana.it\/wp-content\/uploads\/giovanisi-tour-porcari-5-febbraio-2023.jpeg\",\"datePublished\":\"2024-02-05T13:58:53+00:00\",\"dateModified\":\"2025-07-25T10:59:28+00:00\",\"author\":{\"@id\":\"https:\/\/www.intoscana.it\/it\/#\/schema\/person\/9223810753230f20bd670fdd322661f8\"},\"description\":\"Il viaggio di Giovanis\u00ec in tour ha fatto tappa luned\u00ec 5 febbraio all\u2019Istituto tecnico economico e tecnologico chimico \u201cBenedetti\u201d di Porcari\",\"breadcrumb\":{\"@id\":\"https:\/\/www.intoscana.it\/it\/fa-tappa-a-porcari-giovanisi-in-tour-lassessore-baccelli-incontra-gli-studenti-del-benedetti\/#breadcrumb\"},\"inLanguage\":\"it-IT\",\"potentialAction\":[{\"@type\":\"ReadAction\",\"target\":[\"https:\/\/www.intoscana.it\/it\/fa-tappa-a-porcari-giovanisi-in-tour-lassessore-baccelli-incontra-gli-studenti-del-benedetti\/\"]}]},{\"@type\":\"ImageObject\",\"inLanguage\":\"it-IT\",\"@id\":\"https:\/\/www.intoscana.it\/it\/fa-tappa-a-porcari-giovanisi-in-tour-lassessore-baccelli-incontra-gli-studenti-del-benedetti\/#primaryimage\",\"url\":\"https:\/\/www.intoscana.it\/wp-content\/uploads\/giovanisi-tour-porcari-5-febbraio-2023.jpeg\",\"contentUrl\":\"https:\/\/www.intoscana.it\/wp-content\/uploads\/giovanisi-tour-porcari-5-febbraio-2023.jpeg\",\"width\":1020,\"height\":733},{\"@type\":\"BreadcrumbList\",\"@id\":\"https:\/\/www.intoscana.it\/it\/fa-tappa-a-porcari-giovanisi-in-tour-lassessore-baccelli-incontra-gli-studenti-del-benedetti\/#breadcrumb\",\"itemListElement\":[{\"@type\":\"ListItem\",\"position\":1,\"name\":\"Home\",\"item\":\"https:\/\/www.intoscana.it\/it\/\"},{\"@type\":\"ListItem\",\"position\":2,\"name\":\"Fa tappa a Porcari &#8220;Giovanis\u00ec in Tour&#8221;, l&#8217;assessore Baccelli incontra gli studenti del \u201cBenedetti\u201d\"}]},{\"@type\":\"WebSite\",\"@id\":\"https:\/\/www.intoscana.it\/it\/#website\",\"url\":\"https:\/\/www.intoscana.it\/it\/\",\"name\":\"intoscana\",\"description\":\"\",\"potentialAction\":[{\"@type\":\"SearchAction\",\"target\":{\"@type\":\"EntryPoint\",\"urlTemplate\":\"https:\/\/www.intoscana.it\/it\/?s={search_term_string}\"},\"query-input\":{\"@type\":\"PropertyValueSpecification\",\"valueRequired\":true,\"valueName\":\"search_term_string\"}}],\"inLanguage\":\"it-IT\"},{\"@type\":\"Person\",\"@id\":\"https:\/\/www.intoscana.it\/it\/#\/schema\/person\/9223810753230f20bd670fdd322661f8\",\"name\":\"Redazione\",\"url\":\"https:\/\/www.intoscana.it\/it\/author\/redazione\/\"}]}<\/script>\n<!-- \/ Yoast SEO Premium plugin. -->","yoast_head_json":{"title":"Fa tappa a Porcari \"Giovanis\u00ec in Tour\", l'assessore Baccelli incontra gli studenti del \u201cBenedetti\u201d - intoscana","description":"Il viaggio di Giovanis\u00ec in tour ha fatto tappa luned\u00ec 5 febbraio all\u2019Istituto tecnico economico e tecnologico chimico \u201cBenedetti\u201d di Porcari","robots":{"index":"index","follow":"follow","max-snippet":"max-snippet:-1","max-image-preview":"max-image-preview:large","max-video-preview":"max-video-preview:-1"},"canonical":"https:\/\/www.intoscana.it\/it\/fa-tappa-a-porcari-giovanisi-in-tour-lassessore-baccelli-incontra-gli-studenti-del-benedetti\/","og_locale":"it_IT","og_type":"article","og_title":"Fa tappa a Porcari \"Giovanis\u00ec in Tour\", l'assessore Baccelli incontra gli studenti del \u201cBenedetti\u201d","og_description":"Il viaggio di Giovanis\u00ec in tour ha fatto tappa luned\u00ec 5 febbraio all\u2019Istituto tecnico economico e tecnologico chimico \u201cBenedetti\u201d di Porcari","og_url":"https:\/\/www.intoscana.it\/it\/fa-tappa-a-porcari-giovanisi-in-tour-lassessore-baccelli-incontra-gli-studenti-del-benedetti\/","og_site_name":"intoscana","article_publisher":"https:\/\/www.facebook.com\/intoscana.it","article_published_time":"2024-02-05T13:58:53+00:00","article_modified_time":"2025-07-25T10:59:28+00:00","og_image":[{"width":1020,"height":733,"url":"https:\/\/www.intoscana.it\/wp-content\/uploads\/giovanisi-tour-porcari-5-febbraio-2023.jpeg","type":"image\/jpeg"}],"author":"Redazione","twitter_card":"summary_large_image","twitter_creator":"@intoscana","twitter_site":"@intoscana","twitter_misc":{"Written by":"Redazione","Est. reading time":"3 minuti"},"schema":{"@context":"https:\/\/schema.org","@graph":[{"@type":"WebPage","@id":"https:\/\/www.intoscana.it\/it\/fa-tappa-a-porcari-giovanisi-in-tour-lassessore-baccelli-incontra-gli-studenti-del-benedetti\/","url":"https:\/\/www.intoscana.it\/it\/fa-tappa-a-porcari-giovanisi-in-tour-lassessore-baccelli-incontra-gli-studenti-del-benedetti\/","name":"Fa tappa a Porcari \"Giovanis\u00ec in Tour\", l'assessore Baccelli incontra gli studenti del \u201cBenedetti\u201d - intoscana","isPartOf":{"@id":"https:\/\/www.intoscana.it\/it\/#website"},"primaryImageOfPage":{"@id":"https:\/\/www.intoscana.it\/it\/fa-tappa-a-porcari-giovanisi-in-tour-lassessore-baccelli-incontra-gli-studenti-del-benedetti\/#primaryimage"},"image":{"@id":"https:\/\/www.intoscana.it\/it\/fa-tappa-a-porcari-giovanisi-in-tour-lassessore-baccelli-incontra-gli-studenti-del-benedetti\/#primaryimage"},"thumbnailUrl":"https:\/\/www.intoscana.it\/wp-content\/uploads\/giovanisi-tour-porcari-5-febbraio-2023.jpeg","datePublished":"2024-02-05T13:58:53+00:00","dateModified":"2025-07-25T10:59:28+00:00","author":{"@id":"https:\/\/www.intoscana.it\/it\/#\/schema\/person\/9223810753230f20bd670fdd322661f8"},"description":"Il viaggio di Giovanis\u00ec in tour ha fatto tappa luned\u00ec 5 febbraio all\u2019Istituto tecnico economico e tecnologico chimico \u201cBenedetti\u201d di Porcari","breadcrumb":{"@id":"https:\/\/www.intoscana.it\/it\/fa-tappa-a-porcari-giovanisi-in-tour-lassessore-baccelli-incontra-gli-studenti-del-benedetti\/#breadcrumb"},"inLanguage":"it-IT","potentialAction":[{"@type":"ReadAction","target":["https:\/\/www.intoscana.it\/it\/fa-tappa-a-porcari-giovanisi-in-tour-lassessore-baccelli-incontra-gli-studenti-del-benedetti\/"]}]},{"@type":"ImageObject","inLanguage":"it-IT","@id":"https:\/\/www.intoscana.it\/it\/fa-tappa-a-porcari-giovanisi-in-tour-lassessore-baccelli-incontra-gli-studenti-del-benedetti\/#primaryimage","url":"https:\/\/www.intoscana.it\/wp-content\/uploads\/giovanisi-tour-porcari-5-febbraio-2023.jpeg","contentUrl":"https:\/\/www.intoscana.it\/wp-content\/uploads\/giovanisi-tour-porcari-5-febbraio-2023.jpeg","width":1020,"height":733},{"@type":"BreadcrumbList","@id":"https:\/\/www.intoscana.it\/it\/fa-tappa-a-porcari-giovanisi-in-tour-lassessore-baccelli-incontra-gli-studenti-del-benedetti\/#breadcrumb","itemListElement":[{"@type":"ListItem","position":1,"name":"Home","item":"https:\/\/www.intoscana.it\/it\/"},{"@type":"ListItem","position":2,"name":"Fa tappa a Porcari &#8220;Giovanis\u00ec in Tour&#8221;, l&#8217;assessore Baccelli incontra gli studenti del \u201cBenedetti\u201d"}]},{"@type":"WebSite","@id":"https:\/\/www.intoscana.it\/it\/#website","url":"https:\/\/www.intoscana.it\/it\/","name":"intoscana","description":"","potentialAction":[{"@type":"SearchAction","target":{"@type":"EntryPoint","urlTemplate":"https:\/\/www.intoscana.it\/it\/?s={search_term_string}"},"query-input":{"@type":"PropertyValueSpecification","valueRequired":true,"valueName":"search_term_string"}}],"inLanguage":"it-IT"},{"@type":"Person","@id":"https:\/\/www.intoscana.it\/it\/#\/schema\/person\/9223810753230f20bd670fdd322661f8","name":"Redazione","url":"https:\/\/www.intoscana.it\/it\/author\/redazione\/"}]}},"_links":{"self":[{"href":"https:\/\/www.intoscana.it\/it\/wp-json\/wp\/v2\/posts\/325316","targetHints":{"allow":["GET"]}}],"collection":[{"href":"https:\/\/www.intoscana.it\/it\/wp-json\/wp\/v2\/posts"}],"about":[{"href":"https:\/\/www.intoscana.it\/it\/wp-json\/wp\/v2\/types\/post"}],"author":[{"embeddable":true,"href":"https:\/\/www.intoscana.it\/it\/wp-json\/wp\/v2\/users\/525"}],"replies":[{"embeddable":true,"href":"https:\/\/www.intoscana.it\/it\/wp-json\/wp\/v2\/comments?post=325316"}],"version-history":[{"count":3,"href":"https:\/\/www.intoscana.it\/it\/wp-json\/wp\/v2\/posts\/325316\/revisions"}],"predecessor-version":[{"id":325327,"href":"https:\/\/www.intoscana.it\/it\/wp-json\/wp\/v2\/posts\/325316\/revisions\/325327"}],"wp:featuredmedia":[{"embeddable":true,"href":"https:\/\/www.intoscana.it\/it\/wp-json\/wp\/v2\/media\/325321"}],"wp:attachment":[{"href":"https:\/\/www.intoscana.it\/it\/wp-json\/wp\/v2\/media?parent=325316"}],"wp:term":[{"taxonomy":"category","embeddable":true,"href":"https:\/\/www.intoscana.it\/it\/wp-json\/wp\/v2\/categories?post=325316"},{"taxonomy":"post_tag","embeddable":true,"href":"https:\/\/www.intoscana.it\/it\/wp-json\/wp\/v2\/tags?post=325316"}],"curies":[{"name":"wp","href":"https:\/\/api.w.org\/{rel}","templated":true}]}}