{"id":325655,"date":"2024-02-07T09:40:04","date_gmt":"2024-02-07T08:40:04","guid":{"rendered":"https:\/\/www.intoscana.it\/it\/?p=325655"},"modified":"2024-02-07T11:34:48","modified_gmt":"2024-02-07T10:34:48","slug":"torna-il-premio-lucia-il-concorso-rivolto-a-produttori-podcaster-e-autori-radiofonici","status":"publish","type":"post","link":"https:\/\/www.intoscana.it\/it\/torna-il-premio-lucia-il-concorso-rivolto-a-produttori-podcaster-e-autori-radiofonici\/","title":{"rendered":"Torna il &#8220;Premio Lucia&#8221; il concorso rivolto a produttori, podcaster e autori radiofonici"},"content":{"rendered":"<p>C&#8217;\u00e8 tempo fino al <strong>29 febbraio 2024<\/strong> per partecipare al nuovo bando del<a href=\"https:\/\/www.luciafestival.org\/it\/premio-lucia\/\" target=\"_blank\" rel=\"noopener\"><strong> Premio Lucia<\/strong><\/a> il concorso rivolto alle<strong> storie tutte da ascoltare<\/strong> di <strong>produttori, podcaster e autori radiofonici.<\/strong><\/p>\n<p>Nel 2024 saranno due le categorie in cui saranno assegnati i premi:<strong> \u201cprogetti di produzione\u201d<\/strong> e <strong>\u201copere audio\u201d.<\/strong><\/p>\n<p>Come sempre ci sono due vincoli: il <strong>Premio Lucia<\/strong> \u00e8 aperto a<strong> produzioni in lingua italiana<\/strong> e per le opere inedite si prevede <strong>una durata non superiore ai 30 minuti.<\/strong><\/p>\n<p>Il bando per partecipare \u00e8 online su <a href=\"https:\/\/www.luciafestival.org\/it\/premio-lucia\/\" target=\"_blank\" rel=\"noopener\"><strong>www.luciafestival.org,<\/strong><\/a> ed \u00e8 aperto a <strong>giovani producer<\/strong> ma anche a <strong>professionisti consolidati.<\/strong> \u00c8 possibile parteciparvi da soli o con un<strong> gruppo di produzione, collettivi e compagnie teatrali.<\/strong><\/p>\n<p>Per quanto riguarda le<strong> \u201copere audio\u201d<\/strong> sono ammessi <strong>lavori gi\u00e0 prodotti, distribuiti o meno da gennaio 2022 a gennaio 2024.<\/strong> Saranno accettati anche <strong>singoli episodi di serie podcast<\/strong>, purch\u00e9 abbiano un\u2019autonomia narrativa e purch\u00e9 siano<strong> storie concluse nell\u2019arco del singolo episodio.<\/strong><\/p>\n<p>Per quanto riguarda invece la categoria <strong>\u201cprogetti di produzione\u201d<\/strong> , Lucia premia<strong> l\u2019audacia e la sperimentazione di formati,<\/strong> belle storie e <strong>produzioni originali<\/strong> da un punto di vista narrativo e sonoro.<\/p>\n<p>Il <strong>Premio Lucia<\/strong> \u00e8 reso possibile grazie al contributo di <strong>Toscanaincontemporanea 2023 e Fondazione CR Firenze<\/strong> ed \u00e8 parte integrante di Lucia, il Festival promosso da <a href=\"https:\/\/www.radiopapesse.org\" target=\"_blank\" rel=\"noopener\"><strong>Radio Papesse<\/strong><\/a> per celebrare l&#8217;arte di raccontare senza immagini, la cui quinta edizione si terr\u00e0 a Firenze dal 13 al 15 dicembre 2024.<\/p>\n<figure id=\"post-325660 media-325660\" class=\"align-none\"><img decoding=\"async\" src=\"https:\/\/www.intoscana.it\/wp-content\/uploads\/La-Giuria-del-Premio-Lucia-2024-_Chloe-Barreau_Ritratto-Favio-Lovino.jpg\" alt=\"\" \/><\/figure>\n<div class=\"titleimg\">Chlo\u00e9 Barreau &#8211; \u00a9 Fabio Lovino<\/div>\n<h3>I Premi<\/h3>\n<p>Il <strong>Premio Lucia<\/strong> riconosce <strong>\u20ac 500 a un lavoro audio gi\u00e0 prodotto<\/strong> [categoria OPERE AUDIO] e<strong> \u20ac2000 di premio di produzione a una proposta di progetto<\/strong> [categorie PROGETTI], oltre alla presentazione di entrambi i lavori a <strong>Lucia Festival 2024<\/strong> e alla loro promozione su <strong>radiopapesse.org e luciafestival.org.<\/strong><\/p>\n<p>Nel caso dell\u2019opera inedita, Radio Papesse s\u2019impegna a sostenerne la <strong>circuitazione nazionale e internazionale.<\/strong> Radio Papesse si riserva inoltre la possibilit\u00e0 di riconoscere una o pi\u00f9 menzioni speciali a lavori gi\u00e0 conclusi.<\/p>\n<h3>La giuria<\/h3>\n<p>La giuria del <strong>Premio Lucia 2024<\/strong> \u00e8 composta da <strong>Orecchiabile e da Chlo\u00e9 Barreau.<\/strong><\/p>\n<p><strong>Orecchiabile<\/strong> \u00e8 una newsletter che consiglia podcast e lavori audio dal punto di vista di chi li ascolta, e non di chi li produce. Curata da <strong>Chiara Sagramola e Giacomo Bagni,<\/strong> ogni tanto si spinge nel mondo reale organizzando ascolti pubblici, incontri con gli autori e facendo qualche scappatina nel mondo cartaceo.<\/p>\n<p><strong>Chlo\u00e9 Barreau<\/strong> \u00e8 nata da una storia d\u2019amore fuori dal comune: quella di <strong>un prete-operaio e di un\u2019infermiera,<\/strong> il cui matrimonio fece scandalo nella Francia degli anni \u201870. Ha raccontato questa storia nel suo primo film, <strong><em>La colpa di mio padre,<\/em> <\/strong>premiato al Biografilm Festival.<\/p>\n<p>Laureata in Lettere Moderne alla Sorbonne di Parigi, ha scritto e diretto cortometraggi (Acqua Passata con Riccardo Scamarcio), speciali TV (Anna M. con Anna Mouglalis), docuserie (Blue Is The Colour, Raindance Festival) prima di raggiungere<strong> Fox Channels Italy come Creative Producer.<\/strong> Per 15 anni, ha lavorato con prestigiosi brand (<strong>National Geographic, History Channel<\/strong>), ma anche a progetti documentari pi\u00f9 personali: <strong>Stardust Memories<\/strong> (Carboluce, 2008).<\/p>\n<p>Ha realizzato diversi audiodocumentari Stardust Memories (Radio Rai 3, 2020) e Malafemmina (Storytel, 2021). <strong>Chlo\u00e9 lavora anche come voice over artist e speaker<\/strong> (\u00e8 la voce di Plumette ne La bella e la bestia, Walt Disney; la voce di Marlena nell\u2019album Il ballo della vita dei Maneskin e la voce francese per Una specie di tenerezza, Chora Media).<\/p>\n<p>Nel 2023, il suo film documentario <strong><em>Frammenti di un percorso amoroso<\/em><\/strong> (Groenlandia, 2023), presentato a Venezia nelle Giornate degli Autori, ha vinto il premio speciale della Giuria DocIt (associazione documentaristi italiani) ed \u00e8 selezionato per i <strong>Nastri d&#8217;Argento nella categoria Cinema del Reale.<\/strong><\/p>\n<figure id=\"post-325659 media-325659\" class=\"align-none\"><img decoding=\"async\" src=\"https:\/\/www.intoscana.it\/wp-content\/uploads\/Premio-Lucia-2024-scaled.jpg\" alt=\"\" \/><\/figure>\n<div class=\"titleimg\">Premio Lucia 2024<\/div>\n","protected":false},"excerpt":{"rendered":"<p>La quinta edizione di Lucia, il Festival promosso da Radio Papesse per celebrare l&#8217;arte di raccontare senza immagini, si terr\u00e0 a Firenze dal 13 al 15 dicembre, per partecipare al bando c&#8217;\u00e8 tempo fino al 29 febbraio<\/p>\n","protected":false},"author":525,"featured_media":325658,"comment_status":"open","ping_status":"open","sticky":false,"template":"","format":"standard","meta":{"_acf_changed":false,"footnotes":""},"categories":[493],"tags":[221,5117,351],"class_list":["post-325655","post","type-post","status-publish","format-standard","has-post-thumbnail","hentry","category-cultura","tag-giovani","tag-lucia","tag-premio"],"acf":[],"yoast_head":"<!-- This site is optimized with the Yoast SEO Premium plugin v24.2 (Yoast SEO v25.6) - https:\/\/yoast.com\/wordpress\/plugins\/seo\/ -->\n<title>Torna il &quot;Premio Lucia&quot; il concorso rivolto a produttori, podcaster e autori radiofonici - intoscana<\/title>\n<meta name=\"robots\" content=\"index, follow, max-snippet:-1, max-image-preview:large, max-video-preview:-1\" \/>\n<link rel=\"canonical\" href=\"https:\/\/www.intoscana.it\/it\/torna-il-premio-lucia-il-concorso-rivolto-a-produttori-podcaster-e-autori-radiofonici\/\" \/>\n<meta property=\"og:locale\" content=\"it_IT\" \/>\n<meta property=\"og:type\" content=\"article\" \/>\n<meta property=\"og:title\" content=\"Torna il &quot;Premio Lucia&quot; il concorso rivolto a produttori, podcaster e autori radiofonici\" \/>\n<meta property=\"og:description\" content=\"La quinta edizione di Lucia, il Festival promosso da Radio Papesse per celebrare l&#039;arte di raccontare senza immagini, si terr\u00e0 a Firenze dal 13 al 15 dicembre, per partecipare al bando c&#039;\u00e8 tempo fino al 29 febbraio\" \/>\n<meta property=\"og:url\" content=\"https:\/\/www.intoscana.it\/it\/torna-il-premio-lucia-il-concorso-rivolto-a-produttori-podcaster-e-autori-radiofonici\/\" \/>\n<meta property=\"og:site_name\" content=\"intoscana\" \/>\n<meta property=\"article:publisher\" content=\"https:\/\/www.facebook.com\/intoscana.it\" \/>\n<meta property=\"article:published_time\" content=\"2024-02-07T08:40:04+00:00\" \/>\n<meta property=\"article:modified_time\" content=\"2024-02-07T10:34:48+00:00\" \/>\n<meta property=\"og:image\" content=\"https:\/\/www.intoscana.it\/wp-content\/uploads\/267481755_669458727797901_6651480473813244926_n.jpg\" \/>\n\t<meta property=\"og:image:width\" content=\"1098\" \/>\n\t<meta property=\"og:image:height\" content=\"633\" \/>\n\t<meta property=\"og:image:type\" content=\"image\/jpeg\" \/>\n<meta name=\"author\" content=\"Redazione\" \/>\n<meta name=\"twitter:card\" content=\"summary_large_image\" \/>\n<meta name=\"twitter:creator\" content=\"@intoscana\" \/>\n<meta name=\"twitter:site\" content=\"@intoscana\" \/>\n<meta name=\"twitter:label1\" content=\"Written by\" \/>\n\t<meta name=\"twitter:data1\" content=\"Redazione\" \/>\n\t<meta name=\"twitter:label2\" content=\"Est. reading time\" \/>\n\t<meta name=\"twitter:data2\" content=\"4 minuti\" \/>\n<script type=\"application\/ld+json\" class=\"yoast-schema-graph\">{\"@context\":\"https:\/\/schema.org\",\"@graph\":[{\"@type\":\"WebPage\",\"@id\":\"https:\/\/www.intoscana.it\/it\/torna-il-premio-lucia-il-concorso-rivolto-a-produttori-podcaster-e-autori-radiofonici\/\",\"url\":\"https:\/\/www.intoscana.it\/it\/torna-il-premio-lucia-il-concorso-rivolto-a-produttori-podcaster-e-autori-radiofonici\/\",\"name\":\"Torna il \\\"Premio Lucia\\\" il concorso rivolto a produttori, podcaster e autori radiofonici - intoscana\",\"isPartOf\":{\"@id\":\"https:\/\/www.intoscana.it\/it\/#website\"},\"primaryImageOfPage\":{\"@id\":\"https:\/\/www.intoscana.it\/it\/torna-il-premio-lucia-il-concorso-rivolto-a-produttori-podcaster-e-autori-radiofonici\/#primaryimage\"},\"image\":{\"@id\":\"https:\/\/www.intoscana.it\/it\/torna-il-premio-lucia-il-concorso-rivolto-a-produttori-podcaster-e-autori-radiofonici\/#primaryimage\"},\"thumbnailUrl\":\"https:\/\/www.intoscana.it\/wp-content\/uploads\/267481755_669458727797901_6651480473813244926_n.jpg\",\"datePublished\":\"2024-02-07T08:40:04+00:00\",\"dateModified\":\"2024-02-07T10:34:48+00:00\",\"author\":{\"@id\":\"https:\/\/www.intoscana.it\/it\/#\/schema\/person\/9223810753230f20bd670fdd322661f8\"},\"breadcrumb\":{\"@id\":\"https:\/\/www.intoscana.it\/it\/torna-il-premio-lucia-il-concorso-rivolto-a-produttori-podcaster-e-autori-radiofonici\/#breadcrumb\"},\"inLanguage\":\"it-IT\",\"potentialAction\":[{\"@type\":\"ReadAction\",\"target\":[\"https:\/\/www.intoscana.it\/it\/torna-il-premio-lucia-il-concorso-rivolto-a-produttori-podcaster-e-autori-radiofonici\/\"]}]},{\"@type\":\"ImageObject\",\"inLanguage\":\"it-IT\",\"@id\":\"https:\/\/www.intoscana.it\/it\/torna-il-premio-lucia-il-concorso-rivolto-a-produttori-podcaster-e-autori-radiofonici\/#primaryimage\",\"url\":\"https:\/\/www.intoscana.it\/wp-content\/uploads\/267481755_669458727797901_6651480473813244926_n.jpg\",\"contentUrl\":\"https:\/\/www.intoscana.it\/wp-content\/uploads\/267481755_669458727797901_6651480473813244926_n.jpg\",\"width\":1098,\"height\":633},{\"@type\":\"BreadcrumbList\",\"@id\":\"https:\/\/www.intoscana.it\/it\/torna-il-premio-lucia-il-concorso-rivolto-a-produttori-podcaster-e-autori-radiofonici\/#breadcrumb\",\"itemListElement\":[{\"@type\":\"ListItem\",\"position\":1,\"name\":\"Home\",\"item\":\"https:\/\/www.intoscana.it\/it\/\"},{\"@type\":\"ListItem\",\"position\":2,\"name\":\"Torna il &#8220;Premio Lucia&#8221; il concorso rivolto a produttori, podcaster e autori radiofonici\"}]},{\"@type\":\"WebSite\",\"@id\":\"https:\/\/www.intoscana.it\/it\/#website\",\"url\":\"https:\/\/www.intoscana.it\/it\/\",\"name\":\"intoscana\",\"description\":\"\",\"potentialAction\":[{\"@type\":\"SearchAction\",\"target\":{\"@type\":\"EntryPoint\",\"urlTemplate\":\"https:\/\/www.intoscana.it\/it\/?s={search_term_string}\"},\"query-input\":{\"@type\":\"PropertyValueSpecification\",\"valueRequired\":true,\"valueName\":\"search_term_string\"}}],\"inLanguage\":\"it-IT\"},{\"@type\":\"Person\",\"@id\":\"https:\/\/www.intoscana.it\/it\/#\/schema\/person\/9223810753230f20bd670fdd322661f8\",\"name\":\"Redazione\",\"url\":\"https:\/\/www.intoscana.it\/it\/author\/redazione\/\"}]}<\/script>\n<!-- \/ Yoast SEO Premium plugin. -->","yoast_head_json":{"title":"Torna il \"Premio Lucia\" il concorso rivolto a produttori, podcaster e autori radiofonici - intoscana","robots":{"index":"index","follow":"follow","max-snippet":"max-snippet:-1","max-image-preview":"max-image-preview:large","max-video-preview":"max-video-preview:-1"},"canonical":"https:\/\/www.intoscana.it\/it\/torna-il-premio-lucia-il-concorso-rivolto-a-produttori-podcaster-e-autori-radiofonici\/","og_locale":"it_IT","og_type":"article","og_title":"Torna il \"Premio Lucia\" il concorso rivolto a produttori, podcaster e autori radiofonici","og_description":"La quinta edizione di Lucia, il Festival promosso da Radio Papesse per celebrare l'arte di raccontare senza immagini, si terr\u00e0 a Firenze dal 13 al 15 dicembre, per partecipare al bando c'\u00e8 tempo fino al 29 febbraio","og_url":"https:\/\/www.intoscana.it\/it\/torna-il-premio-lucia-il-concorso-rivolto-a-produttori-podcaster-e-autori-radiofonici\/","og_site_name":"intoscana","article_publisher":"https:\/\/www.facebook.com\/intoscana.it","article_published_time":"2024-02-07T08:40:04+00:00","article_modified_time":"2024-02-07T10:34:48+00:00","og_image":[{"width":1098,"height":633,"url":"https:\/\/www.intoscana.it\/wp-content\/uploads\/267481755_669458727797901_6651480473813244926_n.jpg","type":"image\/jpeg"}],"author":"Redazione","twitter_card":"summary_large_image","twitter_creator":"@intoscana","twitter_site":"@intoscana","twitter_misc":{"Written by":"Redazione","Est. reading time":"4 minuti"},"schema":{"@context":"https:\/\/schema.org","@graph":[{"@type":"WebPage","@id":"https:\/\/www.intoscana.it\/it\/torna-il-premio-lucia-il-concorso-rivolto-a-produttori-podcaster-e-autori-radiofonici\/","url":"https:\/\/www.intoscana.it\/it\/torna-il-premio-lucia-il-concorso-rivolto-a-produttori-podcaster-e-autori-radiofonici\/","name":"Torna il \"Premio Lucia\" il concorso rivolto a produttori, podcaster e autori radiofonici - intoscana","isPartOf":{"@id":"https:\/\/www.intoscana.it\/it\/#website"},"primaryImageOfPage":{"@id":"https:\/\/www.intoscana.it\/it\/torna-il-premio-lucia-il-concorso-rivolto-a-produttori-podcaster-e-autori-radiofonici\/#primaryimage"},"image":{"@id":"https:\/\/www.intoscana.it\/it\/torna-il-premio-lucia-il-concorso-rivolto-a-produttori-podcaster-e-autori-radiofonici\/#primaryimage"},"thumbnailUrl":"https:\/\/www.intoscana.it\/wp-content\/uploads\/267481755_669458727797901_6651480473813244926_n.jpg","datePublished":"2024-02-07T08:40:04+00:00","dateModified":"2024-02-07T10:34:48+00:00","author":{"@id":"https:\/\/www.intoscana.it\/it\/#\/schema\/person\/9223810753230f20bd670fdd322661f8"},"breadcrumb":{"@id":"https:\/\/www.intoscana.it\/it\/torna-il-premio-lucia-il-concorso-rivolto-a-produttori-podcaster-e-autori-radiofonici\/#breadcrumb"},"inLanguage":"it-IT","potentialAction":[{"@type":"ReadAction","target":["https:\/\/www.intoscana.it\/it\/torna-il-premio-lucia-il-concorso-rivolto-a-produttori-podcaster-e-autori-radiofonici\/"]}]},{"@type":"ImageObject","inLanguage":"it-IT","@id":"https:\/\/www.intoscana.it\/it\/torna-il-premio-lucia-il-concorso-rivolto-a-produttori-podcaster-e-autori-radiofonici\/#primaryimage","url":"https:\/\/www.intoscana.it\/wp-content\/uploads\/267481755_669458727797901_6651480473813244926_n.jpg","contentUrl":"https:\/\/www.intoscana.it\/wp-content\/uploads\/267481755_669458727797901_6651480473813244926_n.jpg","width":1098,"height":633},{"@type":"BreadcrumbList","@id":"https:\/\/www.intoscana.it\/it\/torna-il-premio-lucia-il-concorso-rivolto-a-produttori-podcaster-e-autori-radiofonici\/#breadcrumb","itemListElement":[{"@type":"ListItem","position":1,"name":"Home","item":"https:\/\/www.intoscana.it\/it\/"},{"@type":"ListItem","position":2,"name":"Torna il &#8220;Premio Lucia&#8221; il concorso rivolto a produttori, podcaster e autori radiofonici"}]},{"@type":"WebSite","@id":"https:\/\/www.intoscana.it\/it\/#website","url":"https:\/\/www.intoscana.it\/it\/","name":"intoscana","description":"","potentialAction":[{"@type":"SearchAction","target":{"@type":"EntryPoint","urlTemplate":"https:\/\/www.intoscana.it\/it\/?s={search_term_string}"},"query-input":{"@type":"PropertyValueSpecification","valueRequired":true,"valueName":"search_term_string"}}],"inLanguage":"it-IT"},{"@type":"Person","@id":"https:\/\/www.intoscana.it\/it\/#\/schema\/person\/9223810753230f20bd670fdd322661f8","name":"Redazione","url":"https:\/\/www.intoscana.it\/it\/author\/redazione\/"}]}},"_links":{"self":[{"href":"https:\/\/www.intoscana.it\/it\/wp-json\/wp\/v2\/posts\/325655","targetHints":{"allow":["GET"]}}],"collection":[{"href":"https:\/\/www.intoscana.it\/it\/wp-json\/wp\/v2\/posts"}],"about":[{"href":"https:\/\/www.intoscana.it\/it\/wp-json\/wp\/v2\/types\/post"}],"author":[{"embeddable":true,"href":"https:\/\/www.intoscana.it\/it\/wp-json\/wp\/v2\/users\/525"}],"replies":[{"embeddable":true,"href":"https:\/\/www.intoscana.it\/it\/wp-json\/wp\/v2\/comments?post=325655"}],"version-history":[{"count":5,"href":"https:\/\/www.intoscana.it\/it\/wp-json\/wp\/v2\/posts\/325655\/revisions"}],"predecessor-version":[{"id":325719,"href":"https:\/\/www.intoscana.it\/it\/wp-json\/wp\/v2\/posts\/325655\/revisions\/325719"}],"wp:featuredmedia":[{"embeddable":true,"href":"https:\/\/www.intoscana.it\/it\/wp-json\/wp\/v2\/media\/325658"}],"wp:attachment":[{"href":"https:\/\/www.intoscana.it\/it\/wp-json\/wp\/v2\/media?parent=325655"}],"wp:term":[{"taxonomy":"category","embeddable":true,"href":"https:\/\/www.intoscana.it\/it\/wp-json\/wp\/v2\/categories?post=325655"},{"taxonomy":"post_tag","embeddable":true,"href":"https:\/\/www.intoscana.it\/it\/wp-json\/wp\/v2\/tags?post=325655"}],"curies":[{"name":"wp","href":"https:\/\/api.w.org\/{rel}","templated":true}]}}