{"id":325694,"date":"2024-02-07T11:13:57","date_gmt":"2024-02-07T10:13:57","guid":{"rendered":"https:\/\/www.intoscana.it\/it\/?p=325694"},"modified":"2024-02-09T11:47:39","modified_gmt":"2024-02-09T10:47:39","slug":"casa-sanremo-mugello-protagonista-mazzeo-la-toscana-dei-borghi-e-qui","status":"publish","type":"post","link":"https:\/\/www.intoscana.it\/it\/casa-sanremo-mugello-protagonista-mazzeo-la-toscana-dei-borghi-e-qui\/","title":{"rendered":"Casa Sanremo, Mugello protagonista. Mazzeo: &#8220;La Toscana dei borghi \u00e8 qui&#8221;"},"content":{"rendered":"<p style=\"font-weight: 400;\">La Toscana conquista <strong>Casa Sanremo<\/strong> e <strong><a href=\"https:\/\/www.intoscana.it\/it\/dettaglio-video\/i-sapori-del-mugello-protagonisti-a-casa-sanremo-il-6-febbraio-nellapertura-del-festival-2024\/\" target=\"_blank\" rel=\"noopener\">il Mugello diventa protagonista<\/a>\u00a0<\/strong>nel padiglione ufficiale del Festival. Prodotti tipici e le eccellenze enogastronomiche per il men\u00f9 del ristorante che diventa anche biglietto da visita per promuovere il territorio. Con la delegazione dei Comuni, ci sono oggi a Sanremo anche il presidente del Consiglio regionale della Toscana, <strong>Antonio Mazzeo<\/strong>, e il vicepresidente\u00a0<strong>Stefano Scaramelli<\/strong>, per rappresentare il sostegno dell\u2019Assemblea regionale all\u2019iniziativa voluta dall\u2019Unione montana dei Comuni del Mugello e realizzata grazie al coinvolgimento del Consiglio regionale, di Vetrina Toscana, di Siaf, della Camera di Commercio e di PromoFirenze.<\/p>\n<h3><em>Il men\u00f9 per il festival<\/em><\/h3>\n<p style=\"font-weight: 400;\">Tortelli, battute di manzo, crostini tipici, e un omaggio alle terre della Piana fiorentina colpite dalle devastanti alluvioni di novembre, con un loro piatto caratteristico come la pecora di Campi Bisenzio. Piatti della tradizione che lo chef\u00a0<strong>Cristian Borchi<\/strong>\u00a0realizza con il supporto dei collaboratori\u00a0<strong>Alessio Pratolini<\/strong>\u00a0e\u00a0<strong>Matteo Cafarelli<\/strong>.<\/p>\n<p style=\"font-weight: 400;\">\u201cSono davvero orgoglioso che il Consiglio regionale abbia sostenuto questa iniziativa \u2013 dichiara il presidente dell\u2019Assemblea toscana,\u00a0<strong>Antonio Mazzeo<\/strong> \u2013, con la quale portiamo la bellezza, l\u2019arte, la storia, la cultura e il buon cibo del Mugello alla festa popolare pi\u00f9 importante del nostro Paese. \u00c8 un <mark>modo di rialzare la testa \u00e8 un modo di alzare la testa dopo i drammatici eventi atmosferici che hanno colpito Mugello e piana Fiorentina in estate e a novembre. Siamo qui per dire che la Toscana \u00e8 molto di pi\u00f9 delle sue splendide citt\u00e0 d&#8217;arte: \u00e8 anche una terra ricca di borghi<\/mark> straordinari la cui bellezza \u00e8 uno dei nostri tratti distintivi in grado di coniugare storia, arte, cultura e prodotti enogastronomici famosi in tutto il mondo. Un vero e proprio patrimonio per il turismo. Ringrazio i sindaci che sono qui insieme a noi. Grazie al loro lavoro riusciamo a raccontare la Toscana pi\u00f9 bella\u201d, ha concluso Mazzeo.<\/p>\n<p style=\"font-weight: 400;\">Il Mugello, che aveva gi\u00e0 ottenuto un successo con la presentazione dei propri prodotti tipici a Bruxelles, alla Settimana europea delle regioni e delle citt\u00e0, pochi mesi fa, sar\u00e0 veicolato nei giorni del festival di Sanremo anche grazie <mark>alla collaborazione di tre influencer: Elisa Zanetti,\u00a0 Lorenzo Gagliano e Elisa Cresci.<\/mark><\/p>\n","protected":false},"excerpt":{"rendered":"<p>Nel padiglione ufficiale del festival le eccellenze agroalimetari del territorio e un omaggio alla Piana fiorentina colpita dall&#8217;alluvione<\/p>\n","protected":false},"author":525,"featured_media":325806,"comment_status":"open","ping_status":"open","sticky":false,"template":"","format":"standard","meta":{"_acf_changed":false,"footnotes":""},"categories":[9],"tags":[4760,4753,375,5592],"class_list":["post-325694","post","type-post","status-publish","format-standard","has-post-thumbnail","hentry","category-made-in-toscana","tag-antonio-mazzeo","tag-consiglio-regionale-della-toscana","tag-mugello","tag-sanremo"],"acf":[],"yoast_head":"<!-- This site is optimized with the Yoast SEO Premium plugin v24.2 (Yoast SEO v25.6) - https:\/\/yoast.com\/wordpress\/plugins\/seo\/ -->\n<title>Casa Sanremo, Mugello protagonista. Mazzeo: &quot;La Toscana dei borghi \u00e8 qui&quot; - intoscana<\/title>\n<meta name=\"description\" content=\"Nel padiglione ufficiale del festival le eccellenze agroalimetari del territorio e un omaggio alla Piana fiorentina colpita dall&#039;alluvione\" \/>\n<meta name=\"robots\" content=\"index, follow, max-snippet:-1, max-image-preview:large, max-video-preview:-1\" \/>\n<link rel=\"canonical\" href=\"https:\/\/www.intoscana.it\/it\/casa-sanremo-mugello-protagonista-mazzeo-la-toscana-dei-borghi-e-qui\/\" \/>\n<meta property=\"og:locale\" content=\"it_IT\" \/>\n<meta property=\"og:type\" content=\"article\" \/>\n<meta property=\"og:title\" content=\"Casa Sanremo, Mugello protagonista. Mazzeo: &quot;La Toscana dei borghi \u00e8 qui&quot;\" \/>\n<meta property=\"og:description\" content=\"Nel padiglione ufficiale del festival le eccellenze agroalimetari del territorio e un omaggio alla Piana fiorentina colpita dall&#039;alluvione\" \/>\n<meta property=\"og:url\" content=\"https:\/\/www.intoscana.it\/it\/casa-sanremo-mugello-protagonista-mazzeo-la-toscana-dei-borghi-e-qui\/\" \/>\n<meta property=\"og:site_name\" content=\"intoscana\" \/>\n<meta property=\"article:publisher\" content=\"https:\/\/www.facebook.com\/intoscana.it\" \/>\n<meta property=\"article:published_time\" content=\"2024-02-07T10:13:57+00:00\" \/>\n<meta property=\"article:modified_time\" content=\"2024-02-09T10:47:39+00:00\" \/>\n<meta property=\"og:image\" content=\"https:\/\/www.intoscana.it\/wp-content\/uploads\/Antonio-Mazzeo-a-Casa-Sanremo-con-Veronica-Maya-\u00a9-Casa-Sanremo.jpeg\" \/>\n\t<meta property=\"og:image:width\" content=\"2048\" \/>\n\t<meta property=\"og:image:height\" content=\"1365\" \/>\n\t<meta property=\"og:image:type\" content=\"image\/jpeg\" \/>\n<meta name=\"author\" content=\"Redazione\" \/>\n<meta name=\"twitter:card\" content=\"summary_large_image\" \/>\n<meta name=\"twitter:creator\" content=\"@intoscana\" \/>\n<meta name=\"twitter:site\" content=\"@intoscana\" \/>\n<meta name=\"twitter:label1\" content=\"Written by\" \/>\n\t<meta name=\"twitter:data1\" content=\"Redazione\" \/>\n\t<meta name=\"twitter:label2\" content=\"Est. reading time\" \/>\n\t<meta name=\"twitter:data2\" content=\"2 minuti\" \/>\n<script type=\"application\/ld+json\" class=\"yoast-schema-graph\">{\"@context\":\"https:\/\/schema.org\",\"@graph\":[{\"@type\":\"WebPage\",\"@id\":\"https:\/\/www.intoscana.it\/it\/casa-sanremo-mugello-protagonista-mazzeo-la-toscana-dei-borghi-e-qui\/\",\"url\":\"https:\/\/www.intoscana.it\/it\/casa-sanremo-mugello-protagonista-mazzeo-la-toscana-dei-borghi-e-qui\/\",\"name\":\"Casa Sanremo, Mugello protagonista. Mazzeo: \\\"La Toscana dei borghi \u00e8 qui\\\" - intoscana\",\"isPartOf\":{\"@id\":\"https:\/\/www.intoscana.it\/it\/#website\"},\"primaryImageOfPage\":{\"@id\":\"https:\/\/www.intoscana.it\/it\/casa-sanremo-mugello-protagonista-mazzeo-la-toscana-dei-borghi-e-qui\/#primaryimage\"},\"image\":{\"@id\":\"https:\/\/www.intoscana.it\/it\/casa-sanremo-mugello-protagonista-mazzeo-la-toscana-dei-borghi-e-qui\/#primaryimage\"},\"thumbnailUrl\":\"https:\/\/www.intoscana.it\/wp-content\/uploads\/Antonio-Mazzeo-a-Casa-Sanremo-con-Veronica-Maya-\u00a9-Casa-Sanremo.jpeg\",\"datePublished\":\"2024-02-07T10:13:57+00:00\",\"dateModified\":\"2024-02-09T10:47:39+00:00\",\"author\":{\"@id\":\"https:\/\/www.intoscana.it\/it\/#\/schema\/person\/9223810753230f20bd670fdd322661f8\"},\"description\":\"Nel padiglione ufficiale del festival le eccellenze agroalimetari del territorio e un omaggio alla Piana fiorentina colpita dall'alluvione\",\"breadcrumb\":{\"@id\":\"https:\/\/www.intoscana.it\/it\/casa-sanremo-mugello-protagonista-mazzeo-la-toscana-dei-borghi-e-qui\/#breadcrumb\"},\"inLanguage\":\"it-IT\",\"potentialAction\":[{\"@type\":\"ReadAction\",\"target\":[\"https:\/\/www.intoscana.it\/it\/casa-sanremo-mugello-protagonista-mazzeo-la-toscana-dei-borghi-e-qui\/\"]}]},{\"@type\":\"ImageObject\",\"inLanguage\":\"it-IT\",\"@id\":\"https:\/\/www.intoscana.it\/it\/casa-sanremo-mugello-protagonista-mazzeo-la-toscana-dei-borghi-e-qui\/#primaryimage\",\"url\":\"https:\/\/www.intoscana.it\/wp-content\/uploads\/Antonio-Mazzeo-a-Casa-Sanremo-con-Veronica-Maya-\u00a9-Casa-Sanremo.jpeg\",\"contentUrl\":\"https:\/\/www.intoscana.it\/wp-content\/uploads\/Antonio-Mazzeo-a-Casa-Sanremo-con-Veronica-Maya-\u00a9-Casa-Sanremo.jpeg\",\"width\":2048,\"height\":1365},{\"@type\":\"BreadcrumbList\",\"@id\":\"https:\/\/www.intoscana.it\/it\/casa-sanremo-mugello-protagonista-mazzeo-la-toscana-dei-borghi-e-qui\/#breadcrumb\",\"itemListElement\":[{\"@type\":\"ListItem\",\"position\":1,\"name\":\"Home\",\"item\":\"https:\/\/www.intoscana.it\/it\/\"},{\"@type\":\"ListItem\",\"position\":2,\"name\":\"Casa Sanremo, Mugello protagonista. Mazzeo: &#8220;La Toscana dei borghi \u00e8 qui&#8221;\"}]},{\"@type\":\"WebSite\",\"@id\":\"https:\/\/www.intoscana.it\/it\/#website\",\"url\":\"https:\/\/www.intoscana.it\/it\/\",\"name\":\"intoscana\",\"description\":\"\",\"potentialAction\":[{\"@type\":\"SearchAction\",\"target\":{\"@type\":\"EntryPoint\",\"urlTemplate\":\"https:\/\/www.intoscana.it\/it\/?s={search_term_string}\"},\"query-input\":{\"@type\":\"PropertyValueSpecification\",\"valueRequired\":true,\"valueName\":\"search_term_string\"}}],\"inLanguage\":\"it-IT\"},{\"@type\":\"Person\",\"@id\":\"https:\/\/www.intoscana.it\/it\/#\/schema\/person\/9223810753230f20bd670fdd322661f8\",\"name\":\"Redazione\",\"url\":\"https:\/\/www.intoscana.it\/it\/author\/redazione\/\"}]}<\/script>\n<!-- \/ Yoast SEO Premium plugin. -->","yoast_head_json":{"title":"Casa Sanremo, Mugello protagonista. Mazzeo: \"La Toscana dei borghi \u00e8 qui\" - intoscana","description":"Nel padiglione ufficiale del festival le eccellenze agroalimetari del territorio e un omaggio alla Piana fiorentina colpita dall'alluvione","robots":{"index":"index","follow":"follow","max-snippet":"max-snippet:-1","max-image-preview":"max-image-preview:large","max-video-preview":"max-video-preview:-1"},"canonical":"https:\/\/www.intoscana.it\/it\/casa-sanremo-mugello-protagonista-mazzeo-la-toscana-dei-borghi-e-qui\/","og_locale":"it_IT","og_type":"article","og_title":"Casa Sanremo, Mugello protagonista. Mazzeo: \"La Toscana dei borghi \u00e8 qui\"","og_description":"Nel padiglione ufficiale del festival le eccellenze agroalimetari del territorio e un omaggio alla Piana fiorentina colpita dall'alluvione","og_url":"https:\/\/www.intoscana.it\/it\/casa-sanremo-mugello-protagonista-mazzeo-la-toscana-dei-borghi-e-qui\/","og_site_name":"intoscana","article_publisher":"https:\/\/www.facebook.com\/intoscana.it","article_published_time":"2024-02-07T10:13:57+00:00","article_modified_time":"2024-02-09T10:47:39+00:00","og_image":[{"width":2048,"height":1365,"url":"https:\/\/www.intoscana.it\/wp-content\/uploads\/Antonio-Mazzeo-a-Casa-Sanremo-con-Veronica-Maya-\u00a9-Casa-Sanremo.jpeg","type":"image\/jpeg"}],"author":"Redazione","twitter_card":"summary_large_image","twitter_creator":"@intoscana","twitter_site":"@intoscana","twitter_misc":{"Written by":"Redazione","Est. reading time":"2 minuti"},"schema":{"@context":"https:\/\/schema.org","@graph":[{"@type":"WebPage","@id":"https:\/\/www.intoscana.it\/it\/casa-sanremo-mugello-protagonista-mazzeo-la-toscana-dei-borghi-e-qui\/","url":"https:\/\/www.intoscana.it\/it\/casa-sanremo-mugello-protagonista-mazzeo-la-toscana-dei-borghi-e-qui\/","name":"Casa Sanremo, Mugello protagonista. Mazzeo: \"La Toscana dei borghi \u00e8 qui\" - intoscana","isPartOf":{"@id":"https:\/\/www.intoscana.it\/it\/#website"},"primaryImageOfPage":{"@id":"https:\/\/www.intoscana.it\/it\/casa-sanremo-mugello-protagonista-mazzeo-la-toscana-dei-borghi-e-qui\/#primaryimage"},"image":{"@id":"https:\/\/www.intoscana.it\/it\/casa-sanremo-mugello-protagonista-mazzeo-la-toscana-dei-borghi-e-qui\/#primaryimage"},"thumbnailUrl":"https:\/\/www.intoscana.it\/wp-content\/uploads\/Antonio-Mazzeo-a-Casa-Sanremo-con-Veronica-Maya-\u00a9-Casa-Sanremo.jpeg","datePublished":"2024-02-07T10:13:57+00:00","dateModified":"2024-02-09T10:47:39+00:00","author":{"@id":"https:\/\/www.intoscana.it\/it\/#\/schema\/person\/9223810753230f20bd670fdd322661f8"},"description":"Nel padiglione ufficiale del festival le eccellenze agroalimetari del territorio e un omaggio alla Piana fiorentina colpita dall'alluvione","breadcrumb":{"@id":"https:\/\/www.intoscana.it\/it\/casa-sanremo-mugello-protagonista-mazzeo-la-toscana-dei-borghi-e-qui\/#breadcrumb"},"inLanguage":"it-IT","potentialAction":[{"@type":"ReadAction","target":["https:\/\/www.intoscana.it\/it\/casa-sanremo-mugello-protagonista-mazzeo-la-toscana-dei-borghi-e-qui\/"]}]},{"@type":"ImageObject","inLanguage":"it-IT","@id":"https:\/\/www.intoscana.it\/it\/casa-sanremo-mugello-protagonista-mazzeo-la-toscana-dei-borghi-e-qui\/#primaryimage","url":"https:\/\/www.intoscana.it\/wp-content\/uploads\/Antonio-Mazzeo-a-Casa-Sanremo-con-Veronica-Maya-\u00a9-Casa-Sanremo.jpeg","contentUrl":"https:\/\/www.intoscana.it\/wp-content\/uploads\/Antonio-Mazzeo-a-Casa-Sanremo-con-Veronica-Maya-\u00a9-Casa-Sanremo.jpeg","width":2048,"height":1365},{"@type":"BreadcrumbList","@id":"https:\/\/www.intoscana.it\/it\/casa-sanremo-mugello-protagonista-mazzeo-la-toscana-dei-borghi-e-qui\/#breadcrumb","itemListElement":[{"@type":"ListItem","position":1,"name":"Home","item":"https:\/\/www.intoscana.it\/it\/"},{"@type":"ListItem","position":2,"name":"Casa Sanremo, Mugello protagonista. Mazzeo: &#8220;La Toscana dei borghi \u00e8 qui&#8221;"}]},{"@type":"WebSite","@id":"https:\/\/www.intoscana.it\/it\/#website","url":"https:\/\/www.intoscana.it\/it\/","name":"intoscana","description":"","potentialAction":[{"@type":"SearchAction","target":{"@type":"EntryPoint","urlTemplate":"https:\/\/www.intoscana.it\/it\/?s={search_term_string}"},"query-input":{"@type":"PropertyValueSpecification","valueRequired":true,"valueName":"search_term_string"}}],"inLanguage":"it-IT"},{"@type":"Person","@id":"https:\/\/www.intoscana.it\/it\/#\/schema\/person\/9223810753230f20bd670fdd322661f8","name":"Redazione","url":"https:\/\/www.intoscana.it\/it\/author\/redazione\/"}]}},"_links":{"self":[{"href":"https:\/\/www.intoscana.it\/it\/wp-json\/wp\/v2\/posts\/325694","targetHints":{"allow":["GET"]}}],"collection":[{"href":"https:\/\/www.intoscana.it\/it\/wp-json\/wp\/v2\/posts"}],"about":[{"href":"https:\/\/www.intoscana.it\/it\/wp-json\/wp\/v2\/types\/post"}],"author":[{"embeddable":true,"href":"https:\/\/www.intoscana.it\/it\/wp-json\/wp\/v2\/users\/525"}],"replies":[{"embeddable":true,"href":"https:\/\/www.intoscana.it\/it\/wp-json\/wp\/v2\/comments?post=325694"}],"version-history":[{"count":5,"href":"https:\/\/www.intoscana.it\/it\/wp-json\/wp\/v2\/posts\/325694\/revisions"}],"predecessor-version":[{"id":325712,"href":"https:\/\/www.intoscana.it\/it\/wp-json\/wp\/v2\/posts\/325694\/revisions\/325712"}],"wp:featuredmedia":[{"embeddable":true,"href":"https:\/\/www.intoscana.it\/it\/wp-json\/wp\/v2\/media\/325806"}],"wp:attachment":[{"href":"https:\/\/www.intoscana.it\/it\/wp-json\/wp\/v2\/media?parent=325694"}],"wp:term":[{"taxonomy":"category","embeddable":true,"href":"https:\/\/www.intoscana.it\/it\/wp-json\/wp\/v2\/categories?post=325694"},{"taxonomy":"post_tag","embeddable":true,"href":"https:\/\/www.intoscana.it\/it\/wp-json\/wp\/v2\/tags?post=325694"}],"curies":[{"name":"wp","href":"https:\/\/api.w.org\/{rel}","templated":true}]}}