{"id":325841,"date":"2024-02-07T15:58:17","date_gmt":"2024-02-07T14:58:17","guid":{"rendered":"https:\/\/www.intoscana.it\/it\/?p=325841"},"modified":"2024-02-07T15:58:17","modified_gmt":"2024-02-07T14:58:17","slug":"piante-e-cabrei-del-mugello-e-della-val-di-sieve-in-mostra-in-consiglio-regionale","status":"publish","type":"post","link":"https:\/\/www.intoscana.it\/it\/piante-e-cabrei-del-mugello-e-della-val-di-sieve-in-mostra-in-consiglio-regionale\/","title":{"rendered":"Piante e cabrei del Mugello e della Val di Sieve in mostra in Consiglio regionale"},"content":{"rendered":"<p>Fino al <strong>17 febbraio<\/strong> \u00e8 possibile visitare in Consiglio regionale, nello spazio espositivo Ciampi la mostra &#8220;<em>Piante e cabrei del Mugello e della Val di Sieve<\/em>&#8221; nata dal lavoro di ricerca sul territorio fatto dal <strong>Gruppo archeologico dicomanese<\/strong>. A tagliare il nastro all\u2019inaugurazione della mostra la presidente della commissione Cultura <strong>Cristina Giachi<\/strong>. Erano presenti il consigliere regionale\u00a0<strong>Cristiano Benucci<\/strong>\u00a0e il sindaco di Dicomano\u00a0<strong>Stefano Passiatore<\/strong>. In questa occasione \u00e8 stato presentato anche il <strong>libro<\/strong> dallo stesso titolo della mostra che raccoglie e ripercorre la storia di questo territorio attraverso la cartografia.<\/p>\n<p>\u201c<em>Quando ci troviamo di fronte a opere come queste<\/em> \u2013 le parole della presidente Giachi \u2013 <em>che descrivono il nostro territorio, ci rendiamo conto che esiste un legame strettissimo di corrispondenza tra gli occhi che guardano e interpretano e la ricchezza del territorio stesso. Si influenzano a vicenda e danno vita a un\u2019esperienza magnifica di cittadinanza, come tutte le toscane e tutti i toscani posso testimoniare per la Val di Sieve e per il Mugello. Piante e cabrei raccontano il territorio, ma anche lo sguardo di chi quel territorio ha abitato, raccontato e rappresentato. \u00c8 una <strong>storia materiale<\/strong> della nostra terra che ben rappresenta la Toscana<\/em>\u201d.<\/p>\n<figure id=\"post-325843 media-325843\" class=\"align-none\"><img decoding=\"async\" src=\"https:\/\/www.intoscana.it\/wp-content\/uploads\/Inaugiurazione-mostra-Piante-e-cabrei-del-Mugello-e-della-Val-di-Sieve-2.jpeg\" alt=\"\" \/><\/figure>\n<div class=\"titleimg\">\u00a9 Ilaria Costanzo<\/div>\n<p>\u201c<em>\u00c8 un <strong>patrimonio regionale<\/strong> quello che oggi inauguriamo<\/em>\u201d racconta il sindaco di Dicomano\u00a0<strong>Stefano Passiatore<\/strong>. \u201c<em>Basta immergersi per pochi minuti in queste sale<\/em> \u2013 ha spiegato il sindaco \u2013 <em>per capire la grandezza del lavoro fatto dal Gruppo archeologico dicomanese che ha riportato alla luce <strong>un modo di gestire il territorio<\/strong>. La Toscana \u00e8 bella anche perch\u00e9 negli anni si \u00e8 avuta cura del territorio e queste piante e questi cabrei dimostrano l\u2019accuratezza e l\u2019attenzione che prima le famiglie nobili e poi i contadini hanno avuto<\/em>\u201d.<\/p>\n<p class=\"p1\">La mostra e il libro sono il risultato del <strong>progetto storico e divulgativo<\/strong> realizzato in molti anni di lavoro da parte del Gruppo archeologico dicomanense analizzando e mettendo i materiali, i libri degli istituti pubblici e privati insieme alla cartografia storica del Mugello e della Val di Sieve compresa fra il XVI e XIX secolo. Siamo proiettati all&#8217;interno di un percorso cronologico che segue l&#8217;evoluzione storica e geografica del territorio del Mugello e della Val di Sieve attraverso la cartografia, con una modalit\u00e0 diversa di leggere il cambiamento del paesaggio, ma anche le trasformazioni sociali ed economiche dal Medioevo fino ai primi del Novecento.<\/p>\n<p>\u201c<em>Il nostro grande desiderio<\/em> \u2013 spiega\u00a0<strong>Laura Passerini<\/strong>, presidente del Gruppo archeologico dicomanese \u2013 e<em>ra quello di trasportare queste bellissime immagini in un <strong>libro<\/strong> che desse la possibilit\u00e0 a pi\u00f9 persone di conoscere il materiale raccolto. E con l\u2019aiuto del Consiglio regionale della Toscana siamo riusciti a realizzare il nostro sogno trasformando le immagini di questa mostra in un <strong>libro<\/strong><\/em>\u201d.<\/p>\n<figure id=\"post-325845 media-325845\" class=\"align-none\"><img decoding=\"async\" src=\"https:\/\/www.intoscana.it\/wp-content\/uploads\/Inaugiurazione-mostra-Piante-e-cabrei-del-Mugello-e-della-Val-di-Sieve-7.jpeg\" alt=\"\" \/><\/figure>\n<div class=\"titleimg\">\u00a9 Ilaria Costanzo<\/div>\n<p>A spiegare cos\u2019\u00e8 un <strong>cabreo<\/strong> \u00e8 il vicepresidente del Gruppo archeologico\u00a0<strong>Paolo Pasciolla<\/strong>: \u201c<em>Si tratta di un libro di fattoria, grosso come un atlante, molto pesante, che contiene tutti dati della propriet\u00e0. Sono dati di ogni genere, di tipo agricolo, ma ci sono anche i conti su quanto aveva fruttato un raccolto. Ma a certo punto nel cabreo compare un\u2019opera d\u2019arte. Un dipinto che veniva fatto dall\u2019agrimensore, che era una rappresentazione artistica della propriet\u00e0<\/em>\u201d.<\/p>\n<p>La mostra proseguir\u00e0 fino al 17 febbraio 2024 con il seguente orario: da luned\u00ec al venerd\u00ec, dalle 10.00 alle 12.00 e dalle 15.00 alle 19.00 \u2013 sabato dalle 10.00 alle 13.00<\/p>\n<p class=\"p1\">\n","protected":false},"excerpt":{"rendered":"<p>Il libro del Gruppo archeologico di Dicomano diventa una mostra dedicata al racconto dell&#8217;evoluzione di questo territorio a partire dalla cartografia storica<\/p>\n","protected":false},"author":525,"featured_media":325844,"comment_status":"open","ping_status":"open","sticky":false,"template":"","format":"standard","meta":{"_acf_changed":false,"footnotes":""},"categories":[19],"tags":[4753,238,375],"class_list":["post-325841","post","type-post","status-publish","format-standard","has-post-thumbnail","hentry","category-ambiente","tag-consiglio-regionale-della-toscana","tag-mostra","tag-mugello"],"acf":[],"yoast_head":"<!-- This site is optimized with the Yoast SEO Premium plugin v24.2 (Yoast SEO v25.6) - https:\/\/yoast.com\/wordpress\/plugins\/seo\/ -->\n<title>Piante e cabrei del Mugello e della Val di Sieve in mostra in Consiglio regionale - intoscana<\/title>\n<meta name=\"robots\" content=\"index, follow, max-snippet:-1, max-image-preview:large, max-video-preview:-1\" \/>\n<link rel=\"canonical\" href=\"https:\/\/www.intoscana.it\/it\/piante-e-cabrei-del-mugello-e-della-val-di-sieve-in-mostra-in-consiglio-regionale\/\" \/>\n<meta property=\"og:locale\" content=\"it_IT\" \/>\n<meta property=\"og:type\" content=\"article\" \/>\n<meta property=\"og:title\" content=\"Piante e cabrei del Mugello e della Val di Sieve in mostra in Consiglio regionale\" \/>\n<meta property=\"og:description\" content=\"Il libro del Gruppo archeologico di Dicomano diventa una mostra dedicata al racconto dell&#039;evoluzione di questo territorio a partire dalla cartografia storica\" \/>\n<meta property=\"og:url\" content=\"https:\/\/www.intoscana.it\/it\/piante-e-cabrei-del-mugello-e-della-val-di-sieve-in-mostra-in-consiglio-regionale\/\" \/>\n<meta property=\"og:site_name\" content=\"intoscana\" \/>\n<meta property=\"article:publisher\" content=\"https:\/\/www.facebook.com\/intoscana.it\" \/>\n<meta property=\"article:published_time\" content=\"2024-02-07T14:58:17+00:00\" \/>\n<meta property=\"og:image\" content=\"https:\/\/www.intoscana.it\/wp-content\/uploads\/Inaugiurazione-mostra-Piante-e-cabrei-del-Mugello-e-della-Val-di-Sieve-4.jpeg\" \/>\n\t<meta property=\"og:image:width\" content=\"2048\" \/>\n\t<meta property=\"og:image:height\" content=\"1152\" \/>\n\t<meta property=\"og:image:type\" content=\"image\/jpeg\" \/>\n<meta name=\"author\" content=\"Redazione\" \/>\n<meta name=\"twitter:card\" content=\"summary_large_image\" \/>\n<meta name=\"twitter:creator\" content=\"@intoscana\" \/>\n<meta name=\"twitter:site\" content=\"@intoscana\" \/>\n<meta name=\"twitter:label1\" content=\"Written by\" \/>\n\t<meta name=\"twitter:data1\" content=\"Redazione\" \/>\n\t<meta name=\"twitter:label2\" content=\"Est. reading time\" \/>\n\t<meta name=\"twitter:data2\" content=\"4 minuti\" \/>\n<script type=\"application\/ld+json\" class=\"yoast-schema-graph\">{\"@context\":\"https:\/\/schema.org\",\"@graph\":[{\"@type\":\"WebPage\",\"@id\":\"https:\/\/www.intoscana.it\/it\/piante-e-cabrei-del-mugello-e-della-val-di-sieve-in-mostra-in-consiglio-regionale\/\",\"url\":\"https:\/\/www.intoscana.it\/it\/piante-e-cabrei-del-mugello-e-della-val-di-sieve-in-mostra-in-consiglio-regionale\/\",\"name\":\"Piante e cabrei del Mugello e della Val di Sieve in mostra in Consiglio regionale - intoscana\",\"isPartOf\":{\"@id\":\"https:\/\/www.intoscana.it\/it\/#website\"},\"primaryImageOfPage\":{\"@id\":\"https:\/\/www.intoscana.it\/it\/piante-e-cabrei-del-mugello-e-della-val-di-sieve-in-mostra-in-consiglio-regionale\/#primaryimage\"},\"image\":{\"@id\":\"https:\/\/www.intoscana.it\/it\/piante-e-cabrei-del-mugello-e-della-val-di-sieve-in-mostra-in-consiglio-regionale\/#primaryimage\"},\"thumbnailUrl\":\"https:\/\/www.intoscana.it\/wp-content\/uploads\/Inaugiurazione-mostra-Piante-e-cabrei-del-Mugello-e-della-Val-di-Sieve-4.jpeg\",\"datePublished\":\"2024-02-07T14:58:17+00:00\",\"author\":{\"@id\":\"https:\/\/www.intoscana.it\/it\/#\/schema\/person\/9223810753230f20bd670fdd322661f8\"},\"breadcrumb\":{\"@id\":\"https:\/\/www.intoscana.it\/it\/piante-e-cabrei-del-mugello-e-della-val-di-sieve-in-mostra-in-consiglio-regionale\/#breadcrumb\"},\"inLanguage\":\"it-IT\",\"potentialAction\":[{\"@type\":\"ReadAction\",\"target\":[\"https:\/\/www.intoscana.it\/it\/piante-e-cabrei-del-mugello-e-della-val-di-sieve-in-mostra-in-consiglio-regionale\/\"]}]},{\"@type\":\"ImageObject\",\"inLanguage\":\"it-IT\",\"@id\":\"https:\/\/www.intoscana.it\/it\/piante-e-cabrei-del-mugello-e-della-val-di-sieve-in-mostra-in-consiglio-regionale\/#primaryimage\",\"url\":\"https:\/\/www.intoscana.it\/wp-content\/uploads\/Inaugiurazione-mostra-Piante-e-cabrei-del-Mugello-e-della-Val-di-Sieve-4.jpeg\",\"contentUrl\":\"https:\/\/www.intoscana.it\/wp-content\/uploads\/Inaugiurazione-mostra-Piante-e-cabrei-del-Mugello-e-della-Val-di-Sieve-4.jpeg\",\"width\":2048,\"height\":1152},{\"@type\":\"BreadcrumbList\",\"@id\":\"https:\/\/www.intoscana.it\/it\/piante-e-cabrei-del-mugello-e-della-val-di-sieve-in-mostra-in-consiglio-regionale\/#breadcrumb\",\"itemListElement\":[{\"@type\":\"ListItem\",\"position\":1,\"name\":\"Home\",\"item\":\"https:\/\/www.intoscana.it\/it\/\"},{\"@type\":\"ListItem\",\"position\":2,\"name\":\"Piante e cabrei del Mugello e della Val di Sieve in mostra in Consiglio regionale\"}]},{\"@type\":\"WebSite\",\"@id\":\"https:\/\/www.intoscana.it\/it\/#website\",\"url\":\"https:\/\/www.intoscana.it\/it\/\",\"name\":\"intoscana\",\"description\":\"\",\"potentialAction\":[{\"@type\":\"SearchAction\",\"target\":{\"@type\":\"EntryPoint\",\"urlTemplate\":\"https:\/\/www.intoscana.it\/it\/?s={search_term_string}\"},\"query-input\":{\"@type\":\"PropertyValueSpecification\",\"valueRequired\":true,\"valueName\":\"search_term_string\"}}],\"inLanguage\":\"it-IT\"},{\"@type\":\"Person\",\"@id\":\"https:\/\/www.intoscana.it\/it\/#\/schema\/person\/9223810753230f20bd670fdd322661f8\",\"name\":\"Redazione\",\"url\":\"https:\/\/www.intoscana.it\/it\/author\/redazione\/\"}]}<\/script>\n<!-- \/ Yoast SEO Premium plugin. -->","yoast_head_json":{"title":"Piante e cabrei del Mugello e della Val di Sieve in mostra in Consiglio regionale - intoscana","robots":{"index":"index","follow":"follow","max-snippet":"max-snippet:-1","max-image-preview":"max-image-preview:large","max-video-preview":"max-video-preview:-1"},"canonical":"https:\/\/www.intoscana.it\/it\/piante-e-cabrei-del-mugello-e-della-val-di-sieve-in-mostra-in-consiglio-regionale\/","og_locale":"it_IT","og_type":"article","og_title":"Piante e cabrei del Mugello e della Val di Sieve in mostra in Consiglio regionale","og_description":"Il libro del Gruppo archeologico di Dicomano diventa una mostra dedicata al racconto dell'evoluzione di questo territorio a partire dalla cartografia storica","og_url":"https:\/\/www.intoscana.it\/it\/piante-e-cabrei-del-mugello-e-della-val-di-sieve-in-mostra-in-consiglio-regionale\/","og_site_name":"intoscana","article_publisher":"https:\/\/www.facebook.com\/intoscana.it","article_published_time":"2024-02-07T14:58:17+00:00","og_image":[{"width":2048,"height":1152,"url":"https:\/\/www.intoscana.it\/wp-content\/uploads\/Inaugiurazione-mostra-Piante-e-cabrei-del-Mugello-e-della-Val-di-Sieve-4.jpeg","type":"image\/jpeg"}],"author":"Redazione","twitter_card":"summary_large_image","twitter_creator":"@intoscana","twitter_site":"@intoscana","twitter_misc":{"Written by":"Redazione","Est. reading time":"4 minuti"},"schema":{"@context":"https:\/\/schema.org","@graph":[{"@type":"WebPage","@id":"https:\/\/www.intoscana.it\/it\/piante-e-cabrei-del-mugello-e-della-val-di-sieve-in-mostra-in-consiglio-regionale\/","url":"https:\/\/www.intoscana.it\/it\/piante-e-cabrei-del-mugello-e-della-val-di-sieve-in-mostra-in-consiglio-regionale\/","name":"Piante e cabrei del Mugello e della Val di Sieve in mostra in Consiglio regionale - intoscana","isPartOf":{"@id":"https:\/\/www.intoscana.it\/it\/#website"},"primaryImageOfPage":{"@id":"https:\/\/www.intoscana.it\/it\/piante-e-cabrei-del-mugello-e-della-val-di-sieve-in-mostra-in-consiglio-regionale\/#primaryimage"},"image":{"@id":"https:\/\/www.intoscana.it\/it\/piante-e-cabrei-del-mugello-e-della-val-di-sieve-in-mostra-in-consiglio-regionale\/#primaryimage"},"thumbnailUrl":"https:\/\/www.intoscana.it\/wp-content\/uploads\/Inaugiurazione-mostra-Piante-e-cabrei-del-Mugello-e-della-Val-di-Sieve-4.jpeg","datePublished":"2024-02-07T14:58:17+00:00","author":{"@id":"https:\/\/www.intoscana.it\/it\/#\/schema\/person\/9223810753230f20bd670fdd322661f8"},"breadcrumb":{"@id":"https:\/\/www.intoscana.it\/it\/piante-e-cabrei-del-mugello-e-della-val-di-sieve-in-mostra-in-consiglio-regionale\/#breadcrumb"},"inLanguage":"it-IT","potentialAction":[{"@type":"ReadAction","target":["https:\/\/www.intoscana.it\/it\/piante-e-cabrei-del-mugello-e-della-val-di-sieve-in-mostra-in-consiglio-regionale\/"]}]},{"@type":"ImageObject","inLanguage":"it-IT","@id":"https:\/\/www.intoscana.it\/it\/piante-e-cabrei-del-mugello-e-della-val-di-sieve-in-mostra-in-consiglio-regionale\/#primaryimage","url":"https:\/\/www.intoscana.it\/wp-content\/uploads\/Inaugiurazione-mostra-Piante-e-cabrei-del-Mugello-e-della-Val-di-Sieve-4.jpeg","contentUrl":"https:\/\/www.intoscana.it\/wp-content\/uploads\/Inaugiurazione-mostra-Piante-e-cabrei-del-Mugello-e-della-Val-di-Sieve-4.jpeg","width":2048,"height":1152},{"@type":"BreadcrumbList","@id":"https:\/\/www.intoscana.it\/it\/piante-e-cabrei-del-mugello-e-della-val-di-sieve-in-mostra-in-consiglio-regionale\/#breadcrumb","itemListElement":[{"@type":"ListItem","position":1,"name":"Home","item":"https:\/\/www.intoscana.it\/it\/"},{"@type":"ListItem","position":2,"name":"Piante e cabrei del Mugello e della Val di Sieve in mostra in Consiglio regionale"}]},{"@type":"WebSite","@id":"https:\/\/www.intoscana.it\/it\/#website","url":"https:\/\/www.intoscana.it\/it\/","name":"intoscana","description":"","potentialAction":[{"@type":"SearchAction","target":{"@type":"EntryPoint","urlTemplate":"https:\/\/www.intoscana.it\/it\/?s={search_term_string}"},"query-input":{"@type":"PropertyValueSpecification","valueRequired":true,"valueName":"search_term_string"}}],"inLanguage":"it-IT"},{"@type":"Person","@id":"https:\/\/www.intoscana.it\/it\/#\/schema\/person\/9223810753230f20bd670fdd322661f8","name":"Redazione","url":"https:\/\/www.intoscana.it\/it\/author\/redazione\/"}]}},"_links":{"self":[{"href":"https:\/\/www.intoscana.it\/it\/wp-json\/wp\/v2\/posts\/325841","targetHints":{"allow":["GET"]}}],"collection":[{"href":"https:\/\/www.intoscana.it\/it\/wp-json\/wp\/v2\/posts"}],"about":[{"href":"https:\/\/www.intoscana.it\/it\/wp-json\/wp\/v2\/types\/post"}],"author":[{"embeddable":true,"href":"https:\/\/www.intoscana.it\/it\/wp-json\/wp\/v2\/users\/525"}],"replies":[{"embeddable":true,"href":"https:\/\/www.intoscana.it\/it\/wp-json\/wp\/v2\/comments?post=325841"}],"version-history":[{"count":1,"href":"https:\/\/www.intoscana.it\/it\/wp-json\/wp\/v2\/posts\/325841\/revisions"}],"predecessor-version":[{"id":325859,"href":"https:\/\/www.intoscana.it\/it\/wp-json\/wp\/v2\/posts\/325841\/revisions\/325859"}],"wp:featuredmedia":[{"embeddable":true,"href":"https:\/\/www.intoscana.it\/it\/wp-json\/wp\/v2\/media\/325844"}],"wp:attachment":[{"href":"https:\/\/www.intoscana.it\/it\/wp-json\/wp\/v2\/media?parent=325841"}],"wp:term":[{"taxonomy":"category","embeddable":true,"href":"https:\/\/www.intoscana.it\/it\/wp-json\/wp\/v2\/categories?post=325841"},{"taxonomy":"post_tag","embeddable":true,"href":"https:\/\/www.intoscana.it\/it\/wp-json\/wp\/v2\/tags?post=325841"}],"curies":[{"name":"wp","href":"https:\/\/api.w.org\/{rel}","templated":true}]}}