{"id":326301,"date":"2024-02-12T09:51:48","date_gmt":"2024-02-12T08:51:48","guid":{"rendered":"https:\/\/www.intoscana.it\/it\/?p=326301"},"modified":"2024-02-12T09:51:48","modified_gmt":"2024-02-12T08:51:48","slug":"servizio-civile-io-non-rischio-toscana","status":"publish","type":"post","link":"https:\/\/www.intoscana.it\/it\/servizio-civile-io-non-rischio-toscana\/","title":{"rendered":"Io Non Rischio, dalle buone pratiche al servizio civile. Le opportunit\u00e0 per i giovani"},"content":{"rendered":"<p>Fino a gioved\u00ec <strong>15 febbraio<\/strong> \u00e8 possibile inviare la propria candidatura per partecipare a uno dei progetti previsti dal <strong>servizio civile universale<\/strong>. Le opportunit\u00e0 in <strong>Toscana<\/strong>, per ragazzi e ragazze dai 18 fino ai 28 anni di et\u00e0, sono numerose e diverse tra loro, tra queste c\u2019\u00e8 il bando che si sviluppa dalla campagna <strong>Io non rischio<\/strong> dedicata alle buone pratiche di protezione civile, promosso da <strong>Anpas<\/strong> in collaborazione con il <strong>Dipartimento della Protezione Civile e Fondazione Cima<\/strong>. I posti disponibili per il progetto \u201c<strong>Io non rischio 365: il volontariato 2\u201d, <\/strong>uno dei tre bandi in cui si declina il servizio civile di Io Non Rischio, \u00e8 rivolto a <strong>10 volontari e volontarie<\/strong> da impiegare in diverse sedi <strong>Anpas in Toscana<\/strong> in attivit\u00e0 di informazione alla popolazione sui temi della prevenzione, sulla conoscenza rischi legati al territorio e sui comportamenti da adottare per ridurne gli effetti.<\/p>\n<p>Le sedi e le associazioni coinvolte sono quelle di <strong>Anpas Nazionale e Anpas Toscana<\/strong> a Firenze, la Societ\u00e0 Pubblica Assistenza e Mutuo Soccorso <strong>Rosignano<\/strong>, la P.A. Societ\u00e0 Riunite <strong>Pisa<\/strong>, la P.A. Croce Verde <strong>Lucca<\/strong>, nell\u2019associazione di Pubblica Assistenza e Gruppo Donatori di Sangue Monteroni <strong>Val d\u2019Arbia, <\/strong>nella SOCIETA\u2019 DI PUBBLICA ASSISTENZA E MUTUO SOCCORSO <strong>ROSIGNANO<\/strong>, nella Pubblica Assistenza l\u2019Avvenire di Prato e presso l\u2019Humanitas di Scandicci.<\/p>\n<p>Il progetto, alla sua seconda edizione, \u00e8 ancora in fase sperimentale, per questo abbiamo voluto approfondire le opportunit\u00e0 che offre per i giovani e le esperienze che durante l\u2019anno possono essere svolte insieme a <strong>Antonio Cartoni<\/strong>, referente Io Non Rischio per Anpas Toscana e a <strong>Emilia Del Pino e Cecilia Stopponi<\/strong>, operatrici del servizio civile che a maggio concluderanno l\u2019esperienza con Io Non Rischio, la prima in Anpas Nazionale e la seconda presso la Pubblica Assistenza Val d\u2019Arbia.<\/p>\n<p><strong>Ci puoi parlare brevemente del progetto?<\/strong><\/p>\n<p><strong>A<\/strong>. <em>A differenza di tutti gli altri progetti che gi\u00e0 sono in essere, il progetto \u00e8 trasversale nelle attivit\u00e0 in quanto promosso da una istituzione, una associazione di volontariato ed un ente di ricerca abbracciando cos\u00ec aspetti complementari della comunicazione del rischio, inoltre ha un respiro nazionale in quanto le sedi di attuazioni sono in 4 regioni diverse, tra cui le pubbliche assistenze toscane e abruzzesi. Questo progetto ha principalmente tre declinazioni, Io Non Rischio 365 \u201cla Comunicazione\u201d che viene sviluppata al Dipartimento della protezione civile e in Fondazione Cima, Io Non Rischio 365 \u201cIl Volontariato\u201d, presso le pubbliche assistenze Toscane ed infine Io Non Rischio 365 \u201cla Popolazione\u201d, nelle Pubbliche Assistenze abruzzesi. I ragazzi e le ragazze che vengono selezionati hanno l\u2019opportunit\u00e0 di vivere una esperienza nel Comitato nazionale, nel Comitato regionale toscano od in altre associazioni sul territorio.<br \/>\nIn questo primo anno, hanno avuto la possibilit\u00e0 di toccare il sistema di protezione civile con mano a tutti i livelli. Siamo stati al Dipartimento di Protezione Civile Nazionale, siamo andati in Regione Toscana a vedere la sala operativa e di come funziona il sistema di protezione civile regionale. A novembre i ragazzi hanno partecipato a Lucca Comics &amp; Games, con uno stand dedicato dove hanno parlato di Io Non Rischio ai visitatori, alle famiglie e ai cosplayer a Lucca\u00a0in\u00a0quei\u00a0giorni.<\/em><\/p>\n<figure id=\"post-326302 media-326302\" class=\"align-none\"><img decoding=\"async\" src=\"https:\/\/www.intoscana.it\/wp-content\/uploads\/servizio-civile-io-non-rischio-4.jpeg\" alt=\"\" \/><\/figure>\n<p><strong>Cosa contraddistingue questo progetto dagli altri?<\/strong><\/p>\n<p><strong>A.<\/strong><em> La cosa bella di questo progetto \u00e8 che \u00e8 <strong>sperimentale<\/strong> e quindi lo stiamo costruendo insieme a ragazzi. Inoltre, stiamo cercando di fargli fare <strong>un&#8217;esperienza a tutto tondo<\/strong> del sistema di protezione civile. Tra marzo e aprile andremo ad <strong>Amatrice<\/strong>, alla Casa della Montagna che \u00e8 di fronte al campo che, come Anpas, avevamo allestito durante il terremoto del centro Italia. L\u00ec faremo un paio di giornate di incontri insieme a tutti i ragazzi del servizio civile di Io Non Rischio, non solo i ragazzi impegnati in Toscana, ma anche quelli al Dipartimento della protezione civile, presso Fondazione Cima e in Abruzzo.<\/em><\/p>\n<p><strong>Perch\u00e9 un ragazzo o una ragazza dovrebbe scegliere questo progetto?<\/strong><\/p>\n<p><strong>A. <\/strong>Sia<em> per le esperienze che andranno a vivere durante l\u2019anno, l\u2019opportunit\u00e0 di fare nuove amicizie ma anche per la parte di formazione che viene svolta sui rischi e sul lavoro di protezione civile.<\/em><\/p>\n<p><strong>Perch\u00e9 avete scelto questo progetto?<\/strong><\/p>\n<p><strong>E. <\/strong><em>Ero alla fine dei miei studi e cercavo qualcosa che, in qualche modo, mi permettesse di entrare nel <strong>mondo del lavoro<\/strong> ma che allo stesso tempo di permettesse di fare <strong>qualcosa di utile<\/strong>. Sono venuta a conoscenza del progetto tramite il volantino, non sapevo cos\u2019era Io Non Rischio, ma mi \u00e8 sembrata una esperienza interessante, l\u2019occasione giusta per dedicarmi ad un progetto nuovo e ho deciso di candidarmi.<\/em><\/p>\n<p><strong>C.<\/strong><em> Come Emilia, anche io cercavo una esperienza dopo la scuola ma che fosse vicina al tipo di studi che ho fatto, sono diplomata nell\u2019ambito della grafica e social media. Da un paio d\u2019anni sono poi attiva nell\u2019associazione, qui in Val d\u2019Arbia che \u00e8 anche una delle sedi del progetto Io Non Rischio. Cos\u00ec mi sono candidata e ho iniziato questo percorso. Grazie a questa opportunit\u00e0 mi sento anche pi\u00f9 utile all\u2019interno dell\u2019associazione stessa, in pi\u00f9 ho stretto una bella <strong>amicizia<\/strong> con l\u2019altra ragazza che fa il servizio civile che \u00e8 presto diventata una amica oltre che una collega di lavoro.<\/em><\/p>\n<figure id=\"post-326304 media-326304\" class=\"align-none\"><img decoding=\"async\" src=\"https:\/\/www.intoscana.it\/wp-content\/uploads\/servizio-civile-io-non-rischio-2.jpeg\" alt=\"\" \/><\/figure>\n<p><strong>Quale attivit\u00e0 o iniziativa che avete seguito vi \u00e8 piaciuta o vi ha insegnato maggiormente?<\/strong><\/p>\n<p><strong>E. <\/strong>\u00c8<em> difficile sceglierne una, sicuramente la visita al <strong>Dipartimento della Protezione Civile<\/strong> nella sua sede di Roma \u00e8 stata importante perch\u00e9 mi ha aperto un mondo che conoscevo poco. In pi\u00f9 mi ha permesso di renderlo pi\u00f9 reale. Mi \u00e8 piaciuto visitare le varie sale operative, di cui si sente parlare o si vedono in tv e fare le domande agli operatori che ci lavorano tutti i giorni. <\/em><\/p>\n<p><strong>C. <\/strong>Per<em> me invece l&#8217;esperienza pi\u00f9 bella \u00e8 stata <strong>Lucca Comics &amp; Games<\/strong>. Non ci ho potuto partecipare in presenza perch\u00e9 impegnata con l\u2019emergenza alluvione, ma \u00e8 stata realizzata e messa in pratica una mia <strong>idea<\/strong>. \u00c8 stato bello perch\u00e9 mi sono vista riconoscere un mio progetto. In pratica ho realizzato tutta la grafica dei pannelli che compongono il gazebo che \u00e8 stato allestito a Lucca dove potersi farse le foto.<\/em><\/p>\n<p><strong>A.<\/strong> In<em> una riunione per la preparazione di una giornata formativa a Firenze abbiamo chiesto contributi ai formatori e ai ragazzi del servizio civile, l\u2019unica a proporsi alzando timidamente la mano \u00e8 stata Cecilia e la sua idea \u00e8 stata sviluppata insieme ai ragazzi del servizio civile e riproposta oltre che per la giornata preparativa alla manifestazione nazionale di Io Non Rischio, anche in altri ambiti. Emilia, invece, ha seguito tutte le pratiche amministrative dei rimborsi delle associazioni Anpas, a livello nazionale, che sono state impegnate nell\u2019emergenza alluvione. Tutto questo mi rende orgoglioso. <mark>Questi ragazzi hanno delle potenzialit\u00e0 enormi e ci dovrebbero credere di pi\u00f9 perch\u00e9 poi dimostrano quanto valgono. <\/mark><\/em><\/p>\n<figure id=\"post-326303 media-326303\" class=\"align-none\"><img decoding=\"async\" src=\"https:\/\/www.intoscana.it\/wp-content\/uploads\/servizio-civile-io-non-rischio-3.jpeg\" alt=\"\" \/><\/figure>\n<p><strong>Cosa direste ai vostri coetanei per invitarli a candidarsi a questo progetto o a svolgere comunque una esperienza di servizio civile?<\/strong><\/p>\n<p><strong>E. <\/strong>Io<em> gli direi di <strong>provarci<\/strong> perch\u00e9 \u00e8 un qualcosa di nuovo ma \u00e8 legata ad una tematica, quella della protezione civile, che oggi \u00e8 <strong>essenziale<\/strong>, soprattutto per capire quali sono i rischi e come possiamo attivamente prevenirli o quali comportamenti adottare. A questo si aggiungono le <strong>amicizie<\/strong> che \u00e8 possibile creare in questo percorso e incontrare, oltre che imparare dalle persone che sono impegnate in prima linea nella protezione civile. <\/em><\/p>\n<p><strong>C. <\/strong><em>Io, invece, consiglio di provare a candidarsi per questo progetto proprio per il suo aspetto <strong>sperimentale<\/strong> perch\u00e9 \u00e8 una strada che ti permette di capire cosa si \u00e8 in grado di fare e in cosa possiamo renderci utili. \u00c8 un percorso che ti d\u00e0 una <strong>prospettiva<\/strong>, che ti permette di capire come svolgere un lavoro e ti fa crescere anche a livello di <strong>responsabilit\u00e0<\/strong>. Grazie a questo progetto ho imparato tante cose a livello lavorativo e sono cresciuta anche mentalmente.<\/em><\/p>\n","protected":false},"excerpt":{"rendered":"<p>Opportunit\u00e0 per i giovani per svolgere una esperienza che unisce la protezione civile e il volontariato alle attivit\u00e0 di comunicazione per la campagna nazionale Io Non Rischio. Il bando \u00e8 aperto fino al 15 febbraio<\/p>\n","protected":false},"author":507,"featured_media":326305,"comment_status":"open","ping_status":"open","sticky":false,"template":"","format":"standard","meta":{"_acf_changed":false,"footnotes":""},"categories":[4],"tags":[4510,3471,5695],"class_list":["post-326301","post","type-post","status-publish","format-standard","has-post-thumbnail","hentry","category-storie","tag-io-non-rischio","tag-protezione-civile","tag-servizio-civile"],"acf":[],"yoast_head":"<!-- This site is optimized with the Yoast SEO Premium plugin v24.2 (Yoast SEO v25.6) - https:\/\/yoast.com\/wordpress\/plugins\/seo\/ -->\n<title>Io Non Rischio, dalle buone pratiche al servizio civile. Le opportunit\u00e0 per i giovani - intoscana<\/title>\n<meta name=\"robots\" content=\"index, follow, max-snippet:-1, max-image-preview:large, max-video-preview:-1\" \/>\n<link rel=\"canonical\" href=\"https:\/\/www.intoscana.it\/it\/servizio-civile-io-non-rischio-toscana\/\" \/>\n<meta property=\"og:locale\" content=\"it_IT\" \/>\n<meta property=\"og:type\" content=\"article\" \/>\n<meta property=\"og:title\" content=\"Io Non Rischio, dalle buone pratiche al servizio civile. Le opportunit\u00e0 per i giovani\" \/>\n<meta property=\"og:description\" content=\"Opportunit\u00e0 per i giovani per svolgere una esperienza che unisce la protezione civile e il volontariato alle attivit\u00e0 di comunicazione per la campagna nazionale Io Non Rischio. Il bando \u00e8 aperto fino al 15 febbraio\" \/>\n<meta property=\"og:url\" content=\"https:\/\/www.intoscana.it\/it\/servizio-civile-io-non-rischio-toscana\/\" \/>\n<meta property=\"og:site_name\" content=\"intoscana\" \/>\n<meta property=\"article:publisher\" content=\"https:\/\/www.facebook.com\/intoscana.it\" \/>\n<meta property=\"article:published_time\" content=\"2024-02-12T08:51:48+00:00\" \/>\n<meta property=\"og:image\" content=\"https:\/\/www.intoscana.it\/wp-content\/uploads\/servizio-civile-io-non-rischio-1.jpeg\" \/>\n\t<meta property=\"og:image:width\" content=\"1600\" \/>\n\t<meta property=\"og:image:height\" content=\"1200\" \/>\n\t<meta property=\"og:image:type\" content=\"image\/jpeg\" \/>\n<meta name=\"author\" content=\"Chiara Bianchini\" \/>\n<meta name=\"twitter:card\" content=\"summary_large_image\" \/>\n<meta name=\"twitter:creator\" content=\"@intoscana\" \/>\n<meta name=\"twitter:site\" content=\"@intoscana\" \/>\n<meta name=\"twitter:label1\" content=\"Written by\" \/>\n\t<meta name=\"twitter:data1\" content=\"Chiara Bianchini\" \/>\n\t<meta name=\"twitter:label2\" content=\"Est. reading time\" \/>\n\t<meta name=\"twitter:data2\" content=\"8 minuti\" \/>\n<script type=\"application\/ld+json\" class=\"yoast-schema-graph\">{\"@context\":\"https:\/\/schema.org\",\"@graph\":[{\"@type\":\"WebPage\",\"@id\":\"https:\/\/www.intoscana.it\/it\/servizio-civile-io-non-rischio-toscana\/\",\"url\":\"https:\/\/www.intoscana.it\/it\/servizio-civile-io-non-rischio-toscana\/\",\"name\":\"Io Non Rischio, dalle buone pratiche al servizio civile. Le opportunit\u00e0 per i giovani - intoscana\",\"isPartOf\":{\"@id\":\"https:\/\/www.intoscana.it\/it\/#website\"},\"primaryImageOfPage\":{\"@id\":\"https:\/\/www.intoscana.it\/it\/servizio-civile-io-non-rischio-toscana\/#primaryimage\"},\"image\":{\"@id\":\"https:\/\/www.intoscana.it\/it\/servizio-civile-io-non-rischio-toscana\/#primaryimage\"},\"thumbnailUrl\":\"https:\/\/www.intoscana.it\/wp-content\/uploads\/servizio-civile-io-non-rischio-1.jpeg\",\"datePublished\":\"2024-02-12T08:51:48+00:00\",\"author\":{\"@id\":\"https:\/\/www.intoscana.it\/it\/#\/schema\/person\/010af92117f50561886339ad5b873a41\"},\"breadcrumb\":{\"@id\":\"https:\/\/www.intoscana.it\/it\/servizio-civile-io-non-rischio-toscana\/#breadcrumb\"},\"inLanguage\":\"it-IT\",\"potentialAction\":[{\"@type\":\"ReadAction\",\"target\":[\"https:\/\/www.intoscana.it\/it\/servizio-civile-io-non-rischio-toscana\/\"]}]},{\"@type\":\"ImageObject\",\"inLanguage\":\"it-IT\",\"@id\":\"https:\/\/www.intoscana.it\/it\/servizio-civile-io-non-rischio-toscana\/#primaryimage\",\"url\":\"https:\/\/www.intoscana.it\/wp-content\/uploads\/servizio-civile-io-non-rischio-1.jpeg\",\"contentUrl\":\"https:\/\/www.intoscana.it\/wp-content\/uploads\/servizio-civile-io-non-rischio-1.jpeg\",\"width\":1600,\"height\":1200},{\"@type\":\"BreadcrumbList\",\"@id\":\"https:\/\/www.intoscana.it\/it\/servizio-civile-io-non-rischio-toscana\/#breadcrumb\",\"itemListElement\":[{\"@type\":\"ListItem\",\"position\":1,\"name\":\"Home\",\"item\":\"https:\/\/www.intoscana.it\/it\/\"},{\"@type\":\"ListItem\",\"position\":2,\"name\":\"Io Non Rischio, dalle buone pratiche al servizio civile. Le opportunit\u00e0 per i giovani\"}]},{\"@type\":\"WebSite\",\"@id\":\"https:\/\/www.intoscana.it\/it\/#website\",\"url\":\"https:\/\/www.intoscana.it\/it\/\",\"name\":\"intoscana\",\"description\":\"\",\"potentialAction\":[{\"@type\":\"SearchAction\",\"target\":{\"@type\":\"EntryPoint\",\"urlTemplate\":\"https:\/\/www.intoscana.it\/it\/?s={search_term_string}\"},\"query-input\":{\"@type\":\"PropertyValueSpecification\",\"valueRequired\":true,\"valueName\":\"search_term_string\"}}],\"inLanguage\":\"it-IT\"},{\"@type\":\"Person\",\"@id\":\"https:\/\/www.intoscana.it\/it\/#\/schema\/person\/010af92117f50561886339ad5b873a41\",\"name\":\"Chiara Bianchini\",\"sameAs\":[\"c.bianchini@fst.it\"],\"url\":\"https:\/\/www.intoscana.it\/it\/author\/chiara-bianchini\/\"}]}<\/script>\n<!-- \/ Yoast SEO Premium plugin. -->","yoast_head_json":{"title":"Io Non Rischio, dalle buone pratiche al servizio civile. Le opportunit\u00e0 per i giovani - intoscana","robots":{"index":"index","follow":"follow","max-snippet":"max-snippet:-1","max-image-preview":"max-image-preview:large","max-video-preview":"max-video-preview:-1"},"canonical":"https:\/\/www.intoscana.it\/it\/servizio-civile-io-non-rischio-toscana\/","og_locale":"it_IT","og_type":"article","og_title":"Io Non Rischio, dalle buone pratiche al servizio civile. Le opportunit\u00e0 per i giovani","og_description":"Opportunit\u00e0 per i giovani per svolgere una esperienza che unisce la protezione civile e il volontariato alle attivit\u00e0 di comunicazione per la campagna nazionale Io Non Rischio. Il bando \u00e8 aperto fino al 15 febbraio","og_url":"https:\/\/www.intoscana.it\/it\/servizio-civile-io-non-rischio-toscana\/","og_site_name":"intoscana","article_publisher":"https:\/\/www.facebook.com\/intoscana.it","article_published_time":"2024-02-12T08:51:48+00:00","og_image":[{"width":1600,"height":1200,"url":"https:\/\/www.intoscana.it\/wp-content\/uploads\/servizio-civile-io-non-rischio-1.jpeg","type":"image\/jpeg"}],"author":"Chiara Bianchini","twitter_card":"summary_large_image","twitter_creator":"@intoscana","twitter_site":"@intoscana","twitter_misc":{"Written by":"Chiara Bianchini","Est. reading time":"8 minuti"},"schema":{"@context":"https:\/\/schema.org","@graph":[{"@type":"WebPage","@id":"https:\/\/www.intoscana.it\/it\/servizio-civile-io-non-rischio-toscana\/","url":"https:\/\/www.intoscana.it\/it\/servizio-civile-io-non-rischio-toscana\/","name":"Io Non Rischio, dalle buone pratiche al servizio civile. Le opportunit\u00e0 per i giovani - intoscana","isPartOf":{"@id":"https:\/\/www.intoscana.it\/it\/#website"},"primaryImageOfPage":{"@id":"https:\/\/www.intoscana.it\/it\/servizio-civile-io-non-rischio-toscana\/#primaryimage"},"image":{"@id":"https:\/\/www.intoscana.it\/it\/servizio-civile-io-non-rischio-toscana\/#primaryimage"},"thumbnailUrl":"https:\/\/www.intoscana.it\/wp-content\/uploads\/servizio-civile-io-non-rischio-1.jpeg","datePublished":"2024-02-12T08:51:48+00:00","author":{"@id":"https:\/\/www.intoscana.it\/it\/#\/schema\/person\/010af92117f50561886339ad5b873a41"},"breadcrumb":{"@id":"https:\/\/www.intoscana.it\/it\/servizio-civile-io-non-rischio-toscana\/#breadcrumb"},"inLanguage":"it-IT","potentialAction":[{"@type":"ReadAction","target":["https:\/\/www.intoscana.it\/it\/servizio-civile-io-non-rischio-toscana\/"]}]},{"@type":"ImageObject","inLanguage":"it-IT","@id":"https:\/\/www.intoscana.it\/it\/servizio-civile-io-non-rischio-toscana\/#primaryimage","url":"https:\/\/www.intoscana.it\/wp-content\/uploads\/servizio-civile-io-non-rischio-1.jpeg","contentUrl":"https:\/\/www.intoscana.it\/wp-content\/uploads\/servizio-civile-io-non-rischio-1.jpeg","width":1600,"height":1200},{"@type":"BreadcrumbList","@id":"https:\/\/www.intoscana.it\/it\/servizio-civile-io-non-rischio-toscana\/#breadcrumb","itemListElement":[{"@type":"ListItem","position":1,"name":"Home","item":"https:\/\/www.intoscana.it\/it\/"},{"@type":"ListItem","position":2,"name":"Io Non Rischio, dalle buone pratiche al servizio civile. Le opportunit\u00e0 per i giovani"}]},{"@type":"WebSite","@id":"https:\/\/www.intoscana.it\/it\/#website","url":"https:\/\/www.intoscana.it\/it\/","name":"intoscana","description":"","potentialAction":[{"@type":"SearchAction","target":{"@type":"EntryPoint","urlTemplate":"https:\/\/www.intoscana.it\/it\/?s={search_term_string}"},"query-input":{"@type":"PropertyValueSpecification","valueRequired":true,"valueName":"search_term_string"}}],"inLanguage":"it-IT"},{"@type":"Person","@id":"https:\/\/www.intoscana.it\/it\/#\/schema\/person\/010af92117f50561886339ad5b873a41","name":"Chiara Bianchini","sameAs":["c.bianchini@fst.it"],"url":"https:\/\/www.intoscana.it\/it\/author\/chiara-bianchini\/"}]}},"_links":{"self":[{"href":"https:\/\/www.intoscana.it\/it\/wp-json\/wp\/v2\/posts\/326301","targetHints":{"allow":["GET"]}}],"collection":[{"href":"https:\/\/www.intoscana.it\/it\/wp-json\/wp\/v2\/posts"}],"about":[{"href":"https:\/\/www.intoscana.it\/it\/wp-json\/wp\/v2\/types\/post"}],"author":[{"embeddable":true,"href":"https:\/\/www.intoscana.it\/it\/wp-json\/wp\/v2\/users\/507"}],"replies":[{"embeddable":true,"href":"https:\/\/www.intoscana.it\/it\/wp-json\/wp\/v2\/comments?post=326301"}],"version-history":[{"count":1,"href":"https:\/\/www.intoscana.it\/it\/wp-json\/wp\/v2\/posts\/326301\/revisions"}],"predecessor-version":[{"id":326307,"href":"https:\/\/www.intoscana.it\/it\/wp-json\/wp\/v2\/posts\/326301\/revisions\/326307"}],"wp:featuredmedia":[{"embeddable":true,"href":"https:\/\/www.intoscana.it\/it\/wp-json\/wp\/v2\/media\/326305"}],"wp:attachment":[{"href":"https:\/\/www.intoscana.it\/it\/wp-json\/wp\/v2\/media?parent=326301"}],"wp:term":[{"taxonomy":"category","embeddable":true,"href":"https:\/\/www.intoscana.it\/it\/wp-json\/wp\/v2\/categories?post=326301"},{"taxonomy":"post_tag","embeddable":true,"href":"https:\/\/www.intoscana.it\/it\/wp-json\/wp\/v2\/tags?post=326301"}],"curies":[{"name":"wp","href":"https:\/\/api.w.org\/{rel}","templated":true}]}}