{"id":326334,"date":"2024-02-12T11:23:16","date_gmt":"2024-02-12T10:23:16","guid":{"rendered":"https:\/\/www.intoscana.it\/it\/?p=326334"},"modified":"2024-02-12T11:29:47","modified_gmt":"2024-02-12T10:29:47","slug":"nuoto-lorenzo-zazzeri-dargento-nella-staffetta-a-stile-libero-ai-mondiali-di-doha","status":"publish","type":"post","link":"https:\/\/www.intoscana.it\/it\/nuoto-lorenzo-zazzeri-dargento-nella-staffetta-a-stile-libero-ai-mondiali-di-doha\/","title":{"rendered":"Nuoto, Lorenzo Zazzeri d&#8217;argento nella staffetta a stile libero ai Mondiali di Doha"},"content":{"rendered":"<p>Arriva il primo squillo e la prima medaglia nel nuoto in corsia ai Mondiali in corso a Doha, l&#8217;Italia ha infatti vinto <strong>l&#8217;argento<\/strong> nella <strong>4&#215;100 stile libero<\/strong>, la staffetta veloce con Alessandro Miressi, <strong>Lorenzo Zazzeri<\/strong>, Paolo Conte Bonin e Manuel Frigo, si conferma cos\u00ec vice campione del mondo come lo scorso anno a Fukuoka.<\/p>\n<p>Gli azzurri sono stati battuti solo dalla <strong>Cina<\/strong> che ha fatto stampare il nuovo record asiatico in 3&#8217;11&#8243;08, ma soprattutto il <strong>nuovo record del mondo<\/strong> dei 100 stile libero grazie ad una prima frazione da paura di <strong>Pan Zhanle<\/strong> in 46&#8243;80, cancellando il 46&#8243;86 siglato dal romeno David Popovici agli europei di Roma 2022. Il bronzo \u00e8 andato agli <strong>Stati Uniti<\/strong> in 3&#8217;12&#8243;29; assente invece <strong>l&#8217;Australia<\/strong>, campione del mondo di Fukuoka.<\/p>\n<h3>La gara<\/h3>\n<p>La staffetta italiana parte con un solo cambio dalle batterie della mattina, entra infatti Manuel Frigo in sostituzione proprio del fiorentino <strong>Leonardo Deplano<\/strong>. Cambi anche negli ordini di partenza degli azzurri con Alessandro Miressi in apertura, poi Lorenzo Zazzeri, Paolo Conte Bonin e Frigo in chiusura. Assente <strong>Thomas Ceccon<\/strong> che ha scelto di non partecipare a questi Mondiali per proseguire la preparazione in vista di Parigi. Gara come sempre coraggiosa e di altissimo livello da parte dei nostri portacolori. Parte veloce Alessandro Miressi (47&#8243;54) che per\u00f2 viene subito staccato dal cinese e cambia al terzo posto; Lorenzo Zazzeri (47&#8243;99) risale al secondo e lancia uno strepitoso Paolo Conte Bonin (47&#8243;83) che mantiene la posizione, rintuzzando gli attacchi dello statunitense Luke Hobson e del britannico Tom Dean. La chiusura di Manuel Frigo \u00e8 di alto livello (48&#8243;36) ma ormai la Cina ha preso il largo e arriva uno scintillante argento.<\/p>\n<figure id=\"post-326337 media-326337\" class=\"align-none\"><img decoding=\"async\" src=\"https:\/\/www.intoscana.it\/wp-content\/uploads\/athletes_of_team_italy_dbm_dx17237_20240211_1648776337.jpg\" alt=\"\" \/><\/figure>\n<div class=\"titleimg\">\u00a9 DBM \/ DeepBlueMedia<\/div>\n<p>&#8220;<em>Volevamo vincerla anche senza Thomas<\/em> \u2013 ha dichiarato a fine gara <strong>Lorenzo Zazzeri<\/strong>, tesserato con Esercito e RN Florentia \u2013 <em>Siamo stati un pochino sottotono, ma \u00e8 insolito anche partecipare ad un mondiale a <strong>febbraio<\/strong> con la preparazione finalizzata per le <strong>Olimpiadi di Parigi<\/strong>. La gara, secondo me, si \u00e8 subito complicata con il record del mondo di Pan Zhanle: \u00e8 stato sorprendente soprattutto per il momento della stagione. Abbiamo cercato di difenderci e siamo ancora sul podio<\/em>\u201d. La staffetta non \u00e8 l&#8217;unico impegno per il fiorentino. Zazzeri ha in programma i 50 sl dove cercher\u00e0 di conquistare il pass personale per Parigi nella distanza pi\u00f9 veloce del nuoto.<\/p>\n<h3>Staffetta da medaglia<\/h3>\n<p>Dopo il quarto posto ai Mondiali di Gwangju nel 2019, i califfi della velocit\u00e0 azzurri sono sempre andati a medaglia. Nel <strong>2021<\/strong> \u00e8 infatti arrivato l&#8217;argento olimpico a <strong>Tokyo<\/strong> seguito dal bronzo iridato a <strong>Budapest<\/strong> e l&#8217;argento di sette mesi fa con pass olimpico a <strong>Fukuoka<\/strong>. A questi risultati si aggiunge il titolo continentale a Roma nel 2022, di fronte al pubblico di casa. Si tratta della sesta medaglia nella specialit\u00e0 (0-3-3); il primo argento fu conquistato da Massimiliano Rosolino, Alessandro Calvi, Christian Galenda e Filippo Magnini a <strong>Melbourne<\/strong> <strong>2007<\/strong>. A <strong>Parigi<\/strong> sar\u00e0 certo una grande sfida perch\u00e9 tutte le nazionali schiereranno gli atleti pi\u00f9 forti, oltre all&#8217;Australia e agli Stati Uniti diranno certamente la loro gli inglese, rimasti a pochi centesimi dal podio qui a Doha. Ora si \u00e8 aggiunta la Cina, senza dimenticare i padroni di casa della Francia, guidati da Florent Manaudou.<\/p>\n<h3>Altri risultati dalla vasca di Doha<\/h3>\n<p>La livornese<strong> Sara Franceschi<\/strong> ha mancato per un soffio, 12 centesimi, l&#8217;accesso in finale nei 200 misti. Il risultato \u00e8 stata condizionato da una preparazione fisica non delle migliori, dopo l&#8217;infortunio che l&#8217;ha costretta a saltare gli assoluti invernali. La 24enne di Livorno e primatista italiana (2&#8217;09&#8243;30) &#8211; tesserata per Fiamme Gialle e Livorno Acquatics, ha chiuso in 2&#8217;12&#8243;34 che le \u00e8 valso il nono posto in semifinale. Adesso prover\u00e0 a ritrovare le risorse giuste in vista della doppia distanza, a lei pi\u00f9 congeniale e in programma nella giornata conclusiva dei Mondiali.<br \/>\n\u201c<em>C\u2019ho provato fino alla fine<\/em> \u2013 racconta la mistista azzurra \u2013 <em>evidentemente non gareggiare per cos\u00ec tanto tempo mi ha penalizzata pi\u00f9 di quanto pensassi. Dopo il periodo di stop non \u00e8 stato facile sia fisicamente sia mentalmente ricominciare e acquisire i ritmi necessari per l&#8217;altissimo livello. Rimane un po&#8217; di rammarico perch\u00e9 avrei voluto nuotare questa finale. Adesso subito la testa rivolta ai 200 rana<\/em>\u201d.<\/p>\n<p>Niente da fare per <strong>Matteo Ciampi<\/strong>, il livornese \u00e8 rimasto fuori dalle semifinali sia dei 400 stile libero che dei 200 stile libero. Lo rivedremo nella staffetta 4&#215;200 stile libero insieme al fiorentino Filippo Megli.<\/p>\n<p>A Doha per\u00f2 \u00e8 arrivata un&#8217;altra buona notizia. Il <strong>Settebello<\/strong> ha sconfitto di misura, per 12 a 13, gli Stati Uniti negli ottavi di finale del torneo di pallanuoto e oltre a conquistare l&#8217;accesso ai quarti ha ottenuto il pass per le Olimpiadi di Parigi. Il Settebello, che schiera tra le sue fila il pratese <strong>Lorenzo Bruni<\/strong>, \u00e8 la prima selezione italiana di uno sport di squadra a qualificarsi per Parigi.<\/p>\n<p>&nbsp;<\/p>\n<p>&nbsp;<\/p>\n","protected":false},"excerpt":{"rendered":"<p>Gli azzurri si confermano vicecampioni del mondo nella staffetta veloce dietro alla Cina. Ora per Zazzeri testa alla gara individuale dei 50 stile libero<\/p>\n","protected":false},"author":507,"featured_media":326338,"comment_status":"open","ping_status":"open","sticky":false,"template":"","format":"standard","meta":{"_acf_changed":false,"footnotes":""},"categories":[494],"tags":[6110,159],"class_list":["post-326334","post","type-post","status-publish","format-standard","has-post-thumbnail","hentry","category-attualita","tag-lorenzo-zazzeri","tag-sport"],"acf":[],"yoast_head":"<!-- This site is optimized with the Yoast SEO Premium plugin v24.2 (Yoast SEO v25.6) - https:\/\/yoast.com\/wordpress\/plugins\/seo\/ -->\n<title>Nuoto, Lorenzo Zazzeri d&#039;argento nella staffetta a stile libero ai Mondiali di Doha - intoscana<\/title>\n<meta name=\"robots\" content=\"index, follow, max-snippet:-1, max-image-preview:large, max-video-preview:-1\" \/>\n<link rel=\"canonical\" href=\"https:\/\/www.intoscana.it\/it\/nuoto-lorenzo-zazzeri-dargento-nella-staffetta-a-stile-libero-ai-mondiali-di-doha\/\" \/>\n<meta property=\"og:locale\" content=\"it_IT\" \/>\n<meta property=\"og:type\" content=\"article\" \/>\n<meta property=\"og:title\" content=\"Nuoto, Lorenzo Zazzeri d&#039;argento nella staffetta a stile libero ai Mondiali di Doha\" \/>\n<meta property=\"og:description\" content=\"Gli azzurri si confermano vicecampioni del mondo nella staffetta veloce dietro alla Cina. Ora per Zazzeri testa alla gara individuale dei 50 stile libero\" \/>\n<meta property=\"og:url\" content=\"https:\/\/www.intoscana.it\/it\/nuoto-lorenzo-zazzeri-dargento-nella-staffetta-a-stile-libero-ai-mondiali-di-doha\/\" \/>\n<meta property=\"og:site_name\" content=\"intoscana\" \/>\n<meta property=\"article:publisher\" content=\"https:\/\/www.facebook.com\/intoscana.it\" \/>\n<meta property=\"article:published_time\" content=\"2024-02-12T10:23:16+00:00\" \/>\n<meta property=\"article:modified_time\" content=\"2024-02-12T10:29:47+00:00\" \/>\n<meta property=\"og:image\" content=\"https:\/\/www.intoscana.it\/wp-content\/uploads\/athletes_of_team_italy_dbm_ma78894_20240211_1436633535.jpg\" \/>\n\t<meta property=\"og:image:width\" content=\"1024\" \/>\n\t<meta property=\"og:image:height\" content=\"576\" \/>\n\t<meta property=\"og:image:type\" content=\"image\/jpeg\" \/>\n<meta name=\"author\" content=\"Chiara Bianchini\" \/>\n<meta name=\"twitter:card\" content=\"summary_large_image\" \/>\n<meta name=\"twitter:creator\" content=\"@intoscana\" \/>\n<meta name=\"twitter:site\" content=\"@intoscana\" \/>\n<meta name=\"twitter:label1\" content=\"Written by\" \/>\n\t<meta name=\"twitter:data1\" content=\"Chiara Bianchini\" \/>\n\t<meta name=\"twitter:label2\" content=\"Est. reading time\" \/>\n\t<meta name=\"twitter:data2\" content=\"5 minuti\" \/>\n<script type=\"application\/ld+json\" class=\"yoast-schema-graph\">{\"@context\":\"https:\/\/schema.org\",\"@graph\":[{\"@type\":\"WebPage\",\"@id\":\"https:\/\/www.intoscana.it\/it\/nuoto-lorenzo-zazzeri-dargento-nella-staffetta-a-stile-libero-ai-mondiali-di-doha\/\",\"url\":\"https:\/\/www.intoscana.it\/it\/nuoto-lorenzo-zazzeri-dargento-nella-staffetta-a-stile-libero-ai-mondiali-di-doha\/\",\"name\":\"Nuoto, Lorenzo Zazzeri d'argento nella staffetta a stile libero ai Mondiali di Doha - intoscana\",\"isPartOf\":{\"@id\":\"https:\/\/www.intoscana.it\/it\/#website\"},\"primaryImageOfPage\":{\"@id\":\"https:\/\/www.intoscana.it\/it\/nuoto-lorenzo-zazzeri-dargento-nella-staffetta-a-stile-libero-ai-mondiali-di-doha\/#primaryimage\"},\"image\":{\"@id\":\"https:\/\/www.intoscana.it\/it\/nuoto-lorenzo-zazzeri-dargento-nella-staffetta-a-stile-libero-ai-mondiali-di-doha\/#primaryimage\"},\"thumbnailUrl\":\"https:\/\/www.intoscana.it\/wp-content\/uploads\/athletes_of_team_italy_dbm_ma78894_20240211_1436633535.jpg\",\"datePublished\":\"2024-02-12T10:23:16+00:00\",\"dateModified\":\"2024-02-12T10:29:47+00:00\",\"author\":{\"@id\":\"https:\/\/www.intoscana.it\/it\/#\/schema\/person\/010af92117f50561886339ad5b873a41\"},\"breadcrumb\":{\"@id\":\"https:\/\/www.intoscana.it\/it\/nuoto-lorenzo-zazzeri-dargento-nella-staffetta-a-stile-libero-ai-mondiali-di-doha\/#breadcrumb\"},\"inLanguage\":\"it-IT\",\"potentialAction\":[{\"@type\":\"ReadAction\",\"target\":[\"https:\/\/www.intoscana.it\/it\/nuoto-lorenzo-zazzeri-dargento-nella-staffetta-a-stile-libero-ai-mondiali-di-doha\/\"]}]},{\"@type\":\"ImageObject\",\"inLanguage\":\"it-IT\",\"@id\":\"https:\/\/www.intoscana.it\/it\/nuoto-lorenzo-zazzeri-dargento-nella-staffetta-a-stile-libero-ai-mondiali-di-doha\/#primaryimage\",\"url\":\"https:\/\/www.intoscana.it\/wp-content\/uploads\/athletes_of_team_italy_dbm_ma78894_20240211_1436633535.jpg\",\"contentUrl\":\"https:\/\/www.intoscana.it\/wp-content\/uploads\/athletes_of_team_italy_dbm_ma78894_20240211_1436633535.jpg\",\"width\":1024,\"height\":576},{\"@type\":\"BreadcrumbList\",\"@id\":\"https:\/\/www.intoscana.it\/it\/nuoto-lorenzo-zazzeri-dargento-nella-staffetta-a-stile-libero-ai-mondiali-di-doha\/#breadcrumb\",\"itemListElement\":[{\"@type\":\"ListItem\",\"position\":1,\"name\":\"Home\",\"item\":\"https:\/\/www.intoscana.it\/it\/\"},{\"@type\":\"ListItem\",\"position\":2,\"name\":\"Nuoto, Lorenzo Zazzeri d&#8217;argento nella staffetta a stile libero ai Mondiali di Doha\"}]},{\"@type\":\"WebSite\",\"@id\":\"https:\/\/www.intoscana.it\/it\/#website\",\"url\":\"https:\/\/www.intoscana.it\/it\/\",\"name\":\"intoscana\",\"description\":\"\",\"potentialAction\":[{\"@type\":\"SearchAction\",\"target\":{\"@type\":\"EntryPoint\",\"urlTemplate\":\"https:\/\/www.intoscana.it\/it\/?s={search_term_string}\"},\"query-input\":{\"@type\":\"PropertyValueSpecification\",\"valueRequired\":true,\"valueName\":\"search_term_string\"}}],\"inLanguage\":\"it-IT\"},{\"@type\":\"Person\",\"@id\":\"https:\/\/www.intoscana.it\/it\/#\/schema\/person\/010af92117f50561886339ad5b873a41\",\"name\":\"Chiara Bianchini\",\"sameAs\":[\"c.bianchini@fst.it\"],\"url\":\"https:\/\/www.intoscana.it\/it\/author\/chiara-bianchini\/\"}]}<\/script>\n<!-- \/ Yoast SEO Premium plugin. -->","yoast_head_json":{"title":"Nuoto, Lorenzo Zazzeri d'argento nella staffetta a stile libero ai Mondiali di Doha - intoscana","robots":{"index":"index","follow":"follow","max-snippet":"max-snippet:-1","max-image-preview":"max-image-preview:large","max-video-preview":"max-video-preview:-1"},"canonical":"https:\/\/www.intoscana.it\/it\/nuoto-lorenzo-zazzeri-dargento-nella-staffetta-a-stile-libero-ai-mondiali-di-doha\/","og_locale":"it_IT","og_type":"article","og_title":"Nuoto, Lorenzo Zazzeri d'argento nella staffetta a stile libero ai Mondiali di Doha","og_description":"Gli azzurri si confermano vicecampioni del mondo nella staffetta veloce dietro alla Cina. Ora per Zazzeri testa alla gara individuale dei 50 stile libero","og_url":"https:\/\/www.intoscana.it\/it\/nuoto-lorenzo-zazzeri-dargento-nella-staffetta-a-stile-libero-ai-mondiali-di-doha\/","og_site_name":"intoscana","article_publisher":"https:\/\/www.facebook.com\/intoscana.it","article_published_time":"2024-02-12T10:23:16+00:00","article_modified_time":"2024-02-12T10:29:47+00:00","og_image":[{"width":1024,"height":576,"url":"https:\/\/www.intoscana.it\/wp-content\/uploads\/athletes_of_team_italy_dbm_ma78894_20240211_1436633535.jpg","type":"image\/jpeg"}],"author":"Chiara Bianchini","twitter_card":"summary_large_image","twitter_creator":"@intoscana","twitter_site":"@intoscana","twitter_misc":{"Written by":"Chiara Bianchini","Est. reading time":"5 minuti"},"schema":{"@context":"https:\/\/schema.org","@graph":[{"@type":"WebPage","@id":"https:\/\/www.intoscana.it\/it\/nuoto-lorenzo-zazzeri-dargento-nella-staffetta-a-stile-libero-ai-mondiali-di-doha\/","url":"https:\/\/www.intoscana.it\/it\/nuoto-lorenzo-zazzeri-dargento-nella-staffetta-a-stile-libero-ai-mondiali-di-doha\/","name":"Nuoto, Lorenzo Zazzeri d'argento nella staffetta a stile libero ai Mondiali di Doha - intoscana","isPartOf":{"@id":"https:\/\/www.intoscana.it\/it\/#website"},"primaryImageOfPage":{"@id":"https:\/\/www.intoscana.it\/it\/nuoto-lorenzo-zazzeri-dargento-nella-staffetta-a-stile-libero-ai-mondiali-di-doha\/#primaryimage"},"image":{"@id":"https:\/\/www.intoscana.it\/it\/nuoto-lorenzo-zazzeri-dargento-nella-staffetta-a-stile-libero-ai-mondiali-di-doha\/#primaryimage"},"thumbnailUrl":"https:\/\/www.intoscana.it\/wp-content\/uploads\/athletes_of_team_italy_dbm_ma78894_20240211_1436633535.jpg","datePublished":"2024-02-12T10:23:16+00:00","dateModified":"2024-02-12T10:29:47+00:00","author":{"@id":"https:\/\/www.intoscana.it\/it\/#\/schema\/person\/010af92117f50561886339ad5b873a41"},"breadcrumb":{"@id":"https:\/\/www.intoscana.it\/it\/nuoto-lorenzo-zazzeri-dargento-nella-staffetta-a-stile-libero-ai-mondiali-di-doha\/#breadcrumb"},"inLanguage":"it-IT","potentialAction":[{"@type":"ReadAction","target":["https:\/\/www.intoscana.it\/it\/nuoto-lorenzo-zazzeri-dargento-nella-staffetta-a-stile-libero-ai-mondiali-di-doha\/"]}]},{"@type":"ImageObject","inLanguage":"it-IT","@id":"https:\/\/www.intoscana.it\/it\/nuoto-lorenzo-zazzeri-dargento-nella-staffetta-a-stile-libero-ai-mondiali-di-doha\/#primaryimage","url":"https:\/\/www.intoscana.it\/wp-content\/uploads\/athletes_of_team_italy_dbm_ma78894_20240211_1436633535.jpg","contentUrl":"https:\/\/www.intoscana.it\/wp-content\/uploads\/athletes_of_team_italy_dbm_ma78894_20240211_1436633535.jpg","width":1024,"height":576},{"@type":"BreadcrumbList","@id":"https:\/\/www.intoscana.it\/it\/nuoto-lorenzo-zazzeri-dargento-nella-staffetta-a-stile-libero-ai-mondiali-di-doha\/#breadcrumb","itemListElement":[{"@type":"ListItem","position":1,"name":"Home","item":"https:\/\/www.intoscana.it\/it\/"},{"@type":"ListItem","position":2,"name":"Nuoto, Lorenzo Zazzeri d&#8217;argento nella staffetta a stile libero ai Mondiali di Doha"}]},{"@type":"WebSite","@id":"https:\/\/www.intoscana.it\/it\/#website","url":"https:\/\/www.intoscana.it\/it\/","name":"intoscana","description":"","potentialAction":[{"@type":"SearchAction","target":{"@type":"EntryPoint","urlTemplate":"https:\/\/www.intoscana.it\/it\/?s={search_term_string}"},"query-input":{"@type":"PropertyValueSpecification","valueRequired":true,"valueName":"search_term_string"}}],"inLanguage":"it-IT"},{"@type":"Person","@id":"https:\/\/www.intoscana.it\/it\/#\/schema\/person\/010af92117f50561886339ad5b873a41","name":"Chiara Bianchini","sameAs":["c.bianchini@fst.it"],"url":"https:\/\/www.intoscana.it\/it\/author\/chiara-bianchini\/"}]}},"_links":{"self":[{"href":"https:\/\/www.intoscana.it\/it\/wp-json\/wp\/v2\/posts\/326334","targetHints":{"allow":["GET"]}}],"collection":[{"href":"https:\/\/www.intoscana.it\/it\/wp-json\/wp\/v2\/posts"}],"about":[{"href":"https:\/\/www.intoscana.it\/it\/wp-json\/wp\/v2\/types\/post"}],"author":[{"embeddable":true,"href":"https:\/\/www.intoscana.it\/it\/wp-json\/wp\/v2\/users\/507"}],"replies":[{"embeddable":true,"href":"https:\/\/www.intoscana.it\/it\/wp-json\/wp\/v2\/comments?post=326334"}],"version-history":[{"count":3,"href":"https:\/\/www.intoscana.it\/it\/wp-json\/wp\/v2\/posts\/326334\/revisions"}],"predecessor-version":[{"id":326356,"href":"https:\/\/www.intoscana.it\/it\/wp-json\/wp\/v2\/posts\/326334\/revisions\/326356"}],"wp:featuredmedia":[{"embeddable":true,"href":"https:\/\/www.intoscana.it\/it\/wp-json\/wp\/v2\/media\/326338"}],"wp:attachment":[{"href":"https:\/\/www.intoscana.it\/it\/wp-json\/wp\/v2\/media?parent=326334"}],"wp:term":[{"taxonomy":"category","embeddable":true,"href":"https:\/\/www.intoscana.it\/it\/wp-json\/wp\/v2\/categories?post=326334"},{"taxonomy":"post_tag","embeddable":true,"href":"https:\/\/www.intoscana.it\/it\/wp-json\/wp\/v2\/tags?post=326334"}],"curies":[{"name":"wp","href":"https:\/\/api.w.org\/{rel}","templated":true}]}}