{"id":326401,"date":"2024-02-12T15:49:52","date_gmt":"2024-02-12T14:49:52","guid":{"rendered":"https:\/\/www.intoscana.it\/it\/?p=326401"},"modified":"2024-02-14T12:59:29","modified_gmt":"2024-02-14T11:59:29","slug":"donne-e-lavoro-bando-welfare-aziendale","status":"publish","type":"post","link":"https:\/\/www.intoscana.it\/it\/donne-e-lavoro-bando-welfare-aziendale\/","title":{"rendered":"Donne e lavoro: la Toscana sostiene il welfare aziendale per conciliare vita-lavoro"},"content":{"rendered":"<p>Promuovere l&#8217;occupazione femminile e quindi anche la parit\u00e0 di genere rafforzando il welfare aziendale. \u00c8 questo l&#8217;obiettivo delle due iniziative\u00a0 che la Regione Toscana mette in campo attraverso il Fondo sociale europeo plus:\u00a0<strong>un bando da oltre 7,5 milioni<\/strong> di euro fino al 2025 e<strong> il progetto &#8220;Vita Lavoro Toscana&#8221;<\/strong>, un intervento di comunicazione che si svilupper\u00e0 su tutto il territorio regionale.<\/p>\n<h3>Conciliare vita-lavoro con pi\u00f9 flessibilit\u00e0<\/h3>\n<p>L\u2019obiettivo \u00e8 incoraggiare l\u2019introduzione di\u00a0<strong>soluzioni innovative di welfare per la conciliazione vita-lavoro\u00a0<\/strong>all\u2019interno dei contesti aziendali in modo da contribuire a una pi\u00f9 equa redistribuzione del carico di cura all\u2019interno della coppia, favorire la presenza delle donne in azienda, e le loro opportunit\u00e0 di carriera, sostenendo\u00a0<strong>misure dirette sia a lavoratrici sia a lavoratori\u00a0<em>working carers<\/em><\/strong>, ovvero persone che pur lavorando assistono familiari bisognosi di cure.<\/p>\n<p>In particolare,<mark>il bando sosterr\u00e0 piani che prevedono misure di welfare a supporto dell\u2019organizzazione familiare: dalla flessibilit\u00e0 oraria e organizzativa <\/mark>ai servizi per la cura o l\u2019assistenza di figli, anziani, familiari non autosufficienti.<\/p>\n<p><em>\u201cVogliamo incoraggiare le aziende ad adottare misure dirette ad agevolare un miglior equilibrio tra vita lavorativa e privata e sostenere la corresponsabilit\u00e0 dei compiti di cura, che costituiscono una chiave determinante per rendere le donne pi\u00f9 partecipi nel mondo del lavoro, pi\u00f9 libere di raggiungere ruoli apicali &#8211;<\/em> spiega il presidente della Toscana, <strong>Eugenio Giani &#8211; <\/strong><em>nelle imprese capaci di valorizzare le donne e di promuovere la parit\u00e0 di genere, a migliorare \u00e8 anche la competitivit\u00e0\u201d.<\/em><\/p>\n<h3><strong>Il bando da 7,5 milioni di euro per il welfare aziendale<br \/>\n<\/strong><\/h3>\n<p>Il bando, gi\u00e0 aperto da alcune settimane, ha una dotazione finanziaria di <strong>7 milioni e 571 mila euro per il triennio 2023-2025<\/strong>, e sosterr\u00e0\u00a0<strong>piani di welfare<\/strong> per la conciliazione vita-lavoro elaborati dalle imprese toscane (ma anche enti, associazioni e liberi professionisti) fino a un <strong>tetto massimo di 25mila euro<\/strong><\/p>\n<p>I progetti potranno richiedere il\u00a0<strong>finanziamento di 3 tipologie di azioni<\/strong>: la definizione del Piano di welfare di conciliazione e l\u2019attuazione delle misure previste dal Piano, che potranno prevedere misure di flessibilit\u00e0 oraria e\/o organizzativa, servizi di welfare di conciliazione per la cura o l\u2019assistenza ad anziani o familiari non autosufficienti o per l\u2019educazione e istruzione dei figli o a supporto dell\u2019organizzazione familiare, anche in forma indiretta attraverso un \u201ccredito welfare\u201d (buoni acquisto, rimborso spese). I finanziamenti, infine, potranno essere concessi anche per la costituzione di una rete di welfare territoriale o inter-aziendale tra piccole e medie imprese.<\/p>\n<p>Le misure sono destinate a donne e uomini, lavoratrici e lavoratori con contratto di lavoro subordinato a tempo indeterminato o a tempo determinato, con contratto di somministrazione, con contratto di apprendistato, soci di cooperative, collaboratrici e collaboratori coordinati e continuativi, tirocinanti.<\/p>\n<h3>Il progetto Vita Lavoro Toscana<\/h3>\n<p><mark><em>\u201cCredo sia giusto e necessario favorire la conciliazione tempi di vita e tempi di lavoro e parlare di questo tema non sempre e solo al femminile<\/em> <\/mark>&#8211; spiega l\u2019assessora alla formazione, al lavoro e alle pari opportunit\u00e0 della Toscana <strong>Alessandra Nardini\u00a0<\/strong>&#8211; <em>ancora oggi, nella cultura della nostra societ\u00e0, il carico di cura \u00e8 quasi esclusivamente sulle spalle delle donne, manca un&#8217;equa distribuzione tra donne e uomini all&#8217;interno della coppia e della famiglia. Questo rappresenta anche uno dei fattori determinanti che spiega la minore partecipazione delle donne al mondo del lavoro, il pi\u00f9 frequente ricorso al part time se non addirittura l&#8217;abbandono del lavoro in alcuni momenti della vita e una minore presenza femminile nelle posizioni apicali. Tutto questo ovviamente ha come conseguenza anche disuguaglianze retributive e pensionistiche. Si tratta di una situazione assolutamente intollerabile rispetto alla quale le istituzioni, a tutti i livelli, hanno il dovere di intervenire\u201d.<\/em><\/p>\n<p>Assieme al bando, la Regione ha avviato anche \u201c<strong>VLT &#8211; Vita Lavoro Toscana<\/strong>\u201d, specifico intervento di comunicazione e animazione territoriale per informare e sensibilizzare gli operatori economici su valore strategico e benefici del welfare aziendale. Un percorso condiviso con le associazioni datoriali e sindacali della Toscana pi\u00f9 rappresentative che dopo i primi incontri nel dicembre scorso si svilupper\u00e0\u00a0<strong>per tutto il 2024 in ogni provincia\u00a0<\/strong>attraverso\u00a0<strong>20 eventi<\/strong> sia a carattere informativo, sia a carattere laboratoriale per favorire la nascita di comunit\u00e0 di lavoro o di reti.<\/p>\n","protected":false},"excerpt":{"rendered":"<p>La Regione lancia due iniziative per sostenere l&#8217;occupazione femminile: un bando da 7,5 milioni di euro e il progetto di comunicazione &#8220;Vita Lavoro Toscana&#8221;<\/p>\n","protected":false},"author":525,"featured_media":270918,"comment_status":"open","ping_status":"open","sticky":false,"template":"","format":"standard","meta":{"_acf_changed":false,"footnotes":""},"categories":[9],"tags":[411,260,5641,151],"class_list":["post-326401","post","type-post","status-publish","format-standard","has-post-thumbnail","hentry","category-made-in-toscana","tag-donne","tag-lavoro","tag-pari-opportunita","tag-regione-toscana"],"acf":[],"yoast_head":"<!-- This site is optimized with the Yoast SEO Premium plugin v24.2 (Yoast SEO v25.6) - https:\/\/yoast.com\/wordpress\/plugins\/seo\/ -->\n<title>Donne e lavoro: la Toscana sostiene il welfare aziendale per conciliare vita-lavoro - intoscana<\/title>\n<meta name=\"robots\" content=\"index, follow, max-snippet:-1, max-image-preview:large, max-video-preview:-1\" \/>\n<link rel=\"canonical\" href=\"https:\/\/www.intoscana.it\/it\/donne-e-lavoro-bando-welfare-aziendale\/\" \/>\n<meta property=\"og:locale\" content=\"it_IT\" \/>\n<meta property=\"og:type\" content=\"article\" \/>\n<meta property=\"og:title\" content=\"Donne e lavoro: la Toscana sostiene il welfare aziendale per conciliare vita-lavoro\" \/>\n<meta property=\"og:description\" content=\"La Regione lancia due iniziative per sostenere l&#039;occupazione femminile: un bando da 7,5 milioni di euro e il progetto di comunicazione &quot;Vita Lavoro Toscana&quot;\" \/>\n<meta property=\"og:url\" content=\"https:\/\/www.intoscana.it\/it\/donne-e-lavoro-bando-welfare-aziendale\/\" \/>\n<meta property=\"og:site_name\" content=\"intoscana\" \/>\n<meta property=\"article:publisher\" content=\"https:\/\/www.facebook.com\/intoscana.it\" \/>\n<meta property=\"article:published_time\" content=\"2024-02-12T14:49:52+00:00\" \/>\n<meta property=\"article:modified_time\" content=\"2024-02-14T11:59:29+00:00\" \/>\n<meta property=\"og:image\" content=\"https:\/\/www.intoscana.it\/wp-content\/uploads\/imprenditrici-scaled.jpeg\" \/>\n\t<meta property=\"og:image:width\" content=\"2048\" \/>\n\t<meta property=\"og:image:height\" content=\"1366\" \/>\n\t<meta property=\"og:image:type\" content=\"image\/jpeg\" \/>\n<meta name=\"author\" content=\"Redazione\" \/>\n<meta name=\"twitter:card\" content=\"summary_large_image\" \/>\n<meta name=\"twitter:creator\" content=\"@intoscana\" \/>\n<meta name=\"twitter:site\" content=\"@intoscana\" \/>\n<meta name=\"twitter:label1\" content=\"Written by\" \/>\n\t<meta name=\"twitter:data1\" content=\"Redazione\" \/>\n\t<meta name=\"twitter:label2\" content=\"Est. reading time\" \/>\n\t<meta name=\"twitter:data2\" content=\"4 minuti\" \/>\n<script type=\"application\/ld+json\" class=\"yoast-schema-graph\">{\"@context\":\"https:\/\/schema.org\",\"@graph\":[{\"@type\":\"WebPage\",\"@id\":\"https:\/\/www.intoscana.it\/it\/donne-e-lavoro-bando-welfare-aziendale\/\",\"url\":\"https:\/\/www.intoscana.it\/it\/donne-e-lavoro-bando-welfare-aziendale\/\",\"name\":\"Donne e lavoro: la Toscana sostiene il welfare aziendale per conciliare vita-lavoro - intoscana\",\"isPartOf\":{\"@id\":\"https:\/\/www.intoscana.it\/it\/#website\"},\"primaryImageOfPage\":{\"@id\":\"https:\/\/www.intoscana.it\/it\/donne-e-lavoro-bando-welfare-aziendale\/#primaryimage\"},\"image\":{\"@id\":\"https:\/\/www.intoscana.it\/it\/donne-e-lavoro-bando-welfare-aziendale\/#primaryimage\"},\"thumbnailUrl\":\"https:\/\/www.intoscana.it\/wp-content\/uploads\/imprenditrici-scaled.jpeg\",\"datePublished\":\"2024-02-12T14:49:52+00:00\",\"dateModified\":\"2024-02-14T11:59:29+00:00\",\"author\":{\"@id\":\"https:\/\/www.intoscana.it\/it\/#\/schema\/person\/9223810753230f20bd670fdd322661f8\"},\"breadcrumb\":{\"@id\":\"https:\/\/www.intoscana.it\/it\/donne-e-lavoro-bando-welfare-aziendale\/#breadcrumb\"},\"inLanguage\":\"it-IT\",\"potentialAction\":[{\"@type\":\"ReadAction\",\"target\":[\"https:\/\/www.intoscana.it\/it\/donne-e-lavoro-bando-welfare-aziendale\/\"]}]},{\"@type\":\"ImageObject\",\"inLanguage\":\"it-IT\",\"@id\":\"https:\/\/www.intoscana.it\/it\/donne-e-lavoro-bando-welfare-aziendale\/#primaryimage\",\"url\":\"https:\/\/www.intoscana.it\/wp-content\/uploads\/imprenditrici-scaled.jpeg\",\"contentUrl\":\"https:\/\/www.intoscana.it\/wp-content\/uploads\/imprenditrici-scaled.jpeg\",\"width\":2048,\"height\":1366,\"caption\":\"Donne e lavoro\"},{\"@type\":\"BreadcrumbList\",\"@id\":\"https:\/\/www.intoscana.it\/it\/donne-e-lavoro-bando-welfare-aziendale\/#breadcrumb\",\"itemListElement\":[{\"@type\":\"ListItem\",\"position\":1,\"name\":\"Home\",\"item\":\"https:\/\/www.intoscana.it\/it\/\"},{\"@type\":\"ListItem\",\"position\":2,\"name\":\"Donne e lavoro: la Toscana sostiene il welfare aziendale per conciliare vita-lavoro\"}]},{\"@type\":\"WebSite\",\"@id\":\"https:\/\/www.intoscana.it\/it\/#website\",\"url\":\"https:\/\/www.intoscana.it\/it\/\",\"name\":\"intoscana\",\"description\":\"\",\"potentialAction\":[{\"@type\":\"SearchAction\",\"target\":{\"@type\":\"EntryPoint\",\"urlTemplate\":\"https:\/\/www.intoscana.it\/it\/?s={search_term_string}\"},\"query-input\":{\"@type\":\"PropertyValueSpecification\",\"valueRequired\":true,\"valueName\":\"search_term_string\"}}],\"inLanguage\":\"it-IT\"},{\"@type\":\"Person\",\"@id\":\"https:\/\/www.intoscana.it\/it\/#\/schema\/person\/9223810753230f20bd670fdd322661f8\",\"name\":\"Redazione\",\"url\":\"https:\/\/www.intoscana.it\/it\/author\/redazione\/\"}]}<\/script>\n<!-- \/ Yoast SEO Premium plugin. -->","yoast_head_json":{"title":"Donne e lavoro: la Toscana sostiene il welfare aziendale per conciliare vita-lavoro - intoscana","robots":{"index":"index","follow":"follow","max-snippet":"max-snippet:-1","max-image-preview":"max-image-preview:large","max-video-preview":"max-video-preview:-1"},"canonical":"https:\/\/www.intoscana.it\/it\/donne-e-lavoro-bando-welfare-aziendale\/","og_locale":"it_IT","og_type":"article","og_title":"Donne e lavoro: la Toscana sostiene il welfare aziendale per conciliare vita-lavoro","og_description":"La Regione lancia due iniziative per sostenere l'occupazione femminile: un bando da 7,5 milioni di euro e il progetto di comunicazione \"Vita Lavoro Toscana\"","og_url":"https:\/\/www.intoscana.it\/it\/donne-e-lavoro-bando-welfare-aziendale\/","og_site_name":"intoscana","article_publisher":"https:\/\/www.facebook.com\/intoscana.it","article_published_time":"2024-02-12T14:49:52+00:00","article_modified_time":"2024-02-14T11:59:29+00:00","og_image":[{"width":2048,"height":1366,"url":"https:\/\/www.intoscana.it\/wp-content\/uploads\/imprenditrici-scaled.jpeg","type":"image\/jpeg"}],"author":"Redazione","twitter_card":"summary_large_image","twitter_creator":"@intoscana","twitter_site":"@intoscana","twitter_misc":{"Written by":"Redazione","Est. reading time":"4 minuti"},"schema":{"@context":"https:\/\/schema.org","@graph":[{"@type":"WebPage","@id":"https:\/\/www.intoscana.it\/it\/donne-e-lavoro-bando-welfare-aziendale\/","url":"https:\/\/www.intoscana.it\/it\/donne-e-lavoro-bando-welfare-aziendale\/","name":"Donne e lavoro: la Toscana sostiene il welfare aziendale per conciliare vita-lavoro - intoscana","isPartOf":{"@id":"https:\/\/www.intoscana.it\/it\/#website"},"primaryImageOfPage":{"@id":"https:\/\/www.intoscana.it\/it\/donne-e-lavoro-bando-welfare-aziendale\/#primaryimage"},"image":{"@id":"https:\/\/www.intoscana.it\/it\/donne-e-lavoro-bando-welfare-aziendale\/#primaryimage"},"thumbnailUrl":"https:\/\/www.intoscana.it\/wp-content\/uploads\/imprenditrici-scaled.jpeg","datePublished":"2024-02-12T14:49:52+00:00","dateModified":"2024-02-14T11:59:29+00:00","author":{"@id":"https:\/\/www.intoscana.it\/it\/#\/schema\/person\/9223810753230f20bd670fdd322661f8"},"breadcrumb":{"@id":"https:\/\/www.intoscana.it\/it\/donne-e-lavoro-bando-welfare-aziendale\/#breadcrumb"},"inLanguage":"it-IT","potentialAction":[{"@type":"ReadAction","target":["https:\/\/www.intoscana.it\/it\/donne-e-lavoro-bando-welfare-aziendale\/"]}]},{"@type":"ImageObject","inLanguage":"it-IT","@id":"https:\/\/www.intoscana.it\/it\/donne-e-lavoro-bando-welfare-aziendale\/#primaryimage","url":"https:\/\/www.intoscana.it\/wp-content\/uploads\/imprenditrici-scaled.jpeg","contentUrl":"https:\/\/www.intoscana.it\/wp-content\/uploads\/imprenditrici-scaled.jpeg","width":2048,"height":1366,"caption":"Donne e lavoro"},{"@type":"BreadcrumbList","@id":"https:\/\/www.intoscana.it\/it\/donne-e-lavoro-bando-welfare-aziendale\/#breadcrumb","itemListElement":[{"@type":"ListItem","position":1,"name":"Home","item":"https:\/\/www.intoscana.it\/it\/"},{"@type":"ListItem","position":2,"name":"Donne e lavoro: la Toscana sostiene il welfare aziendale per conciliare vita-lavoro"}]},{"@type":"WebSite","@id":"https:\/\/www.intoscana.it\/it\/#website","url":"https:\/\/www.intoscana.it\/it\/","name":"intoscana","description":"","potentialAction":[{"@type":"SearchAction","target":{"@type":"EntryPoint","urlTemplate":"https:\/\/www.intoscana.it\/it\/?s={search_term_string}"},"query-input":{"@type":"PropertyValueSpecification","valueRequired":true,"valueName":"search_term_string"}}],"inLanguage":"it-IT"},{"@type":"Person","@id":"https:\/\/www.intoscana.it\/it\/#\/schema\/person\/9223810753230f20bd670fdd322661f8","name":"Redazione","url":"https:\/\/www.intoscana.it\/it\/author\/redazione\/"}]}},"_links":{"self":[{"href":"https:\/\/www.intoscana.it\/it\/wp-json\/wp\/v2\/posts\/326401","targetHints":{"allow":["GET"]}}],"collection":[{"href":"https:\/\/www.intoscana.it\/it\/wp-json\/wp\/v2\/posts"}],"about":[{"href":"https:\/\/www.intoscana.it\/it\/wp-json\/wp\/v2\/types\/post"}],"author":[{"embeddable":true,"href":"https:\/\/www.intoscana.it\/it\/wp-json\/wp\/v2\/users\/525"}],"replies":[{"embeddable":true,"href":"https:\/\/www.intoscana.it\/it\/wp-json\/wp\/v2\/comments?post=326401"}],"version-history":[{"count":11,"href":"https:\/\/www.intoscana.it\/it\/wp-json\/wp\/v2\/posts\/326401\/revisions"}],"predecessor-version":[{"id":326475,"href":"https:\/\/www.intoscana.it\/it\/wp-json\/wp\/v2\/posts\/326401\/revisions\/326475"}],"wp:featuredmedia":[{"embeddable":true,"href":"https:\/\/www.intoscana.it\/it\/wp-json\/wp\/v2\/media\/270918"}],"wp:attachment":[{"href":"https:\/\/www.intoscana.it\/it\/wp-json\/wp\/v2\/media?parent=326401"}],"wp:term":[{"taxonomy":"category","embeddable":true,"href":"https:\/\/www.intoscana.it\/it\/wp-json\/wp\/v2\/categories?post=326401"},{"taxonomy":"post_tag","embeddable":true,"href":"https:\/\/www.intoscana.it\/it\/wp-json\/wp\/v2\/tags?post=326401"}],"curies":[{"name":"wp","href":"https:\/\/api.w.org\/{rel}","templated":true}]}}