{"id":326512,"date":"2024-02-13T10:57:04","date_gmt":"2024-02-13T09:57:04","guid":{"rendered":"https:\/\/www.intoscana.it\/it\/?p=326512"},"modified":"2024-02-13T11:07:27","modified_gmt":"2024-02-13T10:07:27","slug":"da-livorno-londa-post-punk-dei-weekend-martyr-in-tour-in-tutta-italia","status":"publish","type":"post","link":"https:\/\/www.intoscana.it\/it\/da-livorno-londa-post-punk-dei-weekend-martyr-in-tour-in-tutta-italia\/","title":{"rendered":"Da Livorno l&#8217;onda post-punk dei Weekend Martyr in tour in tutta Italia"},"content":{"rendered":"<p>Si chiama <strong><em>&#8220;Gastrin&#8221;<\/em> <\/strong>(un titolo che ricorda i succhi gastrici della digestione umana) il nuovo disco dei <strong>Weekend Martyr<\/strong> trio livornese formato da <strong>Elia Lazzerini <\/strong>alla batteria, <strong>Riccardo Prianti <\/strong>voce e chitarra, a cui si \u00e8 unito<strong> Giulio Maria<\/strong> al basso.<\/p>\n<p>La band nasce nel 2019 e gi\u00e0 nel 2021 ha l&#8217;onore di partecipare al <a href=\"https:\/\/www.intoscana.it\/it\/al-rock-contest-2023-vince-la-musica-primi-classificati-i-duck-baleno\/\" target=\"_blank\" rel=\"noopener\"><strong>Rock Contest<\/strong><\/a> il concorso per band emergenti di <strong>Controradio.<\/strong><\/p>\n<p>La loro musica \u00e8 un mix di <strong>post-punk e rock duro anni &#8217;90<\/strong>. Il nuovo disco <strong><em>&#8220;Gastrin&#8221;<\/em><\/strong> \u00e8 stato\u00a0registrato, prodotto e mixato da <a href=\"https:\/\/www.intoscana.it\/it\/podcast\/marco-fasolo-dei-jennifer-gentle-una-band-libera-e-fuori-da-ogni-schema\/\" target=\"_blank\" rel=\"noopener\"><strong>Marco Fasolo<\/strong><\/a> (Jennifer Gentle, I Hate My Village), uscito con <strong>Gigia Booking e Cruel Records.\u00a0<\/strong><\/p>\n<p>Il primo singolo dell\u2019album si intitola<strong><em> \u201cLighter\u201d<\/em> <\/strong>e viene accompagnato da un videoclip realizzato da<strong> Giacomo Laser e Giulia Del Piero.<\/strong><\/p>\n<h3>Ecco la nostra intervista<\/h3>\n<p><strong>Ciao ragazzi i Weekend Martyr nascono nel 2019, come vi siete conosciuti?<\/strong><\/p>\n<p><strong>Elia:<\/strong> Io e Riccardo <strong>ci conosciamo e suoniamo insieme da tantissimo tempo.<\/strong> Abbiamo avuto vari progetti prima dei<strong> Weekend Martyr,<\/strong> una band che a sua volta ha avuto diverse formazioni. Poi poco dopo la registrazione dell&#8217;ultimo disco (Quello prima di Gastrin) abbiamo conosciuto Giulio che \u00e8 venuto a suonare il basso per noi.<\/p>\n<p><strong>Riccardo<\/strong>: In realt\u00e0 doveva entrare in corsa a met\u00e0 disco perch\u00e9 eravamo in due. Ma inizialmente non lo volevamo perch\u00e9 siamo molto attaccati ai nostri spazi. Poi ci siamo conosciuti meglio e io gli ho proposto di unirsi a noi, prima di andare a Brescia a registrare il disco.<\/p>\n<p><strong><em>&#8220;Gastrin&#8221;<\/em> \u00e8 il vostro ultimo disco, ma chi \u00e8 il bambino in copertina, toglietemi questa curiosit\u00e0<\/strong><\/p>\n<p>\u00c8 un<strong> nostro amico che ora vive in Giappone<\/strong>. Questa \u00e8 una foto ritagliata manualmente da sua mamma che ha scattato questo primo piano e poi l&#8217;ha ritagliata e incollata sul cartoncino. Non \u00e8 photoshop, \u00e8 una foto fatta ad una foto. L&#8217;abbiamo scelta perch\u00e9 dava un&#8217;estetica abbastanza precisa, tra l&#8217;altro<strong> siamo in causa con <a href=\"https:\/\/it.wikipedia.org\/wiki\/Tyler,_the_Creator\" target=\"_blank\" rel=\"noopener\">Tyler The Creator<\/a><\/strong> che ci ha copiato, ci penseranno i nostri legali.<\/p>\n<p><strong>Nelle recensioni al vostro disco leggo spesso il termine &#8220;post-punk&#8221;, per\u00f2 vi dir\u00f2 a me ricorda pi\u00f9 il rock duro anni &#8217;90 dei Fugazi per esempio<\/strong><\/p>\n<p>Secondo me \u00e8 successo un po&#8217; come per il fenomeno dell&#8217; <strong>&#8220;Indie&#8221; che indicava un genere<\/strong>, ma in realt\u00e0 \u00e8 un termine nasceva per indicare semplicemente la musica indipendente. Ora con il post-punk \u00e8 uguale, viene considerata una nuova corrente ma in realt\u00e0<strong> \u00e8 tutto quello che c&#8217;\u00e8 dopo il &#8217;79<\/strong>. Per noi va bene tutto, ma forse <strong>il &#8216;genere&#8217; pu\u00f2 essere anche una gabbia, \u00e8 difficile restarci dentro<\/strong>.<\/p>\n<p><iframe loading=\"lazy\" title=\"YouTube video player\" src=\"https:\/\/www.youtube.com\/embed\/TtPqyPGzFcU?si=KHinyfMG4-On3T70\" width=\"800\" height=\"500\" frameborder=\"0\" allowfullscreen=\"allowfullscreen\"><span data-mce-type=\"bookmark\" style=\"display: inline-block; width: 0px; overflow: hidden; line-height: 0;\" class=\"mce_SELRES_start\">\ufeff<\/span><\/iframe><\/p>\n<p><strong>Per questo disco avete lavorato con il grandissimo Marco Fasolo, come lo avete contattato e conosciuto?<\/strong><\/p>\n<p>Su Facebook, gli abbiamo scritto in chat. <strong>Gli abbiamo mandato le demo e lui ha risposto subito.<\/strong> Mi ricorder\u00f2 sempre che lui disse: &#8220;<strong><em>Mi piace questa attitudine filo-velvettiana&#8221;<\/em><\/strong> e ci siamo subito innamorati, \u00e8 andato tutto per il meglio.<\/p>\n<p><strong>Nel 2021 avete partecipato al Rock Contest, come avete vissuto questa esperienza?<\/strong><\/p>\n<p>Fu l&#8217;edizione tutta online, a distanza, quindi <strong>non l&#8217;abbiamo vissuto appieno, eravamo in mezzo al Covid.<\/strong> Per\u00f2 siamo rimasti in ottimi rapporti con Controradio, \u00e8 stata una bella esperienza, ma un po&#8217; strana.<\/p>\n<p><strong>Venite da Livorno che \u00e8 una citt\u00e0 particolarmente vocava per la musica, che ha dato i natali a tanti musicisti. Per\u00f2 per la maggior parte si tratta di cantautori, penso a <a href=\"https:\/\/www.intoscana.it\/it\/dettaglio-video\/lironia-tragicomica-di-bobo-rondelli-apre-festambiente-2023\/\" target=\"_blank\" rel=\"noopener\">Bobo Rondelli,<\/a> ma ci sono anche <a href=\"https:\/\/www.intoscana.it\/it\/podcast\/giorgio-mannucci-il-cantautore-con-il-mare-negli-occhi-e-livorno-nel-cuore\/\" target=\"_blank\" rel=\"noopener\">Giorgio Mannucci<\/a>, <a href=\"https:\/\/www.intoscana.it\/it\/eugenio-sournia-dai-siberia-al-debutto-solista-la-musica-per-me-e-stupore-e-meraviglia\/\" target=\"_blank\" rel=\"noopener\">Eugenio Sournia<\/a> e altri. Voi invece vi distanziate nettamente da questa scena<\/strong><\/p>\n<p>Sembra brutto dirlo ma s\u00ec, non abbiamo grandi collaborazioni in casa. Abbiamo sempre fatto musica diversa, pi\u00f9 da band. Il nostro manager ci dice che \u00e8 il <a href=\"https:\/\/www.intoscana.it\/it\/premio-ciampi-livorno-2023\/\" target=\"_blank\" rel=\"noopener\"><strong>Premio Ciampi<\/strong><\/a> che detta legge sulla citt\u00e0.<\/p>\n<h3>Il tour dei Weekend Martyr<\/h3>\n<p>27 gennaio Circolo Dong, Macerata<br \/>\n3 febbraio Bang bang, Castelpusterlengo<br \/>\n17 febbraio Vox Club, Jesi<br \/>\n<strong>24 febbraio Ugly Records, Secret Show, Lucca<\/strong><br \/>\n2 marzo Joe Koala, Osio Sopra<br \/>\n9 marzo Alberodonte, Rodengo Saiano<br \/>\n15 marzo Osteria ai Preti, Verona<\/p>\n<figure id=\"post-326518 media-326518\" class=\"align-none\"><img decoding=\"async\" src=\"https:\/\/www.intoscana.it\/wp-content\/uploads\/weekend_martyr_album_gastrin-1024x1024-1.jpg\" alt=\"\" \/><\/figure>\n<div class=\"titleimg\"><em>Weekend Martyr, Gastrin<\/em><\/div>\n","protected":false},"excerpt":{"rendered":"<p>Il nuovo disco del trio livornese &#8220;Gastrin&#8221; \u00e8 stato\u00a0registrato, prodotto e mixato da Marco Fasolo gi\u00e0 nei Jennifer Gentle e I Hate My Village<\/p>\n","protected":false},"author":518,"featured_media":326283,"comment_status":"open","ping_status":"open","sticky":false,"template":"","format":"standard","meta":{"_acf_changed":false,"footnotes":""},"categories":[14],"tags":[216,4474,3138],"class_list":["post-326512","post","type-post","status-publish","format-standard","has-post-thumbnail","hentry","category-musica","tag-concerti","tag-eventi","tag-interviste-agli-artisti"],"acf":[],"yoast_head":"<!-- This site is optimized with the Yoast SEO Premium plugin v24.2 (Yoast SEO v25.6) - https:\/\/yoast.com\/wordpress\/plugins\/seo\/ -->\n<title>Da Livorno l&#039;onda post-punk dei Weekend Martyr in tour in tutta Italia - intoscana<\/title>\n<meta name=\"description\" content=\"Il nuovo disco del trio livornese &quot;Gastrin&quot; \u00e8 stato\u00a0registrato, prodotto e mixato da Marco Fasolo gi\u00e0 nei Jennifer Gentle e I Hate My Village\" \/>\n<meta name=\"robots\" content=\"index, follow, max-snippet:-1, max-image-preview:large, max-video-preview:-1\" \/>\n<link rel=\"canonical\" href=\"https:\/\/www.intoscana.it\/it\/da-livorno-londa-post-punk-dei-weekend-martyr-in-tour-in-tutta-italia\/\" \/>\n<meta property=\"og:locale\" content=\"it_IT\" \/>\n<meta property=\"og:type\" content=\"article\" \/>\n<meta property=\"og:title\" content=\"Da Livorno l&#039;onda post-punk dei Weekend Martyr in tour in tutta Italia\" \/>\n<meta property=\"og:description\" content=\"Il nuovo disco del trio livornese &quot;Gastrin&quot; \u00e8 stato\u00a0registrato, prodotto e mixato da Marco Fasolo gi\u00e0 nei Jennifer Gentle e I Hate My Village\" \/>\n<meta property=\"og:url\" content=\"https:\/\/www.intoscana.it\/it\/da-livorno-londa-post-punk-dei-weekend-martyr-in-tour-in-tutta-italia\/\" \/>\n<meta property=\"og:site_name\" content=\"intoscana\" \/>\n<meta property=\"article:publisher\" content=\"https:\/\/www.facebook.com\/intoscana.it\" \/>\n<meta property=\"article:published_time\" content=\"2024-02-13T09:57:04+00:00\" \/>\n<meta property=\"article:modified_time\" content=\"2024-02-13T10:07:27+00:00\" \/>\n<meta property=\"og:image\" content=\"https:\/\/www.intoscana.it\/wp-content\/uploads\/Foto-per-press-kit.jpeg\" \/>\n\t<meta property=\"og:image:width\" content=\"1280\" \/>\n\t<meta property=\"og:image:height\" content=\"853\" \/>\n\t<meta property=\"og:image:type\" content=\"image\/jpeg\" \/>\n<meta name=\"author\" content=\"Costanza Baldini\" \/>\n<meta name=\"twitter:card\" content=\"summary_large_image\" \/>\n<meta name=\"twitter:creator\" content=\"@intoscana\" \/>\n<meta name=\"twitter:site\" content=\"@intoscana\" \/>\n<meta name=\"twitter:label1\" content=\"Written by\" \/>\n\t<meta name=\"twitter:data1\" content=\"Costanza Baldini\" \/>\n\t<meta name=\"twitter:label2\" content=\"Est. reading time\" \/>\n\t<meta name=\"twitter:data2\" content=\"4 minuti\" \/>\n<script type=\"application\/ld+json\" class=\"yoast-schema-graph\">{\"@context\":\"https:\/\/schema.org\",\"@graph\":[{\"@type\":\"WebPage\",\"@id\":\"https:\/\/www.intoscana.it\/it\/da-livorno-londa-post-punk-dei-weekend-martyr-in-tour-in-tutta-italia\/\",\"url\":\"https:\/\/www.intoscana.it\/it\/da-livorno-londa-post-punk-dei-weekend-martyr-in-tour-in-tutta-italia\/\",\"name\":\"Da Livorno l'onda post-punk dei Weekend Martyr in tour in tutta Italia - intoscana\",\"isPartOf\":{\"@id\":\"https:\/\/www.intoscana.it\/it\/#website\"},\"primaryImageOfPage\":{\"@id\":\"https:\/\/www.intoscana.it\/it\/da-livorno-londa-post-punk-dei-weekend-martyr-in-tour-in-tutta-italia\/#primaryimage\"},\"image\":{\"@id\":\"https:\/\/www.intoscana.it\/it\/da-livorno-londa-post-punk-dei-weekend-martyr-in-tour-in-tutta-italia\/#primaryimage\"},\"thumbnailUrl\":\"https:\/\/www.intoscana.it\/wp-content\/uploads\/Foto-per-press-kit.jpeg\",\"datePublished\":\"2024-02-13T09:57:04+00:00\",\"dateModified\":\"2024-02-13T10:07:27+00:00\",\"author\":{\"@id\":\"https:\/\/www.intoscana.it\/it\/#\/schema\/person\/d469f35f09739bdf00bf5dd3f0647a82\"},\"description\":\"Il nuovo disco del trio livornese \\\"Gastrin\\\" \u00e8 stato\u00a0registrato, prodotto e mixato da Marco Fasolo gi\u00e0 nei Jennifer Gentle e I Hate My Village\",\"breadcrumb\":{\"@id\":\"https:\/\/www.intoscana.it\/it\/da-livorno-londa-post-punk-dei-weekend-martyr-in-tour-in-tutta-italia\/#breadcrumb\"},\"inLanguage\":\"it-IT\",\"potentialAction\":[{\"@type\":\"ReadAction\",\"target\":[\"https:\/\/www.intoscana.it\/it\/da-livorno-londa-post-punk-dei-weekend-martyr-in-tour-in-tutta-italia\/\"]}]},{\"@type\":\"ImageObject\",\"inLanguage\":\"it-IT\",\"@id\":\"https:\/\/www.intoscana.it\/it\/da-livorno-londa-post-punk-dei-weekend-martyr-in-tour-in-tutta-italia\/#primaryimage\",\"url\":\"https:\/\/www.intoscana.it\/wp-content\/uploads\/Foto-per-press-kit.jpeg\",\"contentUrl\":\"https:\/\/www.intoscana.it\/wp-content\/uploads\/Foto-per-press-kit.jpeg\",\"width\":1280,\"height\":853,\"caption\":\"Weekend Martyr\"},{\"@type\":\"BreadcrumbList\",\"@id\":\"https:\/\/www.intoscana.it\/it\/da-livorno-londa-post-punk-dei-weekend-martyr-in-tour-in-tutta-italia\/#breadcrumb\",\"itemListElement\":[{\"@type\":\"ListItem\",\"position\":1,\"name\":\"Home\",\"item\":\"https:\/\/www.intoscana.it\/it\/\"},{\"@type\":\"ListItem\",\"position\":2,\"name\":\"Da Livorno l&#8217;onda post-punk dei Weekend Martyr in tour in tutta Italia\"}]},{\"@type\":\"WebSite\",\"@id\":\"https:\/\/www.intoscana.it\/it\/#website\",\"url\":\"https:\/\/www.intoscana.it\/it\/\",\"name\":\"intoscana\",\"description\":\"\",\"potentialAction\":[{\"@type\":\"SearchAction\",\"target\":{\"@type\":\"EntryPoint\",\"urlTemplate\":\"https:\/\/www.intoscana.it\/it\/?s={search_term_string}\"},\"query-input\":{\"@type\":\"PropertyValueSpecification\",\"valueRequired\":true,\"valueName\":\"search_term_string\"}}],\"inLanguage\":\"it-IT\"},{\"@type\":\"Person\",\"@id\":\"https:\/\/www.intoscana.it\/it\/#\/schema\/person\/d469f35f09739bdf00bf5dd3f0647a82\",\"name\":\"Costanza Baldini\",\"url\":\"https:\/\/www.intoscana.it\/it\/author\/costanza-baldini\/\"}]}<\/script>\n<!-- \/ Yoast SEO Premium plugin. -->","yoast_head_json":{"title":"Da Livorno l'onda post-punk dei Weekend Martyr in tour in tutta Italia - intoscana","description":"Il nuovo disco del trio livornese \"Gastrin\" \u00e8 stato\u00a0registrato, prodotto e mixato da Marco Fasolo gi\u00e0 nei Jennifer Gentle e I Hate My Village","robots":{"index":"index","follow":"follow","max-snippet":"max-snippet:-1","max-image-preview":"max-image-preview:large","max-video-preview":"max-video-preview:-1"},"canonical":"https:\/\/www.intoscana.it\/it\/da-livorno-londa-post-punk-dei-weekend-martyr-in-tour-in-tutta-italia\/","og_locale":"it_IT","og_type":"article","og_title":"Da Livorno l'onda post-punk dei Weekend Martyr in tour in tutta Italia","og_description":"Il nuovo disco del trio livornese \"Gastrin\" \u00e8 stato\u00a0registrato, prodotto e mixato da Marco Fasolo gi\u00e0 nei Jennifer Gentle e I Hate My Village","og_url":"https:\/\/www.intoscana.it\/it\/da-livorno-londa-post-punk-dei-weekend-martyr-in-tour-in-tutta-italia\/","og_site_name":"intoscana","article_publisher":"https:\/\/www.facebook.com\/intoscana.it","article_published_time":"2024-02-13T09:57:04+00:00","article_modified_time":"2024-02-13T10:07:27+00:00","og_image":[{"width":1280,"height":853,"url":"https:\/\/www.intoscana.it\/wp-content\/uploads\/Foto-per-press-kit.jpeg","type":"image\/jpeg"}],"author":"Costanza Baldini","twitter_card":"summary_large_image","twitter_creator":"@intoscana","twitter_site":"@intoscana","twitter_misc":{"Written by":"Costanza Baldini","Est. reading time":"4 minuti"},"schema":{"@context":"https:\/\/schema.org","@graph":[{"@type":"WebPage","@id":"https:\/\/www.intoscana.it\/it\/da-livorno-londa-post-punk-dei-weekend-martyr-in-tour-in-tutta-italia\/","url":"https:\/\/www.intoscana.it\/it\/da-livorno-londa-post-punk-dei-weekend-martyr-in-tour-in-tutta-italia\/","name":"Da Livorno l'onda post-punk dei Weekend Martyr in tour in tutta Italia - intoscana","isPartOf":{"@id":"https:\/\/www.intoscana.it\/it\/#website"},"primaryImageOfPage":{"@id":"https:\/\/www.intoscana.it\/it\/da-livorno-londa-post-punk-dei-weekend-martyr-in-tour-in-tutta-italia\/#primaryimage"},"image":{"@id":"https:\/\/www.intoscana.it\/it\/da-livorno-londa-post-punk-dei-weekend-martyr-in-tour-in-tutta-italia\/#primaryimage"},"thumbnailUrl":"https:\/\/www.intoscana.it\/wp-content\/uploads\/Foto-per-press-kit.jpeg","datePublished":"2024-02-13T09:57:04+00:00","dateModified":"2024-02-13T10:07:27+00:00","author":{"@id":"https:\/\/www.intoscana.it\/it\/#\/schema\/person\/d469f35f09739bdf00bf5dd3f0647a82"},"description":"Il nuovo disco del trio livornese \"Gastrin\" \u00e8 stato\u00a0registrato, prodotto e mixato da Marco Fasolo gi\u00e0 nei Jennifer Gentle e I Hate My Village","breadcrumb":{"@id":"https:\/\/www.intoscana.it\/it\/da-livorno-londa-post-punk-dei-weekend-martyr-in-tour-in-tutta-italia\/#breadcrumb"},"inLanguage":"it-IT","potentialAction":[{"@type":"ReadAction","target":["https:\/\/www.intoscana.it\/it\/da-livorno-londa-post-punk-dei-weekend-martyr-in-tour-in-tutta-italia\/"]}]},{"@type":"ImageObject","inLanguage":"it-IT","@id":"https:\/\/www.intoscana.it\/it\/da-livorno-londa-post-punk-dei-weekend-martyr-in-tour-in-tutta-italia\/#primaryimage","url":"https:\/\/www.intoscana.it\/wp-content\/uploads\/Foto-per-press-kit.jpeg","contentUrl":"https:\/\/www.intoscana.it\/wp-content\/uploads\/Foto-per-press-kit.jpeg","width":1280,"height":853,"caption":"Weekend Martyr"},{"@type":"BreadcrumbList","@id":"https:\/\/www.intoscana.it\/it\/da-livorno-londa-post-punk-dei-weekend-martyr-in-tour-in-tutta-italia\/#breadcrumb","itemListElement":[{"@type":"ListItem","position":1,"name":"Home","item":"https:\/\/www.intoscana.it\/it\/"},{"@type":"ListItem","position":2,"name":"Da Livorno l&#8217;onda post-punk dei Weekend Martyr in tour in tutta Italia"}]},{"@type":"WebSite","@id":"https:\/\/www.intoscana.it\/it\/#website","url":"https:\/\/www.intoscana.it\/it\/","name":"intoscana","description":"","potentialAction":[{"@type":"SearchAction","target":{"@type":"EntryPoint","urlTemplate":"https:\/\/www.intoscana.it\/it\/?s={search_term_string}"},"query-input":{"@type":"PropertyValueSpecification","valueRequired":true,"valueName":"search_term_string"}}],"inLanguage":"it-IT"},{"@type":"Person","@id":"https:\/\/www.intoscana.it\/it\/#\/schema\/person\/d469f35f09739bdf00bf5dd3f0647a82","name":"Costanza Baldini","url":"https:\/\/www.intoscana.it\/it\/author\/costanza-baldini\/"}]}},"_links":{"self":[{"href":"https:\/\/www.intoscana.it\/it\/wp-json\/wp\/v2\/posts\/326512","targetHints":{"allow":["GET"]}}],"collection":[{"href":"https:\/\/www.intoscana.it\/it\/wp-json\/wp\/v2\/posts"}],"about":[{"href":"https:\/\/www.intoscana.it\/it\/wp-json\/wp\/v2\/types\/post"}],"author":[{"embeddable":true,"href":"https:\/\/www.intoscana.it\/it\/wp-json\/wp\/v2\/users\/518"}],"replies":[{"embeddable":true,"href":"https:\/\/www.intoscana.it\/it\/wp-json\/wp\/v2\/comments?post=326512"}],"version-history":[{"count":15,"href":"https:\/\/www.intoscana.it\/it\/wp-json\/wp\/v2\/posts\/326512\/revisions"}],"predecessor-version":[{"id":326534,"href":"https:\/\/www.intoscana.it\/it\/wp-json\/wp\/v2\/posts\/326512\/revisions\/326534"}],"wp:featuredmedia":[{"embeddable":true,"href":"https:\/\/www.intoscana.it\/it\/wp-json\/wp\/v2\/media\/326283"}],"wp:attachment":[{"href":"https:\/\/www.intoscana.it\/it\/wp-json\/wp\/v2\/media?parent=326512"}],"wp:term":[{"taxonomy":"category","embeddable":true,"href":"https:\/\/www.intoscana.it\/it\/wp-json\/wp\/v2\/categories?post=326512"},{"taxonomy":"post_tag","embeddable":true,"href":"https:\/\/www.intoscana.it\/it\/wp-json\/wp\/v2\/tags?post=326512"}],"curies":[{"name":"wp","href":"https:\/\/api.w.org\/{rel}","templated":true}]}}