{"id":326532,"date":"2024-02-13T11:12:11","date_gmt":"2024-02-13T10:12:11","guid":{"rendered":"https:\/\/www.intoscana.it\/it\/?p=326532"},"modified":"2024-02-13T14:08:36","modified_gmt":"2024-02-13T13:08:36","slug":"a-firenze-il-meeting-micro-piccole-e-medie-imprese-il-motore-della-toscana","status":"publish","type":"post","link":"https:\/\/www.intoscana.it\/it\/a-firenze-il-meeting-micro-piccole-e-medie-imprese-il-motore-della-toscana\/","title":{"rendered":"A Firenze il meeting \u201cMicro, piccole e medie imprese: il motore della Toscana&#8221;"},"content":{"rendered":"<p><strong>Marted\u00ec 13 febbraio<\/strong> a Firenze nella Sala Martino V della Fondazione Santa Maria Nuova ETS si \u00e8 tenuto <strong><em>\u201cMicro, piccole e medie imprese: il motore della Toscana\u201d<\/em> <\/strong>il Meeting di Unioni, Mestieri e Raggruppamenti d\u2019interesse di <strong>CNA Toscana.<\/strong><\/p>\n<p>Si \u00e8 trattato di un momento d\u2019incontro dedicato ai <strong>Presidenti di Unioni, Mestieri e Raggruppamenti d\u2019Interesse<\/strong> per presentare la<strong> programmazione strategica e delle iniziative per l\u2019anno in corso<\/strong> e per fare un bilancio delle attivit\u00e0 portate avanti.<\/p>\n<h3>I dati di CNA Toscana sulle imprese<\/h3>\n<p>Secondo i dati presentati, tra le oltre<strong> 340mila imprese<\/strong> presenti in regione circa il<strong> 29% \u00e8 parte del comparto delle imprese artigiane<\/strong>, con il 95% delle imprese toscane che hanno un numero di dipendenti tra 1 e 9, e una dimensione media di 3,5 dipendenti.<\/p>\n<p>Negli ultimi 15 anni,<strong> il numero di imprese artigiane iscritte \u00e8 diminuito,<\/strong> ma la Toscana ha resistito meglio rispetto ad altre regioni, con un saldo positivo tra nuove iscrizioni e cessazioni nel 2023, dopo anni di saldo negativo.<\/p>\n<p><strong>Cna Toscana<\/strong> ha chiesto <strong>un maggiore impegno da parte delle istituzioni<\/strong> per le imprese artigiane, presenti in ogni provincia, nelle citt\u00e0, nei piccoli centri e nelle aree industriali e commerciali, con aziende attive in vari settori, dall&#8217;edilizia ai servizi personali, dall&#8217;agroalimentare ai trasporti, dalla moda all&#8217;ambito artistico.<\/p>\n<h3>L&#8217;appello di CNA Toscana per l&#8217;artigianato<\/h3>\n<p><em>&#8220;Sulle nostre imprese pende una spada di Damocle&#8221;<\/em>, ha affermato <strong>il presidente di CNA Toscana Luca Tonini,<\/strong><em> secondo cui &#8220;se i dati confermano l&#8217;importanza dell&#8217;artigianato in Toscana, non riescono per\u00f2 a prevedere cosa succeder\u00e0 nei prossimi anni. Dal nostro osservatorio privilegiato vediamo una situazione veramente complessa, penso ad esempio al comparto moda-pelletteria che sta affrontando una crisi profonda&#8221;, per cui &#8220;\u00e8 necessario che siano aperti al pi\u00f9 presto tavoli istituzionali a pi\u00f9 livelli per affrontare la situazione&#8221;.<\/em><\/p>\n<p><em>&#8220;Condividiamo questa impostazione di voler affrontare non solo i problemi specifici<\/em> &#8211; ha affermato il <strong>presidente della Regione Toscana Eugenio Giani,<\/strong> partecipando all&#8217;evento -, <em>ma anche la visione generale. I temi delle infrastrutture e i temi della semplificazione sono temi su cui io mi sono scatenato nel cercare da un lato di offrire una prospettiva, una modernizzazione infrastrutturale della Toscana, e dall&#8217;altra una semplificazione burocratica, che \u00e8 sempre punto di riferimento e coordinata essenziale nelle leggi e nei regolamenti che ha attuato la Regione&#8221;. <\/em><\/p>\n<p><strong>Per il sindaco di Firenze Dario Nardella<\/strong> &#8220;<em>abbiamo una grande concentrazione di piccole imprese, che peraltro sono ben collegate anche con le grandi multinazionali, perch\u00e9 il sistema dei distretti appartiene proprio alla tradizione economica della Toscana, le filiere nella manifattura, nel sistema delle tecnologie, nella moda, appunto nell&#8217;industria: solo che abbiamo bisogno di rafforzarle. In che modo? Anzitutto con le infrastrutture. Le infrastrutture sono decisive per la Toscana e per l&#8217;Italia centrale&#8221;. <\/em><\/p>\n<p><strong>Tuttavia, ha evidenziato il sindaco,<\/strong> &#8220;<em>le infrastrutture hanno bisogno di risorse, e noi siamo molto preoccupati per il clima di incertezza che ancora domina per il sistema di finanziamento del Pnrr su molte infrastrutture che riguardano le aree metropolitane, come ad esempio anche quella di Firenze. Questa incertezza rischia di scaricarsi proprio sulle imprese che invece hanno bisogno di certezze. A Firenze, in questi anni, siamo riusciti a sbloccare tutte le infrastrutture pi\u00f9 importanti. Penso al sistema dell&#8217;Alta velocit\u00e0 che peraltro libererebbe binari in superficie, spazio non solo per il trasporto regionale, ma anche per il trasporto merci. Penso al sistema delle tranvie. Penso ai lavori sulla Fortezza da Basso, quindi sul polo fieristico e congressuale che \u00e8 importantissimo per le nostre imprese nelle filiere del made in Italy e del made in Tuscany. Ci rimane il tema dell&#8217;aeroporto, sul quale comunque siamo fiduciosi per quel che riguarda il via libera con la Valutazione di impatto ambientale, che aspettiamo entro l&#8217;estate&#8221;.<\/em><\/p>\n<p>&nbsp;<\/p>\n<p>&nbsp;<\/p>\n","protected":false},"excerpt":{"rendered":"<p>Il 13 febbraio al meeting di Unioni, Mestieri e Raggruppamenti d\u2019interesse di CNA Toscana hanno partecipato anche Eugenio Giani il presidente della Regione Toscana e Dario Nardella il sindaco di Firenze<\/p>\n","protected":false},"author":525,"featured_media":96188,"comment_status":"open","ping_status":"open","sticky":false,"template":"","format":"standard","meta":{"_acf_changed":false,"footnotes":""},"categories":[494],"tags":[194,260,151],"class_list":["post-326532","post","type-post","status-publish","format-standard","has-post-thumbnail","hentry","category-attualita","tag-aziende","tag-lavoro","tag-regione-toscana"],"acf":[],"yoast_head":"<!-- This site is optimized with the Yoast SEO Premium plugin v24.2 (Yoast SEO v25.6) - https:\/\/yoast.com\/wordpress\/plugins\/seo\/ -->\n<title>A Firenze il meeting \u201cMicro, piccole e medie imprese: il motore della Toscana&quot; - intoscana<\/title>\n<meta name=\"description\" content=\"Il 13 febbraio al meeting di Unioni, Mestieri e Raggruppamenti d\u2019interesse di CNA Toscana partecipano anche Eugenio Giani e Dario Nardella\" \/>\n<meta name=\"robots\" content=\"index, follow, max-snippet:-1, max-image-preview:large, max-video-preview:-1\" \/>\n<link rel=\"canonical\" href=\"https:\/\/www.intoscana.it\/it\/a-firenze-il-meeting-micro-piccole-e-medie-imprese-il-motore-della-toscana\/\" \/>\n<meta property=\"og:locale\" content=\"it_IT\" \/>\n<meta property=\"og:type\" content=\"article\" \/>\n<meta property=\"og:title\" content=\"A Firenze il meeting \u201cMicro, piccole e medie imprese: il motore della Toscana&quot;\" \/>\n<meta property=\"og:description\" content=\"Il 13 febbraio al meeting di Unioni, Mestieri e Raggruppamenti d\u2019interesse di CNA Toscana partecipano anche Eugenio Giani e Dario Nardella\" \/>\n<meta property=\"og:url\" content=\"https:\/\/www.intoscana.it\/it\/a-firenze-il-meeting-micro-piccole-e-medie-imprese-il-motore-della-toscana\/\" \/>\n<meta property=\"og:site_name\" content=\"intoscana\" \/>\n<meta property=\"article:publisher\" content=\"https:\/\/www.facebook.com\/intoscana.it\" \/>\n<meta property=\"article:published_time\" content=\"2024-02-13T10:12:11+00:00\" \/>\n<meta property=\"article:modified_time\" content=\"2024-02-13T13:08:36+00:00\" \/>\n<meta property=\"og:image\" content=\"https:\/\/www.intoscana.it\/wp-content\/uploads\/artigiano_scarpe.jpg\" \/>\n\t<meta property=\"og:image:width\" content=\"2000\" \/>\n\t<meta property=\"og:image:height\" content=\"1335\" \/>\n\t<meta property=\"og:image:type\" content=\"image\/jpeg\" \/>\n<meta name=\"author\" content=\"Redazione\" \/>\n<meta name=\"twitter:card\" content=\"summary_large_image\" \/>\n<meta name=\"twitter:creator\" content=\"@intoscana\" \/>\n<meta name=\"twitter:site\" content=\"@intoscana\" \/>\n<meta name=\"twitter:label1\" content=\"Written by\" \/>\n\t<meta name=\"twitter:data1\" content=\"Redazione\" \/>\n\t<meta name=\"twitter:label2\" content=\"Est. reading time\" \/>\n\t<meta name=\"twitter:data2\" content=\"4 minuti\" \/>\n<script type=\"application\/ld+json\" class=\"yoast-schema-graph\">{\"@context\":\"https:\/\/schema.org\",\"@graph\":[{\"@type\":\"WebPage\",\"@id\":\"https:\/\/www.intoscana.it\/it\/a-firenze-il-meeting-micro-piccole-e-medie-imprese-il-motore-della-toscana\/\",\"url\":\"https:\/\/www.intoscana.it\/it\/a-firenze-il-meeting-micro-piccole-e-medie-imprese-il-motore-della-toscana\/\",\"name\":\"A Firenze il meeting \u201cMicro, piccole e medie imprese: il motore della Toscana\\\" - intoscana\",\"isPartOf\":{\"@id\":\"https:\/\/www.intoscana.it\/it\/#website\"},\"primaryImageOfPage\":{\"@id\":\"https:\/\/www.intoscana.it\/it\/a-firenze-il-meeting-micro-piccole-e-medie-imprese-il-motore-della-toscana\/#primaryimage\"},\"image\":{\"@id\":\"https:\/\/www.intoscana.it\/it\/a-firenze-il-meeting-micro-piccole-e-medie-imprese-il-motore-della-toscana\/#primaryimage\"},\"thumbnailUrl\":\"https:\/\/www.intoscana.it\/wp-content\/uploads\/artigiano_scarpe.jpg\",\"datePublished\":\"2024-02-13T10:12:11+00:00\",\"dateModified\":\"2024-02-13T13:08:36+00:00\",\"author\":{\"@id\":\"https:\/\/www.intoscana.it\/it\/#\/schema\/person\/9223810753230f20bd670fdd322661f8\"},\"description\":\"Il 13 febbraio al meeting di Unioni, Mestieri e Raggruppamenti d\u2019interesse di CNA Toscana partecipano anche Eugenio Giani e Dario Nardella\",\"breadcrumb\":{\"@id\":\"https:\/\/www.intoscana.it\/it\/a-firenze-il-meeting-micro-piccole-e-medie-imprese-il-motore-della-toscana\/#breadcrumb\"},\"inLanguage\":\"it-IT\",\"potentialAction\":[{\"@type\":\"ReadAction\",\"target\":[\"https:\/\/www.intoscana.it\/it\/a-firenze-il-meeting-micro-piccole-e-medie-imprese-il-motore-della-toscana\/\"]}]},{\"@type\":\"ImageObject\",\"inLanguage\":\"it-IT\",\"@id\":\"https:\/\/www.intoscana.it\/it\/a-firenze-il-meeting-micro-piccole-e-medie-imprese-il-motore-della-toscana\/#primaryimage\",\"url\":\"https:\/\/www.intoscana.it\/wp-content\/uploads\/artigiano_scarpe.jpg\",\"contentUrl\":\"https:\/\/www.intoscana.it\/wp-content\/uploads\/artigiano_scarpe.jpg\",\"width\":2000,\"height\":1335},{\"@type\":\"BreadcrumbList\",\"@id\":\"https:\/\/www.intoscana.it\/it\/a-firenze-il-meeting-micro-piccole-e-medie-imprese-il-motore-della-toscana\/#breadcrumb\",\"itemListElement\":[{\"@type\":\"ListItem\",\"position\":1,\"name\":\"Home\",\"item\":\"https:\/\/www.intoscana.it\/it\/\"},{\"@type\":\"ListItem\",\"position\":2,\"name\":\"A Firenze il meeting \u201cMicro, piccole e medie imprese: il motore della Toscana&#8221;\"}]},{\"@type\":\"WebSite\",\"@id\":\"https:\/\/www.intoscana.it\/it\/#website\",\"url\":\"https:\/\/www.intoscana.it\/it\/\",\"name\":\"intoscana\",\"description\":\"\",\"potentialAction\":[{\"@type\":\"SearchAction\",\"target\":{\"@type\":\"EntryPoint\",\"urlTemplate\":\"https:\/\/www.intoscana.it\/it\/?s={search_term_string}\"},\"query-input\":{\"@type\":\"PropertyValueSpecification\",\"valueRequired\":true,\"valueName\":\"search_term_string\"}}],\"inLanguage\":\"it-IT\"},{\"@type\":\"Person\",\"@id\":\"https:\/\/www.intoscana.it\/it\/#\/schema\/person\/9223810753230f20bd670fdd322661f8\",\"name\":\"Redazione\",\"url\":\"https:\/\/www.intoscana.it\/it\/author\/redazione\/\"}]}<\/script>\n<!-- \/ Yoast SEO Premium plugin. -->","yoast_head_json":{"title":"A Firenze il meeting \u201cMicro, piccole e medie imprese: il motore della Toscana\" - intoscana","description":"Il 13 febbraio al meeting di Unioni, Mestieri e Raggruppamenti d\u2019interesse di CNA Toscana partecipano anche Eugenio Giani e Dario Nardella","robots":{"index":"index","follow":"follow","max-snippet":"max-snippet:-1","max-image-preview":"max-image-preview:large","max-video-preview":"max-video-preview:-1"},"canonical":"https:\/\/www.intoscana.it\/it\/a-firenze-il-meeting-micro-piccole-e-medie-imprese-il-motore-della-toscana\/","og_locale":"it_IT","og_type":"article","og_title":"A Firenze il meeting \u201cMicro, piccole e medie imprese: il motore della Toscana\"","og_description":"Il 13 febbraio al meeting di Unioni, Mestieri e Raggruppamenti d\u2019interesse di CNA Toscana partecipano anche Eugenio Giani e Dario Nardella","og_url":"https:\/\/www.intoscana.it\/it\/a-firenze-il-meeting-micro-piccole-e-medie-imprese-il-motore-della-toscana\/","og_site_name":"intoscana","article_publisher":"https:\/\/www.facebook.com\/intoscana.it","article_published_time":"2024-02-13T10:12:11+00:00","article_modified_time":"2024-02-13T13:08:36+00:00","og_image":[{"width":2000,"height":1335,"url":"https:\/\/www.intoscana.it\/wp-content\/uploads\/artigiano_scarpe.jpg","type":"image\/jpeg"}],"author":"Redazione","twitter_card":"summary_large_image","twitter_creator":"@intoscana","twitter_site":"@intoscana","twitter_misc":{"Written by":"Redazione","Est. reading time":"4 minuti"},"schema":{"@context":"https:\/\/schema.org","@graph":[{"@type":"WebPage","@id":"https:\/\/www.intoscana.it\/it\/a-firenze-il-meeting-micro-piccole-e-medie-imprese-il-motore-della-toscana\/","url":"https:\/\/www.intoscana.it\/it\/a-firenze-il-meeting-micro-piccole-e-medie-imprese-il-motore-della-toscana\/","name":"A Firenze il meeting \u201cMicro, piccole e medie imprese: il motore della Toscana\" - intoscana","isPartOf":{"@id":"https:\/\/www.intoscana.it\/it\/#website"},"primaryImageOfPage":{"@id":"https:\/\/www.intoscana.it\/it\/a-firenze-il-meeting-micro-piccole-e-medie-imprese-il-motore-della-toscana\/#primaryimage"},"image":{"@id":"https:\/\/www.intoscana.it\/it\/a-firenze-il-meeting-micro-piccole-e-medie-imprese-il-motore-della-toscana\/#primaryimage"},"thumbnailUrl":"https:\/\/www.intoscana.it\/wp-content\/uploads\/artigiano_scarpe.jpg","datePublished":"2024-02-13T10:12:11+00:00","dateModified":"2024-02-13T13:08:36+00:00","author":{"@id":"https:\/\/www.intoscana.it\/it\/#\/schema\/person\/9223810753230f20bd670fdd322661f8"},"description":"Il 13 febbraio al meeting di Unioni, Mestieri e Raggruppamenti d\u2019interesse di CNA Toscana partecipano anche Eugenio Giani e Dario Nardella","breadcrumb":{"@id":"https:\/\/www.intoscana.it\/it\/a-firenze-il-meeting-micro-piccole-e-medie-imprese-il-motore-della-toscana\/#breadcrumb"},"inLanguage":"it-IT","potentialAction":[{"@type":"ReadAction","target":["https:\/\/www.intoscana.it\/it\/a-firenze-il-meeting-micro-piccole-e-medie-imprese-il-motore-della-toscana\/"]}]},{"@type":"ImageObject","inLanguage":"it-IT","@id":"https:\/\/www.intoscana.it\/it\/a-firenze-il-meeting-micro-piccole-e-medie-imprese-il-motore-della-toscana\/#primaryimage","url":"https:\/\/www.intoscana.it\/wp-content\/uploads\/artigiano_scarpe.jpg","contentUrl":"https:\/\/www.intoscana.it\/wp-content\/uploads\/artigiano_scarpe.jpg","width":2000,"height":1335},{"@type":"BreadcrumbList","@id":"https:\/\/www.intoscana.it\/it\/a-firenze-il-meeting-micro-piccole-e-medie-imprese-il-motore-della-toscana\/#breadcrumb","itemListElement":[{"@type":"ListItem","position":1,"name":"Home","item":"https:\/\/www.intoscana.it\/it\/"},{"@type":"ListItem","position":2,"name":"A Firenze il meeting \u201cMicro, piccole e medie imprese: il motore della Toscana&#8221;"}]},{"@type":"WebSite","@id":"https:\/\/www.intoscana.it\/it\/#website","url":"https:\/\/www.intoscana.it\/it\/","name":"intoscana","description":"","potentialAction":[{"@type":"SearchAction","target":{"@type":"EntryPoint","urlTemplate":"https:\/\/www.intoscana.it\/it\/?s={search_term_string}"},"query-input":{"@type":"PropertyValueSpecification","valueRequired":true,"valueName":"search_term_string"}}],"inLanguage":"it-IT"},{"@type":"Person","@id":"https:\/\/www.intoscana.it\/it\/#\/schema\/person\/9223810753230f20bd670fdd322661f8","name":"Redazione","url":"https:\/\/www.intoscana.it\/it\/author\/redazione\/"}]}},"_links":{"self":[{"href":"https:\/\/www.intoscana.it\/it\/wp-json\/wp\/v2\/posts\/326532","targetHints":{"allow":["GET"]}}],"collection":[{"href":"https:\/\/www.intoscana.it\/it\/wp-json\/wp\/v2\/posts"}],"about":[{"href":"https:\/\/www.intoscana.it\/it\/wp-json\/wp\/v2\/types\/post"}],"author":[{"embeddable":true,"href":"https:\/\/www.intoscana.it\/it\/wp-json\/wp\/v2\/users\/525"}],"replies":[{"embeddable":true,"href":"https:\/\/www.intoscana.it\/it\/wp-json\/wp\/v2\/comments?post=326532"}],"version-history":[{"count":3,"href":"https:\/\/www.intoscana.it\/it\/wp-json\/wp\/v2\/posts\/326532\/revisions"}],"predecessor-version":[{"id":326589,"href":"https:\/\/www.intoscana.it\/it\/wp-json\/wp\/v2\/posts\/326532\/revisions\/326589"}],"wp:featuredmedia":[{"embeddable":true,"href":"https:\/\/www.intoscana.it\/it\/wp-json\/wp\/v2\/media\/96188"}],"wp:attachment":[{"href":"https:\/\/www.intoscana.it\/it\/wp-json\/wp\/v2\/media?parent=326532"}],"wp:term":[{"taxonomy":"category","embeddable":true,"href":"https:\/\/www.intoscana.it\/it\/wp-json\/wp\/v2\/categories?post=326532"},{"taxonomy":"post_tag","embeddable":true,"href":"https:\/\/www.intoscana.it\/it\/wp-json\/wp\/v2\/tags?post=326532"}],"curies":[{"name":"wp","href":"https:\/\/api.w.org\/{rel}","templated":true}]}}