{"id":326687,"date":"2024-02-13T17:17:04","date_gmt":"2024-02-13T16:17:04","guid":{"rendered":"https:\/\/www.intoscana.it\/it\/?p=326687"},"modified":"2024-02-14T15:09:48","modified_gmt":"2024-02-14T14:09:48","slug":"una-firma-per-la-liberta-di-narges-mohammadi-al-carnevale-di-viareggio-con-la-toscana-delle-donne","status":"publish","type":"post","link":"https:\/\/www.intoscana.it\/it\/una-firma-per-la-liberta-di-narges-mohammadi-al-carnevale-di-viareggio-con-la-toscana-delle-donne\/","title":{"rendered":"Una firma per la libert\u00e0 di Narges Mohammadi al Carnevale di Viareggio con la Toscana delle Donne"},"content":{"rendered":"<p>Un Marted\u00ec grasso all&#8217;insegna della solidariet\u00e0 al <strong>Carnevale di Viareggio.<\/strong> Oggi per il quarto corso mascherato la <strong>Toscana delle Donne,<\/strong> il progetto della Regione Toscana per la parit\u00e0 di genere, ha allestito in piazza Mazzini una raccolta firme per chiedere la liberazione immediata dell&#8217;<strong>attivista iraniana Narges Mohammadi,<\/strong> grazie anche al supporto di Oxfam.<\/p>\n<p><em>\u201cDa una delle occasioni simbolo dell\u2019allegria, come il Carnevale di Viareggio, trovo significativo e importante che la Regione rilanci l\u2019appello presentato e aperto a novembre scorso dal progetto La Toscana delle Donne, per la liberazione dell\u2019attivista iraniana <strong>premio Nobel per la pace<\/strong>, Narges Mohammadi, chiusa in carcere dal 2016 dalle autorit\u00e0 iraniane<\/em> &#8211; ha detto il presidente della Toscana <strong>Eugenio Giani<\/strong> &#8211; <mark><em>\u00e8 un gesto di solidariet\u00e0 e impegno a favore di chi sta lottando contro l&#8217;oppressione delle donne in Iran e per la promozione dei diritti umani e della libert\u00e0 di tutti\u201d.<\/em><\/mark><\/p>\n<h3>L&#8217;impegno per i diritti delle donne<\/h3>\n<p><em>\u201cPrima del suo ultimo arresto<\/em> &#8211; ha detto <strong>Cristina Manetti, capo di Gabinetto della presidenza della Regione e ideatrice de La Toscana delle Donne<\/strong> &#8211;<em> Narges Nohammadi ha inviato un messaggio di speranza a coloro che lottano per la libert\u00e0. Ha detto: &#8220;Un giorno canteremo insieme le canzoni della vittoria con gioia e piacere nel nostro Paese e voi sentirete quella voce\u201d. Mi piace, in questo giorno di festa a Viareggio, citare una frase del genere, che possa dare pi\u00f9 forza alla raccolta di firme che la Toscana delle Donne ha avviato per la liberazione immediata di Narges. La sottoscrizione fa tappa anche qua e toccher\u00e0 varie citt\u00e0 della nostra regione.&#8221;<\/em><\/p>\n<p>Sensibilizzare la cittadinanza sui temi della parit\u00e0 di genere nel mondo \u00e8 un impegno che Oxfam e Regione Toscana porteranno avanti anche nei prossimi mesi, in continuit\u00e0 con il lavoro che l&#8217;ONG svolge al fianco delle donne in contesti fragili e di crisi umanitarie. Dopo questo primo appuntamento l\u2019organizzazione sosterr\u00e0 la diffusione dell&#8217;<strong>appello della Regione Toscana<\/strong> in favore della liberazione della premio Nobel iraniana, nel quadro di una serie di iniziative territoriali dedicate alle disuguaglianze di genere, ai diritti e libert\u00e0 delle donne nel mondo. L\u2019appello inoltre <a href=\"https:\/\/latoscanadelledonne.it\/liberate-narges-mohammadi\/\" target=\"_blank\" rel=\"noopener\">pu\u00f2 essere firmato anche online.<\/a><\/p>\n<figure id=\"post-326704 media-326704\" class=\"align-none\">\n<figure id=\"post-326704 media-326704\" class=\"align-none\">\n<p><figure style=\"width: 1440px\" class=\"wp-caption alignnone\"><img loading=\"lazy\" decoding=\"async\" src=\"https:\/\/www.intoscana.it\/wp-content\/uploads\/424965685_804850145016231_4006447480769633339_n.jpeg\" alt=\"\" width=\"1440\" height=\"960\" \/><figcaption class=\"wp-caption-text\">La consegna dei premi del Carnevale di Viareggio 2024 &#8211; \u00a9 Carnevale di Viareggio<\/figcaption><\/figure><\/figure>\n<\/figure>\n<h3>A Viareggio premiati Antonio Ricci e la Gialappa&#8217;s Band<\/h3>\n<p>Sempre a Viareggio oggi \u00e8 stata inaugurata la<strong> mostra fotografica di Massimo Sestini<\/strong> che ha accompagnato la seconda edizione de La Toscana delle donne e che \u00e8 visitabile presso il <strong>Museo del Carnevale alla Cittadella<\/strong>. Si tratta di una selezione delle venti foto esposte nella mostra completa allestita a novembre: volti femminili che rimandano a vite di lavoro, di impegno professionale, di legame stretto con territori e paesaggi della Toscana.<\/p>\n<p>Inoltre oggi al Carnevale di Viareggio \u00e8 stato premiato <mark>Antonio Ricci, ideatore di Striscia La Notizia, con Il Giornalaio dell&#8217;anno 2024, in ricordo di Gianfranco Funari, mentre alla Gialappa&#8217;s Band \u00e8 stato consegnato il Premio Burlamacco d&#8217;oro,<\/mark> il riconoscimento istituito nel 1998 e intitolato alla maschera simbolo della manifestazione.<\/p>\n<p>Ricci ha ricordato i suoi inizi artistici proprio con Funari al noto Derby Club a Milano. &#8220;E<em>ro giovane e Funari mi ha aiutato <\/em><em>molto &#8211;<\/em> ha detto Ricci &#8211;<em> quindi ricevere un premio intitolato a lui mi riempie d&#8217;orgoglio. Al Derby si esibiranno Cochi e Renato, I <\/em><em>Gatti di vicolo Miracoli, \u00e8 stata una vera scuola che mi \u00e8 servita molto&#8221;.<\/em><\/p>\n<p>Anche il presidente<strong> Giani<\/strong>\u00a0\u00e8 intervenuto al conferimento del Burlamacco d\u2019Oro alla\u00a0<strong>Gialappa\u2019s Band<\/strong>, il duo comico formato da\u00a0<strong>Giorgio Gherarducci\u00a0<\/strong>e\u00a0<strong>Marco Santin<\/strong> alla Galleria di arte moderna e contemporanea di Viareggio.<br \/>\nIl presidente Giani, presente assieme alla capo di Gabinetto<strong>\u00a0Manetti<\/strong>, ha evidenziato l\u2019importanza del premio e la capacit\u00e0 artistica di Gherarducci e Santin affermando che <em>\u201cle loro voci sono ormai parte dell\u2019immaginario collettivo italiano\u201d.<\/em><\/p>\n","protected":false},"excerpt":{"rendered":"<p>In piazza Mazzini durante il corso mascherato del Marted\u00ec grasso la sottoscrizione a favore dell\u2019attivista iraniana Premio Nobel per la Pace. Premiati Antonio Ricci e la Gialappa&#8217;s Band<\/p>\n","protected":false},"author":525,"featured_media":326708,"comment_status":"open","ping_status":"open","sticky":false,"template":"","format":"standard","meta":{"_acf_changed":false,"footnotes":""},"categories":[494],"tags":[1533,6557,151],"class_list":["post-326687","post","type-post","status-publish","format-standard","has-post-thumbnail","hentry","category-attualita","tag-carnevale-di-viareggio","tag-la-toscana-delle-donne","tag-regione-toscana"],"acf":[],"yoast_head":"<!-- This site is optimized with the Yoast SEO Premium plugin v24.2 (Yoast SEO v25.6) - https:\/\/yoast.com\/wordpress\/plugins\/seo\/ -->\n<title>Una firma per la libert\u00e0 di Narges Mohammadi al Carnevale di Viareggio con la Toscana delle Donne - intoscana<\/title>\n<meta name=\"robots\" content=\"index, follow, max-snippet:-1, max-image-preview:large, max-video-preview:-1\" \/>\n<link rel=\"canonical\" href=\"https:\/\/www.intoscana.it\/it\/una-firma-per-la-liberta-di-narges-mohammadi-al-carnevale-di-viareggio-con-la-toscana-delle-donne\/\" \/>\n<meta property=\"og:locale\" content=\"it_IT\" \/>\n<meta property=\"og:type\" content=\"article\" \/>\n<meta property=\"og:title\" content=\"Una firma per la libert\u00e0 di Narges Mohammadi al Carnevale di Viareggio con la Toscana delle Donne\" \/>\n<meta property=\"og:description\" content=\"In piazza Mazzini durante il corso mascherato del Marted\u00ec grasso la sottoscrizione a favore dell\u2019attivista iraniana Premio Nobel per la Pace. Premiati Antonio Ricci e la Gialappa&#039;s Band\" \/>\n<meta property=\"og:url\" content=\"https:\/\/www.intoscana.it\/it\/una-firma-per-la-liberta-di-narges-mohammadi-al-carnevale-di-viareggio-con-la-toscana-delle-donne\/\" \/>\n<meta property=\"og:site_name\" content=\"intoscana\" \/>\n<meta property=\"article:publisher\" content=\"https:\/\/www.facebook.com\/intoscana.it\" \/>\n<meta property=\"article:published_time\" content=\"2024-02-13T16:17:04+00:00\" \/>\n<meta property=\"article:modified_time\" content=\"2024-02-14T14:09:48+00:00\" \/>\n<meta property=\"og:image\" content=\"https:\/\/www.intoscana.it\/wp-content\/uploads\/carnevale-martedigrasso.jpeg\" \/>\n\t<meta property=\"og:image:width\" content=\"1440\" \/>\n\t<meta property=\"og:image:height\" content=\"1080\" \/>\n\t<meta property=\"og:image:type\" content=\"image\/jpeg\" \/>\n<meta name=\"author\" content=\"Redazione\" \/>\n<meta name=\"twitter:card\" content=\"summary_large_image\" \/>\n<meta name=\"twitter:creator\" content=\"@intoscana\" \/>\n<meta name=\"twitter:site\" content=\"@intoscana\" \/>\n<meta name=\"twitter:label1\" content=\"Written by\" \/>\n\t<meta name=\"twitter:data1\" content=\"Redazione\" \/>\n\t<meta name=\"twitter:label2\" content=\"Est. reading time\" \/>\n\t<meta name=\"twitter:data2\" content=\"4 minuti\" \/>\n<script type=\"application\/ld+json\" class=\"yoast-schema-graph\">{\"@context\":\"https:\/\/schema.org\",\"@graph\":[{\"@type\":\"WebPage\",\"@id\":\"https:\/\/www.intoscana.it\/it\/una-firma-per-la-liberta-di-narges-mohammadi-al-carnevale-di-viareggio-con-la-toscana-delle-donne\/\",\"url\":\"https:\/\/www.intoscana.it\/it\/una-firma-per-la-liberta-di-narges-mohammadi-al-carnevale-di-viareggio-con-la-toscana-delle-donne\/\",\"name\":\"Una firma per la libert\u00e0 di Narges Mohammadi al Carnevale di Viareggio con la Toscana delle Donne - intoscana\",\"isPartOf\":{\"@id\":\"https:\/\/www.intoscana.it\/it\/#website\"},\"primaryImageOfPage\":{\"@id\":\"https:\/\/www.intoscana.it\/it\/una-firma-per-la-liberta-di-narges-mohammadi-al-carnevale-di-viareggio-con-la-toscana-delle-donne\/#primaryimage\"},\"image\":{\"@id\":\"https:\/\/www.intoscana.it\/it\/una-firma-per-la-liberta-di-narges-mohammadi-al-carnevale-di-viareggio-con-la-toscana-delle-donne\/#primaryimage\"},\"thumbnailUrl\":\"https:\/\/www.intoscana.it\/wp-content\/uploads\/carnevale-martedigrasso.jpeg\",\"datePublished\":\"2024-02-13T16:17:04+00:00\",\"dateModified\":\"2024-02-14T14:09:48+00:00\",\"author\":{\"@id\":\"https:\/\/www.intoscana.it\/it\/#\/schema\/person\/9223810753230f20bd670fdd322661f8\"},\"breadcrumb\":{\"@id\":\"https:\/\/www.intoscana.it\/it\/una-firma-per-la-liberta-di-narges-mohammadi-al-carnevale-di-viareggio-con-la-toscana-delle-donne\/#breadcrumb\"},\"inLanguage\":\"it-IT\",\"potentialAction\":[{\"@type\":\"ReadAction\",\"target\":[\"https:\/\/www.intoscana.it\/it\/una-firma-per-la-liberta-di-narges-mohammadi-al-carnevale-di-viareggio-con-la-toscana-delle-donne\/\"]}]},{\"@type\":\"ImageObject\",\"inLanguage\":\"it-IT\",\"@id\":\"https:\/\/www.intoscana.it\/it\/una-firma-per-la-liberta-di-narges-mohammadi-al-carnevale-di-viareggio-con-la-toscana-delle-donne\/#primaryimage\",\"url\":\"https:\/\/www.intoscana.it\/wp-content\/uploads\/carnevale-martedigrasso.jpeg\",\"contentUrl\":\"https:\/\/www.intoscana.it\/wp-content\/uploads\/carnevale-martedigrasso.jpeg\",\"width\":1440,\"height\":1080},{\"@type\":\"BreadcrumbList\",\"@id\":\"https:\/\/www.intoscana.it\/it\/una-firma-per-la-liberta-di-narges-mohammadi-al-carnevale-di-viareggio-con-la-toscana-delle-donne\/#breadcrumb\",\"itemListElement\":[{\"@type\":\"ListItem\",\"position\":1,\"name\":\"Home\",\"item\":\"https:\/\/www.intoscana.it\/it\/\"},{\"@type\":\"ListItem\",\"position\":2,\"name\":\"Una firma per la libert\u00e0 di Narges Mohammadi al Carnevale di Viareggio con la Toscana delle Donne\"}]},{\"@type\":\"WebSite\",\"@id\":\"https:\/\/www.intoscana.it\/it\/#website\",\"url\":\"https:\/\/www.intoscana.it\/it\/\",\"name\":\"intoscana\",\"description\":\"\",\"potentialAction\":[{\"@type\":\"SearchAction\",\"target\":{\"@type\":\"EntryPoint\",\"urlTemplate\":\"https:\/\/www.intoscana.it\/it\/?s={search_term_string}\"},\"query-input\":{\"@type\":\"PropertyValueSpecification\",\"valueRequired\":true,\"valueName\":\"search_term_string\"}}],\"inLanguage\":\"it-IT\"},{\"@type\":\"Person\",\"@id\":\"https:\/\/www.intoscana.it\/it\/#\/schema\/person\/9223810753230f20bd670fdd322661f8\",\"name\":\"Redazione\",\"url\":\"https:\/\/www.intoscana.it\/it\/author\/redazione\/\"}]}<\/script>\n<!-- \/ Yoast SEO Premium plugin. -->","yoast_head_json":{"title":"Una firma per la libert\u00e0 di Narges Mohammadi al Carnevale di Viareggio con la Toscana delle Donne - intoscana","robots":{"index":"index","follow":"follow","max-snippet":"max-snippet:-1","max-image-preview":"max-image-preview:large","max-video-preview":"max-video-preview:-1"},"canonical":"https:\/\/www.intoscana.it\/it\/una-firma-per-la-liberta-di-narges-mohammadi-al-carnevale-di-viareggio-con-la-toscana-delle-donne\/","og_locale":"it_IT","og_type":"article","og_title":"Una firma per la libert\u00e0 di Narges Mohammadi al Carnevale di Viareggio con la Toscana delle Donne","og_description":"In piazza Mazzini durante il corso mascherato del Marted\u00ec grasso la sottoscrizione a favore dell\u2019attivista iraniana Premio Nobel per la Pace. Premiati Antonio Ricci e la Gialappa's Band","og_url":"https:\/\/www.intoscana.it\/it\/una-firma-per-la-liberta-di-narges-mohammadi-al-carnevale-di-viareggio-con-la-toscana-delle-donne\/","og_site_name":"intoscana","article_publisher":"https:\/\/www.facebook.com\/intoscana.it","article_published_time":"2024-02-13T16:17:04+00:00","article_modified_time":"2024-02-14T14:09:48+00:00","og_image":[{"width":1440,"height":1080,"url":"https:\/\/www.intoscana.it\/wp-content\/uploads\/carnevale-martedigrasso.jpeg","type":"image\/jpeg"}],"author":"Redazione","twitter_card":"summary_large_image","twitter_creator":"@intoscana","twitter_site":"@intoscana","twitter_misc":{"Written by":"Redazione","Est. reading time":"4 minuti"},"schema":{"@context":"https:\/\/schema.org","@graph":[{"@type":"WebPage","@id":"https:\/\/www.intoscana.it\/it\/una-firma-per-la-liberta-di-narges-mohammadi-al-carnevale-di-viareggio-con-la-toscana-delle-donne\/","url":"https:\/\/www.intoscana.it\/it\/una-firma-per-la-liberta-di-narges-mohammadi-al-carnevale-di-viareggio-con-la-toscana-delle-donne\/","name":"Una firma per la libert\u00e0 di Narges Mohammadi al Carnevale di Viareggio con la Toscana delle Donne - intoscana","isPartOf":{"@id":"https:\/\/www.intoscana.it\/it\/#website"},"primaryImageOfPage":{"@id":"https:\/\/www.intoscana.it\/it\/una-firma-per-la-liberta-di-narges-mohammadi-al-carnevale-di-viareggio-con-la-toscana-delle-donne\/#primaryimage"},"image":{"@id":"https:\/\/www.intoscana.it\/it\/una-firma-per-la-liberta-di-narges-mohammadi-al-carnevale-di-viareggio-con-la-toscana-delle-donne\/#primaryimage"},"thumbnailUrl":"https:\/\/www.intoscana.it\/wp-content\/uploads\/carnevale-martedigrasso.jpeg","datePublished":"2024-02-13T16:17:04+00:00","dateModified":"2024-02-14T14:09:48+00:00","author":{"@id":"https:\/\/www.intoscana.it\/it\/#\/schema\/person\/9223810753230f20bd670fdd322661f8"},"breadcrumb":{"@id":"https:\/\/www.intoscana.it\/it\/una-firma-per-la-liberta-di-narges-mohammadi-al-carnevale-di-viareggio-con-la-toscana-delle-donne\/#breadcrumb"},"inLanguage":"it-IT","potentialAction":[{"@type":"ReadAction","target":["https:\/\/www.intoscana.it\/it\/una-firma-per-la-liberta-di-narges-mohammadi-al-carnevale-di-viareggio-con-la-toscana-delle-donne\/"]}]},{"@type":"ImageObject","inLanguage":"it-IT","@id":"https:\/\/www.intoscana.it\/it\/una-firma-per-la-liberta-di-narges-mohammadi-al-carnevale-di-viareggio-con-la-toscana-delle-donne\/#primaryimage","url":"https:\/\/www.intoscana.it\/wp-content\/uploads\/carnevale-martedigrasso.jpeg","contentUrl":"https:\/\/www.intoscana.it\/wp-content\/uploads\/carnevale-martedigrasso.jpeg","width":1440,"height":1080},{"@type":"BreadcrumbList","@id":"https:\/\/www.intoscana.it\/it\/una-firma-per-la-liberta-di-narges-mohammadi-al-carnevale-di-viareggio-con-la-toscana-delle-donne\/#breadcrumb","itemListElement":[{"@type":"ListItem","position":1,"name":"Home","item":"https:\/\/www.intoscana.it\/it\/"},{"@type":"ListItem","position":2,"name":"Una firma per la libert\u00e0 di Narges Mohammadi al Carnevale di Viareggio con la Toscana delle Donne"}]},{"@type":"WebSite","@id":"https:\/\/www.intoscana.it\/it\/#website","url":"https:\/\/www.intoscana.it\/it\/","name":"intoscana","description":"","potentialAction":[{"@type":"SearchAction","target":{"@type":"EntryPoint","urlTemplate":"https:\/\/www.intoscana.it\/it\/?s={search_term_string}"},"query-input":{"@type":"PropertyValueSpecification","valueRequired":true,"valueName":"search_term_string"}}],"inLanguage":"it-IT"},{"@type":"Person","@id":"https:\/\/www.intoscana.it\/it\/#\/schema\/person\/9223810753230f20bd670fdd322661f8","name":"Redazione","url":"https:\/\/www.intoscana.it\/it\/author\/redazione\/"}]}},"_links":{"self":[{"href":"https:\/\/www.intoscana.it\/it\/wp-json\/wp\/v2\/posts\/326687","targetHints":{"allow":["GET"]}}],"collection":[{"href":"https:\/\/www.intoscana.it\/it\/wp-json\/wp\/v2\/posts"}],"about":[{"href":"https:\/\/www.intoscana.it\/it\/wp-json\/wp\/v2\/types\/post"}],"author":[{"embeddable":true,"href":"https:\/\/www.intoscana.it\/it\/wp-json\/wp\/v2\/users\/525"}],"replies":[{"embeddable":true,"href":"https:\/\/www.intoscana.it\/it\/wp-json\/wp\/v2\/comments?post=326687"}],"version-history":[{"count":12,"href":"https:\/\/www.intoscana.it\/it\/wp-json\/wp\/v2\/posts\/326687\/revisions"}],"predecessor-version":[{"id":326851,"href":"https:\/\/www.intoscana.it\/it\/wp-json\/wp\/v2\/posts\/326687\/revisions\/326851"}],"wp:featuredmedia":[{"embeddable":true,"href":"https:\/\/www.intoscana.it\/it\/wp-json\/wp\/v2\/media\/326708"}],"wp:attachment":[{"href":"https:\/\/www.intoscana.it\/it\/wp-json\/wp\/v2\/media?parent=326687"}],"wp:term":[{"taxonomy":"category","embeddable":true,"href":"https:\/\/www.intoscana.it\/it\/wp-json\/wp\/v2\/categories?post=326687"},{"taxonomy":"post_tag","embeddable":true,"href":"https:\/\/www.intoscana.it\/it\/wp-json\/wp\/v2\/tags?post=326687"}],"curies":[{"name":"wp","href":"https:\/\/api.w.org\/{rel}","templated":true}]}}