{"id":326952,"date":"2024-02-15T09:18:20","date_gmt":"2024-02-15T08:18:20","guid":{"rendered":"https:\/\/www.intoscana.it\/it\/?p=326952"},"modified":"2024-02-15T09:20:02","modified_gmt":"2024-02-15T08:20:02","slug":"vino-il-premio-kyle-phillips-2023-assegnato-ad-alessandro-franceschini","status":"publish","type":"post","link":"https:\/\/www.intoscana.it\/it\/vino-il-premio-kyle-phillips-2023-assegnato-ad-alessandro-franceschini\/","title":{"rendered":"Vino, il Premio Kyle Phillips 2023 assegnato ad Alessandro Franceschini"},"content":{"rendered":"<p>\u00c8 <strong>Alessandro Franceschini<\/strong>, giornalista freelance esperto nella divulgazione del vino a vincere il \u201c<em>Premio Kyle Phillips 2023\u201d<\/em>. Il riconoscimento \u00e8 stato assegnato da <strong>Aset<\/strong> (Associazione Stampa Enogastroagroalimentare Toscana) in occasione di <strong>PrimAnteprima<\/strong> a Firenze, l\u2019evento di apertura della Settimana della Anteprime del vino toscano 2024.<\/p>\n<p>Il \u201c<em>Premio Kyle Phillips 2023<\/em>\u201d \u00e8 stato <mark>istituito da Aset nel 2014 per ricordare l\u2019amico e collega prematuramente scomparso<\/mark>. \u00c8 destinato al giornalista di settore che, attraverso articoli e servizi pubblicati nel corso dell\u2019anno, a giudizio dei giornalisti associati ad Aset abbia meglio rappresentato il modo di fare <strong>informazione a 360\u00b0<\/strong> che fu di Kyle Phillips: <mark>mancanza di pregiudizi, costante curiosit\u00e0 professionale, serenit\u00e0 di giudizio, voglia di esplorare, franchezza, brillantezza nello scrivere e sobriet\u00e0 nel comportamento<\/mark>.<\/p>\n<figure id=\"post-326962 media-326962\" class=\"align-none\"><img decoding=\"async\" src=\"https:\/\/www.intoscana.it\/wp-content\/uploads\/Premio-Kyle-Phillips.jpg\" alt=\"\" \/><\/figure>\n<div class=\"titleimg\">Il Premio Kyle Phillips 2024<\/div>\n<p>Il vincitore di quest&#8217;anno \u00e8 <strong>Alessandro Franceschini<\/strong>, direttore del magazine <strong>ViniPlus<\/strong> di Lombardia (AIS Lombardia) e collaboratore per testate di settore come <mark>Pambianco Wine &amp; Food, Civilt\u00e0 del Bere e Myfruit<\/mark>.<\/p>\n<p>Docente di Master alla Scuola di Comunicazione dell&#8217;<strong>Universit\u00e0\u0300 IULM<\/strong> di Milano, Franceschini in passato ha collaborato con la guida ai ristoranti del <strong>Touring Club<\/strong> e con la guida vini de <strong>L&#8217;Espresso<\/strong>. Coautore del libro &#8220;<em>Il vino naturale. I numeri, gli intenti e altri racconti<\/em>\u201d, \u00e8 vice curatore della Guida Vini di <strong>Vignaioli Artigiani<\/strong>.<\/p>\n","protected":false},"excerpt":{"rendered":"<p>Il riconoscimento di Aset istituito 10 anni fa nel ricordo di un collega scomparso consegnato in occasione di PrimAnteprima<\/p>\n","protected":false},"author":525,"featured_media":326961,"comment_status":"open","ping_status":"open","sticky":false,"template":"","format":"standard","meta":{"_acf_changed":false,"footnotes":""},"categories":[8],"tags":[6641,351,6012],"class_list":["post-326952","post","type-post","status-publish","format-standard","has-post-thumbnail","hentry","category-enogastronomia","tag-giornalisti","tag-premio","tag-vini"],"acf":[],"yoast_head":"<!-- This site is optimized with the Yoast SEO Premium plugin v24.2 (Yoast SEO v25.6) - https:\/\/yoast.com\/wordpress\/plugins\/seo\/ -->\n<title>Vino, il Premio Kyle Phillips 2023 assegnato ad Alessandro Franceschini - intoscana<\/title>\n<meta name=\"description\" content=\"Il riconoscimento di Aset istituito 10 anni fa nel ricordo di un collega scomparso consegnato in occasione di PrimAnteprima\" \/>\n<meta name=\"robots\" content=\"index, follow, max-snippet:-1, max-image-preview:large, max-video-preview:-1\" \/>\n<link rel=\"canonical\" href=\"https:\/\/www.intoscana.it\/it\/vino-il-premio-kyle-phillips-2023-assegnato-ad-alessandro-franceschini\/\" \/>\n<meta property=\"og:locale\" content=\"it_IT\" \/>\n<meta property=\"og:type\" content=\"article\" \/>\n<meta property=\"og:title\" content=\"Vino, il Premio Kyle Phillips 2023 assegnato ad Alessandro Franceschini\" \/>\n<meta property=\"og:description\" content=\"Il riconoscimento di Aset istituito 10 anni fa nel ricordo di un collega scomparso consegnato in occasione di PrimAnteprima\" \/>\n<meta property=\"og:url\" content=\"https:\/\/www.intoscana.it\/it\/vino-il-premio-kyle-phillips-2023-assegnato-ad-alessandro-franceschini\/\" \/>\n<meta property=\"og:site_name\" content=\"intoscana\" \/>\n<meta property=\"article:publisher\" content=\"https:\/\/www.facebook.com\/intoscana.it\" \/>\n<meta property=\"article:published_time\" content=\"2024-02-15T08:18:20+00:00\" \/>\n<meta property=\"article:modified_time\" content=\"2024-02-15T08:20:02+00:00\" \/>\n<meta property=\"og:image\" content=\"https:\/\/www.intoscana.it\/wp-content\/uploads\/Premio-Kyle-Phillips-2.jpg\" \/>\n\t<meta property=\"og:image:width\" content=\"1600\" \/>\n\t<meta property=\"og:image:height\" content=\"1200\" \/>\n\t<meta property=\"og:image:type\" content=\"image\/jpeg\" \/>\n<meta name=\"author\" content=\"Redazione\" \/>\n<meta name=\"twitter:card\" content=\"summary_large_image\" \/>\n<meta name=\"twitter:creator\" content=\"@intoscana\" \/>\n<meta name=\"twitter:site\" content=\"@intoscana\" \/>\n<meta name=\"twitter:label1\" content=\"Written by\" \/>\n\t<meta name=\"twitter:data1\" content=\"Redazione\" \/>\n\t<meta name=\"twitter:label2\" content=\"Est. reading time\" \/>\n\t<meta name=\"twitter:data2\" content=\"2 minuti\" \/>\n<script type=\"application\/ld+json\" class=\"yoast-schema-graph\">{\"@context\":\"https:\/\/schema.org\",\"@graph\":[{\"@type\":\"WebPage\",\"@id\":\"https:\/\/www.intoscana.it\/it\/vino-il-premio-kyle-phillips-2023-assegnato-ad-alessandro-franceschini\/\",\"url\":\"https:\/\/www.intoscana.it\/it\/vino-il-premio-kyle-phillips-2023-assegnato-ad-alessandro-franceschini\/\",\"name\":\"Vino, il Premio Kyle Phillips 2023 assegnato ad Alessandro Franceschini - intoscana\",\"isPartOf\":{\"@id\":\"https:\/\/www.intoscana.it\/it\/#website\"},\"primaryImageOfPage\":{\"@id\":\"https:\/\/www.intoscana.it\/it\/vino-il-premio-kyle-phillips-2023-assegnato-ad-alessandro-franceschini\/#primaryimage\"},\"image\":{\"@id\":\"https:\/\/www.intoscana.it\/it\/vino-il-premio-kyle-phillips-2023-assegnato-ad-alessandro-franceschini\/#primaryimage\"},\"thumbnailUrl\":\"https:\/\/www.intoscana.it\/wp-content\/uploads\/Premio-Kyle-Phillips-2.jpg\",\"datePublished\":\"2024-02-15T08:18:20+00:00\",\"dateModified\":\"2024-02-15T08:20:02+00:00\",\"author\":{\"@id\":\"https:\/\/www.intoscana.it\/it\/#\/schema\/person\/9223810753230f20bd670fdd322661f8\"},\"description\":\"Il riconoscimento di Aset istituito 10 anni fa nel ricordo di un collega scomparso consegnato in occasione di PrimAnteprima\",\"breadcrumb\":{\"@id\":\"https:\/\/www.intoscana.it\/it\/vino-il-premio-kyle-phillips-2023-assegnato-ad-alessandro-franceschini\/#breadcrumb\"},\"inLanguage\":\"it-IT\",\"potentialAction\":[{\"@type\":\"ReadAction\",\"target\":[\"https:\/\/www.intoscana.it\/it\/vino-il-premio-kyle-phillips-2023-assegnato-ad-alessandro-franceschini\/\"]}]},{\"@type\":\"ImageObject\",\"inLanguage\":\"it-IT\",\"@id\":\"https:\/\/www.intoscana.it\/it\/vino-il-premio-kyle-phillips-2023-assegnato-ad-alessandro-franceschini\/#primaryimage\",\"url\":\"https:\/\/www.intoscana.it\/wp-content\/uploads\/Premio-Kyle-Phillips-2.jpg\",\"contentUrl\":\"https:\/\/www.intoscana.it\/wp-content\/uploads\/Premio-Kyle-Phillips-2.jpg\",\"width\":1600,\"height\":1200},{\"@type\":\"BreadcrumbList\",\"@id\":\"https:\/\/www.intoscana.it\/it\/vino-il-premio-kyle-phillips-2023-assegnato-ad-alessandro-franceschini\/#breadcrumb\",\"itemListElement\":[{\"@type\":\"ListItem\",\"position\":1,\"name\":\"Home\",\"item\":\"https:\/\/www.intoscana.it\/it\/\"},{\"@type\":\"ListItem\",\"position\":2,\"name\":\"Vino, il Premio Kyle Phillips 2023 assegnato ad Alessandro Franceschini\"}]},{\"@type\":\"WebSite\",\"@id\":\"https:\/\/www.intoscana.it\/it\/#website\",\"url\":\"https:\/\/www.intoscana.it\/it\/\",\"name\":\"intoscana\",\"description\":\"\",\"potentialAction\":[{\"@type\":\"SearchAction\",\"target\":{\"@type\":\"EntryPoint\",\"urlTemplate\":\"https:\/\/www.intoscana.it\/it\/?s={search_term_string}\"},\"query-input\":{\"@type\":\"PropertyValueSpecification\",\"valueRequired\":true,\"valueName\":\"search_term_string\"}}],\"inLanguage\":\"it-IT\"},{\"@type\":\"Person\",\"@id\":\"https:\/\/www.intoscana.it\/it\/#\/schema\/person\/9223810753230f20bd670fdd322661f8\",\"name\":\"Redazione\",\"url\":\"https:\/\/www.intoscana.it\/it\/author\/redazione\/\"}]}<\/script>\n<!-- \/ Yoast SEO Premium plugin. -->","yoast_head_json":{"title":"Vino, il Premio Kyle Phillips 2023 assegnato ad Alessandro Franceschini - intoscana","description":"Il riconoscimento di Aset istituito 10 anni fa nel ricordo di un collega scomparso consegnato in occasione di PrimAnteprima","robots":{"index":"index","follow":"follow","max-snippet":"max-snippet:-1","max-image-preview":"max-image-preview:large","max-video-preview":"max-video-preview:-1"},"canonical":"https:\/\/www.intoscana.it\/it\/vino-il-premio-kyle-phillips-2023-assegnato-ad-alessandro-franceschini\/","og_locale":"it_IT","og_type":"article","og_title":"Vino, il Premio Kyle Phillips 2023 assegnato ad Alessandro Franceschini","og_description":"Il riconoscimento di Aset istituito 10 anni fa nel ricordo di un collega scomparso consegnato in occasione di PrimAnteprima","og_url":"https:\/\/www.intoscana.it\/it\/vino-il-premio-kyle-phillips-2023-assegnato-ad-alessandro-franceschini\/","og_site_name":"intoscana","article_publisher":"https:\/\/www.facebook.com\/intoscana.it","article_published_time":"2024-02-15T08:18:20+00:00","article_modified_time":"2024-02-15T08:20:02+00:00","og_image":[{"width":1600,"height":1200,"url":"https:\/\/www.intoscana.it\/wp-content\/uploads\/Premio-Kyle-Phillips-2.jpg","type":"image\/jpeg"}],"author":"Redazione","twitter_card":"summary_large_image","twitter_creator":"@intoscana","twitter_site":"@intoscana","twitter_misc":{"Written by":"Redazione","Est. reading time":"2 minuti"},"schema":{"@context":"https:\/\/schema.org","@graph":[{"@type":"WebPage","@id":"https:\/\/www.intoscana.it\/it\/vino-il-premio-kyle-phillips-2023-assegnato-ad-alessandro-franceschini\/","url":"https:\/\/www.intoscana.it\/it\/vino-il-premio-kyle-phillips-2023-assegnato-ad-alessandro-franceschini\/","name":"Vino, il Premio Kyle Phillips 2023 assegnato ad Alessandro Franceschini - intoscana","isPartOf":{"@id":"https:\/\/www.intoscana.it\/it\/#website"},"primaryImageOfPage":{"@id":"https:\/\/www.intoscana.it\/it\/vino-il-premio-kyle-phillips-2023-assegnato-ad-alessandro-franceschini\/#primaryimage"},"image":{"@id":"https:\/\/www.intoscana.it\/it\/vino-il-premio-kyle-phillips-2023-assegnato-ad-alessandro-franceschini\/#primaryimage"},"thumbnailUrl":"https:\/\/www.intoscana.it\/wp-content\/uploads\/Premio-Kyle-Phillips-2.jpg","datePublished":"2024-02-15T08:18:20+00:00","dateModified":"2024-02-15T08:20:02+00:00","author":{"@id":"https:\/\/www.intoscana.it\/it\/#\/schema\/person\/9223810753230f20bd670fdd322661f8"},"description":"Il riconoscimento di Aset istituito 10 anni fa nel ricordo di un collega scomparso consegnato in occasione di PrimAnteprima","breadcrumb":{"@id":"https:\/\/www.intoscana.it\/it\/vino-il-premio-kyle-phillips-2023-assegnato-ad-alessandro-franceschini\/#breadcrumb"},"inLanguage":"it-IT","potentialAction":[{"@type":"ReadAction","target":["https:\/\/www.intoscana.it\/it\/vino-il-premio-kyle-phillips-2023-assegnato-ad-alessandro-franceschini\/"]}]},{"@type":"ImageObject","inLanguage":"it-IT","@id":"https:\/\/www.intoscana.it\/it\/vino-il-premio-kyle-phillips-2023-assegnato-ad-alessandro-franceschini\/#primaryimage","url":"https:\/\/www.intoscana.it\/wp-content\/uploads\/Premio-Kyle-Phillips-2.jpg","contentUrl":"https:\/\/www.intoscana.it\/wp-content\/uploads\/Premio-Kyle-Phillips-2.jpg","width":1600,"height":1200},{"@type":"BreadcrumbList","@id":"https:\/\/www.intoscana.it\/it\/vino-il-premio-kyle-phillips-2023-assegnato-ad-alessandro-franceschini\/#breadcrumb","itemListElement":[{"@type":"ListItem","position":1,"name":"Home","item":"https:\/\/www.intoscana.it\/it\/"},{"@type":"ListItem","position":2,"name":"Vino, il Premio Kyle Phillips 2023 assegnato ad Alessandro Franceschini"}]},{"@type":"WebSite","@id":"https:\/\/www.intoscana.it\/it\/#website","url":"https:\/\/www.intoscana.it\/it\/","name":"intoscana","description":"","potentialAction":[{"@type":"SearchAction","target":{"@type":"EntryPoint","urlTemplate":"https:\/\/www.intoscana.it\/it\/?s={search_term_string}"},"query-input":{"@type":"PropertyValueSpecification","valueRequired":true,"valueName":"search_term_string"}}],"inLanguage":"it-IT"},{"@type":"Person","@id":"https:\/\/www.intoscana.it\/it\/#\/schema\/person\/9223810753230f20bd670fdd322661f8","name":"Redazione","url":"https:\/\/www.intoscana.it\/it\/author\/redazione\/"}]}},"_links":{"self":[{"href":"https:\/\/www.intoscana.it\/it\/wp-json\/wp\/v2\/posts\/326952","targetHints":{"allow":["GET"]}}],"collection":[{"href":"https:\/\/www.intoscana.it\/it\/wp-json\/wp\/v2\/posts"}],"about":[{"href":"https:\/\/www.intoscana.it\/it\/wp-json\/wp\/v2\/types\/post"}],"author":[{"embeddable":true,"href":"https:\/\/www.intoscana.it\/it\/wp-json\/wp\/v2\/users\/525"}],"replies":[{"embeddable":true,"href":"https:\/\/www.intoscana.it\/it\/wp-json\/wp\/v2\/comments?post=326952"}],"version-history":[{"count":5,"href":"https:\/\/www.intoscana.it\/it\/wp-json\/wp\/v2\/posts\/326952\/revisions"}],"predecessor-version":[{"id":326965,"href":"https:\/\/www.intoscana.it\/it\/wp-json\/wp\/v2\/posts\/326952\/revisions\/326965"}],"wp:featuredmedia":[{"embeddable":true,"href":"https:\/\/www.intoscana.it\/it\/wp-json\/wp\/v2\/media\/326961"}],"wp:attachment":[{"href":"https:\/\/www.intoscana.it\/it\/wp-json\/wp\/v2\/media?parent=326952"}],"wp:term":[{"taxonomy":"category","embeddable":true,"href":"https:\/\/www.intoscana.it\/it\/wp-json\/wp\/v2\/categories?post=326952"},{"taxonomy":"post_tag","embeddable":true,"href":"https:\/\/www.intoscana.it\/it\/wp-json\/wp\/v2\/tags?post=326952"}],"curies":[{"name":"wp","href":"https:\/\/api.w.org\/{rel}","templated":true}]}}